{"id":451079,"date":"2026-04-20T08:03:25","date_gmt":"2026-04-20T11:03:25","guid":{"rendered":"https:\/\/portaltela.pt\/noticias\/2026\/04\/20\/impulsionador-da-cultura-da-maca-em-gogim-celebra-100-anos\/"},"modified":"2026-04-20T08:03:25","modified_gmt":"2026-04-20T11:03:25","slug":"impulsionador-da-cultura-da-maca-em-gogim-celebra-100-anos","status":"publish","type":"post","link":"https:\/\/portaltela.pt\/lazer\/2026\/04\/20\/impulsionador-da-cultura-da-maca-em-gogim-celebra-100-anos\/","title":{"rendered":"Impulsionador da cultura da ma\u00e7\u00e3 em Gogim celebra 100 anos"},"content":{"rendered":"<p>Ad\u00e1cio Correia, natural de Gogim, completou 100 anos. A comunidade da vila organizou uma festa surpresa em honra do centen\u00e1rio.<\/p>\n<p>A celebra\u00e7\u00e3o destacou a atua\u00e7\u00e3o de Correia como impulsionador da cultura da ma\u00e7\u00e3 na regi\u00e3o. O evento reuniu familiares, amigos e moradores locais.<\/p>\n<p>A data exata e os detalhes log\u00edsticos n\u00e3o foram divulgados. A festa teve como objetivo reconhecer a longa trajet\u00f3ria do homenageado na comunidade.<\/p>\n<p>Correia nasceu em Gogim e tem sido considerado uma refer\u00eancia para as tradi\u00e7\u00f5es locais ligadas \u00e0 ma\u00e7\u00e3 e \u00e0s atividades agr\u00edcolas da regi\u00e3o.<\/p>\n","protected":false},"excerpt":{"rendered":"<ul>\n<li>Ad\u00e1cio Correia, natural de Gogim, celebra cem anos de vida.<\/li>\n<li>\u00c9 considerado impulsionador da cultura da ma\u00e7\u00e3 em Gogim.<\/li>\n<li>A comunidade organizou uma festa surpresa em sua honra.<\/li>\n<li>O evento destaca a liga\u00e7\u00e3o dele \u00e0 cultura da ma\u00e7\u00e3 local.<\/li>\n<\/ul>\n","protected":false},"author":2,"featured_media":451086,"comment_status":"closed","ping_status":"closed","sticky":false,"template":"","format":"standard","meta":{"footnotes":""},"categories":[7375,7381],"tags":[7979,8598,8475,7756,8912,9134],"class_list":["post-451079","post","type-post","status-publish","format-standard","has-post-thumbnail","hentry","category-cultura","category-lazer","tag-_agroalimentar","tag-_agropecuaria","tag-_comunidade","tag-_cultura","tag-_moradores","tag-_tradicoes"],"yoast_head":"<!-- This site is optimized with the Yoast SEO plugin v27.2 - https:\/\/yoast.com\/product\/yoast-seo-wordpress\/ -->\n<title>Impulsionador da cultura da ma\u00e7\u00e3 em Gogim celebra 100 anos - Portal Tela Portugal<\/title>\n<meta name=\"robots\" content=\"index, follow, max-snippet:-1, max-image-preview:large, max-video-preview:-1\" \/>\n<meta property=\"og:locale\" content=\"pt_PT\" \/>\n<meta property=\"og:type\" content=\"article\" \/>\n<meta property=\"og:title\" content=\"Impulsionador da cultura da ma\u00e7\u00e3 em Gogim celebra 100 anos - Portal Tela Portugal\" \/>\n<meta property=\"og:description\" content=\"Ad\u00e1cio Correia, natural de Gogim, celebra cem anos de vida. \u00c9 considerado impulsionador da cultura da ma\u00e7\u00e3 em Gogim. A comunidade organizou uma festa surpresa em sua honra. O evento destaca a liga\u00e7\u00e3o dele \u00e0 cultura da ma\u00e7\u00e3 local.\" \/>\n<meta property=\"og:url\" content=\"https:\/\/portaltela.pt\/noticias\/2026\/04\/20\/impulsionador-da-cultura-da-maca-em-gogim-celebra-100-anos\/\" \/>\n<meta property=\"og:site_name\" content=\"Portal Tela Portugal\" \/>\n<meta property=\"article:published_time\" content=\"2026-04-20T11:03:25+00:00\" \/>\n<meta name=\"author\" content=\"Telinha\" \/>\n<meta name=\"twitter:card\" content=\"summary_large_image\" \/>\n<meta name=\"twitter:label1\" content=\"Escrito por\" \/>\n\t<meta name=\"twitter:data1\" content=\"Telinha\" \/>\n<script type=\"application\/ld+json\" class=\"yoast-schema-graph\">{\"@context\":\"https:\/\/schema.org\",\"@graph\":[{\"@type\":\"Article\",\"@id\":\"https:\/\/portaltela.pt\/noticias\/2026\/04\/20\/impulsionador-da-cultura-da-maca-em-gogim-celebra-100-anos\/#article\",\"isPartOf\":{\"@id\":\"https:\/\/portaltela.pt\/noticias\/2026\/04\/20\/impulsionador-da-cultura-da-maca-em-gogim-celebra-100-anos\/\"},\"author\":{\"name\":\"Telinha\",\"@id\":\"https:\/\/portaltela.pt\/#\/schema\/person\/c4278d4a6028830caff9ee44b42d32ed\"},\"headline\":\"Impulsionador da cultura da ma\u00e7\u00e3 em Gogim celebra 100 anos\",\"datePublished\":\"2026-04-20T11:03:25+00:00\",\"mainEntityOfPage\":{\"@id\":\"https:\/\/portaltela.pt\/noticias\/2026\/04\/20\/impulsionador-da-cultura-da-maca-em-gogim-celebra-100-anos\/\"},\"wordCount\":108,\"image\":{\"@id\":\"https:\/\/portaltela.pt\/noticias\/2026\/04\/20\/impulsionador-da-cultura-da-maca-em-gogim-celebra-100-anos\/#primaryimage\"},\"thumbnailUrl\":\"https:\/\/portaltela.pt\/s.01k8rhncp4jt1\/2026\/04\/img_1280x722uu2026-04-19-11-27-24-2279558.jpg\",\"keywords\":[\"_agroalimentar\",\"_agropecu\u00e1ria\",\"_comunidade\",\"_cultura\",\"_moradores\",\"_tradi\u00e7\u00f5es\"],\"articleSection\":[\"Cultura\",\"Lazer\"],\"inLanguage\":\"pt-PT\"},{\"@type\":\"WebPage\",\"@id\":\"https:\/\/portaltela.pt\/noticias\/2026\/04\/20\/impulsionador-da-cultura-da-maca-em-gogim-celebra-100-anos\/\",\"url\":\"https:\/\/portaltela.pt\/noticias\/2026\/04\/20\/impulsionador-da-cultura-da-maca-em-gogim-celebra-100-anos\/\",\"name\":\"Impulsionador da cultura da ma\u00e7\u00e3 em Gogim celebra 100 anos - Portal Tela Portugal\",\"isPartOf\":{\"@id\":\"https:\/\/portaltela.pt\/#website\"},\"primaryImageOfPage\":{\"@id\":\"https:\/\/portaltela.pt\/noticias\/2026\/04\/20\/impulsionador-da-cultura-da-maca-em-gogim-celebra-100-anos\/#primaryimage\"},\"image\":{\"@id\":\"https:\/\/portaltela.pt\/noticias\/2026\/04\/20\/impulsionador-da-cultura-da-maca-em-gogim-celebra-100-anos\/#primaryimage\"},\"thumbnailUrl\":\"https:\/\/portaltela.pt\/s.01k8rhncp4jt1\/2026\/04\/img_1280x722uu2026-04-19-11-27-24-2279558.jpg\",\"datePublished\":\"2026-04-20T11:03:25+00:00\",\"author\":{\"@id\":\"https:\/\/portaltela.pt\/#\/schema\/person\/c4278d4a6028830caff9ee44b42d32ed\"},\"breadcrumb\":{\"@id\":\"https:\/\/portaltela.pt\/noticias\/2026\/04\/20\/impulsionador-da-cultura-da-maca-em-gogim-celebra-100-anos\/#breadcrumb\"},\"inLanguage\":\"pt-PT\",\"potentialAction\":[{\"@type\":\"ReadAction\",\"target\":[\"https:\/\/portaltela.pt\/noticias\/2026\/04\/20\/impulsionador-da-cultura-da-maca-em-gogim-celebra-100-anos\/\"]}]},{\"@type\":\"ImageObject\",\"inLanguage\":\"pt-PT\",\"@id\":\"https:\/\/portaltela.pt\/noticias\/2026\/04\/20\/impulsionador-da-cultura-da-maca-em-gogim-celebra-100-anos\/#primaryimage\",\"url\":\"https:\/\/portaltela.pt\/s.01k8rhncp4jt1\/2026\/04\/img_1280x722uu2026-04-19-11-27-24-2279558.jpg\",\"contentUrl\":\"https:\/\/portaltela.pt\/s.01k8rhncp4jt1\/2026\/04\/img_1280x722uu2026-04-19-11-27-24-2279558.jpg\",\"width\":796,\"height\":448,\"caption\":\"Impulsionador da cultura da ma\u00e7\u00e3 em Gogim celebra 100 anos de vida\"},{\"@type\":\"BreadcrumbList\",\"@id\":\"https:\/\/portaltela.pt\/noticias\/2026\/04\/20\/impulsionador-da-cultura-da-maca-em-gogim-celebra-100-anos\/#breadcrumb\",\"itemListElement\":[{\"@type\":\"ListItem\",\"position\":1,\"name\":\"In\u00edcio\",\"item\":\"https:\/\/portaltela.pt\/\"},{\"@type\":\"ListItem\",\"position\":2,\"name\":\"Impulsionador da cultura da ma\u00e7\u00e3 em Gogim celebra 100 anos\"}]},{\"@type\":\"WebSite\",\"@id\":\"https:\/\/portaltela.pt\/#website\",\"url\":\"https:\/\/portaltela.pt\/\",\"name\":\"Portal Tela Portugal\",\"description\":\"\",\"potentialAction\":[{\"@type\":\"SearchAction\",\"target\":{\"@type\":\"EntryPoint\",\"urlTemplate\":\"https:\/\/portaltela.pt\/?s={search_term_string}\"},\"query-input\":{\"@type\":\"PropertyValueSpecification\",\"valueRequired\":true,\"valueName\":\"search_term_string\"}}],\"inLanguage\":\"pt-PT\"},{\"@type\":\"Person\",\"@id\":\"https:\/\/portaltela.pt\/#\/schema\/person\/c4278d4a6028830caff9ee44b42d32ed\",\"name\":\"Telinha\",\"image\":{\"@type\":\"ImageObject\",\"inLanguage\":\"pt-PT\",\"@id\":\"https:\/\/portaltela.pt\/s.01k8rhncp4jt1\/2025\/11\/talking-bot-125x125.png\",\"url\":\"https:\/\/portaltela.pt\/s.01k8rhncp4jt1\/2025\/11\/talking-bot-125x125.png\",\"contentUrl\":\"https:\/\/portaltela.pt\/s.01k8rhncp4jt1\/2025\/11\/talking-bot-125x125.png\",\"caption\":\"Telinha\"},\"sameAs\":[\"https:\/\/portaltela.pt\/\"],\"url\":\"https:\/\/portaltela.pt\/por\/367410592786\/\"}]}<\/script>\n<!-- \/ Yoast SEO plugin. -->","yoast_head_json":{"title":"Impulsionador da cultura da ma\u00e7\u00e3 em Gogim celebra 100 anos - Portal Tela Portugal","robots":{"index":"index","follow":"follow","max-snippet":"max-snippet:-1","max-image-preview":"max-image-preview:large","max-video-preview":"max-video-preview:-1"},"og_locale":"pt_PT","og_type":"article","og_title":"Impulsionador da cultura da ma\u00e7\u00e3 em Gogim celebra 100 anos - Portal Tela Portugal","og_description":"Ad\u00e1cio Correia, natural de Gogim, celebra cem anos de vida. \u00c9 considerado impulsionador da cultura da ma\u00e7\u00e3 em Gogim. A comunidade organizou uma festa surpresa em sua honra. O evento destaca a liga\u00e7\u00e3o dele \u00e0 cultura da ma\u00e7\u00e3 local.","og_url":"https:\/\/portaltela.pt\/noticias\/2026\/04\/20\/impulsionador-da-cultura-da-maca-em-gogim-celebra-100-anos\/","og_site_name":"Portal Tela Portugal","article_published_time":"2026-04-20T11:03:25+00:00","author":"Telinha","twitter_card":"summary_large_image","twitter_misc":{"Escrito por":"Telinha"},"schema":{"@context":"https:\/\/schema.org","@graph":[{"@type":"Article","@id":"https:\/\/portaltela.pt\/noticias\/2026\/04\/20\/impulsionador-da-cultura-da-maca-em-gogim-celebra-100-anos\/#article","isPartOf":{"@id":"https:\/\/portaltela.pt\/noticias\/2026\/04\/20\/impulsionador-da-cultura-da-maca-em-gogim-celebra-100-anos\/"},"author":{"name":"Telinha","@id":"https:\/\/portaltela.pt\/#\/schema\/person\/c4278d4a6028830caff9ee44b42d32ed"},"headline":"Impulsionador da cultura da ma\u00e7\u00e3 em Gogim celebra 100 anos","datePublished":"2026-04-20T11:03:25+00:00","mainEntityOfPage":{"@id":"https:\/\/portaltela.pt\/noticias\/2026\/04\/20\/impulsionador-da-cultura-da-maca-em-gogim-celebra-100-anos\/"},"wordCount":108,"image":{"@id":"https:\/\/portaltela.pt\/noticias\/2026\/04\/20\/impulsionador-da-cultura-da-maca-em-gogim-celebra-100-anos\/#primaryimage"},"thumbnailUrl":"https:\/\/portaltela.pt\/s.01k8rhncp4jt1\/2026\/04\/img_1280x722uu2026-04-19-11-27-24-2279558.jpg","keywords":["_agroalimentar","_agropecu\u00e1ria","_comunidade","_cultura","_moradores","_tradi\u00e7\u00f5es"],"articleSection":["Cultura","Lazer"],"inLanguage":"pt-PT"},{"@type":"WebPage","@id":"https:\/\/portaltela.pt\/noticias\/2026\/04\/20\/impulsionador-da-cultura-da-maca-em-gogim-celebra-100-anos\/","url":"https:\/\/portaltela.pt\/noticias\/2026\/04\/20\/impulsionador-da-cultura-da-maca-em-gogim-celebra-100-anos\/","name":"Impulsionador da cultura da ma\u00e7\u00e3 em Gogim celebra 100 anos - Portal Tela Portugal","isPartOf":{"@id":"https:\/\/portaltela.pt\/#website"},"primaryImageOfPage":{"@id":"https:\/\/portaltela.pt\/noticias\/2026\/04\/20\/impulsionador-da-cultura-da-maca-em-gogim-celebra-100-anos\/#primaryimage"},"image":{"@id":"https:\/\/portaltela.pt\/noticias\/2026\/04\/20\/impulsionador-da-cultura-da-maca-em-gogim-celebra-100-anos\/#primaryimage"},"thumbnailUrl":"https:\/\/portaltela.pt\/s.01k8rhncp4jt1\/2026\/04\/img_1280x722uu2026-04-19-11-27-24-2279558.jpg","datePublished":"2026-04-20T11:03:25+00:00","author":{"@id":"https:\/\/portaltela.pt\/#\/schema\/person\/c4278d4a6028830caff9ee44b42d32ed"},"breadcrumb":{"@id":"https:\/\/portaltela.pt\/noticias\/2026\/04\/20\/impulsionador-da-cultura-da-maca-em-gogim-celebra-100-anos\/#breadcrumb"},"inLanguage":"pt-PT","potentialAction":[{"@type":"ReadAction","target":["https:\/\/portaltela.pt\/noticias\/2026\/04\/20\/impulsionador-da-cultura-da-maca-em-gogim-celebra-100-anos\/"]}]},{"@type":"ImageObject","inLanguage":"pt-PT","@id":"https:\/\/portaltela.pt\/noticias\/2026\/04\/20\/impulsionador-da-cultura-da-maca-em-gogim-celebra-100-anos\/#primaryimage","url":"https:\/\/portaltela.pt\/s.01k8rhncp4jt1\/2026\/04\/img_1280x722uu2026-04-19-11-27-24-2279558.jpg","contentUrl":"https:\/\/portaltela.pt\/s.01k8rhncp4jt1\/2026\/04\/img_1280x722uu2026-04-19-11-27-24-2279558.jpg","width":796,"height":448,"caption":"Impulsionador da cultura da ma\u00e7\u00e3 em Gogim celebra 100 anos de vida"},{"@type":"BreadcrumbList","@id":"https:\/\/portaltela.pt\/noticias\/2026\/04\/20\/impulsionador-da-cultura-da-maca-em-gogim-celebra-100-anos\/#breadcrumb","itemListElement":[{"@type":"ListItem","position":1,"name":"In\u00edcio","item":"https:\/\/portaltela.pt\/"},{"@type":"ListItem","position":2,"name":"Impulsionador da cultura da ma\u00e7\u00e3 em Gogim celebra 100 anos"}]},{"@type":"WebSite","@id":"https:\/\/portaltela.pt\/#website","url":"https:\/\/portaltela.pt\/","name":"Portal Tela Portugal","description":"","potentialAction":[{"@type":"SearchAction","target":{"@type":"EntryPoint","urlTemplate":"https:\/\/portaltela.pt\/?s={search_term_string}"},"query-input":{"@type":"PropertyValueSpecification","valueRequired":true,"valueName":"search_term_string"}}],"inLanguage":"pt-PT"},{"@type":"Person","@id":"https:\/\/portaltela.pt\/#\/schema\/person\/c4278d4a6028830caff9ee44b42d32ed","name":"Telinha","image":{"@type":"ImageObject","inLanguage":"pt-PT","@id":"https:\/\/portaltela.pt\/s.01k8rhncp4jt1\/2025\/11\/talking-bot-125x125.png","url":"https:\/\/portaltela.pt\/s.01k8rhncp4jt1\/2025\/11\/talking-bot-125x125.png","contentUrl":"https:\/\/portaltela.pt\/s.01k8rhncp4jt1\/2025\/11\/talking-bot-125x125.png","caption":"Telinha"},"sameAs":["https:\/\/portaltela.pt\/"],"url":"https:\/\/portaltela.pt\/por\/367410592786\/"}]}},"_links":{"self":[{"href":"https:\/\/portaltela.pt\/api\/wp\/v2\/posts\/451079","targetHints":{"allow":["GET"]}}],"collection":[{"href":"https:\/\/portaltela.pt\/api\/wp\/v2\/posts"}],"about":[{"href":"https:\/\/portaltela.pt\/api\/wp\/v2\/types\/post"}],"author":[{"embeddable":true,"href":"https:\/\/portaltela.pt\/api\/wp\/v2\/users\/2"}],"replies":[{"embeddable":true,"href":"https:\/\/portaltela.pt\/api\/wp\/v2\/comments?post=451079"}],"version-history":[{"count":0,"href":"https:\/\/portaltela.pt\/api\/wp\/v2\/posts\/451079\/revisions"}],"wp:featuredmedia":[{"embeddable":true,"href":"https:\/\/portaltela.pt\/api\/wp\/v2\/media\/451086"}],"wp:attachment":[{"href":"https:\/\/portaltela.pt\/api\/wp\/v2\/media?parent=451079"}],"wp:term":[{"taxonomy":"category","embeddable":true,"href":"https:\/\/portaltela.pt\/api\/wp\/v2\/categories?post=451079"},{"taxonomy":"post_tag","embeddable":true,"href":"https:\/\/portaltela.pt\/api\/wp\/v2\/tags?post=451079"}],"curies":[{"name":"wp","href":"https:\/\/api.w.org\/{rel}","templated":true}]}}