{"id":451065,"date":"2026-04-20T08:03:13","date_gmt":"2026-04-20T11:03:13","guid":{"rendered":"https:\/\/portaltela.pt\/noticias\/2026\/04\/20\/governo-prepara-passe-intermodal-apos-venda-de-um-milhao-de-passes-ferroviarios\/"},"modified":"2026-04-20T08:03:13","modified_gmt":"2026-04-20T11:03:13","slug":"governo-prepara-passe-intermodal-apos-venda-de-um-milhao-de-passes-ferroviarios","status":"publish","type":"post","link":"https:\/\/portaltela.pt\/noticias\/economia\/2026\/04\/20\/governo-prepara-passe-intermodal-apos-venda-de-um-milhao-de-passes-ferroviarios\/","title":{"rendered":"Governo prepara passe intermodal ap\u00f3s venda de um milh\u00e3o de passes ferrovi\u00e1rios"},"content":{"rendered":"<p>O ministro das Infra-estruturas e Habita\u00e7\u00e3o anunciou a prepara\u00e7\u00e3o de um passe intermodal a n\u00edvel nacional, refor\u00e7ando o objetivo de integrar v\u00e1rios modos de transporte. A declara\u00e7\u00e3o ocorreu em Santa Apol\u00f3nia, Lisboa, na celebra\u00e7\u00e3o de mais de um milh\u00e3o de assinaturas do passe ferrovi\u00e1rio verde, com apoio de empresas p\u00fablicas do sector.<\/p>\n<p>No acto, o governante indicou que, ap\u00f3s contactos com grandes empresas do sector p\u00fablico, o Governo pretende apresentar nos pr\u00f3ximos meses uma solu\u00e7\u00e3o partilhada a escala nacional. A informa\u00e7\u00e3o foi revelada pela RTP Not\u00edcias, sem mais pormenores anunciados no momento.<\/p>\n<h3>Passes intermodais: hoje e amanh\u00e3<\/h3>\n<p>Neste momento, existem passes intermodais regionais, como o Navegante na \u00c1rea Metropolitana de Lisboa e o Andante no Porto, mas ainda n\u00e3o h\u00e1 um modelo nacional. O ministro tamb\u00e9m referiu a integra\u00e7\u00e3o do passe ferrovi\u00e1rio na bolsa de documentos digitais do Governo, a partir de maio, com 84% das reservas feitas digitalmente.<\/p>\n<h3>Capacidade e investimentos a curto prazo<\/h3>\n<p>O marco de um milh\u00e3o de assinaturas do passe verde reflete uma ades\u00e3o expressiva, mas n\u00e3o indica uso efetivo de um milh\u00e3o de utilizadores. Em mar\u00e7o estavam ativos perto de 70 mil passes mensais, segundo o governo. Ao mesmo tempo, a CP contabiliza mais receita com o passe, apesar de a qualifica\u00e7\u00e3o de bilhetes vender por outros modelos complicar a contabilidade.<\/p>\n<h3>Perspetivas de oferta e garantia de meios<\/h3>\n<p>O Governo aponta a compra de comboios como solu\u00e7\u00e3o para ampliar a capacidade, ainda que esse caminho exija tempo. O an\u00fancio refere a aquisi\u00e7\u00e3o de 185 comboios, descrevida como o maior investimento de sempre, com promessas de entrega at\u00e9 2030.<\/p>\n<h3>O que mudou para os utilizadores<\/h3>\n<p>A CP diz manter o foco na melhoria digital e na qualidade da oferta, para colocar o comboio no centro das op\u00e7\u00f5es de mobilidade. O passe ferrovi\u00e1rio continua a cobrir intercidades e servi\u00e7os regionais, sem incluir suburbanos sob passes intermodais amplos.<\/p>\n","protected":false},"excerpt":{"rendered":"<ul>\n<li>Um milh\u00e3o de passes ferrovi\u00e1rios verdes vendidos; em mar\u00e7o tinham ativos perto de 70 mil passes mensais.<\/li>\n<li>O Governo prepara um passe intermodal a n\u00edvel nacional, ap\u00f3s reuni\u00e3o com as maiores empresas do setor p\u00fablico de transportes.<\/li>\n<li>A capacidade est\u00e1 no limite; a solu\u00e7\u00e3o apontada \u00e9 a aquisi\u00e7\u00e3o de 185 comboios, com entrega gradual at\u00e9 2030.<\/li>\n<li>O passe ferrovi\u00e1rio passa a integrar a bolsa de documentos digitais do Governo (gov.pt) a partir de maio, com 84% das reservas feitas digitalmente.<\/li>\n<li>Existem passes intermodais regionais (Navegante, Andante); o novo passe intermodal visa abranger o territ\u00f3rio nacional, abrangendo intercidades e regionais.<\/li>\n<\/ul>\n","protected":false},"author":2,"featured_media":451070,"comment_status":"closed","ping_status":"closed","sticky":false,"template":"","format":"standard","meta":{"footnotes":""},"categories":[2,1],"tags":[9051,8020,3191,981,192,4535],"class_list":["post-451065","post","type-post","status-publish","format-standard","has-post-thumbnail","hentry","category-economia","category-noticias","tag-_area-metropolitana-de-lisboa","tag-_mobilidade","tag-cp","tag-lisboa","tag-transporte","tag-transporte-publico"],"yoast_head":"<!-- This site is optimized with the Yoast SEO plugin v27.2 - https:\/\/yoast.com\/product\/yoast-seo-wordpress\/ -->\n<title>Governo prepara passe intermodal ap\u00f3s venda de um milh\u00e3o de passes ferrovi\u00e1rios - Portal Tela Portugal<\/title>\n<meta name=\"robots\" content=\"index, follow, max-snippet:-1, max-image-preview:large, max-video-preview:-1\" \/>\n<meta property=\"og:locale\" content=\"pt_PT\" \/>\n<meta property=\"og:type\" content=\"article\" \/>\n<meta property=\"og:title\" content=\"Governo prepara passe intermodal ap\u00f3s venda de um milh\u00e3o de passes ferrovi\u00e1rios - Portal Tela Portugal\" \/>\n<meta property=\"og:description\" content=\"Um milh\u00e3o de passes ferrovi\u00e1rios verdes vendidos; em mar\u00e7o tinham ativos perto de 70 mil passes mensais. O Governo prepara um passe intermodal a n\u00edvel nacional, ap\u00f3s reuni\u00e3o com as maiores empresas do setor p\u00fablico de transportes. A capacidade est\u00e1 no limite; a solu\u00e7\u00e3o apontada \u00e9 a aquisi\u00e7\u00e3o de 185 comboios, com entrega gradual at\u00e9 2030. O passe ferrovi\u00e1rio passa a integrar a bolsa de documentos digitais do Governo (gov.pt) a partir de maio, com 84% das reservas feitas digitalmente. Existem passes intermodais regionais (Navegante, Andante); o novo passe intermodal visa abranger o territ\u00f3rio nacional, abrangendo intercidades e regionais.\" \/>\n<meta property=\"og:url\" content=\"https:\/\/portaltela.pt\/noticias\/2026\/04\/20\/governo-prepara-passe-intermodal-apos-venda-de-um-milhao-de-passes-ferroviarios\/\" \/>\n<meta property=\"og:site_name\" content=\"Portal Tela Portugal\" \/>\n<meta property=\"article:published_time\" content=\"2026-04-20T11:03:13+00:00\" \/>\n<meta name=\"author\" content=\"Telinha\" \/>\n<meta name=\"twitter:card\" content=\"summary_large_image\" \/>\n<meta name=\"twitter:label1\" content=\"Escrito por\" \/>\n\t<meta name=\"twitter:data1\" content=\"Telinha\" \/>\n\t<meta name=\"twitter:label2\" content=\"Tempo estimado de leitura\" \/>\n\t<meta name=\"twitter:data2\" content=\"2 minutos\" \/>\n<script type=\"application\/ld+json\" class=\"yoast-schema-graph\">{\"@context\":\"https:\/\/schema.org\",\"@graph\":[{\"@type\":\"Article\",\"@id\":\"https:\/\/portaltela.pt\/noticias\/2026\/04\/20\/governo-prepara-passe-intermodal-apos-venda-de-um-milhao-de-passes-ferroviarios\/#article\",\"isPartOf\":{\"@id\":\"https:\/\/portaltela.pt\/noticias\/2026\/04\/20\/governo-prepara-passe-intermodal-apos-venda-de-um-milhao-de-passes-ferroviarios\/\"},\"author\":{\"name\":\"Telinha\",\"@id\":\"https:\/\/portaltela.pt\/#\/schema\/person\/c4278d4a6028830caff9ee44b42d32ed\"},\"headline\":\"Governo prepara passe intermodal ap\u00f3s venda de um milh\u00e3o de passes ferrovi\u00e1rios\",\"datePublished\":\"2026-04-20T11:03:13+00:00\",\"mainEntityOfPage\":{\"@id\":\"https:\/\/portaltela.pt\/noticias\/2026\/04\/20\/governo-prepara-passe-intermodal-apos-venda-de-um-milhao-de-passes-ferroviarios\/\"},\"wordCount\":354,\"image\":{\"@id\":\"https:\/\/portaltela.pt\/noticias\/2026\/04\/20\/governo-prepara-passe-intermodal-apos-venda-de-um-milhao-de-passes-ferroviarios\/#primaryimage\"},\"thumbnailUrl\":\"https:\/\/portaltela.pt\/s.01k8rhncp4jt1\/2026\/04\/2082628.jpg\",\"keywords\":[\"_\u00c1rea Metropolitana de Lisboa\",\"_mobilidade\",\"CP\",\"Lisboa\",\"transporte\",\"transporte p\u00fablico\"],\"articleSection\":[\"Economia\",\"Not\u00edcias\"],\"inLanguage\":\"pt-PT\"},{\"@type\":\"WebPage\",\"@id\":\"https:\/\/portaltela.pt\/noticias\/2026\/04\/20\/governo-prepara-passe-intermodal-apos-venda-de-um-milhao-de-passes-ferroviarios\/\",\"url\":\"https:\/\/portaltela.pt\/noticias\/2026\/04\/20\/governo-prepara-passe-intermodal-apos-venda-de-um-milhao-de-passes-ferroviarios\/\",\"name\":\"Governo prepara passe intermodal ap\u00f3s venda de um milh\u00e3o de passes ferrovi\u00e1rios - Portal Tela Portugal\",\"isPartOf\":{\"@id\":\"https:\/\/portaltela.pt\/#website\"},\"primaryImageOfPage\":{\"@id\":\"https:\/\/portaltela.pt\/noticias\/2026\/04\/20\/governo-prepara-passe-intermodal-apos-venda-de-um-milhao-de-passes-ferroviarios\/#primaryimage\"},\"image\":{\"@id\":\"https:\/\/portaltela.pt\/noticias\/2026\/04\/20\/governo-prepara-passe-intermodal-apos-venda-de-um-milhao-de-passes-ferroviarios\/#primaryimage\"},\"thumbnailUrl\":\"https:\/\/portaltela.pt\/s.01k8rhncp4jt1\/2026\/04\/2082628.jpg\",\"datePublished\":\"2026-04-20T11:03:13+00:00\",\"author\":{\"@id\":\"https:\/\/portaltela.pt\/#\/schema\/person\/c4278d4a6028830caff9ee44b42d32ed\"},\"breadcrumb\":{\"@id\":\"https:\/\/portaltela.pt\/noticias\/2026\/04\/20\/governo-prepara-passe-intermodal-apos-venda-de-um-milhao-de-passes-ferroviarios\/#breadcrumb\"},\"inLanguage\":\"pt-PT\",\"potentialAction\":[{\"@type\":\"ReadAction\",\"target\":[\"https:\/\/portaltela.pt\/noticias\/2026\/04\/20\/governo-prepara-passe-intermodal-apos-venda-de-um-milhao-de-passes-ferroviarios\/\"]}]},{\"@type\":\"ImageObject\",\"inLanguage\":\"pt-PT\",\"@id\":\"https:\/\/portaltela.pt\/noticias\/2026\/04\/20\/governo-prepara-passe-intermodal-apos-venda-de-um-milhao-de-passes-ferroviarios\/#primaryimage\",\"url\":\"https:\/\/portaltela.pt\/s.01k8rhncp4jt1\/2026\/04\/2082628.jpg\",\"contentUrl\":\"https:\/\/portaltela.pt\/s.01k8rhncp4jt1\/2026\/04\/2082628.jpg\",\"width\":796,\"height\":448,\"caption\":\"Publicidade do Governo para registar a marca de assinaturas do passe ferrovi\u00e1rio verde\"},{\"@type\":\"BreadcrumbList\",\"@id\":\"https:\/\/portaltela.pt\/noticias\/2026\/04\/20\/governo-prepara-passe-intermodal-apos-venda-de-um-milhao-de-passes-ferroviarios\/#breadcrumb\",\"itemListElement\":[{\"@type\":\"ListItem\",\"position\":1,\"name\":\"In\u00edcio\",\"item\":\"https:\/\/portaltela.pt\/\"},{\"@type\":\"ListItem\",\"position\":2,\"name\":\"Governo prepara passe intermodal ap\u00f3s venda de um milh\u00e3o de passes ferrovi\u00e1rios\"}]},{\"@type\":\"WebSite\",\"@id\":\"https:\/\/portaltela.pt\/#website\",\"url\":\"https:\/\/portaltela.pt\/\",\"name\":\"Portal Tela Portugal\",\"description\":\"\",\"potentialAction\":[{\"@type\":\"SearchAction\",\"target\":{\"@type\":\"EntryPoint\",\"urlTemplate\":\"https:\/\/portaltela.pt\/?s={search_term_string}\"},\"query-input\":{\"@type\":\"PropertyValueSpecification\",\"valueRequired\":true,\"valueName\":\"search_term_string\"}}],\"inLanguage\":\"pt-PT\"},{\"@type\":\"Person\",\"@id\":\"https:\/\/portaltela.pt\/#\/schema\/person\/c4278d4a6028830caff9ee44b42d32ed\",\"name\":\"Telinha\",\"image\":{\"@type\":\"ImageObject\",\"inLanguage\":\"pt-PT\",\"@id\":\"https:\/\/portaltela.pt\/s.01k8rhncp4jt1\/2025\/11\/talking-bot-125x125.png\",\"url\":\"https:\/\/portaltela.pt\/s.01k8rhncp4jt1\/2025\/11\/talking-bot-125x125.png\",\"contentUrl\":\"https:\/\/portaltela.pt\/s.01k8rhncp4jt1\/2025\/11\/talking-bot-125x125.png\",\"caption\":\"Telinha\"},\"sameAs\":[\"https:\/\/portaltela.pt\/\"],\"url\":\"https:\/\/portaltela.pt\/por\/367410592786\/\"}]}<\/script>\n<!-- \/ Yoast SEO plugin. -->","yoast_head_json":{"title":"Governo prepara passe intermodal ap\u00f3s venda de um milh\u00e3o de passes ferrovi\u00e1rios - Portal Tela Portugal","robots":{"index":"index","follow":"follow","max-snippet":"max-snippet:-1","max-image-preview":"max-image-preview:large","max-video-preview":"max-video-preview:-1"},"og_locale":"pt_PT","og_type":"article","og_title":"Governo prepara passe intermodal ap\u00f3s venda de um milh\u00e3o de passes ferrovi\u00e1rios - Portal Tela Portugal","og_description":"Um milh\u00e3o de passes ferrovi\u00e1rios verdes vendidos; em mar\u00e7o tinham ativos perto de 70 mil passes mensais. O Governo prepara um passe intermodal a n\u00edvel nacional, ap\u00f3s reuni\u00e3o com as maiores empresas do setor p\u00fablico de transportes. A capacidade est\u00e1 no limite; a solu\u00e7\u00e3o apontada \u00e9 a aquisi\u00e7\u00e3o de 185 comboios, com entrega gradual at\u00e9 2030. O passe ferrovi\u00e1rio passa a integrar a bolsa de documentos digitais do Governo (gov.pt) a partir de maio, com 84% das reservas feitas digitalmente. Existem passes intermodais regionais (Navegante, Andante); o novo passe intermodal visa abranger o territ\u00f3rio nacional, abrangendo intercidades e regionais.","og_url":"https:\/\/portaltela.pt\/noticias\/2026\/04\/20\/governo-prepara-passe-intermodal-apos-venda-de-um-milhao-de-passes-ferroviarios\/","og_site_name":"Portal Tela Portugal","article_published_time":"2026-04-20T11:03:13+00:00","author":"Telinha","twitter_card":"summary_large_image","twitter_misc":{"Escrito por":"Telinha","Tempo estimado de leitura":"2 minutos"},"schema":{"@context":"https:\/\/schema.org","@graph":[{"@type":"Article","@id":"https:\/\/portaltela.pt\/noticias\/2026\/04\/20\/governo-prepara-passe-intermodal-apos-venda-de-um-milhao-de-passes-ferroviarios\/#article","isPartOf":{"@id":"https:\/\/portaltela.pt\/noticias\/2026\/04\/20\/governo-prepara-passe-intermodal-apos-venda-de-um-milhao-de-passes-ferroviarios\/"},"author":{"name":"Telinha","@id":"https:\/\/portaltela.pt\/#\/schema\/person\/c4278d4a6028830caff9ee44b42d32ed"},"headline":"Governo prepara passe intermodal ap\u00f3s venda de um milh\u00e3o de passes ferrovi\u00e1rios","datePublished":"2026-04-20T11:03:13+00:00","mainEntityOfPage":{"@id":"https:\/\/portaltela.pt\/noticias\/2026\/04\/20\/governo-prepara-passe-intermodal-apos-venda-de-um-milhao-de-passes-ferroviarios\/"},"wordCount":354,"image":{"@id":"https:\/\/portaltela.pt\/noticias\/2026\/04\/20\/governo-prepara-passe-intermodal-apos-venda-de-um-milhao-de-passes-ferroviarios\/#primaryimage"},"thumbnailUrl":"https:\/\/portaltela.pt\/s.01k8rhncp4jt1\/2026\/04\/2082628.jpg","keywords":["_\u00c1rea Metropolitana de Lisboa","_mobilidade","CP","Lisboa","transporte","transporte p\u00fablico"],"articleSection":["Economia","Not\u00edcias"],"inLanguage":"pt-PT"},{"@type":"WebPage","@id":"https:\/\/portaltela.pt\/noticias\/2026\/04\/20\/governo-prepara-passe-intermodal-apos-venda-de-um-milhao-de-passes-ferroviarios\/","url":"https:\/\/portaltela.pt\/noticias\/2026\/04\/20\/governo-prepara-passe-intermodal-apos-venda-de-um-milhao-de-passes-ferroviarios\/","name":"Governo prepara passe intermodal ap\u00f3s venda de um milh\u00e3o de passes ferrovi\u00e1rios - Portal Tela Portugal","isPartOf":{"@id":"https:\/\/portaltela.pt\/#website"},"primaryImageOfPage":{"@id":"https:\/\/portaltela.pt\/noticias\/2026\/04\/20\/governo-prepara-passe-intermodal-apos-venda-de-um-milhao-de-passes-ferroviarios\/#primaryimage"},"image":{"@id":"https:\/\/portaltela.pt\/noticias\/2026\/04\/20\/governo-prepara-passe-intermodal-apos-venda-de-um-milhao-de-passes-ferroviarios\/#primaryimage"},"thumbnailUrl":"https:\/\/portaltela.pt\/s.01k8rhncp4jt1\/2026\/04\/2082628.jpg","datePublished":"2026-04-20T11:03:13+00:00","author":{"@id":"https:\/\/portaltela.pt\/#\/schema\/person\/c4278d4a6028830caff9ee44b42d32ed"},"breadcrumb":{"@id":"https:\/\/portaltela.pt\/noticias\/2026\/04\/20\/governo-prepara-passe-intermodal-apos-venda-de-um-milhao-de-passes-ferroviarios\/#breadcrumb"},"inLanguage":"pt-PT","potentialAction":[{"@type":"ReadAction","target":["https:\/\/portaltela.pt\/noticias\/2026\/04\/20\/governo-prepara-passe-intermodal-apos-venda-de-um-milhao-de-passes-ferroviarios\/"]}]},{"@type":"ImageObject","inLanguage":"pt-PT","@id":"https:\/\/portaltela.pt\/noticias\/2026\/04\/20\/governo-prepara-passe-intermodal-apos-venda-de-um-milhao-de-passes-ferroviarios\/#primaryimage","url":"https:\/\/portaltela.pt\/s.01k8rhncp4jt1\/2026\/04\/2082628.jpg","contentUrl":"https:\/\/portaltela.pt\/s.01k8rhncp4jt1\/2026\/04\/2082628.jpg","width":796,"height":448,"caption":"Publicidade do Governo para registar a marca de assinaturas do passe ferrovi\u00e1rio verde"},{"@type":"BreadcrumbList","@id":"https:\/\/portaltela.pt\/noticias\/2026\/04\/20\/governo-prepara-passe-intermodal-apos-venda-de-um-milhao-de-passes-ferroviarios\/#breadcrumb","itemListElement":[{"@type":"ListItem","position":1,"name":"In\u00edcio","item":"https:\/\/portaltela.pt\/"},{"@type":"ListItem","position":2,"name":"Governo prepara passe intermodal ap\u00f3s venda de um milh\u00e3o de passes ferrovi\u00e1rios"}]},{"@type":"WebSite","@id":"https:\/\/portaltela.pt\/#website","url":"https:\/\/portaltela.pt\/","name":"Portal Tela Portugal","description":"","potentialAction":[{"@type":"SearchAction","target":{"@type":"EntryPoint","urlTemplate":"https:\/\/portaltela.pt\/?s={search_term_string}"},"query-input":{"@type":"PropertyValueSpecification","valueRequired":true,"valueName":"search_term_string"}}],"inLanguage":"pt-PT"},{"@type":"Person","@id":"https:\/\/portaltela.pt\/#\/schema\/person\/c4278d4a6028830caff9ee44b42d32ed","name":"Telinha","image":{"@type":"ImageObject","inLanguage":"pt-PT","@id":"https:\/\/portaltela.pt\/s.01k8rhncp4jt1\/2025\/11\/talking-bot-125x125.png","url":"https:\/\/portaltela.pt\/s.01k8rhncp4jt1\/2025\/11\/talking-bot-125x125.png","contentUrl":"https:\/\/portaltela.pt\/s.01k8rhncp4jt1\/2025\/11\/talking-bot-125x125.png","caption":"Telinha"},"sameAs":["https:\/\/portaltela.pt\/"],"url":"https:\/\/portaltela.pt\/por\/367410592786\/"}]}},"_links":{"self":[{"href":"https:\/\/portaltela.pt\/api\/wp\/v2\/posts\/451065","targetHints":{"allow":["GET"]}}],"collection":[{"href":"https:\/\/portaltela.pt\/api\/wp\/v2\/posts"}],"about":[{"href":"https:\/\/portaltela.pt\/api\/wp\/v2\/types\/post"}],"author":[{"embeddable":true,"href":"https:\/\/portaltela.pt\/api\/wp\/v2\/users\/2"}],"replies":[{"embeddable":true,"href":"https:\/\/portaltela.pt\/api\/wp\/v2\/comments?post=451065"}],"version-history":[{"count":0,"href":"https:\/\/portaltela.pt\/api\/wp\/v2\/posts\/451065\/revisions"}],"wp:featuredmedia":[{"embeddable":true,"href":"https:\/\/portaltela.pt\/api\/wp\/v2\/media\/451070"}],"wp:attachment":[{"href":"https:\/\/portaltela.pt\/api\/wp\/v2\/media?parent=451065"}],"wp:term":[{"taxonomy":"category","embeddable":true,"href":"https:\/\/portaltela.pt\/api\/wp\/v2\/categories?post=451065"},{"taxonomy":"post_tag","embeddable":true,"href":"https:\/\/portaltela.pt\/api\/wp\/v2\/tags?post=451065"}],"curies":[{"name":"wp","href":"https:\/\/api.w.org\/{rel}","templated":true}]}}