{"id":451064,"date":"2026-04-20T08:03:12","date_gmt":"2026-04-20T11:03:12","guid":{"rendered":"https:\/\/portaltela.pt\/noticias\/2026\/04\/20\/casais-em-desemprego-caem-97-em-marco\/"},"modified":"2026-04-20T08:03:12","modified_gmt":"2026-04-20T11:03:12","slug":"casais-em-desemprego-caem-97-em-marco","status":"publish","type":"post","link":"https:\/\/portaltela.pt\/noticias\/economia\/2026\/04\/20\/casais-em-desemprego-caem-97-em-marco\/","title":{"rendered":"Casais em desemprego caem 9,7% em mar\u00e7o"},"content":{"rendered":"<p>O IEFP divulgou dados de mar\u00e7o de 2026 sobre desemprego em Portugal: o n\u00famero de casais em que ambos os c\u00f4njuges est\u00e3o desempregados recuou 9,7% em rela\u00e7\u00e3o a mar\u00e7o de 2025 e caiu 0,6% face a fevereiro deste ano.<\/p>\n<p>Do total de desempregados casados ou em uni\u00e3o de facto, 9.042 t\u00eam tamb\u00e9m registo de que o c\u00f4njuge est\u00e1 desempregado, o que representa 8,0% do grupo. O conjunto soma 4.521 casais desempregados em mar\u00e7o de 2026, queda de 9,7% comparado com o per\u00edodo hom\u00f3logo.<\/p>\n<p>Na compara\u00e7\u00e3o mensal com fevereiro, o n\u00famero de casais desempregados reduziu-se 0,6%, indicando uma trajet\u00f3ria est\u00e1vel no curto prazo.<\/p>\n","protected":false},"excerpt":{"rendered":"<ul>\n<li>Em mar\u00e7o de 2026, o n\u00famero de casais em que ambos os c\u00f4njuges est\u00e3o desempregados recuou 9,7% face ao mesmo m\u00eas do ano anterior.<\/li>\n<li>Do total de desempregados casados ou em uni\u00e3o de facto, 9.042 t\u00eam tamb\u00e9m registo de que o c\u00f4njuge est\u00e1 desempregado, equivalentes a 8,0% do total.<\/li>\n<li>O conjunto de casais desempregados com ambos os c\u00f4njuges em situa\u00e7\u00e3o de desemprego totalizou 4.521 em mar\u00e7o de 2026.<\/li>\n<li>Em rela\u00e7\u00e3o a fevereiro, o n\u00famero de casais com ambos os c\u00f4njuges desempregados diminuiu 0,6%.<\/li>\n<\/ul>\n","protected":false},"author":2,"featured_media":451071,"comment_status":"closed","ping_status":"closed","sticky":false,"template":"","format":"standard","meta":{"footnotes":""},"categories":[2,6850],"tags":[820,28,64,4352,1014,2201],"class_list":["post-451064","post","type-post","status-publish","format-standard","has-post-thumbnail","hentry","category-economia","category-financas","tag-desemprego","tag-economia","tag-familia","tag-iefp","tag-portugal","tag-trabalho"],"yoast_head":"<!-- This site is optimized with the Yoast SEO plugin v27.2 - https:\/\/yoast.com\/product\/yoast-seo-wordpress\/ -->\n<title>Casais em desemprego caem 9,7% em mar\u00e7o - Portal Tela Portugal<\/title>\n<meta name=\"robots\" content=\"index, follow, max-snippet:-1, max-image-preview:large, max-video-preview:-1\" \/>\n<meta property=\"og:locale\" content=\"pt_PT\" \/>\n<meta property=\"og:type\" content=\"article\" \/>\n<meta property=\"og:title\" content=\"Casais em desemprego caem 9,7% em mar\u00e7o - Portal Tela Portugal\" \/>\n<meta property=\"og:description\" content=\"Em mar\u00e7o de 2026, o n\u00famero de casais em que ambos os c\u00f4njuges est\u00e3o desempregados recuou 9,7% face ao mesmo m\u00eas do ano anterior. Do total de desempregados casados ou em uni\u00e3o de facto, 9.042 t\u00eam tamb\u00e9m registo de que o c\u00f4njuge est\u00e1 desempregado, equivalentes a 8,0% do total. O conjunto de casais desempregados com ambos os c\u00f4njuges em situa\u00e7\u00e3o de desemprego totalizou 4.521 em mar\u00e7o de 2026. Em rela\u00e7\u00e3o a fevereiro, o n\u00famero de casais com ambos os c\u00f4njuges desempregados diminuiu 0,6%.\" \/>\n<meta property=\"og:url\" content=\"https:\/\/portaltela.pt\/noticias\/2026\/04\/20\/casais-em-desemprego-caem-97-em-marco\/\" \/>\n<meta property=\"og:site_name\" content=\"Portal Tela Portugal\" \/>\n<meta property=\"article:published_time\" content=\"2026-04-20T11:03:12+00:00\" \/>\n<meta name=\"author\" content=\"Telinha\" \/>\n<meta name=\"twitter:card\" content=\"summary_large_image\" \/>\n<meta name=\"twitter:label1\" content=\"Escrito por\" \/>\n\t<meta name=\"twitter:data1\" content=\"Telinha\" \/>\n\t<meta name=\"twitter:label2\" content=\"Tempo estimado de leitura\" \/>\n\t<meta name=\"twitter:data2\" content=\"1 minuto\" \/>\n<script type=\"application\/ld+json\" class=\"yoast-schema-graph\">{\"@context\":\"https:\/\/schema.org\",\"@graph\":[{\"@type\":\"Article\",\"@id\":\"https:\/\/portaltela.pt\/noticias\/2026\/04\/20\/casais-em-desemprego-caem-97-em-marco\/#article\",\"isPartOf\":{\"@id\":\"https:\/\/portaltela.pt\/noticias\/2026\/04\/20\/casais-em-desemprego-caem-97-em-marco\/\"},\"author\":{\"name\":\"Telinha\",\"@id\":\"https:\/\/portaltela.pt\/#\/schema\/person\/c4278d4a6028830caff9ee44b42d32ed\"},\"headline\":\"Casais em desemprego caem 9,7% em mar\u00e7o\",\"datePublished\":\"2026-04-20T11:03:12+00:00\",\"mainEntityOfPage\":{\"@id\":\"https:\/\/portaltela.pt\/noticias\/2026\/04\/20\/casais-em-desemprego-caem-97-em-marco\/\"},\"wordCount\":116,\"image\":{\"@id\":\"https:\/\/portaltela.pt\/noticias\/2026\/04\/20\/casais-em-desemprego-caem-97-em-marco\/#primaryimage\"},\"thumbnailUrl\":\"https:\/\/portaltela.pt\/s.01k8rhncp4jt1\/2026\/04\/img_1500x1000uu2023-08-21-19-56-13-1424510.jpg\",\"keywords\":[\"desemprego\",\"economia\",\"fam\u00edlia\",\"IEFP\",\"Portugal\",\"trabalho\"],\"articleSection\":[\"Economia\",\"Finan\u00e7as\"],\"inLanguage\":\"pt-PT\"},{\"@type\":\"WebPage\",\"@id\":\"https:\/\/portaltela.pt\/noticias\/2026\/04\/20\/casais-em-desemprego-caem-97-em-marco\/\",\"url\":\"https:\/\/portaltela.pt\/noticias\/2026\/04\/20\/casais-em-desemprego-caem-97-em-marco\/\",\"name\":\"Casais em desemprego caem 9,7% em mar\u00e7o - Portal Tela Portugal\",\"isPartOf\":{\"@id\":\"https:\/\/portaltela.pt\/#website\"},\"primaryImageOfPage\":{\"@id\":\"https:\/\/portaltela.pt\/noticias\/2026\/04\/20\/casais-em-desemprego-caem-97-em-marco\/#primaryimage\"},\"image\":{\"@id\":\"https:\/\/portaltela.pt\/noticias\/2026\/04\/20\/casais-em-desemprego-caem-97-em-marco\/#primaryimage\"},\"thumbnailUrl\":\"https:\/\/portaltela.pt\/s.01k8rhncp4jt1\/2026\/04\/img_1500x1000uu2023-08-21-19-56-13-1424510.jpg\",\"datePublished\":\"2026-04-20T11:03:12+00:00\",\"author\":{\"@id\":\"https:\/\/portaltela.pt\/#\/schema\/person\/c4278d4a6028830caff9ee44b42d32ed\"},\"breadcrumb\":{\"@id\":\"https:\/\/portaltela.pt\/noticias\/2026\/04\/20\/casais-em-desemprego-caem-97-em-marco\/#breadcrumb\"},\"inLanguage\":\"pt-PT\",\"potentialAction\":[{\"@type\":\"ReadAction\",\"target\":[\"https:\/\/portaltela.pt\/noticias\/2026\/04\/20\/casais-em-desemprego-caem-97-em-marco\/\"]}]},{\"@type\":\"ImageObject\",\"inLanguage\":\"pt-PT\",\"@id\":\"https:\/\/portaltela.pt\/noticias\/2026\/04\/20\/casais-em-desemprego-caem-97-em-marco\/#primaryimage\",\"url\":\"https:\/\/portaltela.pt\/s.01k8rhncp4jt1\/2026\/04\/img_1500x1000uu2023-08-21-19-56-13-1424510.jpg\",\"contentUrl\":\"https:\/\/portaltela.pt\/s.01k8rhncp4jt1\/2026\/04\/img_1500x1000uu2023-08-21-19-56-13-1424510.jpg\",\"width\":796,\"height\":448,\"caption\":\"Centro de emprego\"},{\"@type\":\"BreadcrumbList\",\"@id\":\"https:\/\/portaltela.pt\/noticias\/2026\/04\/20\/casais-em-desemprego-caem-97-em-marco\/#breadcrumb\",\"itemListElement\":[{\"@type\":\"ListItem\",\"position\":1,\"name\":\"In\u00edcio\",\"item\":\"https:\/\/portaltela.pt\/\"},{\"@type\":\"ListItem\",\"position\":2,\"name\":\"Casais em desemprego caem 9,7% em mar\u00e7o\"}]},{\"@type\":\"WebSite\",\"@id\":\"https:\/\/portaltela.pt\/#website\",\"url\":\"https:\/\/portaltela.pt\/\",\"name\":\"Portal Tela Portugal\",\"description\":\"\",\"potentialAction\":[{\"@type\":\"SearchAction\",\"target\":{\"@type\":\"EntryPoint\",\"urlTemplate\":\"https:\/\/portaltela.pt\/?s={search_term_string}\"},\"query-input\":{\"@type\":\"PropertyValueSpecification\",\"valueRequired\":true,\"valueName\":\"search_term_string\"}}],\"inLanguage\":\"pt-PT\"},{\"@type\":\"Person\",\"@id\":\"https:\/\/portaltela.pt\/#\/schema\/person\/c4278d4a6028830caff9ee44b42d32ed\",\"name\":\"Telinha\",\"image\":{\"@type\":\"ImageObject\",\"inLanguage\":\"pt-PT\",\"@id\":\"https:\/\/portaltela.pt\/s.01k8rhncp4jt1\/2025\/11\/talking-bot-125x125.png\",\"url\":\"https:\/\/portaltela.pt\/s.01k8rhncp4jt1\/2025\/11\/talking-bot-125x125.png\",\"contentUrl\":\"https:\/\/portaltela.pt\/s.01k8rhncp4jt1\/2025\/11\/talking-bot-125x125.png\",\"caption\":\"Telinha\"},\"sameAs\":[\"https:\/\/portaltela.pt\/\"],\"url\":\"https:\/\/portaltela.pt\/por\/367410592786\/\"}]}<\/script>\n<!-- \/ Yoast SEO plugin. -->","yoast_head_json":{"title":"Casais em desemprego caem 9,7% em mar\u00e7o - Portal Tela Portugal","robots":{"index":"index","follow":"follow","max-snippet":"max-snippet:-1","max-image-preview":"max-image-preview:large","max-video-preview":"max-video-preview:-1"},"og_locale":"pt_PT","og_type":"article","og_title":"Casais em desemprego caem 9,7% em mar\u00e7o - Portal Tela Portugal","og_description":"Em mar\u00e7o de 2026, o n\u00famero de casais em que ambos os c\u00f4njuges est\u00e3o desempregados recuou 9,7% face ao mesmo m\u00eas do ano anterior. Do total de desempregados casados ou em uni\u00e3o de facto, 9.042 t\u00eam tamb\u00e9m registo de que o c\u00f4njuge est\u00e1 desempregado, equivalentes a 8,0% do total. O conjunto de casais desempregados com ambos os c\u00f4njuges em situa\u00e7\u00e3o de desemprego totalizou 4.521 em mar\u00e7o de 2026. Em rela\u00e7\u00e3o a fevereiro, o n\u00famero de casais com ambos os c\u00f4njuges desempregados diminuiu 0,6%.","og_url":"https:\/\/portaltela.pt\/noticias\/2026\/04\/20\/casais-em-desemprego-caem-97-em-marco\/","og_site_name":"Portal Tela Portugal","article_published_time":"2026-04-20T11:03:12+00:00","author":"Telinha","twitter_card":"summary_large_image","twitter_misc":{"Escrito por":"Telinha","Tempo estimado de leitura":"1 minuto"},"schema":{"@context":"https:\/\/schema.org","@graph":[{"@type":"Article","@id":"https:\/\/portaltela.pt\/noticias\/2026\/04\/20\/casais-em-desemprego-caem-97-em-marco\/#article","isPartOf":{"@id":"https:\/\/portaltela.pt\/noticias\/2026\/04\/20\/casais-em-desemprego-caem-97-em-marco\/"},"author":{"name":"Telinha","@id":"https:\/\/portaltela.pt\/#\/schema\/person\/c4278d4a6028830caff9ee44b42d32ed"},"headline":"Casais em desemprego caem 9,7% em mar\u00e7o","datePublished":"2026-04-20T11:03:12+00:00","mainEntityOfPage":{"@id":"https:\/\/portaltela.pt\/noticias\/2026\/04\/20\/casais-em-desemprego-caem-97-em-marco\/"},"wordCount":116,"image":{"@id":"https:\/\/portaltela.pt\/noticias\/2026\/04\/20\/casais-em-desemprego-caem-97-em-marco\/#primaryimage"},"thumbnailUrl":"https:\/\/portaltela.pt\/s.01k8rhncp4jt1\/2026\/04\/img_1500x1000uu2023-08-21-19-56-13-1424510.jpg","keywords":["desemprego","economia","fam\u00edlia","IEFP","Portugal","trabalho"],"articleSection":["Economia","Finan\u00e7as"],"inLanguage":"pt-PT"},{"@type":"WebPage","@id":"https:\/\/portaltela.pt\/noticias\/2026\/04\/20\/casais-em-desemprego-caem-97-em-marco\/","url":"https:\/\/portaltela.pt\/noticias\/2026\/04\/20\/casais-em-desemprego-caem-97-em-marco\/","name":"Casais em desemprego caem 9,7% em mar\u00e7o - Portal Tela Portugal","isPartOf":{"@id":"https:\/\/portaltela.pt\/#website"},"primaryImageOfPage":{"@id":"https:\/\/portaltela.pt\/noticias\/2026\/04\/20\/casais-em-desemprego-caem-97-em-marco\/#primaryimage"},"image":{"@id":"https:\/\/portaltela.pt\/noticias\/2026\/04\/20\/casais-em-desemprego-caem-97-em-marco\/#primaryimage"},"thumbnailUrl":"https:\/\/portaltela.pt\/s.01k8rhncp4jt1\/2026\/04\/img_1500x1000uu2023-08-21-19-56-13-1424510.jpg","datePublished":"2026-04-20T11:03:12+00:00","author":{"@id":"https:\/\/portaltela.pt\/#\/schema\/person\/c4278d4a6028830caff9ee44b42d32ed"},"breadcrumb":{"@id":"https:\/\/portaltela.pt\/noticias\/2026\/04\/20\/casais-em-desemprego-caem-97-em-marco\/#breadcrumb"},"inLanguage":"pt-PT","potentialAction":[{"@type":"ReadAction","target":["https:\/\/portaltela.pt\/noticias\/2026\/04\/20\/casais-em-desemprego-caem-97-em-marco\/"]}]},{"@type":"ImageObject","inLanguage":"pt-PT","@id":"https:\/\/portaltela.pt\/noticias\/2026\/04\/20\/casais-em-desemprego-caem-97-em-marco\/#primaryimage","url":"https:\/\/portaltela.pt\/s.01k8rhncp4jt1\/2026\/04\/img_1500x1000uu2023-08-21-19-56-13-1424510.jpg","contentUrl":"https:\/\/portaltela.pt\/s.01k8rhncp4jt1\/2026\/04\/img_1500x1000uu2023-08-21-19-56-13-1424510.jpg","width":796,"height":448,"caption":"Centro de emprego"},{"@type":"BreadcrumbList","@id":"https:\/\/portaltela.pt\/noticias\/2026\/04\/20\/casais-em-desemprego-caem-97-em-marco\/#breadcrumb","itemListElement":[{"@type":"ListItem","position":1,"name":"In\u00edcio","item":"https:\/\/portaltela.pt\/"},{"@type":"ListItem","position":2,"name":"Casais em desemprego caem 9,7% em mar\u00e7o"}]},{"@type":"WebSite","@id":"https:\/\/portaltela.pt\/#website","url":"https:\/\/portaltela.pt\/","name":"Portal Tela Portugal","description":"","potentialAction":[{"@type":"SearchAction","target":{"@type":"EntryPoint","urlTemplate":"https:\/\/portaltela.pt\/?s={search_term_string}"},"query-input":{"@type":"PropertyValueSpecification","valueRequired":true,"valueName":"search_term_string"}}],"inLanguage":"pt-PT"},{"@type":"Person","@id":"https:\/\/portaltela.pt\/#\/schema\/person\/c4278d4a6028830caff9ee44b42d32ed","name":"Telinha","image":{"@type":"ImageObject","inLanguage":"pt-PT","@id":"https:\/\/portaltela.pt\/s.01k8rhncp4jt1\/2025\/11\/talking-bot-125x125.png","url":"https:\/\/portaltela.pt\/s.01k8rhncp4jt1\/2025\/11\/talking-bot-125x125.png","contentUrl":"https:\/\/portaltela.pt\/s.01k8rhncp4jt1\/2025\/11\/talking-bot-125x125.png","caption":"Telinha"},"sameAs":["https:\/\/portaltela.pt\/"],"url":"https:\/\/portaltela.pt\/por\/367410592786\/"}]}},"_links":{"self":[{"href":"https:\/\/portaltela.pt\/api\/wp\/v2\/posts\/451064","targetHints":{"allow":["GET"]}}],"collection":[{"href":"https:\/\/portaltela.pt\/api\/wp\/v2\/posts"}],"about":[{"href":"https:\/\/portaltela.pt\/api\/wp\/v2\/types\/post"}],"author":[{"embeddable":true,"href":"https:\/\/portaltela.pt\/api\/wp\/v2\/users\/2"}],"replies":[{"embeddable":true,"href":"https:\/\/portaltela.pt\/api\/wp\/v2\/comments?post=451064"}],"version-history":[{"count":0,"href":"https:\/\/portaltela.pt\/api\/wp\/v2\/posts\/451064\/revisions"}],"wp:featuredmedia":[{"embeddable":true,"href":"https:\/\/portaltela.pt\/api\/wp\/v2\/media\/451071"}],"wp:attachment":[{"href":"https:\/\/portaltela.pt\/api\/wp\/v2\/media?parent=451064"}],"wp:term":[{"taxonomy":"category","embeddable":true,"href":"https:\/\/portaltela.pt\/api\/wp\/v2\/categories?post=451064"},{"taxonomy":"post_tag","embeddable":true,"href":"https:\/\/portaltela.pt\/api\/wp\/v2\/tags?post=451064"}],"curies":[{"name":"wp","href":"https:\/\/api.w.org\/{rel}","templated":true}]}}