{"id":450991,"date":"2026-04-20T07:18:05","date_gmt":"2026-04-20T10:18:05","guid":{"rendered":"https:\/\/portaltela.pt\/noticias\/2026\/04\/20\/rebel-wilson-processada-por-difamacao-na-australia-por-redes-sociais\/"},"modified":"2026-04-20T07:18:05","modified_gmt":"2026-04-20T10:18:05","slug":"rebel-wilson-processada-por-difamacao-na-australia-por-redes-sociais","status":"publish","type":"post","link":"https:\/\/portaltela.pt\/noticias\/2026\/04\/20\/rebel-wilson-processada-por-difamacao-na-australia-por-redes-sociais\/","title":{"rendered":"Rebel Wilson processada por difama\u00e7\u00e3o na Austr\u00e1lia por redes sociais"},"content":{"rendered":"<p>Rebel Wilson esteve no Tribunal Federal de Sydney, nesta segunda-feira, para a a\u00e7\u00e3o por difama\u00e7\u00e3o movida por Charlotte MacInnes. O processo envolve publica\u00e7\u00f5es da atriz nas redes sociais, feitas na altura da sua estreia como realizadora do filme The Deb (2024). MacInnes solicita indemniza\u00e7\u00e3o por danos agravados e uma ordem para impedir novas declara\u00e7\u00f5es da arguida.<\/p>\n<p>Os autos dizem que Wilson alegou em Instagram, com mais de 11 milh\u00f5es de seguidores, que MacInnes tinha confidenciado, em privado, ter sido assediada por um produtor do filme. A defesa sustenta que as publica\u00e7\u00f5es n\u00e3o buscaram confirma\u00e7\u00e3o junto da protagonista.<\/p>\n<p>A a\u00e7\u00e3o detalha que as afirma\u00e7\u00f5es ocorreram sem que MacInnes tivesse apresentado qualquer queixa formal. A desenvolvedora Amanda Ghost \u00e9 apontada como alvo de alega\u00e7\u00f5es sobre conduta inadequada. A advogada de MacInnes afirmou que houve tentativa de descredibilizar a vers\u00e3o da atriz.<\/p>\n<h3>O que est\u00e1 em jogo<\/h3>\n<p>A audi\u00eancia tamb\u00e9m envolve quest\u00f5es de retalia\u00e7\u00e3o alegadas, com os produtores Vince Holden e Gregor Cameron mencionados na imprensa australiana. Wilson ter\u00e1 contratado um seguro contra difama\u00e7\u00e3o antes das publica\u00e7\u00f5es.<\/p>\n<p>Al\u00e9m de Sydney, h\u00e1 um processo separado nos EUA e em NSW, movido pelos produtores de The Deb contra Wilson. O filme estreou no Toronto International Film Festival, em set. 2024, tendo sido alvo de adiamentos na estreia australiana por quest\u00f5es legais.<\/p>\n<p>O Deb seguiu para os cinemas australianos no in\u00edcio deste m\u00eas, com a hist\u00f3ria de duas adolescentes numa zona rural. Wilson participou hoje na sa\u00edda do tribunal, agradecendo o apoio e mantendo acesso aos jornalistas. A audi\u00eancia deve decorrer por nove dias.<\/p>\n","protected":false},"excerpt":{"rendered":"<ul>\n<li>Rebel Wilson enfrenta um processo por difama\u00e7\u00e3o no Tribunal Federal de Sydney movido por Charlotte MacInnes, que pede indemniza\u00e7\u00e3o por danos agravados e uma ordem para impedir novas alega\u00e7\u00f5es online.<\/li>\n<li>A a\u00e7\u00e3o baseia-se em publica\u00e7\u00f5es na conta de Instagram de Wilson, onde a atriz teria sugerido que MacInnes confidenciou ter sido assediada sexualmente por um produtor do filme.<\/li>\n<li>O processo cita a produtora Amanda Ghost, alegando que MacInnes foi assediada ap\u00f3s um incidente na praia de Bondi, em setembro de 2023, com a defesa de Wilson ainda n\u00e3o divulgada.<\/li>\n<li>MacInnes sustenta que Wilson n\u00e3o procurou confirma\u00e7\u00e3o junto dela e fez as acusa\u00e7\u00f5es sabendo que n\u00e3o havia queixa anterior; a defesa da atriz busca esclarecer os fatos.<\/li>\n<li>Al\u00e9m do processo australiano, houve uma a\u00e7\u00e3o separada nos Estados Unidos e em Nova Gales do Sul (Austr\u00e1lia) pelos produtores de The Deb; o filme estreou no Toronto International Film Festival em setembro de 2024 e chegou aos cinemas australianos no in\u00edcio deste m\u00eas.<\/li>\n<\/ul>\n","protected":false},"author":2,"featured_media":450995,"comment_status":"closed","ping_status":"closed","sticky":false,"template":"","format":"standard","meta":{"footnotes":""},"categories":[6815,1],"tags":[1602,2442,2372,3667,88,6208],"class_list":["post-450991","post","type-post","status-publish","format-standard","has-post-thumbnail","hentry","category-justica","category-noticias","tag-australia","tag-difamacao","tag-indenizacao","tag-processos","tag-redes-sociais","tag-tribunais"],"yoast_head":"<!-- This site is optimized with the Yoast SEO plugin v27.2 - https:\/\/yoast.com\/product\/yoast-seo-wordpress\/ -->\n<title>Rebel Wilson processada por difama\u00e7\u00e3o na Austr\u00e1lia por redes sociais - Portal Tela Portugal<\/title>\n<meta name=\"robots\" content=\"index, follow, max-snippet:-1, max-image-preview:large, max-video-preview:-1\" \/>\n<meta property=\"og:locale\" content=\"pt_PT\" \/>\n<meta property=\"og:type\" content=\"article\" \/>\n<meta property=\"og:title\" content=\"Rebel Wilson processada por difama\u00e7\u00e3o na Austr\u00e1lia por redes sociais - Portal Tela Portugal\" \/>\n<meta property=\"og:description\" content=\"Rebel Wilson enfrenta um processo por difama\u00e7\u00e3o no Tribunal Federal de Sydney movido por Charlotte MacInnes, que pede indemniza\u00e7\u00e3o por danos agravados e uma ordem para impedir novas alega\u00e7\u00f5es online. A a\u00e7\u00e3o baseia-se em publica\u00e7\u00f5es na conta de Instagram de Wilson, onde a atriz teria sugerido que MacInnes confidenciou ter sido assediada sexualmente por um produtor do filme. O processo cita a produtora Amanda Ghost, alegando que MacInnes foi assediada ap\u00f3s um incidente na praia de Bondi, em setembro de 2023, com a defesa de Wilson ainda n\u00e3o divulgada. MacInnes sustenta que Wilson n\u00e3o procurou confirma\u00e7\u00e3o junto dela e fez as acusa\u00e7\u00f5es sabendo que n\u00e3o havia queixa anterior; a defesa da atriz busca esclarecer os fatos. Al\u00e9m do processo australiano, houve uma a\u00e7\u00e3o separada nos Estados Unidos e em Nova Gales do Sul (Austr\u00e1lia) pelos produtores de The Deb; o filme estreou no Toronto International Film Festival em setembro de 2024 e chegou aos cinemas australianos no in\u00edcio deste m\u00eas.\" \/>\n<meta property=\"og:url\" content=\"https:\/\/portaltela.pt\/noticias\/2026\/04\/20\/rebel-wilson-processada-por-difamacao-na-australia-por-redes-sociais\/\" \/>\n<meta property=\"og:site_name\" content=\"Portal Tela Portugal\" \/>\n<meta property=\"article:published_time\" content=\"2026-04-20T10:18:05+00:00\" \/>\n<meta name=\"author\" content=\"Telinha\" \/>\n<meta name=\"twitter:card\" content=\"summary_large_image\" \/>\n<meta name=\"twitter:label1\" content=\"Escrito por\" \/>\n\t<meta name=\"twitter:data1\" content=\"Telinha\" \/>\n\t<meta name=\"twitter:label2\" content=\"Tempo estimado de leitura\" \/>\n\t<meta name=\"twitter:data2\" content=\"1 minuto\" \/>\n<script type=\"application\/ld+json\" class=\"yoast-schema-graph\">{\"@context\":\"https:\/\/schema.org\",\"@graph\":[{\"@type\":\"Article\",\"@id\":\"https:\/\/portaltela.pt\/noticias\/2026\/04\/20\/rebel-wilson-processada-por-difamacao-na-australia-por-redes-sociais\/#article\",\"isPartOf\":{\"@id\":\"https:\/\/portaltela.pt\/noticias\/2026\/04\/20\/rebel-wilson-processada-por-difamacao-na-australia-por-redes-sociais\/\"},\"author\":{\"name\":\"Telinha\",\"@id\":\"https:\/\/portaltela.pt\/#\/schema\/person\/c4278d4a6028830caff9ee44b42d32ed\"},\"headline\":\"Rebel Wilson processada por difama\u00e7\u00e3o na Austr\u00e1lia por redes sociais\",\"datePublished\":\"2026-04-20T10:18:05+00:00\",\"mainEntityOfPage\":{\"@id\":\"https:\/\/portaltela.pt\/noticias\/2026\/04\/20\/rebel-wilson-processada-por-difamacao-na-australia-por-redes-sociais\/\"},\"wordCount\":292,\"image\":{\"@id\":\"https:\/\/portaltela.pt\/noticias\/2026\/04\/20\/rebel-wilson-processada-por-difamacao-na-australia-por-redes-sociais\/#primaryimage\"},\"thumbnailUrl\":\"https:\/\/portaltela.pt\/s.01k8rhncp4jt1\/2026\/04\/2082618.jpg\",\"keywords\":[\"Austr\u00e1lia\",\"difama\u00e7\u00e3o\",\"indeniza\u00e7\u00e3o\",\"processos\",\"redes sociais\",\"Tribunais\"],\"articleSection\":[\"Justi\u00e7a\",\"Not\u00edcias\"],\"inLanguage\":\"pt-PT\"},{\"@type\":\"WebPage\",\"@id\":\"https:\/\/portaltela.pt\/noticias\/2026\/04\/20\/rebel-wilson-processada-por-difamacao-na-australia-por-redes-sociais\/\",\"url\":\"https:\/\/portaltela.pt\/noticias\/2026\/04\/20\/rebel-wilson-processada-por-difamacao-na-australia-por-redes-sociais\/\",\"name\":\"Rebel Wilson processada por difama\u00e7\u00e3o na Austr\u00e1lia por redes sociais - Portal Tela Portugal\",\"isPartOf\":{\"@id\":\"https:\/\/portaltela.pt\/#website\"},\"primaryImageOfPage\":{\"@id\":\"https:\/\/portaltela.pt\/noticias\/2026\/04\/20\/rebel-wilson-processada-por-difamacao-na-australia-por-redes-sociais\/#primaryimage\"},\"image\":{\"@id\":\"https:\/\/portaltela.pt\/noticias\/2026\/04\/20\/rebel-wilson-processada-por-difamacao-na-australia-por-redes-sociais\/#primaryimage\"},\"thumbnailUrl\":\"https:\/\/portaltela.pt\/s.01k8rhncp4jt1\/2026\/04\/2082618.jpg\",\"datePublished\":\"2026-04-20T10:18:05+00:00\",\"author\":{\"@id\":\"https:\/\/portaltela.pt\/#\/schema\/person\/c4278d4a6028830caff9ee44b42d32ed\"},\"breadcrumb\":{\"@id\":\"https:\/\/portaltela.pt\/noticias\/2026\/04\/20\/rebel-wilson-processada-por-difamacao-na-australia-por-redes-sociais\/#breadcrumb\"},\"inLanguage\":\"pt-PT\",\"potentialAction\":[{\"@type\":\"ReadAction\",\"target\":[\"https:\/\/portaltela.pt\/noticias\/2026\/04\/20\/rebel-wilson-processada-por-difamacao-na-australia-por-redes-sociais\/\"]}]},{\"@type\":\"ImageObject\",\"inLanguage\":\"pt-PT\",\"@id\":\"https:\/\/portaltela.pt\/noticias\/2026\/04\/20\/rebel-wilson-processada-por-difamacao-na-australia-por-redes-sociais\/#primaryimage\",\"url\":\"https:\/\/portaltela.pt\/s.01k8rhncp4jt1\/2026\/04\/2082618.jpg\",\"contentUrl\":\"https:\/\/portaltela.pt\/s.01k8rhncp4jt1\/2026\/04\/2082618.jpg\",\"width\":796,\"height\":448,\"caption\":\"Rebel Wilson esteve em tribunal no primeiro dia da audi\u00eancia nesta segunda-feira, 20 de Abril\"},{\"@type\":\"BreadcrumbList\",\"@id\":\"https:\/\/portaltela.pt\/noticias\/2026\/04\/20\/rebel-wilson-processada-por-difamacao-na-australia-por-redes-sociais\/#breadcrumb\",\"itemListElement\":[{\"@type\":\"ListItem\",\"position\":1,\"name\":\"In\u00edcio\",\"item\":\"https:\/\/portaltela.pt\/\"},{\"@type\":\"ListItem\",\"position\":2,\"name\":\"Rebel Wilson processada por difama\u00e7\u00e3o na Austr\u00e1lia por redes sociais\"}]},{\"@type\":\"WebSite\",\"@id\":\"https:\/\/portaltela.pt\/#website\",\"url\":\"https:\/\/portaltela.pt\/\",\"name\":\"Portal Tela Portugal\",\"description\":\"\",\"potentialAction\":[{\"@type\":\"SearchAction\",\"target\":{\"@type\":\"EntryPoint\",\"urlTemplate\":\"https:\/\/portaltela.pt\/?s={search_term_string}\"},\"query-input\":{\"@type\":\"PropertyValueSpecification\",\"valueRequired\":true,\"valueName\":\"search_term_string\"}}],\"inLanguage\":\"pt-PT\"},{\"@type\":\"Person\",\"@id\":\"https:\/\/portaltela.pt\/#\/schema\/person\/c4278d4a6028830caff9ee44b42d32ed\",\"name\":\"Telinha\",\"image\":{\"@type\":\"ImageObject\",\"inLanguage\":\"pt-PT\",\"@id\":\"https:\/\/portaltela.pt\/s.01k8rhncp4jt1\/2025\/11\/talking-bot-125x125.png\",\"url\":\"https:\/\/portaltela.pt\/s.01k8rhncp4jt1\/2025\/11\/talking-bot-125x125.png\",\"contentUrl\":\"https:\/\/portaltela.pt\/s.01k8rhncp4jt1\/2025\/11\/talking-bot-125x125.png\",\"caption\":\"Telinha\"},\"sameAs\":[\"https:\/\/portaltela.pt\/\"],\"url\":\"https:\/\/portaltela.pt\/por\/367410592786\/\"}]}<\/script>\n<!-- \/ Yoast SEO plugin. -->","yoast_head_json":{"title":"Rebel Wilson processada por difama\u00e7\u00e3o na Austr\u00e1lia por redes sociais - Portal Tela Portugal","robots":{"index":"index","follow":"follow","max-snippet":"max-snippet:-1","max-image-preview":"max-image-preview:large","max-video-preview":"max-video-preview:-1"},"og_locale":"pt_PT","og_type":"article","og_title":"Rebel Wilson processada por difama\u00e7\u00e3o na Austr\u00e1lia por redes sociais - Portal Tela Portugal","og_description":"Rebel Wilson enfrenta um processo por difama\u00e7\u00e3o no Tribunal Federal de Sydney movido por Charlotte MacInnes, que pede indemniza\u00e7\u00e3o por danos agravados e uma ordem para impedir novas alega\u00e7\u00f5es online. A a\u00e7\u00e3o baseia-se em publica\u00e7\u00f5es na conta de Instagram de Wilson, onde a atriz teria sugerido que MacInnes confidenciou ter sido assediada sexualmente por um produtor do filme. O processo cita a produtora Amanda Ghost, alegando que MacInnes foi assediada ap\u00f3s um incidente na praia de Bondi, em setembro de 2023, com a defesa de Wilson ainda n\u00e3o divulgada. MacInnes sustenta que Wilson n\u00e3o procurou confirma\u00e7\u00e3o junto dela e fez as acusa\u00e7\u00f5es sabendo que n\u00e3o havia queixa anterior; a defesa da atriz busca esclarecer os fatos. Al\u00e9m do processo australiano, houve uma a\u00e7\u00e3o separada nos Estados Unidos e em Nova Gales do Sul (Austr\u00e1lia) pelos produtores de The Deb; o filme estreou no Toronto International Film Festival em setembro de 2024 e chegou aos cinemas australianos no in\u00edcio deste m\u00eas.","og_url":"https:\/\/portaltela.pt\/noticias\/2026\/04\/20\/rebel-wilson-processada-por-difamacao-na-australia-por-redes-sociais\/","og_site_name":"Portal Tela Portugal","article_published_time":"2026-04-20T10:18:05+00:00","author":"Telinha","twitter_card":"summary_large_image","twitter_misc":{"Escrito por":"Telinha","Tempo estimado de leitura":"1 minuto"},"schema":{"@context":"https:\/\/schema.org","@graph":[{"@type":"Article","@id":"https:\/\/portaltela.pt\/noticias\/2026\/04\/20\/rebel-wilson-processada-por-difamacao-na-australia-por-redes-sociais\/#article","isPartOf":{"@id":"https:\/\/portaltela.pt\/noticias\/2026\/04\/20\/rebel-wilson-processada-por-difamacao-na-australia-por-redes-sociais\/"},"author":{"name":"Telinha","@id":"https:\/\/portaltela.pt\/#\/schema\/person\/c4278d4a6028830caff9ee44b42d32ed"},"headline":"Rebel Wilson processada por difama\u00e7\u00e3o na Austr\u00e1lia por redes sociais","datePublished":"2026-04-20T10:18:05+00:00","mainEntityOfPage":{"@id":"https:\/\/portaltela.pt\/noticias\/2026\/04\/20\/rebel-wilson-processada-por-difamacao-na-australia-por-redes-sociais\/"},"wordCount":292,"image":{"@id":"https:\/\/portaltela.pt\/noticias\/2026\/04\/20\/rebel-wilson-processada-por-difamacao-na-australia-por-redes-sociais\/#primaryimage"},"thumbnailUrl":"https:\/\/portaltela.pt\/s.01k8rhncp4jt1\/2026\/04\/2082618.jpg","keywords":["Austr\u00e1lia","difama\u00e7\u00e3o","indeniza\u00e7\u00e3o","processos","redes sociais","Tribunais"],"articleSection":["Justi\u00e7a","Not\u00edcias"],"inLanguage":"pt-PT"},{"@type":"WebPage","@id":"https:\/\/portaltela.pt\/noticias\/2026\/04\/20\/rebel-wilson-processada-por-difamacao-na-australia-por-redes-sociais\/","url":"https:\/\/portaltela.pt\/noticias\/2026\/04\/20\/rebel-wilson-processada-por-difamacao-na-australia-por-redes-sociais\/","name":"Rebel Wilson processada por difama\u00e7\u00e3o na Austr\u00e1lia por redes sociais - Portal Tela Portugal","isPartOf":{"@id":"https:\/\/portaltela.pt\/#website"},"primaryImageOfPage":{"@id":"https:\/\/portaltela.pt\/noticias\/2026\/04\/20\/rebel-wilson-processada-por-difamacao-na-australia-por-redes-sociais\/#primaryimage"},"image":{"@id":"https:\/\/portaltela.pt\/noticias\/2026\/04\/20\/rebel-wilson-processada-por-difamacao-na-australia-por-redes-sociais\/#primaryimage"},"thumbnailUrl":"https:\/\/portaltela.pt\/s.01k8rhncp4jt1\/2026\/04\/2082618.jpg","datePublished":"2026-04-20T10:18:05+00:00","author":{"@id":"https:\/\/portaltela.pt\/#\/schema\/person\/c4278d4a6028830caff9ee44b42d32ed"},"breadcrumb":{"@id":"https:\/\/portaltela.pt\/noticias\/2026\/04\/20\/rebel-wilson-processada-por-difamacao-na-australia-por-redes-sociais\/#breadcrumb"},"inLanguage":"pt-PT","potentialAction":[{"@type":"ReadAction","target":["https:\/\/portaltela.pt\/noticias\/2026\/04\/20\/rebel-wilson-processada-por-difamacao-na-australia-por-redes-sociais\/"]}]},{"@type":"ImageObject","inLanguage":"pt-PT","@id":"https:\/\/portaltela.pt\/noticias\/2026\/04\/20\/rebel-wilson-processada-por-difamacao-na-australia-por-redes-sociais\/#primaryimage","url":"https:\/\/portaltela.pt\/s.01k8rhncp4jt1\/2026\/04\/2082618.jpg","contentUrl":"https:\/\/portaltela.pt\/s.01k8rhncp4jt1\/2026\/04\/2082618.jpg","width":796,"height":448,"caption":"Rebel Wilson esteve em tribunal no primeiro dia da audi\u00eancia nesta segunda-feira, 20 de Abril"},{"@type":"BreadcrumbList","@id":"https:\/\/portaltela.pt\/noticias\/2026\/04\/20\/rebel-wilson-processada-por-difamacao-na-australia-por-redes-sociais\/#breadcrumb","itemListElement":[{"@type":"ListItem","position":1,"name":"In\u00edcio","item":"https:\/\/portaltela.pt\/"},{"@type":"ListItem","position":2,"name":"Rebel Wilson processada por difama\u00e7\u00e3o na Austr\u00e1lia por redes sociais"}]},{"@type":"WebSite","@id":"https:\/\/portaltela.pt\/#website","url":"https:\/\/portaltela.pt\/","name":"Portal Tela Portugal","description":"","potentialAction":[{"@type":"SearchAction","target":{"@type":"EntryPoint","urlTemplate":"https:\/\/portaltela.pt\/?s={search_term_string}"},"query-input":{"@type":"PropertyValueSpecification","valueRequired":true,"valueName":"search_term_string"}}],"inLanguage":"pt-PT"},{"@type":"Person","@id":"https:\/\/portaltela.pt\/#\/schema\/person\/c4278d4a6028830caff9ee44b42d32ed","name":"Telinha","image":{"@type":"ImageObject","inLanguage":"pt-PT","@id":"https:\/\/portaltela.pt\/s.01k8rhncp4jt1\/2025\/11\/talking-bot-125x125.png","url":"https:\/\/portaltela.pt\/s.01k8rhncp4jt1\/2025\/11\/talking-bot-125x125.png","contentUrl":"https:\/\/portaltela.pt\/s.01k8rhncp4jt1\/2025\/11\/talking-bot-125x125.png","caption":"Telinha"},"sameAs":["https:\/\/portaltela.pt\/"],"url":"https:\/\/portaltela.pt\/por\/367410592786\/"}]}},"_links":{"self":[{"href":"https:\/\/portaltela.pt\/api\/wp\/v2\/posts\/450991","targetHints":{"allow":["GET"]}}],"collection":[{"href":"https:\/\/portaltela.pt\/api\/wp\/v2\/posts"}],"about":[{"href":"https:\/\/portaltela.pt\/api\/wp\/v2\/types\/post"}],"author":[{"embeddable":true,"href":"https:\/\/portaltela.pt\/api\/wp\/v2\/users\/2"}],"replies":[{"embeddable":true,"href":"https:\/\/portaltela.pt\/api\/wp\/v2\/comments?post=450991"}],"version-history":[{"count":0,"href":"https:\/\/portaltela.pt\/api\/wp\/v2\/posts\/450991\/revisions"}],"wp:featuredmedia":[{"embeddable":true,"href":"https:\/\/portaltela.pt\/api\/wp\/v2\/media\/450995"}],"wp:attachment":[{"href":"https:\/\/portaltela.pt\/api\/wp\/v2\/media?parent=450991"}],"wp:term":[{"taxonomy":"category","embeddable":true,"href":"https:\/\/portaltela.pt\/api\/wp\/v2\/categories?post=450991"},{"taxonomy":"post_tag","embeddable":true,"href":"https:\/\/portaltela.pt\/api\/wp\/v2\/tags?post=450991"}],"curies":[{"name":"wp","href":"https:\/\/api.w.org\/{rel}","templated":true}]}}