{"id":450892,"date":"2026-04-20T05:42:00","date_gmt":"2026-04-20T08:42:00","guid":{"rendered":"https:\/\/portaltela.pt\/noticias\/2026\/04\/20\/incendio-vitimou-168-pessoas-em-novembro-sobreviventes-retornam-as-casas\/"},"modified":"2026-04-20T05:42:00","modified_gmt":"2026-04-20T08:42:00","slug":"incendio-vitimou-168-pessoas-em-novembro-sobreviventes-retornam-as-casas","status":"publish","type":"post","link":"https:\/\/portaltela.pt\/acidentes\/2026\/04\/20\/incendio-vitimou-168-pessoas-em-novembro-sobreviventes-retornam-as-casas\/","title":{"rendered":"Inc\u00eandio vitimou 168 pessoas em novembro; sobreviventes retornam \u00e0s casas"},"content":{"rendered":"<p>Milhares de residentes de Hong Kong que perderam as suas casas num inc\u00eandio de novembro regressam, a partir de hoje, ao local para recuperar pertences. O complexo Wang Fuk Court, no distrito de Tai Po, viu sete dos oito edif\u00edcios afetados, levando \u00e0 evacua\u00e7\u00e3o de milhares de pessoas.<\/p>\n<p>O fogo causou 168 mortes e levou \u00e0 avalia\u00e7\u00e3o de cerca de 1700 apartamentos. As autoridades permitem a entrada de cerca de 6000 moradores em per\u00edodos de at\u00e9 tr\u00eas horas, com o processo a prolongar-se at\u00e9 ao in\u00edcio de maio.<\/p>\n<p>Imagens oficiais mostram estruturas danificadas, tetos colapsados e interiores cobertos de destro\u00e7os. Mais de 920 apartamentos foram afetados, com algumas habita\u00e7\u00f5es totalmente destru\u00eddas e zonas classificadas como perigosas.<\/p>\n<h3>Regresso dos residentes<\/h3>\n<p>Entre os habitantes, os sentimentos s\u00e3o ambivalentes. Alguns reconhecem a necessidade de aceitarem a recompra de propriedades proposta pelo Governo, mas muitos preferiam manter as suas casas. A ideia de abandonar o complexo \u00e9 reconhecida como for\u00e7ada por parte de alguns moradores.<\/p>\n<p>Uma residente de longo prazo, que viveu 30 anos no local, deseja recuperar sobretudo \u00e1lbuns de fotografias antigas, uma vez que muitos bens da fam\u00edlia ficaram para tr\u00e1s. A aposentada encontra-se em alojamento tempor\u00e1rio, com incerteza sobre o futuro.<\/p>\n<p>Outros moradores manifestaram preocupa\u00e7\u00e3o emocional, especialmente quem vive h\u00e1 d\u00e9cadas no primeiro andar. A deteriora\u00e7\u00e3o estrutural vis\u00edvel em visitas anteriores levanta d\u00favidas sobre a seguran\u00e7a de restabelecer a vida normal no local.<\/p>\n<h3>Continua\u00e7\u00e3o da investiga\u00e7\u00e3o e apoio<\/h3>\n<p>Despesas e realojamento continuam a ser geridos pelas autoridades, que estudam vias para apoiar a transi\u00e7\u00e3o dos residentes. A reavalia\u00e7\u00e3o do complexo, incluindo quest\u00f5es de seguro e indemniza\u00e7\u00f5es, est\u00e1 em curso.<\/p>\n<p>Segundo fontes jur\u00eddicas citadas pela imprensa internacional, houve falhas generalizadas de sistemas de seguran\u00e7a contra inc\u00eandios no dia da trag\u00e9dia, atribu\u00eddas a erros humanos. O inqu\u00e9rito permanece em curso para esclarecer responsabilidades.<\/p>\n<p>Entretanto, milhares de moradores permanecem dispersos pela cidade, aguardando decis\u00f5es sobre o futuro do local e como reorganizar as suas vidas ap\u00f3s a perda.<\/p>\n","protected":false},"excerpt":{"rendered":"<ul>\n<li>Milhares de habitantes do Wang Fuk Court, em Hong Kong, regressam a partir de segunda-feira ao complexo para recuperar pertences, ap\u00f3s o inc\u00eandio de novembro que causou 168 mortos e afetou sete dos oito edif\u00edcios.<\/li>\n<li>Cerca de seis mil residentes v\u00e3o poder entrar nas habita\u00e7\u00f5es em per\u00edodos de at\u00e9 tr\u00eas horas, num processo que se prolonga at\u00e9 ao in\u00edcio de maio, enquanto se avaliam aproximadamente 1.700 apartamentos.<\/li>\n<li>Imagens mostram tetos e paredes colapsados, interiores cobertos de destro\u00e7os e danos em mais de 920 apartamentos. As zonas mais afetadas foram classificadas como \u00e1reas perigosas, com refor\u00e7os estruturais em edif\u00edcios fragilizados.<\/li>\n<li>O Governo prop\u00f4s a recompra dos direitos de propriedade a pre\u00e7os pr\u00f3ximos do valor de mercado anterior ao inc\u00eandio, mas alguns residentes contestam a medida, defendendo que parte dos edif\u00edcios pode ser recuperada.<\/li>\n<li>A investiga\u00e7\u00e3o aponta falhas nos sistemas de seguran\u00e7a contra inc\u00eandios devido a erro humano; entre os residentes idosos, muitos v\u00e3o subir at\u00e9 aos 31 andares devido \u00e0 inoperacionalidade dos elevadores.<\/li>\n<\/ul>\n","protected":false},"author":2,"featured_media":450893,"comment_status":"closed","ping_status":"closed","sticky":false,"template":"","format":"standard","meta":{"footnotes":""},"categories":[6849],"tags":[8049,8323,7791,8260,9110,7878],"class_list":["post-450892","post","type-post","status-publish","format-standard","has-post-thumbnail","hentry","category-acidentes","tag-_desabrigados","tag-_evacuacoes","tag-_habitacao","tag-_incendio","tag-_realojamento","tag-_seguranca-publica"],"yoast_head":"<!-- This site is optimized with the Yoast SEO plugin v27.2 - https:\/\/yoast.com\/product\/yoast-seo-wordpress\/ -->\n<title>Inc\u00eandio vitimou 168 pessoas em novembro; sobreviventes retornam \u00e0s casas - Portal Tela Portugal<\/title>\n<meta name=\"robots\" content=\"index, follow, max-snippet:-1, max-image-preview:large, max-video-preview:-1\" \/>\n<meta property=\"og:locale\" content=\"pt_PT\" \/>\n<meta property=\"og:type\" content=\"article\" \/>\n<meta property=\"og:title\" content=\"Inc\u00eandio vitimou 168 pessoas em novembro; sobreviventes retornam \u00e0s casas - Portal Tela Portugal\" \/>\n<meta property=\"og:description\" content=\"Milhares de habitantes do Wang Fuk Court, em Hong Kong, regressam a partir de segunda-feira ao complexo para recuperar pertences, ap\u00f3s o inc\u00eandio de novembro que causou 168 mortos e afetou sete dos oito edif\u00edcios. Cerca de seis mil residentes v\u00e3o poder entrar nas habita\u00e7\u00f5es em per\u00edodos de at\u00e9 tr\u00eas horas, num processo que se prolonga at\u00e9 ao in\u00edcio de maio, enquanto se avaliam aproximadamente 1.700 apartamentos. Imagens mostram tetos e paredes colapsados, interiores cobertos de destro\u00e7os e danos em mais de 920 apartamentos. As zonas mais afetadas foram classificadas como \u00e1reas perigosas, com refor\u00e7os estruturais em edif\u00edcios fragilizados. O Governo prop\u00f4s a recompra dos direitos de propriedade a pre\u00e7os pr\u00f3ximos do valor de mercado anterior ao inc\u00eandio, mas alguns residentes contestam a medida, defendendo que parte dos edif\u00edcios pode ser recuperada. A investiga\u00e7\u00e3o aponta falhas nos sistemas de seguran\u00e7a contra inc\u00eandios devido a erro humano; entre os residentes idosos, muitos v\u00e3o subir at\u00e9 aos 31 andares devido \u00e0 inoperacionalidade dos elevadores.\" \/>\n<meta property=\"og:url\" content=\"https:\/\/portaltela.pt\/noticias\/2026\/04\/20\/incendio-vitimou-168-pessoas-em-novembro-sobreviventes-retornam-as-casas\/\" \/>\n<meta property=\"og:site_name\" content=\"Portal Tela Portugal\" \/>\n<meta property=\"article:published_time\" content=\"2026-04-20T08:42:00+00:00\" \/>\n<meta name=\"author\" content=\"Telinha\" \/>\n<meta name=\"twitter:card\" content=\"summary_large_image\" \/>\n<meta name=\"twitter:label1\" content=\"Escrito por\" \/>\n\t<meta name=\"twitter:data1\" content=\"Telinha\" \/>\n\t<meta name=\"twitter:label2\" content=\"Tempo estimado de leitura\" \/>\n\t<meta name=\"twitter:data2\" content=\"2 minutos\" \/>\n<script type=\"application\/ld+json\" class=\"yoast-schema-graph\">{\"@context\":\"https:\/\/schema.org\",\"@graph\":[{\"@type\":\"Article\",\"@id\":\"https:\/\/portaltela.pt\/noticias\/2026\/04\/20\/incendio-vitimou-168-pessoas-em-novembro-sobreviventes-retornam-as-casas\/#article\",\"isPartOf\":{\"@id\":\"https:\/\/portaltela.pt\/noticias\/2026\/04\/20\/incendio-vitimou-168-pessoas-em-novembro-sobreviventes-retornam-as-casas\/\"},\"author\":{\"name\":\"Telinha\",\"@id\":\"https:\/\/portaltela.pt\/#\/schema\/person\/c4278d4a6028830caff9ee44b42d32ed\"},\"headline\":\"Inc\u00eandio vitimou 168 pessoas em novembro; sobreviventes retornam \u00e0s casas\",\"datePublished\":\"2026-04-20T08:42:00+00:00\",\"mainEntityOfPage\":{\"@id\":\"https:\/\/portaltela.pt\/noticias\/2026\/04\/20\/incendio-vitimou-168-pessoas-em-novembro-sobreviventes-retornam-as-casas\/\"},\"wordCount\":361,\"image\":{\"@id\":\"https:\/\/portaltela.pt\/noticias\/2026\/04\/20\/incendio-vitimou-168-pessoas-em-novembro-sobreviventes-retornam-as-casas\/#primaryimage\"},\"thumbnailUrl\":\"https:\/\/portaltela.pt\/s.01k8rhncp4jt1\/2026\/04\/d1e99543-f531-4291-81a9-1ec8910b1b15_1200x675.jpg\",\"keywords\":[\"_desabrigados\",\"_evacua\u00e7\u00f5es\",\"_habita\u00e7\u00e3o\",\"_inc\u00eandio\",\"_realojamento\",\"_seguran\u00e7a p\u00fablica\"],\"articleSection\":[\"Acidentes\"],\"inLanguage\":\"pt-PT\"},{\"@type\":\"WebPage\",\"@id\":\"https:\/\/portaltela.pt\/noticias\/2026\/04\/20\/incendio-vitimou-168-pessoas-em-novembro-sobreviventes-retornam-as-casas\/\",\"url\":\"https:\/\/portaltela.pt\/noticias\/2026\/04\/20\/incendio-vitimou-168-pessoas-em-novembro-sobreviventes-retornam-as-casas\/\",\"name\":\"Inc\u00eandio vitimou 168 pessoas em novembro; sobreviventes retornam \u00e0s casas - Portal Tela Portugal\",\"isPartOf\":{\"@id\":\"https:\/\/portaltela.pt\/#website\"},\"primaryImageOfPage\":{\"@id\":\"https:\/\/portaltela.pt\/noticias\/2026\/04\/20\/incendio-vitimou-168-pessoas-em-novembro-sobreviventes-retornam-as-casas\/#primaryimage\"},\"image\":{\"@id\":\"https:\/\/portaltela.pt\/noticias\/2026\/04\/20\/incendio-vitimou-168-pessoas-em-novembro-sobreviventes-retornam-as-casas\/#primaryimage\"},\"thumbnailUrl\":\"https:\/\/portaltela.pt\/s.01k8rhncp4jt1\/2026\/04\/d1e99543-f531-4291-81a9-1ec8910b1b15_1200x675.jpg\",\"datePublished\":\"2026-04-20T08:42:00+00:00\",\"author\":{\"@id\":\"https:\/\/portaltela.pt\/#\/schema\/person\/c4278d4a6028830caff9ee44b42d32ed\"},\"breadcrumb\":{\"@id\":\"https:\/\/portaltela.pt\/noticias\/2026\/04\/20\/incendio-vitimou-168-pessoas-em-novembro-sobreviventes-retornam-as-casas\/#breadcrumb\"},\"inLanguage\":\"pt-PT\",\"potentialAction\":[{\"@type\":\"ReadAction\",\"target\":[\"https:\/\/portaltela.pt\/noticias\/2026\/04\/20\/incendio-vitimou-168-pessoas-em-novembro-sobreviventes-retornam-as-casas\/\"]}]},{\"@type\":\"ImageObject\",\"inLanguage\":\"pt-PT\",\"@id\":\"https:\/\/portaltela.pt\/noticias\/2026\/04\/20\/incendio-vitimou-168-pessoas-em-novembro-sobreviventes-retornam-as-casas\/#primaryimage\",\"url\":\"https:\/\/portaltela.pt\/s.01k8rhncp4jt1\/2026\/04\/d1e99543-f531-4291-81a9-1ec8910b1b15_1200x675.jpg\",\"contentUrl\":\"https:\/\/portaltela.pt\/s.01k8rhncp4jt1\/2026\/04\/d1e99543-f531-4291-81a9-1ec8910b1b15_1200x675.jpg\",\"width\":796,\"height\":448,\"caption\":\"Photo\"},{\"@type\":\"BreadcrumbList\",\"@id\":\"https:\/\/portaltela.pt\/noticias\/2026\/04\/20\/incendio-vitimou-168-pessoas-em-novembro-sobreviventes-retornam-as-casas\/#breadcrumb\",\"itemListElement\":[{\"@type\":\"ListItem\",\"position\":1,\"name\":\"In\u00edcio\",\"item\":\"https:\/\/portaltela.pt\/\"},{\"@type\":\"ListItem\",\"position\":2,\"name\":\"Inc\u00eandio vitimou 168 pessoas em novembro; sobreviventes retornam \u00e0s casas\"}]},{\"@type\":\"WebSite\",\"@id\":\"https:\/\/portaltela.pt\/#website\",\"url\":\"https:\/\/portaltela.pt\/\",\"name\":\"Portal Tela Portugal\",\"description\":\"\",\"potentialAction\":[{\"@type\":\"SearchAction\",\"target\":{\"@type\":\"EntryPoint\",\"urlTemplate\":\"https:\/\/portaltela.pt\/?s={search_term_string}\"},\"query-input\":{\"@type\":\"PropertyValueSpecification\",\"valueRequired\":true,\"valueName\":\"search_term_string\"}}],\"inLanguage\":\"pt-PT\"},{\"@type\":\"Person\",\"@id\":\"https:\/\/portaltela.pt\/#\/schema\/person\/c4278d4a6028830caff9ee44b42d32ed\",\"name\":\"Telinha\",\"image\":{\"@type\":\"ImageObject\",\"inLanguage\":\"pt-PT\",\"@id\":\"https:\/\/portaltela.pt\/s.01k8rhncp4jt1\/2025\/11\/talking-bot-125x125.png\",\"url\":\"https:\/\/portaltela.pt\/s.01k8rhncp4jt1\/2025\/11\/talking-bot-125x125.png\",\"contentUrl\":\"https:\/\/portaltela.pt\/s.01k8rhncp4jt1\/2025\/11\/talking-bot-125x125.png\",\"caption\":\"Telinha\"},\"sameAs\":[\"https:\/\/portaltela.pt\/\"],\"url\":\"https:\/\/portaltela.pt\/por\/367410592786\/\"}]}<\/script>\n<!-- \/ Yoast SEO plugin. -->","yoast_head_json":{"title":"Inc\u00eandio vitimou 168 pessoas em novembro; sobreviventes retornam \u00e0s casas - Portal Tela Portugal","robots":{"index":"index","follow":"follow","max-snippet":"max-snippet:-1","max-image-preview":"max-image-preview:large","max-video-preview":"max-video-preview:-1"},"og_locale":"pt_PT","og_type":"article","og_title":"Inc\u00eandio vitimou 168 pessoas em novembro; sobreviventes retornam \u00e0s casas - Portal Tela Portugal","og_description":"Milhares de habitantes do Wang Fuk Court, em Hong Kong, regressam a partir de segunda-feira ao complexo para recuperar pertences, ap\u00f3s o inc\u00eandio de novembro que causou 168 mortos e afetou sete dos oito edif\u00edcios. Cerca de seis mil residentes v\u00e3o poder entrar nas habita\u00e7\u00f5es em per\u00edodos de at\u00e9 tr\u00eas horas, num processo que se prolonga at\u00e9 ao in\u00edcio de maio, enquanto se avaliam aproximadamente 1.700 apartamentos. Imagens mostram tetos e paredes colapsados, interiores cobertos de destro\u00e7os e danos em mais de 920 apartamentos. As zonas mais afetadas foram classificadas como \u00e1reas perigosas, com refor\u00e7os estruturais em edif\u00edcios fragilizados. O Governo prop\u00f4s a recompra dos direitos de propriedade a pre\u00e7os pr\u00f3ximos do valor de mercado anterior ao inc\u00eandio, mas alguns residentes contestam a medida, defendendo que parte dos edif\u00edcios pode ser recuperada. A investiga\u00e7\u00e3o aponta falhas nos sistemas de seguran\u00e7a contra inc\u00eandios devido a erro humano; entre os residentes idosos, muitos v\u00e3o subir at\u00e9 aos 31 andares devido \u00e0 inoperacionalidade dos elevadores.","og_url":"https:\/\/portaltela.pt\/noticias\/2026\/04\/20\/incendio-vitimou-168-pessoas-em-novembro-sobreviventes-retornam-as-casas\/","og_site_name":"Portal Tela Portugal","article_published_time":"2026-04-20T08:42:00+00:00","author":"Telinha","twitter_card":"summary_large_image","twitter_misc":{"Escrito por":"Telinha","Tempo estimado de leitura":"2 minutos"},"schema":{"@context":"https:\/\/schema.org","@graph":[{"@type":"Article","@id":"https:\/\/portaltela.pt\/noticias\/2026\/04\/20\/incendio-vitimou-168-pessoas-em-novembro-sobreviventes-retornam-as-casas\/#article","isPartOf":{"@id":"https:\/\/portaltela.pt\/noticias\/2026\/04\/20\/incendio-vitimou-168-pessoas-em-novembro-sobreviventes-retornam-as-casas\/"},"author":{"name":"Telinha","@id":"https:\/\/portaltela.pt\/#\/schema\/person\/c4278d4a6028830caff9ee44b42d32ed"},"headline":"Inc\u00eandio vitimou 168 pessoas em novembro; sobreviventes retornam \u00e0s casas","datePublished":"2026-04-20T08:42:00+00:00","mainEntityOfPage":{"@id":"https:\/\/portaltela.pt\/noticias\/2026\/04\/20\/incendio-vitimou-168-pessoas-em-novembro-sobreviventes-retornam-as-casas\/"},"wordCount":361,"image":{"@id":"https:\/\/portaltela.pt\/noticias\/2026\/04\/20\/incendio-vitimou-168-pessoas-em-novembro-sobreviventes-retornam-as-casas\/#primaryimage"},"thumbnailUrl":"https:\/\/portaltela.pt\/s.01k8rhncp4jt1\/2026\/04\/d1e99543-f531-4291-81a9-1ec8910b1b15_1200x675.jpg","keywords":["_desabrigados","_evacua\u00e7\u00f5es","_habita\u00e7\u00e3o","_inc\u00eandio","_realojamento","_seguran\u00e7a p\u00fablica"],"articleSection":["Acidentes"],"inLanguage":"pt-PT"},{"@type":"WebPage","@id":"https:\/\/portaltela.pt\/noticias\/2026\/04\/20\/incendio-vitimou-168-pessoas-em-novembro-sobreviventes-retornam-as-casas\/","url":"https:\/\/portaltela.pt\/noticias\/2026\/04\/20\/incendio-vitimou-168-pessoas-em-novembro-sobreviventes-retornam-as-casas\/","name":"Inc\u00eandio vitimou 168 pessoas em novembro; sobreviventes retornam \u00e0s casas - Portal Tela Portugal","isPartOf":{"@id":"https:\/\/portaltela.pt\/#website"},"primaryImageOfPage":{"@id":"https:\/\/portaltela.pt\/noticias\/2026\/04\/20\/incendio-vitimou-168-pessoas-em-novembro-sobreviventes-retornam-as-casas\/#primaryimage"},"image":{"@id":"https:\/\/portaltela.pt\/noticias\/2026\/04\/20\/incendio-vitimou-168-pessoas-em-novembro-sobreviventes-retornam-as-casas\/#primaryimage"},"thumbnailUrl":"https:\/\/portaltela.pt\/s.01k8rhncp4jt1\/2026\/04\/d1e99543-f531-4291-81a9-1ec8910b1b15_1200x675.jpg","datePublished":"2026-04-20T08:42:00+00:00","author":{"@id":"https:\/\/portaltela.pt\/#\/schema\/person\/c4278d4a6028830caff9ee44b42d32ed"},"breadcrumb":{"@id":"https:\/\/portaltela.pt\/noticias\/2026\/04\/20\/incendio-vitimou-168-pessoas-em-novembro-sobreviventes-retornam-as-casas\/#breadcrumb"},"inLanguage":"pt-PT","potentialAction":[{"@type":"ReadAction","target":["https:\/\/portaltela.pt\/noticias\/2026\/04\/20\/incendio-vitimou-168-pessoas-em-novembro-sobreviventes-retornam-as-casas\/"]}]},{"@type":"ImageObject","inLanguage":"pt-PT","@id":"https:\/\/portaltela.pt\/noticias\/2026\/04\/20\/incendio-vitimou-168-pessoas-em-novembro-sobreviventes-retornam-as-casas\/#primaryimage","url":"https:\/\/portaltela.pt\/s.01k8rhncp4jt1\/2026\/04\/d1e99543-f531-4291-81a9-1ec8910b1b15_1200x675.jpg","contentUrl":"https:\/\/portaltela.pt\/s.01k8rhncp4jt1\/2026\/04\/d1e99543-f531-4291-81a9-1ec8910b1b15_1200x675.jpg","width":796,"height":448,"caption":"Photo"},{"@type":"BreadcrumbList","@id":"https:\/\/portaltela.pt\/noticias\/2026\/04\/20\/incendio-vitimou-168-pessoas-em-novembro-sobreviventes-retornam-as-casas\/#breadcrumb","itemListElement":[{"@type":"ListItem","position":1,"name":"In\u00edcio","item":"https:\/\/portaltela.pt\/"},{"@type":"ListItem","position":2,"name":"Inc\u00eandio vitimou 168 pessoas em novembro; sobreviventes retornam \u00e0s casas"}]},{"@type":"WebSite","@id":"https:\/\/portaltela.pt\/#website","url":"https:\/\/portaltela.pt\/","name":"Portal Tela Portugal","description":"","potentialAction":[{"@type":"SearchAction","target":{"@type":"EntryPoint","urlTemplate":"https:\/\/portaltela.pt\/?s={search_term_string}"},"query-input":{"@type":"PropertyValueSpecification","valueRequired":true,"valueName":"search_term_string"}}],"inLanguage":"pt-PT"},{"@type":"Person","@id":"https:\/\/portaltela.pt\/#\/schema\/person\/c4278d4a6028830caff9ee44b42d32ed","name":"Telinha","image":{"@type":"ImageObject","inLanguage":"pt-PT","@id":"https:\/\/portaltela.pt\/s.01k8rhncp4jt1\/2025\/11\/talking-bot-125x125.png","url":"https:\/\/portaltela.pt\/s.01k8rhncp4jt1\/2025\/11\/talking-bot-125x125.png","contentUrl":"https:\/\/portaltela.pt\/s.01k8rhncp4jt1\/2025\/11\/talking-bot-125x125.png","caption":"Telinha"},"sameAs":["https:\/\/portaltela.pt\/"],"url":"https:\/\/portaltela.pt\/por\/367410592786\/"}]}},"_links":{"self":[{"href":"https:\/\/portaltela.pt\/api\/wp\/v2\/posts\/450892","targetHints":{"allow":["GET"]}}],"collection":[{"href":"https:\/\/portaltela.pt\/api\/wp\/v2\/posts"}],"about":[{"href":"https:\/\/portaltela.pt\/api\/wp\/v2\/types\/post"}],"author":[{"embeddable":true,"href":"https:\/\/portaltela.pt\/api\/wp\/v2\/users\/2"}],"replies":[{"embeddable":true,"href":"https:\/\/portaltela.pt\/api\/wp\/v2\/comments?post=450892"}],"version-history":[{"count":0,"href":"https:\/\/portaltela.pt\/api\/wp\/v2\/posts\/450892\/revisions"}],"wp:featuredmedia":[{"embeddable":true,"href":"https:\/\/portaltela.pt\/api\/wp\/v2\/media\/450893"}],"wp:attachment":[{"href":"https:\/\/portaltela.pt\/api\/wp\/v2\/media?parent=450892"}],"wp:term":[{"taxonomy":"category","embeddable":true,"href":"https:\/\/portaltela.pt\/api\/wp\/v2\/categories?post=450892"},{"taxonomy":"post_tag","embeddable":true,"href":"https:\/\/portaltela.pt\/api\/wp\/v2\/tags?post=450892"}],"curies":[{"name":"wp","href":"https:\/\/api.w.org\/{rel}","templated":true}]}}