{"id":450880,"date":"2026-04-20T05:32:55","date_gmt":"2026-04-20T08:32:55","guid":{"rendered":"https:\/\/portaltela.pt\/noticias\/2026\/04\/20\/detetive-magritte-investiga-caso-que-nao-envolve-assassinato-misterioso\/"},"modified":"2026-04-20T05:32:55","modified_gmt":"2026-04-20T08:32:55","slug":"detetive-magritte-investiga-caso-que-nao-envolve-assassinato-misterioso","status":"publish","type":"post","link":"https:\/\/portaltela.pt\/series-e-filmes\/2026\/04\/20\/detetive-magritte-investiga-caso-que-nao-envolve-assassinato-misterioso\/","title":{"rendered":"Detetive Magritte investiga caso que n\u00e3o envolve assassinato misterioso"},"content":{"rendered":"<p>Isto N\u00e3o \u00e9 um Misterioso Assassinato chega \u00e0 Filmin, apresentando uma miniss\u00e9rie belga centrada num suposto assass\u00ednio numa herdade brit\u00e2nica dos anos 1930. Em 1936, em West Dean, West Sussex, Lord James re\u00fane artistas promissores do surrealismo para uma exposi\u00e7\u00e3o. Enquanto o anfitri\u00e3o n\u00e3o chega, entram em cena Magritte, Dal\u00ed, Ernst, Legge, Man Ray, Lee Miller, Gala, entre outros. Um cad\u00e1ver desperta-se numa manh\u00e3, e ningu\u00e9m sabe quem cometeu o crime.<\/p>\n<p>A narrativa acompanha Ren\u00e9 Magritte, interpretado por Pierre Gervais, que acorda ao lado de um corpo sem mem\u00f3ria do que se passou. Conduzem a investiga\u00e7\u00e3o dois DET Scotland Yard: um detective veterano e uma investigadora novata. Todos os envolvidos passam a suspeitos, enquanto Magritte tenta resolver o caso com uma abordagem art\u00edstica que marca a atmosfera da hist\u00f3ria.<\/p>\n<h3>Enredo, realiza\u00e7\u00e3o e elenco<\/h3>\n<p>A miniss\u00e9rie, criada por Christophe Dirickx e Paul Baeten, tem seis epis\u00f3dios falados principalmente em ingl\u00eas. Trata-se de uma produ\u00e7\u00e3o original da VRT. A primeira metade chega \u00e0 Filmin, com tr\u00eas epis\u00f3dios, e os restantes tr\u00eas devem estrear na semana seguinte. O t\u00edtulo remete \u00e0 obra de Magritte, a Trai\u00e7\u00e3o das Imagens, onde uma imagem \u00e9 acompanhada por uma legenda que a desmente.<\/p>\n<h3>Estilo e rece\u00e7\u00e3o<\/h3>\n<p>O formato \u00e9 um whodunit cl\u00e1ssico, \u00e0 la Agatha Christie, com toques l\u00fadicos que prometem ritmo e suspense. Em alguns momentos, a narrativa arrisca explica\u00e7\u00f5es que podem parecer for\u00e7adas, associando caracter\u00edsticas ic\u00f3nicas das figuras hist\u00f3ricas a desfechos ainda por acontecer. No in\u00edcio de cada epis\u00f3dio surge uma advert\u00eancia de que tudo \u00e9 inspirado em pessoas reais, o que n\u00e3o \u00e9 suficiente para enganar o p\u00fablico, segundo a cr\u00edtica.<\/p>\n<h3>Contexto hist\u00f3rico e produ\u00e7\u00e3o<\/h3>\n<p>A premissa coloca as figuras-chave da arte surrealista num cen\u00e1rio rural brit\u00e2nico, explorando rela\u00e7\u00f5es pessoais e criadas da casa. Embora a trama se baseie na biografia dos artistas, os acontecimentos ficcionam mortes e acontecimentos fora do que ocorreu na realidade. A s\u00e9rie pretende explorar, de forma ficcional, o universo criativo da \u00e9poca sem recorrer a simplifica\u00e7\u00f5es, mantendo o foco na investiga\u00e7\u00e3o.<\/p>\n","protected":false},"excerpt":{"rendered":"<ul>\n<li>Em 1936, na herdade West Dean, em West Sussex, Lord James recebe artistas surrealistas para uma exposi\u00e7\u00e3o futura.<\/li>\n<li>O casal Ren\u00e9 Magritte (Pierre Gervais) e Georgette, Salvador Dal\u00ed (I\u00f1aki Mur) com Gala, Man Ray (Frank Bourke) com Lee Miller, Max Ernst (Mike Hoffmann) e Sheila Legge (Aibhinn McGinnity) participam no elenco da miniss\u00e9rie belga.<\/li>\n<li>Um dia, Magritte acorda ao lado de um cad\u00e1ver e n\u00e3o se lembra de nada; a pol\u00edcia \u00e9 chamada e dois detectives da Scotland Yard investigam, com Magritte a envolver-se na investiga\u00e7\u00e3o.<\/li>\n<li>Isto N\u00e3o \u00e9 um Misterioso Assassinato \u00e9 uma miniss\u00e9rie de seis epis\u00f3dios, criada por Christophe Dirickx e Paul Baeten, falada principalmente em ingl\u00eas, e \u00e9 original da emissora VRT.<\/li>\n<li>A primeira metade (tr\u00eas epis\u00f3dios) chega \u00e0 Filmin na segunda-feira; os tr\u00eas epis\u00f3dios finais estreiam na semana seguinte. O t\u00edtulo faz alus\u00e3o \u00e0 obra de Magritte, A Trai\u00e7\u00e3o das Imagens.<\/li>\n<\/ul>\n","protected":false},"author":2,"featured_media":450886,"comment_status":"closed","ping_status":"closed","sticky":false,"template":"","format":"standard","meta":{"footnotes":""},"categories":[12,7368],"tags":[8831,70,145,4591,2449,3064],"class_list":["post-450880","post","type-post","status-publish","format-standard","has-post-thumbnail","hentry","category-entretenimento","category-series-e-filmes","tag-_belgica","tag-arte","tag-cultura","tag-inglaterra","tag-serie","tag-surrealismo"],"yoast_head":"<!-- This site is optimized with the Yoast SEO plugin v27.2 - https:\/\/yoast.com\/product\/yoast-seo-wordpress\/ -->\n<title>Detetive Magritte investiga caso que n\u00e3o envolve assassinato misterioso - Portal Tela Portugal<\/title>\n<meta name=\"robots\" content=\"index, follow, max-snippet:-1, max-image-preview:large, max-video-preview:-1\" \/>\n<meta property=\"og:locale\" content=\"pt_PT\" \/>\n<meta property=\"og:type\" content=\"article\" \/>\n<meta property=\"og:title\" content=\"Detetive Magritte investiga caso que n\u00e3o envolve assassinato misterioso - Portal Tela Portugal\" \/>\n<meta property=\"og:description\" content=\"Em 1936, na herdade West Dean, em West Sussex, Lord James recebe artistas surrealistas para uma exposi\u00e7\u00e3o futura. O casal Ren\u00e9 Magritte (Pierre Gervais) e Georgette, Salvador Dal\u00ed (I\u00f1aki Mur) com Gala, Man Ray (Frank Bourke) com Lee Miller, Max Ernst (Mike Hoffmann) e Sheila Legge (Aibhinn McGinnity) participam no elenco da miniss\u00e9rie belga. Um dia, Magritte acorda ao lado de um cad\u00e1ver e n\u00e3o se lembra de nada; a pol\u00edcia \u00e9 chamada e dois detectives da Scotland Yard investigam, com Magritte a envolver-se na investiga\u00e7\u00e3o. Isto N\u00e3o \u00e9 um Misterioso Assassinato \u00e9 uma miniss\u00e9rie de seis epis\u00f3dios, criada por Christophe Dirickx e Paul Baeten, falada principalmente em ingl\u00eas, e \u00e9 original da emissora VRT. A primeira metade (tr\u00eas epis\u00f3dios) chega \u00e0 Filmin na segunda-feira; os tr\u00eas epis\u00f3dios finais estreiam na semana seguinte. O t\u00edtulo faz alus\u00e3o \u00e0 obra de Magritte, A Trai\u00e7\u00e3o das Imagens.\" \/>\n<meta property=\"og:url\" content=\"https:\/\/portaltela.pt\/noticias\/2026\/04\/20\/detetive-magritte-investiga-caso-que-nao-envolve-assassinato-misterioso\/\" \/>\n<meta property=\"og:site_name\" content=\"Portal Tela Portugal\" \/>\n<meta property=\"article:published_time\" content=\"2026-04-20T08:32:55+00:00\" \/>\n<meta name=\"author\" content=\"Telinha\" \/>\n<meta name=\"twitter:card\" content=\"summary_large_image\" \/>\n<meta name=\"twitter:label1\" content=\"Escrito por\" \/>\n\t<meta name=\"twitter:data1\" content=\"Telinha\" \/>\n\t<meta name=\"twitter:label2\" content=\"Tempo estimado de leitura\" \/>\n\t<meta name=\"twitter:data2\" content=\"2 minutos\" \/>\n<script type=\"application\/ld+json\" class=\"yoast-schema-graph\">{\"@context\":\"https:\/\/schema.org\",\"@graph\":[{\"@type\":\"Article\",\"@id\":\"https:\/\/portaltela.pt\/noticias\/2026\/04\/20\/detetive-magritte-investiga-caso-que-nao-envolve-assassinato-misterioso\/#article\",\"isPartOf\":{\"@id\":\"https:\/\/portaltela.pt\/noticias\/2026\/04\/20\/detetive-magritte-investiga-caso-que-nao-envolve-assassinato-misterioso\/\"},\"author\":{\"name\":\"Telinha\",\"@id\":\"https:\/\/portaltela.pt\/#\/schema\/person\/c4278d4a6028830caff9ee44b42d32ed\"},\"headline\":\"Detetive Magritte investiga caso que n\u00e3o envolve assassinato misterioso\",\"datePublished\":\"2026-04-20T08:32:55+00:00\",\"mainEntityOfPage\":{\"@id\":\"https:\/\/portaltela.pt\/noticias\/2026\/04\/20\/detetive-magritte-investiga-caso-que-nao-envolve-assassinato-misterioso\/\"},\"wordCount\":377,\"image\":{\"@id\":\"https:\/\/portaltela.pt\/noticias\/2026\/04\/20\/detetive-magritte-investiga-caso-que-nao-envolve-assassinato-misterioso\/#primaryimage\"},\"thumbnailUrl\":\"https:\/\/portaltela.pt\/s.01k8rhncp4jt1\/2026\/04\/2081934.jpg\",\"keywords\":[\"_B\u00e9lgica\",\"arte\",\"cultura\",\"Inglaterra\",\"S\u00c9RIE\",\"surrealismo\"],\"articleSection\":[\"Entretenimento\",\"S\u00e9ries e filmes\"],\"inLanguage\":\"pt-PT\"},{\"@type\":\"WebPage\",\"@id\":\"https:\/\/portaltela.pt\/noticias\/2026\/04\/20\/detetive-magritte-investiga-caso-que-nao-envolve-assassinato-misterioso\/\",\"url\":\"https:\/\/portaltela.pt\/noticias\/2026\/04\/20\/detetive-magritte-investiga-caso-que-nao-envolve-assassinato-misterioso\/\",\"name\":\"Detetive Magritte investiga caso que n\u00e3o envolve assassinato misterioso - Portal Tela Portugal\",\"isPartOf\":{\"@id\":\"https:\/\/portaltela.pt\/#website\"},\"primaryImageOfPage\":{\"@id\":\"https:\/\/portaltela.pt\/noticias\/2026\/04\/20\/detetive-magritte-investiga-caso-que-nao-envolve-assassinato-misterioso\/#primaryimage\"},\"image\":{\"@id\":\"https:\/\/portaltela.pt\/noticias\/2026\/04\/20\/detetive-magritte-investiga-caso-que-nao-envolve-assassinato-misterioso\/#primaryimage\"},\"thumbnailUrl\":\"https:\/\/portaltela.pt\/s.01k8rhncp4jt1\/2026\/04\/2081934.jpg\",\"datePublished\":\"2026-04-20T08:32:55+00:00\",\"author\":{\"@id\":\"https:\/\/portaltela.pt\/#\/schema\/person\/c4278d4a6028830caff9ee44b42d32ed\"},\"breadcrumb\":{\"@id\":\"https:\/\/portaltela.pt\/noticias\/2026\/04\/20\/detetive-magritte-investiga-caso-que-nao-envolve-assassinato-misterioso\/#breadcrumb\"},\"inLanguage\":\"pt-PT\",\"potentialAction\":[{\"@type\":\"ReadAction\",\"target\":[\"https:\/\/portaltela.pt\/noticias\/2026\/04\/20\/detetive-magritte-investiga-caso-que-nao-envolve-assassinato-misterioso\/\"]}]},{\"@type\":\"ImageObject\",\"inLanguage\":\"pt-PT\",\"@id\":\"https:\/\/portaltela.pt\/noticias\/2026\/04\/20\/detetive-magritte-investiga-caso-que-nao-envolve-assassinato-misterioso\/#primaryimage\",\"url\":\"https:\/\/portaltela.pt\/s.01k8rhncp4jt1\/2026\/04\/2081934.jpg\",\"contentUrl\":\"https:\/\/portaltela.pt\/s.01k8rhncp4jt1\/2026\/04\/2081934.jpg\",\"width\":796,\"height\":448,\"caption\":\"Ren\u00e9 Magritte (Pierre Gervais) investiga um homic\u00eddio\"},{\"@type\":\"BreadcrumbList\",\"@id\":\"https:\/\/portaltela.pt\/noticias\/2026\/04\/20\/detetive-magritte-investiga-caso-que-nao-envolve-assassinato-misterioso\/#breadcrumb\",\"itemListElement\":[{\"@type\":\"ListItem\",\"position\":1,\"name\":\"In\u00edcio\",\"item\":\"https:\/\/portaltela.pt\/\"},{\"@type\":\"ListItem\",\"position\":2,\"name\":\"Detetive Magritte investiga caso que n\u00e3o envolve assassinato misterioso\"}]},{\"@type\":\"WebSite\",\"@id\":\"https:\/\/portaltela.pt\/#website\",\"url\":\"https:\/\/portaltela.pt\/\",\"name\":\"Portal Tela Portugal\",\"description\":\"\",\"potentialAction\":[{\"@type\":\"SearchAction\",\"target\":{\"@type\":\"EntryPoint\",\"urlTemplate\":\"https:\/\/portaltela.pt\/?s={search_term_string}\"},\"query-input\":{\"@type\":\"PropertyValueSpecification\",\"valueRequired\":true,\"valueName\":\"search_term_string\"}}],\"inLanguage\":\"pt-PT\"},{\"@type\":\"Person\",\"@id\":\"https:\/\/portaltela.pt\/#\/schema\/person\/c4278d4a6028830caff9ee44b42d32ed\",\"name\":\"Telinha\",\"image\":{\"@type\":\"ImageObject\",\"inLanguage\":\"pt-PT\",\"@id\":\"https:\/\/portaltela.pt\/s.01k8rhncp4jt1\/2025\/11\/talking-bot-125x125.png\",\"url\":\"https:\/\/portaltela.pt\/s.01k8rhncp4jt1\/2025\/11\/talking-bot-125x125.png\",\"contentUrl\":\"https:\/\/portaltela.pt\/s.01k8rhncp4jt1\/2025\/11\/talking-bot-125x125.png\",\"caption\":\"Telinha\"},\"sameAs\":[\"https:\/\/portaltela.pt\/\"],\"url\":\"https:\/\/portaltela.pt\/por\/367410592786\/\"}]}<\/script>\n<!-- \/ Yoast SEO plugin. -->","yoast_head_json":{"title":"Detetive Magritte investiga caso que n\u00e3o envolve assassinato misterioso - Portal Tela Portugal","robots":{"index":"index","follow":"follow","max-snippet":"max-snippet:-1","max-image-preview":"max-image-preview:large","max-video-preview":"max-video-preview:-1"},"og_locale":"pt_PT","og_type":"article","og_title":"Detetive Magritte investiga caso que n\u00e3o envolve assassinato misterioso - Portal Tela Portugal","og_description":"Em 1936, na herdade West Dean, em West Sussex, Lord James recebe artistas surrealistas para uma exposi\u00e7\u00e3o futura. O casal Ren\u00e9 Magritte (Pierre Gervais) e Georgette, Salvador Dal\u00ed (I\u00f1aki Mur) com Gala, Man Ray (Frank Bourke) com Lee Miller, Max Ernst (Mike Hoffmann) e Sheila Legge (Aibhinn McGinnity) participam no elenco da miniss\u00e9rie belga. Um dia, Magritte acorda ao lado de um cad\u00e1ver e n\u00e3o se lembra de nada; a pol\u00edcia \u00e9 chamada e dois detectives da Scotland Yard investigam, com Magritte a envolver-se na investiga\u00e7\u00e3o. Isto N\u00e3o \u00e9 um Misterioso Assassinato \u00e9 uma miniss\u00e9rie de seis epis\u00f3dios, criada por Christophe Dirickx e Paul Baeten, falada principalmente em ingl\u00eas, e \u00e9 original da emissora VRT. A primeira metade (tr\u00eas epis\u00f3dios) chega \u00e0 Filmin na segunda-feira; os tr\u00eas epis\u00f3dios finais estreiam na semana seguinte. O t\u00edtulo faz alus\u00e3o \u00e0 obra de Magritte, A Trai\u00e7\u00e3o das Imagens.","og_url":"https:\/\/portaltela.pt\/noticias\/2026\/04\/20\/detetive-magritte-investiga-caso-que-nao-envolve-assassinato-misterioso\/","og_site_name":"Portal Tela Portugal","article_published_time":"2026-04-20T08:32:55+00:00","author":"Telinha","twitter_card":"summary_large_image","twitter_misc":{"Escrito por":"Telinha","Tempo estimado de leitura":"2 minutos"},"schema":{"@context":"https:\/\/schema.org","@graph":[{"@type":"Article","@id":"https:\/\/portaltela.pt\/noticias\/2026\/04\/20\/detetive-magritte-investiga-caso-que-nao-envolve-assassinato-misterioso\/#article","isPartOf":{"@id":"https:\/\/portaltela.pt\/noticias\/2026\/04\/20\/detetive-magritte-investiga-caso-que-nao-envolve-assassinato-misterioso\/"},"author":{"name":"Telinha","@id":"https:\/\/portaltela.pt\/#\/schema\/person\/c4278d4a6028830caff9ee44b42d32ed"},"headline":"Detetive Magritte investiga caso que n\u00e3o envolve assassinato misterioso","datePublished":"2026-04-20T08:32:55+00:00","mainEntityOfPage":{"@id":"https:\/\/portaltela.pt\/noticias\/2026\/04\/20\/detetive-magritte-investiga-caso-que-nao-envolve-assassinato-misterioso\/"},"wordCount":377,"image":{"@id":"https:\/\/portaltela.pt\/noticias\/2026\/04\/20\/detetive-magritte-investiga-caso-que-nao-envolve-assassinato-misterioso\/#primaryimage"},"thumbnailUrl":"https:\/\/portaltela.pt\/s.01k8rhncp4jt1\/2026\/04\/2081934.jpg","keywords":["_B\u00e9lgica","arte","cultura","Inglaterra","S\u00c9RIE","surrealismo"],"articleSection":["Entretenimento","S\u00e9ries e filmes"],"inLanguage":"pt-PT"},{"@type":"WebPage","@id":"https:\/\/portaltela.pt\/noticias\/2026\/04\/20\/detetive-magritte-investiga-caso-que-nao-envolve-assassinato-misterioso\/","url":"https:\/\/portaltela.pt\/noticias\/2026\/04\/20\/detetive-magritte-investiga-caso-que-nao-envolve-assassinato-misterioso\/","name":"Detetive Magritte investiga caso que n\u00e3o envolve assassinato misterioso - Portal Tela Portugal","isPartOf":{"@id":"https:\/\/portaltela.pt\/#website"},"primaryImageOfPage":{"@id":"https:\/\/portaltela.pt\/noticias\/2026\/04\/20\/detetive-magritte-investiga-caso-que-nao-envolve-assassinato-misterioso\/#primaryimage"},"image":{"@id":"https:\/\/portaltela.pt\/noticias\/2026\/04\/20\/detetive-magritte-investiga-caso-que-nao-envolve-assassinato-misterioso\/#primaryimage"},"thumbnailUrl":"https:\/\/portaltela.pt\/s.01k8rhncp4jt1\/2026\/04\/2081934.jpg","datePublished":"2026-04-20T08:32:55+00:00","author":{"@id":"https:\/\/portaltela.pt\/#\/schema\/person\/c4278d4a6028830caff9ee44b42d32ed"},"breadcrumb":{"@id":"https:\/\/portaltela.pt\/noticias\/2026\/04\/20\/detetive-magritte-investiga-caso-que-nao-envolve-assassinato-misterioso\/#breadcrumb"},"inLanguage":"pt-PT","potentialAction":[{"@type":"ReadAction","target":["https:\/\/portaltela.pt\/noticias\/2026\/04\/20\/detetive-magritte-investiga-caso-que-nao-envolve-assassinato-misterioso\/"]}]},{"@type":"ImageObject","inLanguage":"pt-PT","@id":"https:\/\/portaltela.pt\/noticias\/2026\/04\/20\/detetive-magritte-investiga-caso-que-nao-envolve-assassinato-misterioso\/#primaryimage","url":"https:\/\/portaltela.pt\/s.01k8rhncp4jt1\/2026\/04\/2081934.jpg","contentUrl":"https:\/\/portaltela.pt\/s.01k8rhncp4jt1\/2026\/04\/2081934.jpg","width":796,"height":448,"caption":"Ren\u00e9 Magritte (Pierre Gervais) investiga um homic\u00eddio"},{"@type":"BreadcrumbList","@id":"https:\/\/portaltela.pt\/noticias\/2026\/04\/20\/detetive-magritte-investiga-caso-que-nao-envolve-assassinato-misterioso\/#breadcrumb","itemListElement":[{"@type":"ListItem","position":1,"name":"In\u00edcio","item":"https:\/\/portaltela.pt\/"},{"@type":"ListItem","position":2,"name":"Detetive Magritte investiga caso que n\u00e3o envolve assassinato misterioso"}]},{"@type":"WebSite","@id":"https:\/\/portaltela.pt\/#website","url":"https:\/\/portaltela.pt\/","name":"Portal Tela Portugal","description":"","potentialAction":[{"@type":"SearchAction","target":{"@type":"EntryPoint","urlTemplate":"https:\/\/portaltela.pt\/?s={search_term_string}"},"query-input":{"@type":"PropertyValueSpecification","valueRequired":true,"valueName":"search_term_string"}}],"inLanguage":"pt-PT"},{"@type":"Person","@id":"https:\/\/portaltela.pt\/#\/schema\/person\/c4278d4a6028830caff9ee44b42d32ed","name":"Telinha","image":{"@type":"ImageObject","inLanguage":"pt-PT","@id":"https:\/\/portaltela.pt\/s.01k8rhncp4jt1\/2025\/11\/talking-bot-125x125.png","url":"https:\/\/portaltela.pt\/s.01k8rhncp4jt1\/2025\/11\/talking-bot-125x125.png","contentUrl":"https:\/\/portaltela.pt\/s.01k8rhncp4jt1\/2025\/11\/talking-bot-125x125.png","caption":"Telinha"},"sameAs":["https:\/\/portaltela.pt\/"],"url":"https:\/\/portaltela.pt\/por\/367410592786\/"}]}},"_links":{"self":[{"href":"https:\/\/portaltela.pt\/api\/wp\/v2\/posts\/450880","targetHints":{"allow":["GET"]}}],"collection":[{"href":"https:\/\/portaltela.pt\/api\/wp\/v2\/posts"}],"about":[{"href":"https:\/\/portaltela.pt\/api\/wp\/v2\/types\/post"}],"author":[{"embeddable":true,"href":"https:\/\/portaltela.pt\/api\/wp\/v2\/users\/2"}],"replies":[{"embeddable":true,"href":"https:\/\/portaltela.pt\/api\/wp\/v2\/comments?post=450880"}],"version-history":[{"count":0,"href":"https:\/\/portaltela.pt\/api\/wp\/v2\/posts\/450880\/revisions"}],"wp:featuredmedia":[{"embeddable":true,"href":"https:\/\/portaltela.pt\/api\/wp\/v2\/media\/450886"}],"wp:attachment":[{"href":"https:\/\/portaltela.pt\/api\/wp\/v2\/media?parent=450880"}],"wp:term":[{"taxonomy":"category","embeddable":true,"href":"https:\/\/portaltela.pt\/api\/wp\/v2\/categories?post=450880"},{"taxonomy":"post_tag","embeddable":true,"href":"https:\/\/portaltela.pt\/api\/wp\/v2\/tags?post=450880"}],"curies":[{"name":"wp","href":"https:\/\/api.w.org\/{rel}","templated":true}]}}