{"id":450869,"date":"2026-04-20T05:32:50","date_gmt":"2026-04-20T08:32:50","guid":{"rendered":"https:\/\/portaltela.pt\/noticias\/2026\/04\/20\/dividendos-caem-367-ao-estado-mocambicano-em-2025\/"},"modified":"2026-04-20T05:32:50","modified_gmt":"2026-04-20T08:32:50","slug":"dividendos-caem-367-ao-estado-mocambicano-em-2025","status":"publish","type":"post","link":"https:\/\/portaltela.pt\/noticias\/economia\/2026\/04\/20\/dividendos-caem-367-ao-estado-mocambicano-em-2025\/","title":{"rendered":"Dividendos caem 36,7% ao Estado mo\u00e7ambicano em 2025"},"content":{"rendered":"<p>O Estado mo\u00e7ambicano recebeu menos dividendos em 2025, com uma queda de 36,7% nas receitas. O total recuou para 8.144 milh\u00f5es de meticais (108 milh\u00f5es de euros).<\/p>\n<p>Segundo dados do Minist\u00e9rio das Finan\u00e7as, a redu\u00e7\u00e3o representou uma diminui\u00e7\u00e3o significativa face ao ano anterior, sem detalhar as causas espec\u00edficas no comunicado oficial.<\/p>\n<p>Ainda de acordo com a mesma institui\u00e7\u00e3o, os dividendos s\u00e3o uma parcela das receitas do Estado provenientes de participa\u00e7\u00f5es em empresas p\u00fablicas e entidades com a\u00e7\u00f5es estatais. Os n\u00fameros seguem dispon\u00edveis junto dos reposit\u00f3rios oficiais.<\/p>\n","protected":false},"excerpt":{"rendered":"<ul>\n<li>O Estado de Mo\u00e7ambique recebeu 8.144 milh\u00f5es de meticais em dividendos em 2025, segundo o Minist\u00e9rio das Finan\u00e7as.<\/li>\n<li>Houve uma queda de 36,7% face a 2024.<\/li>\n<li>Em euros, os dividendos totalizaram 108 milh\u00f5es de euros.<\/li>\n<li>Os n\u00fameros resumem as receitas do Estado a partir de dividendos para o ano de 2025.<\/li>\n<\/ul>\n","protected":false},"author":2,"featured_media":450878,"comment_status":"closed","ping_status":"closed","sticky":false,"template":"","format":"standard","meta":{"footnotes":""},"categories":[2,6850],"tags":[28,733,1911,5098],"class_list":["post-450869","post","type-post","status-publish","format-standard","has-post-thumbnail","hentry","category-economia","category-financas","tag-economia","tag-financas-publicas","tag-mocambique","tag-receitas"],"yoast_head":"<!-- This site is optimized with the Yoast SEO plugin v27.2 - https:\/\/yoast.com\/product\/yoast-seo-wordpress\/ -->\n<title>Dividendos caem 36,7% ao Estado mo\u00e7ambicano em 2025 - Portal Tela Portugal<\/title>\n<meta name=\"robots\" content=\"index, follow, max-snippet:-1, max-image-preview:large, max-video-preview:-1\" \/>\n<meta property=\"og:locale\" content=\"pt_PT\" \/>\n<meta property=\"og:type\" content=\"article\" \/>\n<meta property=\"og:title\" content=\"Dividendos caem 36,7% ao Estado mo\u00e7ambicano em 2025 - Portal Tela Portugal\" \/>\n<meta property=\"og:description\" content=\"O Estado de Mo\u00e7ambique recebeu 8.144 milh\u00f5es de meticais em dividendos em 2025, segundo o Minist\u00e9rio das Finan\u00e7as. Houve uma queda de 36,7% face a 2024. Em euros, os dividendos totalizaram 108 milh\u00f5es de euros. Os n\u00fameros resumem as receitas do Estado a partir de dividendos para o ano de 2025.\" \/>\n<meta property=\"og:url\" content=\"https:\/\/portaltela.pt\/noticias\/2026\/04\/20\/dividendos-caem-367-ao-estado-mocambicano-em-2025\/\" \/>\n<meta property=\"og:site_name\" content=\"Portal Tela Portugal\" \/>\n<meta property=\"article:published_time\" content=\"2026-04-20T08:32:50+00:00\" \/>\n<meta name=\"author\" content=\"Telinha\" \/>\n<meta name=\"twitter:card\" content=\"summary_large_image\" \/>\n<meta name=\"twitter:label1\" content=\"Escrito por\" \/>\n\t<meta name=\"twitter:data1\" content=\"Telinha\" \/>\n<script type=\"application\/ld+json\" class=\"yoast-schema-graph\">{\"@context\":\"https:\/\/schema.org\",\"@graph\":[{\"@type\":\"Article\",\"@id\":\"https:\/\/portaltela.pt\/noticias\/2026\/04\/20\/dividendos-caem-367-ao-estado-mocambicano-em-2025\/#article\",\"isPartOf\":{\"@id\":\"https:\/\/portaltela.pt\/noticias\/2026\/04\/20\/dividendos-caem-367-ao-estado-mocambicano-em-2025\/\"},\"author\":{\"name\":\"Telinha\",\"@id\":\"https:\/\/portaltela.pt\/#\/schema\/person\/c4278d4a6028830caff9ee44b42d32ed\"},\"headline\":\"Dividendos caem 36,7% ao Estado mo\u00e7ambicano em 2025\",\"datePublished\":\"2026-04-20T08:32:50+00:00\",\"mainEntityOfPage\":{\"@id\":\"https:\/\/portaltela.pt\/noticias\/2026\/04\/20\/dividendos-caem-367-ao-estado-mocambicano-em-2025\/\"},\"wordCount\":105,\"image\":{\"@id\":\"https:\/\/portaltela.pt\/noticias\/2026\/04\/20\/dividendos-caem-367-ao-estado-mocambicano-em-2025\/#primaryimage\"},\"thumbnailUrl\":\"https:\/\/portaltela.pt\/s.01k8rhncp4jt1\/2026\/04\/CACHE_780X1200_ANALOG_WATERMARKED_23939073_2415875_23032019070607.jpg\",\"keywords\":[\"economia\",\"finan\u00e7as p\u00fablicas\",\"Mo\u00e7ambique\",\"Receitas\"],\"articleSection\":[\"Economia\",\"Finan\u00e7as\"],\"inLanguage\":\"pt-PT\"},{\"@type\":\"WebPage\",\"@id\":\"https:\/\/portaltela.pt\/noticias\/2026\/04\/20\/dividendos-caem-367-ao-estado-mocambicano-em-2025\/\",\"url\":\"https:\/\/portaltela.pt\/noticias\/2026\/04\/20\/dividendos-caem-367-ao-estado-mocambicano-em-2025\/\",\"name\":\"Dividendos caem 36,7% ao Estado mo\u00e7ambicano em 2025 - Portal Tela Portugal\",\"isPartOf\":{\"@id\":\"https:\/\/portaltela.pt\/#website\"},\"primaryImageOfPage\":{\"@id\":\"https:\/\/portaltela.pt\/noticias\/2026\/04\/20\/dividendos-caem-367-ao-estado-mocambicano-em-2025\/#primaryimage\"},\"image\":{\"@id\":\"https:\/\/portaltela.pt\/noticias\/2026\/04\/20\/dividendos-caem-367-ao-estado-mocambicano-em-2025\/#primaryimage\"},\"thumbnailUrl\":\"https:\/\/portaltela.pt\/s.01k8rhncp4jt1\/2026\/04\/CACHE_780X1200_ANALOG_WATERMARKED_23939073_2415875_23032019070607.jpg\",\"datePublished\":\"2026-04-20T08:32:50+00:00\",\"author\":{\"@id\":\"https:\/\/portaltela.pt\/#\/schema\/person\/c4278d4a6028830caff9ee44b42d32ed\"},\"breadcrumb\":{\"@id\":\"https:\/\/portaltela.pt\/noticias\/2026\/04\/20\/dividendos-caem-367-ao-estado-mocambicano-em-2025\/#breadcrumb\"},\"inLanguage\":\"pt-PT\",\"potentialAction\":[{\"@type\":\"ReadAction\",\"target\":[\"https:\/\/portaltela.pt\/noticias\/2026\/04\/20\/dividendos-caem-367-ao-estado-mocambicano-em-2025\/\"]}]},{\"@type\":\"ImageObject\",\"inLanguage\":\"pt-PT\",\"@id\":\"https:\/\/portaltela.pt\/noticias\/2026\/04\/20\/dividendos-caem-367-ao-estado-mocambicano-em-2025\/#primaryimage\",\"url\":\"https:\/\/portaltela.pt\/s.01k8rhncp4jt1\/2026\/04\/CACHE_780X1200_ANALOG_WATERMARKED_23939073_2415875_23032019070607.jpg\",\"contentUrl\":\"https:\/\/portaltela.pt\/s.01k8rhncp4jt1\/2026\/04\/CACHE_780X1200_ANALOG_WATERMARKED_23939073_2415875_23032019070607.jpg\",\"width\":796,\"height\":448,\"caption\":\"Dividendos renderam menos 36,7% ao Estado mo\u00e7ambicano em 2025\"},{\"@type\":\"BreadcrumbList\",\"@id\":\"https:\/\/portaltela.pt\/noticias\/2026\/04\/20\/dividendos-caem-367-ao-estado-mocambicano-em-2025\/#breadcrumb\",\"itemListElement\":[{\"@type\":\"ListItem\",\"position\":1,\"name\":\"In\u00edcio\",\"item\":\"https:\/\/portaltela.pt\/\"},{\"@type\":\"ListItem\",\"position\":2,\"name\":\"Dividendos caem 36,7% ao Estado mo\u00e7ambicano em 2025\"}]},{\"@type\":\"WebSite\",\"@id\":\"https:\/\/portaltela.pt\/#website\",\"url\":\"https:\/\/portaltela.pt\/\",\"name\":\"Portal Tela Portugal\",\"description\":\"\",\"potentialAction\":[{\"@type\":\"SearchAction\",\"target\":{\"@type\":\"EntryPoint\",\"urlTemplate\":\"https:\/\/portaltela.pt\/?s={search_term_string}\"},\"query-input\":{\"@type\":\"PropertyValueSpecification\",\"valueRequired\":true,\"valueName\":\"search_term_string\"}}],\"inLanguage\":\"pt-PT\"},{\"@type\":\"Person\",\"@id\":\"https:\/\/portaltela.pt\/#\/schema\/person\/c4278d4a6028830caff9ee44b42d32ed\",\"name\":\"Telinha\",\"image\":{\"@type\":\"ImageObject\",\"inLanguage\":\"pt-PT\",\"@id\":\"https:\/\/portaltela.pt\/s.01k8rhncp4jt1\/2025\/11\/talking-bot-125x125.png\",\"url\":\"https:\/\/portaltela.pt\/s.01k8rhncp4jt1\/2025\/11\/talking-bot-125x125.png\",\"contentUrl\":\"https:\/\/portaltela.pt\/s.01k8rhncp4jt1\/2025\/11\/talking-bot-125x125.png\",\"caption\":\"Telinha\"},\"sameAs\":[\"https:\/\/portaltela.pt\/\"],\"url\":\"https:\/\/portaltela.pt\/por\/367410592786\/\"}]}<\/script>\n<!-- \/ Yoast SEO plugin. -->","yoast_head_json":{"title":"Dividendos caem 36,7% ao Estado mo\u00e7ambicano em 2025 - Portal Tela Portugal","robots":{"index":"index","follow":"follow","max-snippet":"max-snippet:-1","max-image-preview":"max-image-preview:large","max-video-preview":"max-video-preview:-1"},"og_locale":"pt_PT","og_type":"article","og_title":"Dividendos caem 36,7% ao Estado mo\u00e7ambicano em 2025 - Portal Tela Portugal","og_description":"O Estado de Mo\u00e7ambique recebeu 8.144 milh\u00f5es de meticais em dividendos em 2025, segundo o Minist\u00e9rio das Finan\u00e7as. Houve uma queda de 36,7% face a 2024. Em euros, os dividendos totalizaram 108 milh\u00f5es de euros. Os n\u00fameros resumem as receitas do Estado a partir de dividendos para o ano de 2025.","og_url":"https:\/\/portaltela.pt\/noticias\/2026\/04\/20\/dividendos-caem-367-ao-estado-mocambicano-em-2025\/","og_site_name":"Portal Tela Portugal","article_published_time":"2026-04-20T08:32:50+00:00","author":"Telinha","twitter_card":"summary_large_image","twitter_misc":{"Escrito por":"Telinha"},"schema":{"@context":"https:\/\/schema.org","@graph":[{"@type":"Article","@id":"https:\/\/portaltela.pt\/noticias\/2026\/04\/20\/dividendos-caem-367-ao-estado-mocambicano-em-2025\/#article","isPartOf":{"@id":"https:\/\/portaltela.pt\/noticias\/2026\/04\/20\/dividendos-caem-367-ao-estado-mocambicano-em-2025\/"},"author":{"name":"Telinha","@id":"https:\/\/portaltela.pt\/#\/schema\/person\/c4278d4a6028830caff9ee44b42d32ed"},"headline":"Dividendos caem 36,7% ao Estado mo\u00e7ambicano em 2025","datePublished":"2026-04-20T08:32:50+00:00","mainEntityOfPage":{"@id":"https:\/\/portaltela.pt\/noticias\/2026\/04\/20\/dividendos-caem-367-ao-estado-mocambicano-em-2025\/"},"wordCount":105,"image":{"@id":"https:\/\/portaltela.pt\/noticias\/2026\/04\/20\/dividendos-caem-367-ao-estado-mocambicano-em-2025\/#primaryimage"},"thumbnailUrl":"https:\/\/portaltela.pt\/s.01k8rhncp4jt1\/2026\/04\/CACHE_780X1200_ANALOG_WATERMARKED_23939073_2415875_23032019070607.jpg","keywords":["economia","finan\u00e7as p\u00fablicas","Mo\u00e7ambique","Receitas"],"articleSection":["Economia","Finan\u00e7as"],"inLanguage":"pt-PT"},{"@type":"WebPage","@id":"https:\/\/portaltela.pt\/noticias\/2026\/04\/20\/dividendos-caem-367-ao-estado-mocambicano-em-2025\/","url":"https:\/\/portaltela.pt\/noticias\/2026\/04\/20\/dividendos-caem-367-ao-estado-mocambicano-em-2025\/","name":"Dividendos caem 36,7% ao Estado mo\u00e7ambicano em 2025 - Portal Tela Portugal","isPartOf":{"@id":"https:\/\/portaltela.pt\/#website"},"primaryImageOfPage":{"@id":"https:\/\/portaltela.pt\/noticias\/2026\/04\/20\/dividendos-caem-367-ao-estado-mocambicano-em-2025\/#primaryimage"},"image":{"@id":"https:\/\/portaltela.pt\/noticias\/2026\/04\/20\/dividendos-caem-367-ao-estado-mocambicano-em-2025\/#primaryimage"},"thumbnailUrl":"https:\/\/portaltela.pt\/s.01k8rhncp4jt1\/2026\/04\/CACHE_780X1200_ANALOG_WATERMARKED_23939073_2415875_23032019070607.jpg","datePublished":"2026-04-20T08:32:50+00:00","author":{"@id":"https:\/\/portaltela.pt\/#\/schema\/person\/c4278d4a6028830caff9ee44b42d32ed"},"breadcrumb":{"@id":"https:\/\/portaltela.pt\/noticias\/2026\/04\/20\/dividendos-caem-367-ao-estado-mocambicano-em-2025\/#breadcrumb"},"inLanguage":"pt-PT","potentialAction":[{"@type":"ReadAction","target":["https:\/\/portaltela.pt\/noticias\/2026\/04\/20\/dividendos-caem-367-ao-estado-mocambicano-em-2025\/"]}]},{"@type":"ImageObject","inLanguage":"pt-PT","@id":"https:\/\/portaltela.pt\/noticias\/2026\/04\/20\/dividendos-caem-367-ao-estado-mocambicano-em-2025\/#primaryimage","url":"https:\/\/portaltela.pt\/s.01k8rhncp4jt1\/2026\/04\/CACHE_780X1200_ANALOG_WATERMARKED_23939073_2415875_23032019070607.jpg","contentUrl":"https:\/\/portaltela.pt\/s.01k8rhncp4jt1\/2026\/04\/CACHE_780X1200_ANALOG_WATERMARKED_23939073_2415875_23032019070607.jpg","width":796,"height":448,"caption":"Dividendos renderam menos 36,7% ao Estado mo\u00e7ambicano em 2025"},{"@type":"BreadcrumbList","@id":"https:\/\/portaltela.pt\/noticias\/2026\/04\/20\/dividendos-caem-367-ao-estado-mocambicano-em-2025\/#breadcrumb","itemListElement":[{"@type":"ListItem","position":1,"name":"In\u00edcio","item":"https:\/\/portaltela.pt\/"},{"@type":"ListItem","position":2,"name":"Dividendos caem 36,7% ao Estado mo\u00e7ambicano em 2025"}]},{"@type":"WebSite","@id":"https:\/\/portaltela.pt\/#website","url":"https:\/\/portaltela.pt\/","name":"Portal Tela Portugal","description":"","potentialAction":[{"@type":"SearchAction","target":{"@type":"EntryPoint","urlTemplate":"https:\/\/portaltela.pt\/?s={search_term_string}"},"query-input":{"@type":"PropertyValueSpecification","valueRequired":true,"valueName":"search_term_string"}}],"inLanguage":"pt-PT"},{"@type":"Person","@id":"https:\/\/portaltela.pt\/#\/schema\/person\/c4278d4a6028830caff9ee44b42d32ed","name":"Telinha","image":{"@type":"ImageObject","inLanguage":"pt-PT","@id":"https:\/\/portaltela.pt\/s.01k8rhncp4jt1\/2025\/11\/talking-bot-125x125.png","url":"https:\/\/portaltela.pt\/s.01k8rhncp4jt1\/2025\/11\/talking-bot-125x125.png","contentUrl":"https:\/\/portaltela.pt\/s.01k8rhncp4jt1\/2025\/11\/talking-bot-125x125.png","caption":"Telinha"},"sameAs":["https:\/\/portaltela.pt\/"],"url":"https:\/\/portaltela.pt\/por\/367410592786\/"}]}},"_links":{"self":[{"href":"https:\/\/portaltela.pt\/api\/wp\/v2\/posts\/450869","targetHints":{"allow":["GET"]}}],"collection":[{"href":"https:\/\/portaltela.pt\/api\/wp\/v2\/posts"}],"about":[{"href":"https:\/\/portaltela.pt\/api\/wp\/v2\/types\/post"}],"author":[{"embeddable":true,"href":"https:\/\/portaltela.pt\/api\/wp\/v2\/users\/2"}],"replies":[{"embeddable":true,"href":"https:\/\/portaltela.pt\/api\/wp\/v2\/comments?post=450869"}],"version-history":[{"count":0,"href":"https:\/\/portaltela.pt\/api\/wp\/v2\/posts\/450869\/revisions"}],"wp:featuredmedia":[{"embeddable":true,"href":"https:\/\/portaltela.pt\/api\/wp\/v2\/media\/450878"}],"wp:attachment":[{"href":"https:\/\/portaltela.pt\/api\/wp\/v2\/media?parent=450869"}],"wp:term":[{"taxonomy":"category","embeddable":true,"href":"https:\/\/portaltela.pt\/api\/wp\/v2\/categories?post=450869"},{"taxonomy":"post_tag","embeddable":true,"href":"https:\/\/portaltela.pt\/api\/wp\/v2\/tags?post=450869"}],"curies":[{"name":"wp","href":"https:\/\/api.w.org\/{rel}","templated":true}]}}