{"id":450865,"date":"2026-04-20T05:32:49","date_gmt":"2026-04-20T08:32:49","guid":{"rendered":"https:\/\/portaltela.pt\/noticias\/2026\/04\/20\/producao-de-energia-solar-em-parques-em-mocambique-regista-queda\/"},"modified":"2026-04-20T05:32:49","modified_gmt":"2026-04-20T08:32:49","slug":"producao-de-energia-solar-em-parques-em-mocambique-regista-queda","status":"publish","type":"post","link":"https:\/\/portaltela.pt\/noticias\/2026\/04\/20\/producao-de-energia-solar-em-parques-em-mocambique-regista-queda\/","title":{"rendered":"Produ\u00e7\u00e3o de energia solar em parques em Mo\u00e7ambique regista queda"},"content":{"rendered":"<p>A produ\u00e7\u00e3o de eletricidade gerada por parques solares em Mo\u00e7ambique registou uma queda de 4,6% em 2025, ap\u00f3s o recorde atingido no ano anterior, segundo dados oficiais. A not\u00edcia indica uma tend\u00eancia de abrandamento face ao m\u00e1ximo hist\u00f3rico.<\/p>\n<p>Os n\u00fameros oficiais mostram que o setor solar permaneceu acima das previs\u00f5es tra\u00e7adas pelo Governo, apesar da redu\u00e7\u00e3o anual. A not\u00edcia n\u00e3o detalha os fatores espec\u00edficos que influenciaram a varia\u00e7\u00e3o.<\/p>\n<p>Autoridades indicam que a evolu\u00e7\u00e3o envolve fatores clim\u00e1ticos, operacionais e de integra\u00e7\u00e3o na rede, sem divulgar pormenores adicionais. O relat\u00f3rio destaca ainda a import\u00e2ncia da energia solar para a matriz energ\u00e9tica, mesmo com a queda observada.<\/p>\n","protected":false},"excerpt":{"rendered":"<ul>\n<li>A produ\u00e7\u00e3o de eletricidade por parques solares em Mo\u00e7ambique caiu 4,6% em 2025, ap\u00f3s o recorde de 2024.<\/li>\n<li>O recuo ocorreu depois de um ano anterior de pico na produ\u00e7\u00e3o de energia solar.<\/li>\n<li>Apesar da queda, a produ\u00e7\u00e3o ficou acima das projec\u00e7\u00f5es do Governo para o setor.<\/li>\n<li>Dados oficiais indicam que o desempenho manteve Mo\u00e7ambique acima das metas governamentais.<\/li>\n<li>A not\u00edcia n\u00e3o detalha factores espec\u00edficos da queda nem as metas exatas do Governo para 2025.<\/li>\n<\/ul>\n","protected":false},"author":2,"featured_media":450877,"comment_status":"closed","ping_status":"closed","sticky":false,"template":"","format":"standard","meta":{"footnotes":""},"categories":[6806,1],"tags":[4729,755,174,2729,3603,1911],"class_list":["post-450865","post","type-post","status-publish","format-standard","has-post-thumbnail","hentry","category-energia","category-noticias","tag-abastecimento-de-energia","tag-desenvolvimento-sustentavel","tag-energia","tag-energia-renovavel","tag-energias-renovaveis","tag-mocambique"],"yoast_head":"<!-- This site is optimized with the Yoast SEO plugin v27.2 - https:\/\/yoast.com\/product\/yoast-seo-wordpress\/ -->\n<title>Produ\u00e7\u00e3o de energia solar em parques em Mo\u00e7ambique regista queda - Portal Tela Portugal<\/title>\n<meta name=\"robots\" content=\"index, follow, max-snippet:-1, max-image-preview:large, max-video-preview:-1\" \/>\n<meta property=\"og:locale\" content=\"pt_PT\" \/>\n<meta property=\"og:type\" content=\"article\" \/>\n<meta property=\"og:title\" content=\"Produ\u00e7\u00e3o de energia solar em parques em Mo\u00e7ambique regista queda - Portal Tela Portugal\" \/>\n<meta property=\"og:description\" content=\"A produ\u00e7\u00e3o de eletricidade por parques solares em Mo\u00e7ambique caiu 4,6% em 2025, ap\u00f3s o recorde de 2024. O recuo ocorreu depois de um ano anterior de pico na produ\u00e7\u00e3o de energia solar. Apesar da queda, a produ\u00e7\u00e3o ficou acima das projec\u00e7\u00f5es do Governo para o setor. Dados oficiais indicam que o desempenho manteve Mo\u00e7ambique acima das metas governamentais. A not\u00edcia n\u00e3o detalha factores espec\u00edficos da queda nem as metas exatas do Governo para 2025.\" \/>\n<meta property=\"og:url\" content=\"https:\/\/portaltela.pt\/noticias\/2026\/04\/20\/producao-de-energia-solar-em-parques-em-mocambique-regista-queda\/\" \/>\n<meta property=\"og:site_name\" content=\"Portal Tela Portugal\" \/>\n<meta property=\"article:published_time\" content=\"2026-04-20T08:32:49+00:00\" \/>\n<meta name=\"author\" content=\"Telinha\" \/>\n<meta name=\"twitter:card\" content=\"summary_large_image\" \/>\n<meta name=\"twitter:label1\" content=\"Escrito por\" \/>\n\t<meta name=\"twitter:data1\" content=\"Telinha\" \/>\n\t<meta name=\"twitter:label2\" content=\"Tempo estimado de leitura\" \/>\n\t<meta name=\"twitter:data2\" content=\"1 minuto\" \/>\n<script type=\"application\/ld+json\" class=\"yoast-schema-graph\">{\"@context\":\"https:\/\/schema.org\",\"@graph\":[{\"@type\":\"Article\",\"@id\":\"https:\/\/portaltela.pt\/noticias\/2026\/04\/20\/producao-de-energia-solar-em-parques-em-mocambique-regista-queda\/#article\",\"isPartOf\":{\"@id\":\"https:\/\/portaltela.pt\/noticias\/2026\/04\/20\/producao-de-energia-solar-em-parques-em-mocambique-regista-queda\/\"},\"author\":{\"name\":\"Telinha\",\"@id\":\"https:\/\/portaltela.pt\/#\/schema\/person\/c4278d4a6028830caff9ee44b42d32ed\"},\"headline\":\"Produ\u00e7\u00e3o de energia solar em parques em Mo\u00e7ambique regista queda\",\"datePublished\":\"2026-04-20T08:32:49+00:00\",\"mainEntityOfPage\":{\"@id\":\"https:\/\/portaltela.pt\/noticias\/2026\/04\/20\/producao-de-energia-solar-em-parques-em-mocambique-regista-queda\/\"},\"wordCount\":135,\"image\":{\"@id\":\"https:\/\/portaltela.pt\/noticias\/2026\/04\/20\/producao-de-energia-solar-em-parques-em-mocambique-regista-queda\/#primaryimage\"},\"thumbnailUrl\":\"https:\/\/portaltela.pt\/s.01k8rhncp4jt1\/2026\/04\/CACHE_780X1200_ANALOG_WATERMARKED_34299563_3341396_10092021091532.jpg\",\"keywords\":[\"abastecimento de energia\",\"desenvolvimento sustent\u00e1vel\",\"energia\",\"energia renov\u00e1vel\",\"energias renov\u00e1veis\",\"Mo\u00e7ambique\"],\"articleSection\":[\"Energia\",\"Not\u00edcias\"],\"inLanguage\":\"pt-PT\"},{\"@type\":\"WebPage\",\"@id\":\"https:\/\/portaltela.pt\/noticias\/2026\/04\/20\/producao-de-energia-solar-em-parques-em-mocambique-regista-queda\/\",\"url\":\"https:\/\/portaltela.pt\/noticias\/2026\/04\/20\/producao-de-energia-solar-em-parques-em-mocambique-regista-queda\/\",\"name\":\"Produ\u00e7\u00e3o de energia solar em parques em Mo\u00e7ambique regista queda - Portal Tela Portugal\",\"isPartOf\":{\"@id\":\"https:\/\/portaltela.pt\/#website\"},\"primaryImageOfPage\":{\"@id\":\"https:\/\/portaltela.pt\/noticias\/2026\/04\/20\/producao-de-energia-solar-em-parques-em-mocambique-regista-queda\/#primaryimage\"},\"image\":{\"@id\":\"https:\/\/portaltela.pt\/noticias\/2026\/04\/20\/producao-de-energia-solar-em-parques-em-mocambique-regista-queda\/#primaryimage\"},\"thumbnailUrl\":\"https:\/\/portaltela.pt\/s.01k8rhncp4jt1\/2026\/04\/CACHE_780X1200_ANALOG_WATERMARKED_34299563_3341396_10092021091532.jpg\",\"datePublished\":\"2026-04-20T08:32:49+00:00\",\"author\":{\"@id\":\"https:\/\/portaltela.pt\/#\/schema\/person\/c4278d4a6028830caff9ee44b42d32ed\"},\"breadcrumb\":{\"@id\":\"https:\/\/portaltela.pt\/noticias\/2026\/04\/20\/producao-de-energia-solar-em-parques-em-mocambique-regista-queda\/#breadcrumb\"},\"inLanguage\":\"pt-PT\",\"potentialAction\":[{\"@type\":\"ReadAction\",\"target\":[\"https:\/\/portaltela.pt\/noticias\/2026\/04\/20\/producao-de-energia-solar-em-parques-em-mocambique-regista-queda\/\"]}]},{\"@type\":\"ImageObject\",\"inLanguage\":\"pt-PT\",\"@id\":\"https:\/\/portaltela.pt\/noticias\/2026\/04\/20\/producao-de-energia-solar-em-parques-em-mocambique-regista-queda\/#primaryimage\",\"url\":\"https:\/\/portaltela.pt\/s.01k8rhncp4jt1\/2026\/04\/CACHE_780X1200_ANALOG_WATERMARKED_34299563_3341396_10092021091532.jpg\",\"contentUrl\":\"https:\/\/portaltela.pt\/s.01k8rhncp4jt1\/2026\/04\/CACHE_780X1200_ANALOG_WATERMARKED_34299563_3341396_10092021091532.jpg\",\"width\":796,\"height\":448,\"caption\":\"Produ\u00e7\u00e3o de eletricidade por parques solares em queda em Mo\u00e7ambique\"},{\"@type\":\"BreadcrumbList\",\"@id\":\"https:\/\/portaltela.pt\/noticias\/2026\/04\/20\/producao-de-energia-solar-em-parques-em-mocambique-regista-queda\/#breadcrumb\",\"itemListElement\":[{\"@type\":\"ListItem\",\"position\":1,\"name\":\"In\u00edcio\",\"item\":\"https:\/\/portaltela.pt\/\"},{\"@type\":\"ListItem\",\"position\":2,\"name\":\"Produ\u00e7\u00e3o de energia solar em parques em Mo\u00e7ambique regista queda\"}]},{\"@type\":\"WebSite\",\"@id\":\"https:\/\/portaltela.pt\/#website\",\"url\":\"https:\/\/portaltela.pt\/\",\"name\":\"Portal Tela Portugal\",\"description\":\"\",\"potentialAction\":[{\"@type\":\"SearchAction\",\"target\":{\"@type\":\"EntryPoint\",\"urlTemplate\":\"https:\/\/portaltela.pt\/?s={search_term_string}\"},\"query-input\":{\"@type\":\"PropertyValueSpecification\",\"valueRequired\":true,\"valueName\":\"search_term_string\"}}],\"inLanguage\":\"pt-PT\"},{\"@type\":\"Person\",\"@id\":\"https:\/\/portaltela.pt\/#\/schema\/person\/c4278d4a6028830caff9ee44b42d32ed\",\"name\":\"Telinha\",\"image\":{\"@type\":\"ImageObject\",\"inLanguage\":\"pt-PT\",\"@id\":\"https:\/\/portaltela.pt\/s.01k8rhncp4jt1\/2025\/11\/talking-bot-125x125.png\",\"url\":\"https:\/\/portaltela.pt\/s.01k8rhncp4jt1\/2025\/11\/talking-bot-125x125.png\",\"contentUrl\":\"https:\/\/portaltela.pt\/s.01k8rhncp4jt1\/2025\/11\/talking-bot-125x125.png\",\"caption\":\"Telinha\"},\"sameAs\":[\"https:\/\/portaltela.pt\/\"],\"url\":\"https:\/\/portaltela.pt\/por\/367410592786\/\"}]}<\/script>\n<!-- \/ Yoast SEO plugin. -->","yoast_head_json":{"title":"Produ\u00e7\u00e3o de energia solar em parques em Mo\u00e7ambique regista queda - Portal Tela Portugal","robots":{"index":"index","follow":"follow","max-snippet":"max-snippet:-1","max-image-preview":"max-image-preview:large","max-video-preview":"max-video-preview:-1"},"og_locale":"pt_PT","og_type":"article","og_title":"Produ\u00e7\u00e3o de energia solar em parques em Mo\u00e7ambique regista queda - Portal Tela Portugal","og_description":"A produ\u00e7\u00e3o de eletricidade por parques solares em Mo\u00e7ambique caiu 4,6% em 2025, ap\u00f3s o recorde de 2024. O recuo ocorreu depois de um ano anterior de pico na produ\u00e7\u00e3o de energia solar. Apesar da queda, a produ\u00e7\u00e3o ficou acima das projec\u00e7\u00f5es do Governo para o setor. Dados oficiais indicam que o desempenho manteve Mo\u00e7ambique acima das metas governamentais. A not\u00edcia n\u00e3o detalha factores espec\u00edficos da queda nem as metas exatas do Governo para 2025.","og_url":"https:\/\/portaltela.pt\/noticias\/2026\/04\/20\/producao-de-energia-solar-em-parques-em-mocambique-regista-queda\/","og_site_name":"Portal Tela Portugal","article_published_time":"2026-04-20T08:32:49+00:00","author":"Telinha","twitter_card":"summary_large_image","twitter_misc":{"Escrito por":"Telinha","Tempo estimado de leitura":"1 minuto"},"schema":{"@context":"https:\/\/schema.org","@graph":[{"@type":"Article","@id":"https:\/\/portaltela.pt\/noticias\/2026\/04\/20\/producao-de-energia-solar-em-parques-em-mocambique-regista-queda\/#article","isPartOf":{"@id":"https:\/\/portaltela.pt\/noticias\/2026\/04\/20\/producao-de-energia-solar-em-parques-em-mocambique-regista-queda\/"},"author":{"name":"Telinha","@id":"https:\/\/portaltela.pt\/#\/schema\/person\/c4278d4a6028830caff9ee44b42d32ed"},"headline":"Produ\u00e7\u00e3o de energia solar em parques em Mo\u00e7ambique regista queda","datePublished":"2026-04-20T08:32:49+00:00","mainEntityOfPage":{"@id":"https:\/\/portaltela.pt\/noticias\/2026\/04\/20\/producao-de-energia-solar-em-parques-em-mocambique-regista-queda\/"},"wordCount":135,"image":{"@id":"https:\/\/portaltela.pt\/noticias\/2026\/04\/20\/producao-de-energia-solar-em-parques-em-mocambique-regista-queda\/#primaryimage"},"thumbnailUrl":"https:\/\/portaltela.pt\/s.01k8rhncp4jt1\/2026\/04\/CACHE_780X1200_ANALOG_WATERMARKED_34299563_3341396_10092021091532.jpg","keywords":["abastecimento de energia","desenvolvimento sustent\u00e1vel","energia","energia renov\u00e1vel","energias renov\u00e1veis","Mo\u00e7ambique"],"articleSection":["Energia","Not\u00edcias"],"inLanguage":"pt-PT"},{"@type":"WebPage","@id":"https:\/\/portaltela.pt\/noticias\/2026\/04\/20\/producao-de-energia-solar-em-parques-em-mocambique-regista-queda\/","url":"https:\/\/portaltela.pt\/noticias\/2026\/04\/20\/producao-de-energia-solar-em-parques-em-mocambique-regista-queda\/","name":"Produ\u00e7\u00e3o de energia solar em parques em Mo\u00e7ambique regista queda - Portal Tela Portugal","isPartOf":{"@id":"https:\/\/portaltela.pt\/#website"},"primaryImageOfPage":{"@id":"https:\/\/portaltela.pt\/noticias\/2026\/04\/20\/producao-de-energia-solar-em-parques-em-mocambique-regista-queda\/#primaryimage"},"image":{"@id":"https:\/\/portaltela.pt\/noticias\/2026\/04\/20\/producao-de-energia-solar-em-parques-em-mocambique-regista-queda\/#primaryimage"},"thumbnailUrl":"https:\/\/portaltela.pt\/s.01k8rhncp4jt1\/2026\/04\/CACHE_780X1200_ANALOG_WATERMARKED_34299563_3341396_10092021091532.jpg","datePublished":"2026-04-20T08:32:49+00:00","author":{"@id":"https:\/\/portaltela.pt\/#\/schema\/person\/c4278d4a6028830caff9ee44b42d32ed"},"breadcrumb":{"@id":"https:\/\/portaltela.pt\/noticias\/2026\/04\/20\/producao-de-energia-solar-em-parques-em-mocambique-regista-queda\/#breadcrumb"},"inLanguage":"pt-PT","potentialAction":[{"@type":"ReadAction","target":["https:\/\/portaltela.pt\/noticias\/2026\/04\/20\/producao-de-energia-solar-em-parques-em-mocambique-regista-queda\/"]}]},{"@type":"ImageObject","inLanguage":"pt-PT","@id":"https:\/\/portaltela.pt\/noticias\/2026\/04\/20\/producao-de-energia-solar-em-parques-em-mocambique-regista-queda\/#primaryimage","url":"https:\/\/portaltela.pt\/s.01k8rhncp4jt1\/2026\/04\/CACHE_780X1200_ANALOG_WATERMARKED_34299563_3341396_10092021091532.jpg","contentUrl":"https:\/\/portaltela.pt\/s.01k8rhncp4jt1\/2026\/04\/CACHE_780X1200_ANALOG_WATERMARKED_34299563_3341396_10092021091532.jpg","width":796,"height":448,"caption":"Produ\u00e7\u00e3o de eletricidade por parques solares em queda em Mo\u00e7ambique"},{"@type":"BreadcrumbList","@id":"https:\/\/portaltela.pt\/noticias\/2026\/04\/20\/producao-de-energia-solar-em-parques-em-mocambique-regista-queda\/#breadcrumb","itemListElement":[{"@type":"ListItem","position":1,"name":"In\u00edcio","item":"https:\/\/portaltela.pt\/"},{"@type":"ListItem","position":2,"name":"Produ\u00e7\u00e3o de energia solar em parques em Mo\u00e7ambique regista queda"}]},{"@type":"WebSite","@id":"https:\/\/portaltela.pt\/#website","url":"https:\/\/portaltela.pt\/","name":"Portal Tela Portugal","description":"","potentialAction":[{"@type":"SearchAction","target":{"@type":"EntryPoint","urlTemplate":"https:\/\/portaltela.pt\/?s={search_term_string}"},"query-input":{"@type":"PropertyValueSpecification","valueRequired":true,"valueName":"search_term_string"}}],"inLanguage":"pt-PT"},{"@type":"Person","@id":"https:\/\/portaltela.pt\/#\/schema\/person\/c4278d4a6028830caff9ee44b42d32ed","name":"Telinha","image":{"@type":"ImageObject","inLanguage":"pt-PT","@id":"https:\/\/portaltela.pt\/s.01k8rhncp4jt1\/2025\/11\/talking-bot-125x125.png","url":"https:\/\/portaltela.pt\/s.01k8rhncp4jt1\/2025\/11\/talking-bot-125x125.png","contentUrl":"https:\/\/portaltela.pt\/s.01k8rhncp4jt1\/2025\/11\/talking-bot-125x125.png","caption":"Telinha"},"sameAs":["https:\/\/portaltela.pt\/"],"url":"https:\/\/portaltela.pt\/por\/367410592786\/"}]}},"_links":{"self":[{"href":"https:\/\/portaltela.pt\/api\/wp\/v2\/posts\/450865","targetHints":{"allow":["GET"]}}],"collection":[{"href":"https:\/\/portaltela.pt\/api\/wp\/v2\/posts"}],"about":[{"href":"https:\/\/portaltela.pt\/api\/wp\/v2\/types\/post"}],"author":[{"embeddable":true,"href":"https:\/\/portaltela.pt\/api\/wp\/v2\/users\/2"}],"replies":[{"embeddable":true,"href":"https:\/\/portaltela.pt\/api\/wp\/v2\/comments?post=450865"}],"version-history":[{"count":0,"href":"https:\/\/portaltela.pt\/api\/wp\/v2\/posts\/450865\/revisions"}],"wp:featuredmedia":[{"embeddable":true,"href":"https:\/\/portaltela.pt\/api\/wp\/v2\/media\/450877"}],"wp:attachment":[{"href":"https:\/\/portaltela.pt\/api\/wp\/v2\/media?parent=450865"}],"wp:term":[{"taxonomy":"category","embeddable":true,"href":"https:\/\/portaltela.pt\/api\/wp\/v2\/categories?post=450865"},{"taxonomy":"post_tag","embeddable":true,"href":"https:\/\/portaltela.pt\/api\/wp\/v2\/tags?post=450865"}],"curies":[{"name":"wp","href":"https:\/\/api.w.org\/{rel}","templated":true}]}}