{"id":450838,"date":"2026-04-20T05:03:10","date_gmt":"2026-04-20T08:03:10","guid":{"rendered":"https:\/\/portaltela.pt\/noticias\/2026\/04\/20\/morre-aos-91-anos-o-icone-do-tango-argentino-maria-nieves\/"},"modified":"2026-04-20T05:03:10","modified_gmt":"2026-04-20T08:03:10","slug":"morre-aos-91-anos-o-icone-do-tango-argentino-maria-nieves","status":"publish","type":"post","link":"https:\/\/portaltela.pt\/series-e-filmes\/2026\/04\/20\/morre-aos-91-anos-o-icone-do-tango-argentino-maria-nieves\/","title":{"rendered":"Morre aos 91 anos o \u00edcone do tango argentino Mar\u00eda Nieves"},"content":{"rendered":"<p>Maria Nieves, \u00edcone do tango argentino, morreu aos 91 anos neste domingo, em Buenos Aires, segundo fontes culturais locais. A causa da morte n\u00e3o foi especificada. A bailarina e core\u00f3grafa colaborou decisivamente para a proje\u00e7\u00e3o mundial do tango.<\/p>\n<p>Nascida numa fam\u00edlia humilde, Nieves destacou-se na d\u00e9cada de 1950 ao dan\u00e7ar com Juan Carlos Copes. O casal tornou-se refer\u00eancia do tango moderno e performou em palcos globais, elevando o estilo a n\u00edvel internacional.<\/p>\n<h3>Parcerias hist\u00f3ricas e vida pessoal<\/h3>\n<p>Mar\u00eda Nieves casou-se com Juan Carlos Copes entre 1964 e 1973. Mesmo ap\u00f3s o div\u00f3rcio, continuaram a dan\u00e7ar juntos durante mais de quatro d\u00e9cadas, at\u00e9 1997. Surgiu assim o duo conhecido como o Fred Astaire e a Ginger Rogers do tango.<\/p>\n<h3>Legado e impacto internacional<\/h3>\n<p>Em parceria com Copes, Nieves protagonizou o espet\u00e1culo Tango Argentino, criado em 1983 em Paris e com temporadas na Broadway. A produ\u00e7\u00e3o foi fundamental para revitalizar o tango no cen\u00e1rio mundial.<\/p>\n<p>A bailarina ajudou a levar o tango a teatros de Paris e T\u00f3quio e inspirou diversas obras cinematogr\u00e1ficas. A Associa\u00e7\u00e3o de Actores da Argentina e o Minist\u00e9rio da Cultura prestaram homenagens \u00e0 sua carreira.<\/p>\n","protected":false},"excerpt":{"rendered":"<ul>\n<li>A bailarina argentina Mar\u00eda Nieves morreu aos 91 anos no domingo, sem especifica\u00e7\u00e3o p\u00fablica da causa.<\/li>\n<li>Foi uma das figuras de refer\u00eancia do tango, ajudando a popularizar a dan\u00e7a a n\u00edvel mundial, destacando-se nas d\u00e9cadas de cinquenta e sessenta.<\/li>\n<li>Formou, e foi casada entre 1964 e 1973, com Juan Carlos Copes; o duo ficou conhecido como \u201co Fred Astaire e a Ginger Rogers do tango\u201d.<\/li>\n<li>Continuaram a dan\u00e7ar juntos at\u00e9 1997, mantendo a parceria mesmo ap\u00f3s o div\u00f3rcio, e a atua\u00e7\u00e3o ficou marcada em palcos internacionais.<\/li>\n<li>O espet\u00e1culo Tango Argentino, criado em Paris em 1983 com Copes, tornou-se parte fundamental da revitaliza\u00e7\u00e3o internacional do tango, com passagens pela Broadway e em filmes como Assassination Tango, Solamente Ella e Detr\u00e1s de Un Largo Muro.<\/li>\n<\/ul>\n","protected":false},"author":2,"featured_media":450840,"comment_status":"closed","ping_status":"closed","sticky":false,"template":"","format":"standard","meta":{"footnotes":""},"categories":[7375,7368],"tags":[2732,70,145,1683,3163,119],"class_list":["post-450838","post","type-post","status-publish","format-standard","has-post-thumbnail","hentry","category-cultura","category-series-e-filmes","tag-argentina","tag-arte","tag-cultura","tag-danca","tag-paris","tag-teatro"],"yoast_head":"<!-- This site is optimized with the Yoast SEO plugin v27.2 - https:\/\/yoast.com\/product\/yoast-seo-wordpress\/ -->\n<title>Morre aos 91 anos o \u00edcone do tango argentino Mar\u00eda Nieves - Portal Tela Portugal<\/title>\n<meta name=\"robots\" content=\"index, follow, max-snippet:-1, max-image-preview:large, max-video-preview:-1\" \/>\n<meta property=\"og:locale\" content=\"pt_PT\" \/>\n<meta property=\"og:type\" content=\"article\" \/>\n<meta property=\"og:title\" content=\"Morre aos 91 anos o \u00edcone do tango argentino Mar\u00eda Nieves - Portal Tela Portugal\" \/>\n<meta property=\"og:description\" content=\"A bailarina argentina Mar\u00eda Nieves morreu aos 91 anos no domingo, sem especifica\u00e7\u00e3o p\u00fablica da causa. Foi uma das figuras de refer\u00eancia do tango, ajudando a popularizar a dan\u00e7a a n\u00edvel mundial, destacando-se nas d\u00e9cadas de cinquenta e sessenta. Formou, e foi casada entre 1964 e 1973, com Juan Carlos Copes; o duo ficou conhecido como \u201co Fred Astaire e a Ginger Rogers do tango\u201d. Continuaram a dan\u00e7ar juntos at\u00e9 1997, mantendo a parceria mesmo ap\u00f3s o div\u00f3rcio, e a atua\u00e7\u00e3o ficou marcada em palcos internacionais. O espet\u00e1culo Tango Argentino, criado em Paris em 1983 com Copes, tornou-se parte fundamental da revitaliza\u00e7\u00e3o internacional do tango, com passagens pela Broadway e em filmes como Assassination Tango, Solamente Ella e Detr\u00e1s de Un Largo Muro.\" \/>\n<meta property=\"og:url\" content=\"https:\/\/portaltela.pt\/noticias\/2026\/04\/20\/morre-aos-91-anos-o-icone-do-tango-argentino-maria-nieves\/\" \/>\n<meta property=\"og:site_name\" content=\"Portal Tela Portugal\" \/>\n<meta property=\"article:published_time\" content=\"2026-04-20T08:03:10+00:00\" \/>\n<meta name=\"author\" content=\"Telinha\" \/>\n<meta name=\"twitter:card\" content=\"summary_large_image\" \/>\n<meta name=\"twitter:label1\" content=\"Escrito por\" \/>\n\t<meta name=\"twitter:data1\" content=\"Telinha\" \/>\n\t<meta name=\"twitter:label2\" content=\"Tempo estimado de leitura\" \/>\n\t<meta name=\"twitter:data2\" content=\"1 minuto\" \/>\n<script type=\"application\/ld+json\" class=\"yoast-schema-graph\">{\"@context\":\"https:\/\/schema.org\",\"@graph\":[{\"@type\":\"Article\",\"@id\":\"https:\/\/portaltela.pt\/noticias\/2026\/04\/20\/morre-aos-91-anos-o-icone-do-tango-argentino-maria-nieves\/#article\",\"isPartOf\":{\"@id\":\"https:\/\/portaltela.pt\/noticias\/2026\/04\/20\/morre-aos-91-anos-o-icone-do-tango-argentino-maria-nieves\/\"},\"author\":{\"name\":\"Telinha\",\"@id\":\"https:\/\/portaltela.pt\/#\/schema\/person\/c4278d4a6028830caff9ee44b42d32ed\"},\"headline\":\"Morre aos 91 anos o \u00edcone do tango argentino Mar\u00eda Nieves\",\"datePublished\":\"2026-04-20T08:03:10+00:00\",\"mainEntityOfPage\":{\"@id\":\"https:\/\/portaltela.pt\/noticias\/2026\/04\/20\/morre-aos-91-anos-o-icone-do-tango-argentino-maria-nieves\/\"},\"wordCount\":212,\"image\":{\"@id\":\"https:\/\/portaltela.pt\/noticias\/2026\/04\/20\/morre-aos-91-anos-o-icone-do-tango-argentino-maria-nieves\/#primaryimage\"},\"thumbnailUrl\":\"https:\/\/portaltela.pt\/s.01k8rhncp4jt1\/2026\/04\/2082604.jpg\",\"keywords\":[\"Argentina\",\"arte\",\"cultura\",\"dan\u00e7a\",\"Paris\",\"teatro\"],\"articleSection\":[\"Cultura\",\"S\u00e9ries e filmes\"],\"inLanguage\":\"pt-PT\"},{\"@type\":\"WebPage\",\"@id\":\"https:\/\/portaltela.pt\/noticias\/2026\/04\/20\/morre-aos-91-anos-o-icone-do-tango-argentino-maria-nieves\/\",\"url\":\"https:\/\/portaltela.pt\/noticias\/2026\/04\/20\/morre-aos-91-anos-o-icone-do-tango-argentino-maria-nieves\/\",\"name\":\"Morre aos 91 anos o \u00edcone do tango argentino Mar\u00eda Nieves - Portal Tela Portugal\",\"isPartOf\":{\"@id\":\"https:\/\/portaltela.pt\/#website\"},\"primaryImageOfPage\":{\"@id\":\"https:\/\/portaltela.pt\/noticias\/2026\/04\/20\/morre-aos-91-anos-o-icone-do-tango-argentino-maria-nieves\/#primaryimage\"},\"image\":{\"@id\":\"https:\/\/portaltela.pt\/noticias\/2026\/04\/20\/morre-aos-91-anos-o-icone-do-tango-argentino-maria-nieves\/#primaryimage\"},\"thumbnailUrl\":\"https:\/\/portaltela.pt\/s.01k8rhncp4jt1\/2026\/04\/2082604.jpg\",\"datePublished\":\"2026-04-20T08:03:10+00:00\",\"author\":{\"@id\":\"https:\/\/portaltela.pt\/#\/schema\/person\/c4278d4a6028830caff9ee44b42d32ed\"},\"breadcrumb\":{\"@id\":\"https:\/\/portaltela.pt\/noticias\/2026\/04\/20\/morre-aos-91-anos-o-icone-do-tango-argentino-maria-nieves\/#breadcrumb\"},\"inLanguage\":\"pt-PT\",\"potentialAction\":[{\"@type\":\"ReadAction\",\"target\":[\"https:\/\/portaltela.pt\/noticias\/2026\/04\/20\/morre-aos-91-anos-o-icone-do-tango-argentino-maria-nieves\/\"]}]},{\"@type\":\"ImageObject\",\"inLanguage\":\"pt-PT\",\"@id\":\"https:\/\/portaltela.pt\/noticias\/2026\/04\/20\/morre-aos-91-anos-o-icone-do-tango-argentino-maria-nieves\/#primaryimage\",\"url\":\"https:\/\/portaltela.pt\/s.01k8rhncp4jt1\/2026\/04\/2082604.jpg\",\"contentUrl\":\"https:\/\/portaltela.pt\/s.01k8rhncp4jt1\/2026\/04\/2082604.jpg\",\"width\":796,\"height\":448,\"caption\":\"Mar\u00eda Nieves, \\\"uma figura de destaque no tango argentino e uma das suas maiores embaixadoras para o mundo\\\"\"},{\"@type\":\"BreadcrumbList\",\"@id\":\"https:\/\/portaltela.pt\/noticias\/2026\/04\/20\/morre-aos-91-anos-o-icone-do-tango-argentino-maria-nieves\/#breadcrumb\",\"itemListElement\":[{\"@type\":\"ListItem\",\"position\":1,\"name\":\"In\u00edcio\",\"item\":\"https:\/\/portaltela.pt\/\"},{\"@type\":\"ListItem\",\"position\":2,\"name\":\"Morre aos 91 anos o \u00edcone do tango argentino Mar\u00eda Nieves\"}]},{\"@type\":\"WebSite\",\"@id\":\"https:\/\/portaltela.pt\/#website\",\"url\":\"https:\/\/portaltela.pt\/\",\"name\":\"Portal Tela Portugal\",\"description\":\"\",\"potentialAction\":[{\"@type\":\"SearchAction\",\"target\":{\"@type\":\"EntryPoint\",\"urlTemplate\":\"https:\/\/portaltela.pt\/?s={search_term_string}\"},\"query-input\":{\"@type\":\"PropertyValueSpecification\",\"valueRequired\":true,\"valueName\":\"search_term_string\"}}],\"inLanguage\":\"pt-PT\"},{\"@type\":\"Person\",\"@id\":\"https:\/\/portaltela.pt\/#\/schema\/person\/c4278d4a6028830caff9ee44b42d32ed\",\"name\":\"Telinha\",\"image\":{\"@type\":\"ImageObject\",\"inLanguage\":\"pt-PT\",\"@id\":\"https:\/\/portaltela.pt\/s.01k8rhncp4jt1\/2025\/11\/talking-bot-125x125.png\",\"url\":\"https:\/\/portaltela.pt\/s.01k8rhncp4jt1\/2025\/11\/talking-bot-125x125.png\",\"contentUrl\":\"https:\/\/portaltela.pt\/s.01k8rhncp4jt1\/2025\/11\/talking-bot-125x125.png\",\"caption\":\"Telinha\"},\"sameAs\":[\"https:\/\/portaltela.pt\/\"],\"url\":\"https:\/\/portaltela.pt\/por\/367410592786\/\"}]}<\/script>\n<!-- \/ Yoast SEO plugin. -->","yoast_head_json":{"title":"Morre aos 91 anos o \u00edcone do tango argentino Mar\u00eda Nieves - Portal Tela Portugal","robots":{"index":"index","follow":"follow","max-snippet":"max-snippet:-1","max-image-preview":"max-image-preview:large","max-video-preview":"max-video-preview:-1"},"og_locale":"pt_PT","og_type":"article","og_title":"Morre aos 91 anos o \u00edcone do tango argentino Mar\u00eda Nieves - Portal Tela Portugal","og_description":"A bailarina argentina Mar\u00eda Nieves morreu aos 91 anos no domingo, sem especifica\u00e7\u00e3o p\u00fablica da causa. Foi uma das figuras de refer\u00eancia do tango, ajudando a popularizar a dan\u00e7a a n\u00edvel mundial, destacando-se nas d\u00e9cadas de cinquenta e sessenta. Formou, e foi casada entre 1964 e 1973, com Juan Carlos Copes; o duo ficou conhecido como \u201co Fred Astaire e a Ginger Rogers do tango\u201d. Continuaram a dan\u00e7ar juntos at\u00e9 1997, mantendo a parceria mesmo ap\u00f3s o div\u00f3rcio, e a atua\u00e7\u00e3o ficou marcada em palcos internacionais. O espet\u00e1culo Tango Argentino, criado em Paris em 1983 com Copes, tornou-se parte fundamental da revitaliza\u00e7\u00e3o internacional do tango, com passagens pela Broadway e em filmes como Assassination Tango, Solamente Ella e Detr\u00e1s de Un Largo Muro.","og_url":"https:\/\/portaltela.pt\/noticias\/2026\/04\/20\/morre-aos-91-anos-o-icone-do-tango-argentino-maria-nieves\/","og_site_name":"Portal Tela Portugal","article_published_time":"2026-04-20T08:03:10+00:00","author":"Telinha","twitter_card":"summary_large_image","twitter_misc":{"Escrito por":"Telinha","Tempo estimado de leitura":"1 minuto"},"schema":{"@context":"https:\/\/schema.org","@graph":[{"@type":"Article","@id":"https:\/\/portaltela.pt\/noticias\/2026\/04\/20\/morre-aos-91-anos-o-icone-do-tango-argentino-maria-nieves\/#article","isPartOf":{"@id":"https:\/\/portaltela.pt\/noticias\/2026\/04\/20\/morre-aos-91-anos-o-icone-do-tango-argentino-maria-nieves\/"},"author":{"name":"Telinha","@id":"https:\/\/portaltela.pt\/#\/schema\/person\/c4278d4a6028830caff9ee44b42d32ed"},"headline":"Morre aos 91 anos o \u00edcone do tango argentino Mar\u00eda Nieves","datePublished":"2026-04-20T08:03:10+00:00","mainEntityOfPage":{"@id":"https:\/\/portaltela.pt\/noticias\/2026\/04\/20\/morre-aos-91-anos-o-icone-do-tango-argentino-maria-nieves\/"},"wordCount":212,"image":{"@id":"https:\/\/portaltela.pt\/noticias\/2026\/04\/20\/morre-aos-91-anos-o-icone-do-tango-argentino-maria-nieves\/#primaryimage"},"thumbnailUrl":"https:\/\/portaltela.pt\/s.01k8rhncp4jt1\/2026\/04\/2082604.jpg","keywords":["Argentina","arte","cultura","dan\u00e7a","Paris","teatro"],"articleSection":["Cultura","S\u00e9ries e filmes"],"inLanguage":"pt-PT"},{"@type":"WebPage","@id":"https:\/\/portaltela.pt\/noticias\/2026\/04\/20\/morre-aos-91-anos-o-icone-do-tango-argentino-maria-nieves\/","url":"https:\/\/portaltela.pt\/noticias\/2026\/04\/20\/morre-aos-91-anos-o-icone-do-tango-argentino-maria-nieves\/","name":"Morre aos 91 anos o \u00edcone do tango argentino Mar\u00eda Nieves - Portal Tela Portugal","isPartOf":{"@id":"https:\/\/portaltela.pt\/#website"},"primaryImageOfPage":{"@id":"https:\/\/portaltela.pt\/noticias\/2026\/04\/20\/morre-aos-91-anos-o-icone-do-tango-argentino-maria-nieves\/#primaryimage"},"image":{"@id":"https:\/\/portaltela.pt\/noticias\/2026\/04\/20\/morre-aos-91-anos-o-icone-do-tango-argentino-maria-nieves\/#primaryimage"},"thumbnailUrl":"https:\/\/portaltela.pt\/s.01k8rhncp4jt1\/2026\/04\/2082604.jpg","datePublished":"2026-04-20T08:03:10+00:00","author":{"@id":"https:\/\/portaltela.pt\/#\/schema\/person\/c4278d4a6028830caff9ee44b42d32ed"},"breadcrumb":{"@id":"https:\/\/portaltela.pt\/noticias\/2026\/04\/20\/morre-aos-91-anos-o-icone-do-tango-argentino-maria-nieves\/#breadcrumb"},"inLanguage":"pt-PT","potentialAction":[{"@type":"ReadAction","target":["https:\/\/portaltela.pt\/noticias\/2026\/04\/20\/morre-aos-91-anos-o-icone-do-tango-argentino-maria-nieves\/"]}]},{"@type":"ImageObject","inLanguage":"pt-PT","@id":"https:\/\/portaltela.pt\/noticias\/2026\/04\/20\/morre-aos-91-anos-o-icone-do-tango-argentino-maria-nieves\/#primaryimage","url":"https:\/\/portaltela.pt\/s.01k8rhncp4jt1\/2026\/04\/2082604.jpg","contentUrl":"https:\/\/portaltela.pt\/s.01k8rhncp4jt1\/2026\/04\/2082604.jpg","width":796,"height":448,"caption":"Mar\u00eda Nieves, \"uma figura de destaque no tango argentino e uma das suas maiores embaixadoras para o mundo\""},{"@type":"BreadcrumbList","@id":"https:\/\/portaltela.pt\/noticias\/2026\/04\/20\/morre-aos-91-anos-o-icone-do-tango-argentino-maria-nieves\/#breadcrumb","itemListElement":[{"@type":"ListItem","position":1,"name":"In\u00edcio","item":"https:\/\/portaltela.pt\/"},{"@type":"ListItem","position":2,"name":"Morre aos 91 anos o \u00edcone do tango argentino Mar\u00eda Nieves"}]},{"@type":"WebSite","@id":"https:\/\/portaltela.pt\/#website","url":"https:\/\/portaltela.pt\/","name":"Portal Tela Portugal","description":"","potentialAction":[{"@type":"SearchAction","target":{"@type":"EntryPoint","urlTemplate":"https:\/\/portaltela.pt\/?s={search_term_string}"},"query-input":{"@type":"PropertyValueSpecification","valueRequired":true,"valueName":"search_term_string"}}],"inLanguage":"pt-PT"},{"@type":"Person","@id":"https:\/\/portaltela.pt\/#\/schema\/person\/c4278d4a6028830caff9ee44b42d32ed","name":"Telinha","image":{"@type":"ImageObject","inLanguage":"pt-PT","@id":"https:\/\/portaltela.pt\/s.01k8rhncp4jt1\/2025\/11\/talking-bot-125x125.png","url":"https:\/\/portaltela.pt\/s.01k8rhncp4jt1\/2025\/11\/talking-bot-125x125.png","contentUrl":"https:\/\/portaltela.pt\/s.01k8rhncp4jt1\/2025\/11\/talking-bot-125x125.png","caption":"Telinha"},"sameAs":["https:\/\/portaltela.pt\/"],"url":"https:\/\/portaltela.pt\/por\/367410592786\/"}]}},"_links":{"self":[{"href":"https:\/\/portaltela.pt\/api\/wp\/v2\/posts\/450838","targetHints":{"allow":["GET"]}}],"collection":[{"href":"https:\/\/portaltela.pt\/api\/wp\/v2\/posts"}],"about":[{"href":"https:\/\/portaltela.pt\/api\/wp\/v2\/types\/post"}],"author":[{"embeddable":true,"href":"https:\/\/portaltela.pt\/api\/wp\/v2\/users\/2"}],"replies":[{"embeddable":true,"href":"https:\/\/portaltela.pt\/api\/wp\/v2\/comments?post=450838"}],"version-history":[{"count":0,"href":"https:\/\/portaltela.pt\/api\/wp\/v2\/posts\/450838\/revisions"}],"wp:featuredmedia":[{"embeddable":true,"href":"https:\/\/portaltela.pt\/api\/wp\/v2\/media\/450840"}],"wp:attachment":[{"href":"https:\/\/portaltela.pt\/api\/wp\/v2\/media?parent=450838"}],"wp:term":[{"taxonomy":"category","embeddable":true,"href":"https:\/\/portaltela.pt\/api\/wp\/v2\/categories?post=450838"},{"taxonomy":"post_tag","embeddable":true,"href":"https:\/\/portaltela.pt\/api\/wp\/v2\/tags?post=450838"}],"curies":[{"name":"wp","href":"https:\/\/api.w.org\/{rel}","templated":true}]}}