{"id":450827,"date":"2026-04-20T04:48:04","date_gmt":"2026-04-20T07:48:04","guid":{"rendered":"https:\/\/portaltela.pt\/noticias\/2026\/04\/20\/oceanario-de-lisboa-encerra-o-projeto-florestas-submersas\/"},"modified":"2026-04-20T04:48:04","modified_gmt":"2026-04-20T07:48:04","slug":"oceanario-de-lisboa-encerra-o-projeto-florestas-submersas","status":"publish","type":"post","link":"https:\/\/portaltela.pt\/meio-ambiente\/2026\/04\/20\/oceanario-de-lisboa-encerra-o-projeto-florestas-submersas\/","title":{"rendered":"Ocean\u00e1rio de Lisboa encerra o projeto Florestas Submersas"},"content":{"rendered":"<p>O Ocean\u00e1rio de Lisboa encerra a exposi\u00e7\u00e3o Florestas Submersas by Takashi Amano, um projeto inaugurado em 2015 que chega ao fim ap\u00f3s 11 anos e mais de 10 mil horas de mergulho. A atividade di\u00e1ria de manuten\u00e7\u00e3o manteve a vis\u00e3o original do japon\u00eas criador, ainda que o fim tenha sido decidido pela institui\u00e7\u00e3o.<\/p>\n<p>A exposi\u00e7\u00e3o, considerada o maior nature aquarium do mundo, reuniu cerca de 40 esp\u00e9cies de peixes de \u00e1gua doce, 46 de plantas aqu\u00e1ticas e mais de 10 mil organismos vivos, distribu\u00eddos em 12 toneladas de areia, 25 de rocha vulc\u00e2nica e 78 troncos de \u00e1rvores.<\/p>\n<p>Ao longo do ciclo, funcion\u00e1rios mergulharam antes da abertura para manter o layout e a est\u00e9tica que Takashi Amano definiu, com aten\u00e7\u00e3o aos pormenores de rega, poda e limpeza.<\/p>\n<h3>O fim de uma era<\/h3>\n<p>O encerramento est\u00e1 marcado para 30 de junho, ap\u00f3s 11 anos de funcionamento. A decis\u00e3o veio da compreens\u00e3o de que prolongar o aqu\u00e1rio contrariaria a vis\u00e3o original do autor e poderia desrespeitar a obra ao longo do tempo.<\/p>\n<p>At\u00e9 l\u00e1, \u00e9 poss\u00edvel acompanhar podas ao vivo em dias espec\u00edficos e participar em visitas aos bastidores, com acesso orientado por educadores marinhos. As sess\u00f5es de manuten\u00e7\u00e3o continuam a ocorrer, mantendo o ambiente est\u00e1vel.<\/p>\n<h3>O que sucede \u00e0s esp\u00e9cies<\/h3>\n<p>Ao terminar o ciclo, as esp\u00e9cies ser\u00e3o transferidas para institui\u00e7\u00f5es que cumpram os requisitos de bem-estar animal do Ocean\u00e1rio. O aqu\u00e1rio continuar\u00e1 a funcionar at\u00e9 serem encontradas novas casas para os organismos.<\/p>\n<p>A exposi\u00e7\u00e3o mant\u00e9m a proposta educativa, permitindo que visitantes conhe\u00e7am a filosofia japonesa wabi-sabi, que admite a imperman\u00eancia como parte da natureza.<\/p>\n<p>Os bastidores oferecem ainda visitas guiadas para entender as ferramentas usadas e o m\u00e9todo de trabalho empregado pela equipa, em coopera\u00e7\u00e3o com especialistas japoneses.<\/p>\n","protected":false},"excerpt":{"rendered":"<ul>\n<li>O Ocean\u00e1rio de Lisboa despede-se da exposi\u00e7\u00e3o &#8220;Florestas Submersas by Takashi Amano&#8221; ap\u00f3s onze anos, com o encerramento previsto para 30 de junho.<\/li>\n<li>Desde 2015, a exposi\u00e7\u00e3o contabiliza cerca de 11 mil horas de mergulho especializado para manter a vis\u00e3o original do criador.<\/li>\n<li>O aqu\u00e1rio tem quarenta metros de extens\u00e3o, com entre tr\u00eas a quatro mergulhadores di\u00e1rios a manter o espa\u00e7o conforme o conceito de Amano.<\/li>\n<li>Takashi Amano, fot\u00f3grafo de paisagem e pioneiro do conceito &#8220;nature aquarium&#8221;, faleceu quatro meses ap\u00f3s a inaugura\u00e7\u00e3o da exposi\u00e7\u00e3o.<\/li>\n<li>At\u00e9 ao final de junho \u00e9 poss\u00edvel assistir a podas ao vivo; depois do encerramento, os animais ser\u00e3o cedidos a outras institui\u00e7\u00f5es que atendam aos requisitos de bem-estar.<\/li>\n<\/ul>\n","protected":false},"author":2,"featured_media":450832,"comment_status":"closed","ping_status":"closed","sticky":false,"template":"","format":"standard","meta":{"footnotes":""},"categories":[6725],"tags":[8238,8131,8911,9103,8278,8678],"class_list":["post-450827","post","type-post","status-publish","format-standard","has-post-thumbnail","hentry","category-meio-ambiente","tag-_ambiente","tag-_animais","tag-_educacao-ambiental","tag-_exposicao","tag-_floresta","tag-_peixes"],"yoast_head":"<!-- This site is optimized with the Yoast SEO plugin v27.2 - https:\/\/yoast.com\/product\/yoast-seo-wordpress\/ -->\n<title>Ocean\u00e1rio de Lisboa encerra o projeto Florestas Submersas - Portal Tela Portugal<\/title>\n<meta name=\"robots\" content=\"index, follow, max-snippet:-1, max-image-preview:large, max-video-preview:-1\" \/>\n<meta property=\"og:locale\" content=\"pt_PT\" \/>\n<meta property=\"og:type\" content=\"article\" \/>\n<meta property=\"og:title\" content=\"Ocean\u00e1rio de Lisboa encerra o projeto Florestas Submersas - Portal Tela Portugal\" \/>\n<meta property=\"og:description\" content=\"O Ocean\u00e1rio de Lisboa despede-se da exposi\u00e7\u00e3o &quot;Florestas Submersas by Takashi Amano&quot; ap\u00f3s onze anos, com o encerramento previsto para 30 de junho. Desde 2015, a exposi\u00e7\u00e3o contabiliza cerca de 11 mil horas de mergulho especializado para manter a vis\u00e3o original do criador. O aqu\u00e1rio tem quarenta metros de extens\u00e3o, com entre tr\u00eas a quatro mergulhadores di\u00e1rios a manter o espa\u00e7o conforme o conceito de Amano. Takashi Amano, fot\u00f3grafo de paisagem e pioneiro do conceito &quot;nature aquarium&quot;, faleceu quatro meses ap\u00f3s a inaugura\u00e7\u00e3o da exposi\u00e7\u00e3o. At\u00e9 ao final de junho \u00e9 poss\u00edvel assistir a podas ao vivo; depois do encerramento, os animais ser\u00e3o cedidos a outras institui\u00e7\u00f5es que atendam aos requisitos de bem-estar.\" \/>\n<meta property=\"og:url\" content=\"https:\/\/portaltela.pt\/noticias\/2026\/04\/20\/oceanario-de-lisboa-encerra-o-projeto-florestas-submersas\/\" \/>\n<meta property=\"og:site_name\" content=\"Portal Tela Portugal\" \/>\n<meta property=\"article:published_time\" content=\"2026-04-20T07:48:04+00:00\" \/>\n<meta name=\"author\" content=\"Telinha\" \/>\n<meta name=\"twitter:card\" content=\"summary_large_image\" \/>\n<meta name=\"twitter:label1\" content=\"Escrito por\" \/>\n\t<meta name=\"twitter:data1\" content=\"Telinha\" \/>\n\t<meta name=\"twitter:label2\" content=\"Tempo estimado de leitura\" \/>\n\t<meta name=\"twitter:data2\" content=\"2 minutos\" \/>\n<script type=\"application\/ld+json\" class=\"yoast-schema-graph\">{\"@context\":\"https:\/\/schema.org\",\"@graph\":[{\"@type\":\"Article\",\"@id\":\"https:\/\/portaltela.pt\/noticias\/2026\/04\/20\/oceanario-de-lisboa-encerra-o-projeto-florestas-submersas\/#article\",\"isPartOf\":{\"@id\":\"https:\/\/portaltela.pt\/noticias\/2026\/04\/20\/oceanario-de-lisboa-encerra-o-projeto-florestas-submersas\/\"},\"author\":{\"name\":\"Telinha\",\"@id\":\"https:\/\/portaltela.pt\/#\/schema\/person\/c4278d4a6028830caff9ee44b42d32ed\"},\"headline\":\"Ocean\u00e1rio de Lisboa encerra o projeto Florestas Submersas\",\"datePublished\":\"2026-04-20T07:48:04+00:00\",\"mainEntityOfPage\":{\"@id\":\"https:\/\/portaltela.pt\/noticias\/2026\/04\/20\/oceanario-de-lisboa-encerra-o-projeto-florestas-submersas\/\"},\"wordCount\":322,\"image\":{\"@id\":\"https:\/\/portaltela.pt\/noticias\/2026\/04\/20\/oceanario-de-lisboa-encerra-o-projeto-florestas-submersas\/#primaryimage\"},\"thumbnailUrl\":\"https:\/\/portaltela.pt\/s.01k8rhncp4jt1\/2026\/04\/1536x864_cmsv2_8d0a1eff-47ba-5950-a9d8-436d7c835b7b-9716040.jpg\",\"keywords\":[\"_ambiente\",\"_animais\",\"_educa\u00e7\u00e3o ambiental\",\"_exposi\u00e7\u00e3o\",\"_floresta\",\"_Peixes\"],\"articleSection\":[\"Meio Ambiente\"],\"inLanguage\":\"pt-PT\"},{\"@type\":\"WebPage\",\"@id\":\"https:\/\/portaltela.pt\/noticias\/2026\/04\/20\/oceanario-de-lisboa-encerra-o-projeto-florestas-submersas\/\",\"url\":\"https:\/\/portaltela.pt\/noticias\/2026\/04\/20\/oceanario-de-lisboa-encerra-o-projeto-florestas-submersas\/\",\"name\":\"Ocean\u00e1rio de Lisboa encerra o projeto Florestas Submersas - Portal Tela Portugal\",\"isPartOf\":{\"@id\":\"https:\/\/portaltela.pt\/#website\"},\"primaryImageOfPage\":{\"@id\":\"https:\/\/portaltela.pt\/noticias\/2026\/04\/20\/oceanario-de-lisboa-encerra-o-projeto-florestas-submersas\/#primaryimage\"},\"image\":{\"@id\":\"https:\/\/portaltela.pt\/noticias\/2026\/04\/20\/oceanario-de-lisboa-encerra-o-projeto-florestas-submersas\/#primaryimage\"},\"thumbnailUrl\":\"https:\/\/portaltela.pt\/s.01k8rhncp4jt1\/2026\/04\/1536x864_cmsv2_8d0a1eff-47ba-5950-a9d8-436d7c835b7b-9716040.jpg\",\"datePublished\":\"2026-04-20T07:48:04+00:00\",\"author\":{\"@id\":\"https:\/\/portaltela.pt\/#\/schema\/person\/c4278d4a6028830caff9ee44b42d32ed\"},\"breadcrumb\":{\"@id\":\"https:\/\/portaltela.pt\/noticias\/2026\/04\/20\/oceanario-de-lisboa-encerra-o-projeto-florestas-submersas\/#breadcrumb\"},\"inLanguage\":\"pt-PT\",\"potentialAction\":[{\"@type\":\"ReadAction\",\"target\":[\"https:\/\/portaltela.pt\/noticias\/2026\/04\/20\/oceanario-de-lisboa-encerra-o-projeto-florestas-submersas\/\"]}]},{\"@type\":\"ImageObject\",\"inLanguage\":\"pt-PT\",\"@id\":\"https:\/\/portaltela.pt\/noticias\/2026\/04\/20\/oceanario-de-lisboa-encerra-o-projeto-florestas-submersas\/#primaryimage\",\"url\":\"https:\/\/portaltela.pt\/s.01k8rhncp4jt1\/2026\/04\/1536x864_cmsv2_8d0a1eff-47ba-5950-a9d8-436d7c835b7b-9716040.jpg\",\"contentUrl\":\"https:\/\/portaltela.pt\/s.01k8rhncp4jt1\/2026\/04\/1536x864_cmsv2_8d0a1eff-47ba-5950-a9d8-436d7c835b7b-9716040.jpg\",\"width\":796,\"height\":448,\"caption\":\"Florestas Submersas\"},{\"@type\":\"BreadcrumbList\",\"@id\":\"https:\/\/portaltela.pt\/noticias\/2026\/04\/20\/oceanario-de-lisboa-encerra-o-projeto-florestas-submersas\/#breadcrumb\",\"itemListElement\":[{\"@type\":\"ListItem\",\"position\":1,\"name\":\"In\u00edcio\",\"item\":\"https:\/\/portaltela.pt\/\"},{\"@type\":\"ListItem\",\"position\":2,\"name\":\"Ocean\u00e1rio de Lisboa encerra o projeto Florestas Submersas\"}]},{\"@type\":\"WebSite\",\"@id\":\"https:\/\/portaltela.pt\/#website\",\"url\":\"https:\/\/portaltela.pt\/\",\"name\":\"Portal Tela Portugal\",\"description\":\"\",\"potentialAction\":[{\"@type\":\"SearchAction\",\"target\":{\"@type\":\"EntryPoint\",\"urlTemplate\":\"https:\/\/portaltela.pt\/?s={search_term_string}\"},\"query-input\":{\"@type\":\"PropertyValueSpecification\",\"valueRequired\":true,\"valueName\":\"search_term_string\"}}],\"inLanguage\":\"pt-PT\"},{\"@type\":\"Person\",\"@id\":\"https:\/\/portaltela.pt\/#\/schema\/person\/c4278d4a6028830caff9ee44b42d32ed\",\"name\":\"Telinha\",\"image\":{\"@type\":\"ImageObject\",\"inLanguage\":\"pt-PT\",\"@id\":\"https:\/\/portaltela.pt\/s.01k8rhncp4jt1\/2025\/11\/talking-bot-125x125.png\",\"url\":\"https:\/\/portaltela.pt\/s.01k8rhncp4jt1\/2025\/11\/talking-bot-125x125.png\",\"contentUrl\":\"https:\/\/portaltela.pt\/s.01k8rhncp4jt1\/2025\/11\/talking-bot-125x125.png\",\"caption\":\"Telinha\"},\"sameAs\":[\"https:\/\/portaltela.pt\/\"],\"url\":\"https:\/\/portaltela.pt\/por\/367410592786\/\"}]}<\/script>\n<!-- \/ Yoast SEO plugin. -->","yoast_head_json":{"title":"Ocean\u00e1rio de Lisboa encerra o projeto Florestas Submersas - Portal Tela Portugal","robots":{"index":"index","follow":"follow","max-snippet":"max-snippet:-1","max-image-preview":"max-image-preview:large","max-video-preview":"max-video-preview:-1"},"og_locale":"pt_PT","og_type":"article","og_title":"Ocean\u00e1rio de Lisboa encerra o projeto Florestas Submersas - Portal Tela Portugal","og_description":"O Ocean\u00e1rio de Lisboa despede-se da exposi\u00e7\u00e3o \"Florestas Submersas by Takashi Amano\" ap\u00f3s onze anos, com o encerramento previsto para 30 de junho. Desde 2015, a exposi\u00e7\u00e3o contabiliza cerca de 11 mil horas de mergulho especializado para manter a vis\u00e3o original do criador. O aqu\u00e1rio tem quarenta metros de extens\u00e3o, com entre tr\u00eas a quatro mergulhadores di\u00e1rios a manter o espa\u00e7o conforme o conceito de Amano. Takashi Amano, fot\u00f3grafo de paisagem e pioneiro do conceito \"nature aquarium\", faleceu quatro meses ap\u00f3s a inaugura\u00e7\u00e3o da exposi\u00e7\u00e3o. At\u00e9 ao final de junho \u00e9 poss\u00edvel assistir a podas ao vivo; depois do encerramento, os animais ser\u00e3o cedidos a outras institui\u00e7\u00f5es que atendam aos requisitos de bem-estar.","og_url":"https:\/\/portaltela.pt\/noticias\/2026\/04\/20\/oceanario-de-lisboa-encerra-o-projeto-florestas-submersas\/","og_site_name":"Portal Tela Portugal","article_published_time":"2026-04-20T07:48:04+00:00","author":"Telinha","twitter_card":"summary_large_image","twitter_misc":{"Escrito por":"Telinha","Tempo estimado de leitura":"2 minutos"},"schema":{"@context":"https:\/\/schema.org","@graph":[{"@type":"Article","@id":"https:\/\/portaltela.pt\/noticias\/2026\/04\/20\/oceanario-de-lisboa-encerra-o-projeto-florestas-submersas\/#article","isPartOf":{"@id":"https:\/\/portaltela.pt\/noticias\/2026\/04\/20\/oceanario-de-lisboa-encerra-o-projeto-florestas-submersas\/"},"author":{"name":"Telinha","@id":"https:\/\/portaltela.pt\/#\/schema\/person\/c4278d4a6028830caff9ee44b42d32ed"},"headline":"Ocean\u00e1rio de Lisboa encerra o projeto Florestas Submersas","datePublished":"2026-04-20T07:48:04+00:00","mainEntityOfPage":{"@id":"https:\/\/portaltela.pt\/noticias\/2026\/04\/20\/oceanario-de-lisboa-encerra-o-projeto-florestas-submersas\/"},"wordCount":322,"image":{"@id":"https:\/\/portaltela.pt\/noticias\/2026\/04\/20\/oceanario-de-lisboa-encerra-o-projeto-florestas-submersas\/#primaryimage"},"thumbnailUrl":"https:\/\/portaltela.pt\/s.01k8rhncp4jt1\/2026\/04\/1536x864_cmsv2_8d0a1eff-47ba-5950-a9d8-436d7c835b7b-9716040.jpg","keywords":["_ambiente","_animais","_educa\u00e7\u00e3o ambiental","_exposi\u00e7\u00e3o","_floresta","_Peixes"],"articleSection":["Meio Ambiente"],"inLanguage":"pt-PT"},{"@type":"WebPage","@id":"https:\/\/portaltela.pt\/noticias\/2026\/04\/20\/oceanario-de-lisboa-encerra-o-projeto-florestas-submersas\/","url":"https:\/\/portaltela.pt\/noticias\/2026\/04\/20\/oceanario-de-lisboa-encerra-o-projeto-florestas-submersas\/","name":"Ocean\u00e1rio de Lisboa encerra o projeto Florestas Submersas - Portal Tela Portugal","isPartOf":{"@id":"https:\/\/portaltela.pt\/#website"},"primaryImageOfPage":{"@id":"https:\/\/portaltela.pt\/noticias\/2026\/04\/20\/oceanario-de-lisboa-encerra-o-projeto-florestas-submersas\/#primaryimage"},"image":{"@id":"https:\/\/portaltela.pt\/noticias\/2026\/04\/20\/oceanario-de-lisboa-encerra-o-projeto-florestas-submersas\/#primaryimage"},"thumbnailUrl":"https:\/\/portaltela.pt\/s.01k8rhncp4jt1\/2026\/04\/1536x864_cmsv2_8d0a1eff-47ba-5950-a9d8-436d7c835b7b-9716040.jpg","datePublished":"2026-04-20T07:48:04+00:00","author":{"@id":"https:\/\/portaltela.pt\/#\/schema\/person\/c4278d4a6028830caff9ee44b42d32ed"},"breadcrumb":{"@id":"https:\/\/portaltela.pt\/noticias\/2026\/04\/20\/oceanario-de-lisboa-encerra-o-projeto-florestas-submersas\/#breadcrumb"},"inLanguage":"pt-PT","potentialAction":[{"@type":"ReadAction","target":["https:\/\/portaltela.pt\/noticias\/2026\/04\/20\/oceanario-de-lisboa-encerra-o-projeto-florestas-submersas\/"]}]},{"@type":"ImageObject","inLanguage":"pt-PT","@id":"https:\/\/portaltela.pt\/noticias\/2026\/04\/20\/oceanario-de-lisboa-encerra-o-projeto-florestas-submersas\/#primaryimage","url":"https:\/\/portaltela.pt\/s.01k8rhncp4jt1\/2026\/04\/1536x864_cmsv2_8d0a1eff-47ba-5950-a9d8-436d7c835b7b-9716040.jpg","contentUrl":"https:\/\/portaltela.pt\/s.01k8rhncp4jt1\/2026\/04\/1536x864_cmsv2_8d0a1eff-47ba-5950-a9d8-436d7c835b7b-9716040.jpg","width":796,"height":448,"caption":"Florestas Submersas"},{"@type":"BreadcrumbList","@id":"https:\/\/portaltela.pt\/noticias\/2026\/04\/20\/oceanario-de-lisboa-encerra-o-projeto-florestas-submersas\/#breadcrumb","itemListElement":[{"@type":"ListItem","position":1,"name":"In\u00edcio","item":"https:\/\/portaltela.pt\/"},{"@type":"ListItem","position":2,"name":"Ocean\u00e1rio de Lisboa encerra o projeto Florestas Submersas"}]},{"@type":"WebSite","@id":"https:\/\/portaltela.pt\/#website","url":"https:\/\/portaltela.pt\/","name":"Portal Tela Portugal","description":"","potentialAction":[{"@type":"SearchAction","target":{"@type":"EntryPoint","urlTemplate":"https:\/\/portaltela.pt\/?s={search_term_string}"},"query-input":{"@type":"PropertyValueSpecification","valueRequired":true,"valueName":"search_term_string"}}],"inLanguage":"pt-PT"},{"@type":"Person","@id":"https:\/\/portaltela.pt\/#\/schema\/person\/c4278d4a6028830caff9ee44b42d32ed","name":"Telinha","image":{"@type":"ImageObject","inLanguage":"pt-PT","@id":"https:\/\/portaltela.pt\/s.01k8rhncp4jt1\/2025\/11\/talking-bot-125x125.png","url":"https:\/\/portaltela.pt\/s.01k8rhncp4jt1\/2025\/11\/talking-bot-125x125.png","contentUrl":"https:\/\/portaltela.pt\/s.01k8rhncp4jt1\/2025\/11\/talking-bot-125x125.png","caption":"Telinha"},"sameAs":["https:\/\/portaltela.pt\/"],"url":"https:\/\/portaltela.pt\/por\/367410592786\/"}]}},"_links":{"self":[{"href":"https:\/\/portaltela.pt\/api\/wp\/v2\/posts\/450827","targetHints":{"allow":["GET"]}}],"collection":[{"href":"https:\/\/portaltela.pt\/api\/wp\/v2\/posts"}],"about":[{"href":"https:\/\/portaltela.pt\/api\/wp\/v2\/types\/post"}],"author":[{"embeddable":true,"href":"https:\/\/portaltela.pt\/api\/wp\/v2\/users\/2"}],"replies":[{"embeddable":true,"href":"https:\/\/portaltela.pt\/api\/wp\/v2\/comments?post=450827"}],"version-history":[{"count":0,"href":"https:\/\/portaltela.pt\/api\/wp\/v2\/posts\/450827\/revisions"}],"wp:featuredmedia":[{"embeddable":true,"href":"https:\/\/portaltela.pt\/api\/wp\/v2\/media\/450832"}],"wp:attachment":[{"href":"https:\/\/portaltela.pt\/api\/wp\/v2\/media?parent=450827"}],"wp:term":[{"taxonomy":"category","embeddable":true,"href":"https:\/\/portaltela.pt\/api\/wp\/v2\/categories?post=450827"},{"taxonomy":"post_tag","embeddable":true,"href":"https:\/\/portaltela.pt\/api\/wp\/v2\/tags?post=450827"}],"curies":[{"name":"wp","href":"https:\/\/api.w.org\/{rel}","templated":true}]}}