{"id":450816,"date":"2026-04-20T04:33:10","date_gmt":"2026-04-20T07:33:10","guid":{"rendered":"https:\/\/portaltela.pt\/noticias\/2026\/04\/20\/ministro-da-administracao-interna-anuncia-mudancas-no-siresp-visiveis-no-verao\/"},"modified":"2026-04-20T04:33:10","modified_gmt":"2026-04-20T07:33:10","slug":"ministro-da-administracao-interna-anuncia-mudancas-no-siresp-visiveis-no-verao","status":"publish","type":"post","link":"https:\/\/portaltela.pt\/seguranca\/2026\/04\/20\/ministro-da-administracao-interna-anuncia-mudancas-no-siresp-visiveis-no-verao\/","title":{"rendered":"Ministro da Administra\u00e7\u00e3o Interna anuncia mudan\u00e7as no SIRESP, vis\u00edveis no ver\u00e3o"},"content":{"rendered":"<p>O ministro da Administra\u00e7\u00e3o Interna anunciou que, no ver\u00e3o, j\u00e1 ser\u00e3o vis\u00edveis parte das altera\u00e7\u00f5es no SIRESP. O objetivo \u00e9 aumentar a capacidade de comunica\u00e7\u00e3o com mais equipamentos, retransmissores e canais pr\u00f3prios para cada entidade.<\/p>\n<p>Durante a entrevista ao podcast Pol\u00edtica com Assinatura, o ministro afirmou que as mudan\u00e7as ser\u00e3o apresentadas nos pr\u00f3ximos dias e que se visar\u00e3o saltos qualitativos na efic\u00e1cia, na resposta e no alcance do sistema.<\/p>\n<p>O dossier em cima da mesa foi entregue ao Governo em fevereiro, ap\u00f3s o falhan\u00e7o do SIRESP durante o apag\u00e3o de 2024. O grupo de trabalho recomenda um sistema mais robusto, fi\u00e1vel e interoper\u00e1vel, com redund\u00e2ncias claras e melhoria da capacidade.<\/p>\n<p>Questionado sobre uma poss\u00edvel mudan\u00e7a de marca, o ministro respondeu que chamar o sistema por outro nome sem mudar estruturas n\u00e3o faz sentido, e que a prioridade s\u00e3o redund\u00e2ncias e capacidades t\u00e9cnicas.<\/p>\n<p>O Governo aponta ainda para refor\u00e7ar a rela\u00e7\u00e3o com as juntas de freguesia, que permanecem pr\u00f3ximas da popula\u00e7\u00e3o. O objetivo \u00e9 evitar falhas similares \u00e0s ocorridas no passado, garantindo resposta r\u00e1pida e eficiente.<\/p>\n<h3>CIPO: coordena\u00e7\u00e3o e interven\u00e7\u00e3o no terreno<\/h3>\n<p>Foi criado o Comando Integrado de Preven\u00e7\u00e3o e Opera\u00e7\u00f5es para reduzir o risco de inc\u00eandio rural, em resposta \u00e0s tempestades de janeiro e fevereiro. A interven\u00e7\u00e3o abrange 22 concelhos, a nascente de Leiria em dire\u00e7\u00e3o ao interior.<\/p>\n<p>A estrutura agrega v\u00e1rias entidades com val\u00eancias na limpeza e prepara\u00e7\u00e3o do terreno, liderada por El\u00edsio Oliveira, da ANEPC. No terreno est\u00e3o 1.500 operacionais e cerca de 400 equipamentos para limpar mais de 3 mil quil\u00f3metros de vias, aceiros e caminhos rurais.<\/p>\n<p>O CIPO est\u00e1 j\u00e1 preparado para manter o trabalho ativo durante o ver\u00e3o, em contextos de dificuldades extremas no combate aos inc\u00eandios. O ministro enfatizou que o comando elimina entraves burocr\u00e1ticos e melhora a coordena\u00e7\u00e3o entre entidades.<\/p>\n","protected":false},"excerpt":{"rendered":"<ul>\n<li>O Governo diz que, no ver\u00e3o, v\u00e3o ser vis\u00edveis mudan\u00e7as no SIRESP, com mais equipamentos, retransmissores e canais pr\u00f3prios de comunica\u00e7\u00e3o.<\/li>\n<li>O ministro da Administra\u00e7\u00e3o Interna afirma que as altera\u00e7\u00f5es visam aumentar a efic\u00e1cia, a resposta e o alcance do sistema, e que ser\u00e3o anunciadas nos pr\u00f3ximos dias.<\/li>\n<li>O grupo de trabalho criado para encontrar uma alternativa ao SIRESP est\u00e1 no aceite do Governo desde fevereiro, ap\u00f3s o falhan\u00e7o no apag\u00e3o de abril do ano passado.<\/li>\n<li>O Governo rejeita mudar apenas de marca: garante que haver\u00e1 refor\u00e7os de redund\u00e2ncia e capacidade, sem apenas trocar o nome ao SIRESP.<\/li>\n<li>O Comando Integrado de Preven\u00e7\u00e3o e Opera\u00e7\u00f5es (CIPO) est\u00e1 j\u00e1 em funcionamento, com 1.500 operacionais e cerca de 400 equipamentos, para limpar mais de tr\u00eas mil quil\u00f4metros de estradas, aceiros e caminhos rurais em 22 concelhos.<\/li>\n<\/ul>\n","protected":false},"author":2,"featured_media":450818,"comment_status":"closed","ping_status":"closed","sticky":false,"template":"","format":"standard","meta":{"footnotes":""},"categories":[1,6779],"tags":[5798,4340,1438,4311,320,5432],"class_list":["post-450816","post","type-post","status-publish","format-standard","has-post-thumbnail","hentry","category-noticias","category-seguranca","tag-administracao-interna","tag-anepc","tag-incendio","tag-juntas-de-freguesia","tag-protecao-civil","tag-siresp"],"yoast_head":"<!-- This site is optimized with the Yoast SEO plugin v27.2 - https:\/\/yoast.com\/product\/yoast-seo-wordpress\/ -->\n<title>Ministro da Administra\u00e7\u00e3o Interna anuncia mudan\u00e7as no SIRESP, vis\u00edveis no ver\u00e3o - Portal Tela Portugal<\/title>\n<meta name=\"robots\" content=\"index, follow, max-snippet:-1, max-image-preview:large, max-video-preview:-1\" \/>\n<meta property=\"og:locale\" content=\"pt_PT\" \/>\n<meta property=\"og:type\" content=\"article\" \/>\n<meta property=\"og:title\" content=\"Ministro da Administra\u00e7\u00e3o Interna anuncia mudan\u00e7as no SIRESP, vis\u00edveis no ver\u00e3o - Portal Tela Portugal\" \/>\n<meta property=\"og:description\" content=\"O Governo diz que, no ver\u00e3o, v\u00e3o ser vis\u00edveis mudan\u00e7as no SIRESP, com mais equipamentos, retransmissores e canais pr\u00f3prios de comunica\u00e7\u00e3o. O ministro da Administra\u00e7\u00e3o Interna afirma que as altera\u00e7\u00f5es visam aumentar a efic\u00e1cia, a resposta e o alcance do sistema, e que ser\u00e3o anunciadas nos pr\u00f3ximos dias. O grupo de trabalho criado para encontrar uma alternativa ao SIRESP est\u00e1 no aceite do Governo desde fevereiro, ap\u00f3s o falhan\u00e7o no apag\u00e3o de abril do ano passado. O Governo rejeita mudar apenas de marca: garante que haver\u00e1 refor\u00e7os de redund\u00e2ncia e capacidade, sem apenas trocar o nome ao SIRESP. O Comando Integrado de Preven\u00e7\u00e3o e Opera\u00e7\u00f5es (CIPO) est\u00e1 j\u00e1 em funcionamento, com 1.500 operacionais e cerca de 400 equipamentos, para limpar mais de tr\u00eas mil quil\u00f4metros de estradas, aceiros e caminhos rurais em 22 concelhos.\" \/>\n<meta property=\"og:url\" content=\"https:\/\/portaltela.pt\/noticias\/2026\/04\/20\/ministro-da-administracao-interna-anuncia-mudancas-no-siresp-visiveis-no-verao\/\" \/>\n<meta property=\"og:site_name\" content=\"Portal Tela Portugal\" \/>\n<meta property=\"article:published_time\" content=\"2026-04-20T07:33:10+00:00\" \/>\n<meta name=\"author\" content=\"Telinha\" \/>\n<meta name=\"twitter:card\" content=\"summary_large_image\" \/>\n<meta name=\"twitter:label1\" content=\"Escrito por\" \/>\n\t<meta name=\"twitter:data1\" content=\"Telinha\" \/>\n\t<meta name=\"twitter:label2\" content=\"Tempo estimado de leitura\" \/>\n\t<meta name=\"twitter:data2\" content=\"2 minutos\" \/>\n<script type=\"application\/ld+json\" class=\"yoast-schema-graph\">{\"@context\":\"https:\/\/schema.org\",\"@graph\":[{\"@type\":\"Article\",\"@id\":\"https:\/\/portaltela.pt\/noticias\/2026\/04\/20\/ministro-da-administracao-interna-anuncia-mudancas-no-siresp-visiveis-no-verao\/#article\",\"isPartOf\":{\"@id\":\"https:\/\/portaltela.pt\/noticias\/2026\/04\/20\/ministro-da-administracao-interna-anuncia-mudancas-no-siresp-visiveis-no-verao\/\"},\"author\":{\"name\":\"Telinha\",\"@id\":\"https:\/\/portaltela.pt\/#\/schema\/person\/c4278d4a6028830caff9ee44b42d32ed\"},\"headline\":\"Ministro da Administra\u00e7\u00e3o Interna anuncia mudan\u00e7as no SIRESP, vis\u00edveis no ver\u00e3o\",\"datePublished\":\"2026-04-20T07:33:10+00:00\",\"mainEntityOfPage\":{\"@id\":\"https:\/\/portaltela.pt\/noticias\/2026\/04\/20\/ministro-da-administracao-interna-anuncia-mudancas-no-siresp-visiveis-no-verao\/\"},\"wordCount\":352,\"image\":{\"@id\":\"https:\/\/portaltela.pt\/noticias\/2026\/04\/20\/ministro-da-administracao-interna-anuncia-mudancas-no-siresp-visiveis-no-verao\/#primaryimage\"},\"thumbnailUrl\":\"https:\/\/portaltela.pt\/s.01k8rhncp4jt1\/2026\/04\/img_1500x1000uu2019-06-20-02-44-18-862324.jpg\",\"keywords\":[\"Administra\u00e7\u00e3o Interna\",\"ANEPC\",\"inc\u00eandio\",\"juntas de freguesia\",\"prote\u00e7\u00e3o civil\",\"SIRESP\"],\"articleSection\":[\"Not\u00edcias\",\"Seguran\u00e7a\"],\"inLanguage\":\"pt-PT\"},{\"@type\":\"WebPage\",\"@id\":\"https:\/\/portaltela.pt\/noticias\/2026\/04\/20\/ministro-da-administracao-interna-anuncia-mudancas-no-siresp-visiveis-no-verao\/\",\"url\":\"https:\/\/portaltela.pt\/noticias\/2026\/04\/20\/ministro-da-administracao-interna-anuncia-mudancas-no-siresp-visiveis-no-verao\/\",\"name\":\"Ministro da Administra\u00e7\u00e3o Interna anuncia mudan\u00e7as no SIRESP, vis\u00edveis no ver\u00e3o - Portal Tela Portugal\",\"isPartOf\":{\"@id\":\"https:\/\/portaltela.pt\/#website\"},\"primaryImageOfPage\":{\"@id\":\"https:\/\/portaltela.pt\/noticias\/2026\/04\/20\/ministro-da-administracao-interna-anuncia-mudancas-no-siresp-visiveis-no-verao\/#primaryimage\"},\"image\":{\"@id\":\"https:\/\/portaltela.pt\/noticias\/2026\/04\/20\/ministro-da-administracao-interna-anuncia-mudancas-no-siresp-visiveis-no-verao\/#primaryimage\"},\"thumbnailUrl\":\"https:\/\/portaltela.pt\/s.01k8rhncp4jt1\/2026\/04\/img_1500x1000uu2019-06-20-02-44-18-862324.jpg\",\"datePublished\":\"2026-04-20T07:33:10+00:00\",\"author\":{\"@id\":\"https:\/\/portaltela.pt\/#\/schema\/person\/c4278d4a6028830caff9ee44b42d32ed\"},\"breadcrumb\":{\"@id\":\"https:\/\/portaltela.pt\/noticias\/2026\/04\/20\/ministro-da-administracao-interna-anuncia-mudancas-no-siresp-visiveis-no-verao\/#breadcrumb\"},\"inLanguage\":\"pt-PT\",\"potentialAction\":[{\"@type\":\"ReadAction\",\"target\":[\"https:\/\/portaltela.pt\/noticias\/2026\/04\/20\/ministro-da-administracao-interna-anuncia-mudancas-no-siresp-visiveis-no-verao\/\"]}]},{\"@type\":\"ImageObject\",\"inLanguage\":\"pt-PT\",\"@id\":\"https:\/\/portaltela.pt\/noticias\/2026\/04\/20\/ministro-da-administracao-interna-anuncia-mudancas-no-siresp-visiveis-no-verao\/#primaryimage\",\"url\":\"https:\/\/portaltela.pt\/s.01k8rhncp4jt1\/2026\/04\/img_1500x1000uu2019-06-20-02-44-18-862324.jpg\",\"contentUrl\":\"https:\/\/portaltela.pt\/s.01k8rhncp4jt1\/2026\/04\/img_1500x1000uu2019-06-20-02-44-18-862324.jpg\",\"width\":796,\"height\":448,\"caption\":\"Ministro da Administra\u00e7\u00e3o Interna revela mudan\u00e7as no SIRESP \\\"em parte\\\" vis\u00edveis no ver\u00e3o\"},{\"@type\":\"BreadcrumbList\",\"@id\":\"https:\/\/portaltela.pt\/noticias\/2026\/04\/20\/ministro-da-administracao-interna-anuncia-mudancas-no-siresp-visiveis-no-verao\/#breadcrumb\",\"itemListElement\":[{\"@type\":\"ListItem\",\"position\":1,\"name\":\"In\u00edcio\",\"item\":\"https:\/\/portaltela.pt\/\"},{\"@type\":\"ListItem\",\"position\":2,\"name\":\"Ministro da Administra\u00e7\u00e3o Interna anuncia mudan\u00e7as no SIRESP, vis\u00edveis no ver\u00e3o\"}]},{\"@type\":\"WebSite\",\"@id\":\"https:\/\/portaltela.pt\/#website\",\"url\":\"https:\/\/portaltela.pt\/\",\"name\":\"Portal Tela Portugal\",\"description\":\"\",\"potentialAction\":[{\"@type\":\"SearchAction\",\"target\":{\"@type\":\"EntryPoint\",\"urlTemplate\":\"https:\/\/portaltela.pt\/?s={search_term_string}\"},\"query-input\":{\"@type\":\"PropertyValueSpecification\",\"valueRequired\":true,\"valueName\":\"search_term_string\"}}],\"inLanguage\":\"pt-PT\"},{\"@type\":\"Person\",\"@id\":\"https:\/\/portaltela.pt\/#\/schema\/person\/c4278d4a6028830caff9ee44b42d32ed\",\"name\":\"Telinha\",\"image\":{\"@type\":\"ImageObject\",\"inLanguage\":\"pt-PT\",\"@id\":\"https:\/\/portaltela.pt\/s.01k8rhncp4jt1\/2025\/11\/talking-bot-125x125.png\",\"url\":\"https:\/\/portaltela.pt\/s.01k8rhncp4jt1\/2025\/11\/talking-bot-125x125.png\",\"contentUrl\":\"https:\/\/portaltela.pt\/s.01k8rhncp4jt1\/2025\/11\/talking-bot-125x125.png\",\"caption\":\"Telinha\"},\"sameAs\":[\"https:\/\/portaltela.pt\/\"],\"url\":\"https:\/\/portaltela.pt\/por\/367410592786\/\"}]}<\/script>\n<!-- \/ Yoast SEO plugin. -->","yoast_head_json":{"title":"Ministro da Administra\u00e7\u00e3o Interna anuncia mudan\u00e7as no SIRESP, vis\u00edveis no ver\u00e3o - Portal Tela Portugal","robots":{"index":"index","follow":"follow","max-snippet":"max-snippet:-1","max-image-preview":"max-image-preview:large","max-video-preview":"max-video-preview:-1"},"og_locale":"pt_PT","og_type":"article","og_title":"Ministro da Administra\u00e7\u00e3o Interna anuncia mudan\u00e7as no SIRESP, vis\u00edveis no ver\u00e3o - Portal Tela Portugal","og_description":"O Governo diz que, no ver\u00e3o, v\u00e3o ser vis\u00edveis mudan\u00e7as no SIRESP, com mais equipamentos, retransmissores e canais pr\u00f3prios de comunica\u00e7\u00e3o. O ministro da Administra\u00e7\u00e3o Interna afirma que as altera\u00e7\u00f5es visam aumentar a efic\u00e1cia, a resposta e o alcance do sistema, e que ser\u00e3o anunciadas nos pr\u00f3ximos dias. O grupo de trabalho criado para encontrar uma alternativa ao SIRESP est\u00e1 no aceite do Governo desde fevereiro, ap\u00f3s o falhan\u00e7o no apag\u00e3o de abril do ano passado. O Governo rejeita mudar apenas de marca: garante que haver\u00e1 refor\u00e7os de redund\u00e2ncia e capacidade, sem apenas trocar o nome ao SIRESP. O Comando Integrado de Preven\u00e7\u00e3o e Opera\u00e7\u00f5es (CIPO) est\u00e1 j\u00e1 em funcionamento, com 1.500 operacionais e cerca de 400 equipamentos, para limpar mais de tr\u00eas mil quil\u00f4metros de estradas, aceiros e caminhos rurais em 22 concelhos.","og_url":"https:\/\/portaltela.pt\/noticias\/2026\/04\/20\/ministro-da-administracao-interna-anuncia-mudancas-no-siresp-visiveis-no-verao\/","og_site_name":"Portal Tela Portugal","article_published_time":"2026-04-20T07:33:10+00:00","author":"Telinha","twitter_card":"summary_large_image","twitter_misc":{"Escrito por":"Telinha","Tempo estimado de leitura":"2 minutos"},"schema":{"@context":"https:\/\/schema.org","@graph":[{"@type":"Article","@id":"https:\/\/portaltela.pt\/noticias\/2026\/04\/20\/ministro-da-administracao-interna-anuncia-mudancas-no-siresp-visiveis-no-verao\/#article","isPartOf":{"@id":"https:\/\/portaltela.pt\/noticias\/2026\/04\/20\/ministro-da-administracao-interna-anuncia-mudancas-no-siresp-visiveis-no-verao\/"},"author":{"name":"Telinha","@id":"https:\/\/portaltela.pt\/#\/schema\/person\/c4278d4a6028830caff9ee44b42d32ed"},"headline":"Ministro da Administra\u00e7\u00e3o Interna anuncia mudan\u00e7as no SIRESP, vis\u00edveis no ver\u00e3o","datePublished":"2026-04-20T07:33:10+00:00","mainEntityOfPage":{"@id":"https:\/\/portaltela.pt\/noticias\/2026\/04\/20\/ministro-da-administracao-interna-anuncia-mudancas-no-siresp-visiveis-no-verao\/"},"wordCount":352,"image":{"@id":"https:\/\/portaltela.pt\/noticias\/2026\/04\/20\/ministro-da-administracao-interna-anuncia-mudancas-no-siresp-visiveis-no-verao\/#primaryimage"},"thumbnailUrl":"https:\/\/portaltela.pt\/s.01k8rhncp4jt1\/2026\/04\/img_1500x1000uu2019-06-20-02-44-18-862324.jpg","keywords":["Administra\u00e7\u00e3o Interna","ANEPC","inc\u00eandio","juntas de freguesia","prote\u00e7\u00e3o civil","SIRESP"],"articleSection":["Not\u00edcias","Seguran\u00e7a"],"inLanguage":"pt-PT"},{"@type":"WebPage","@id":"https:\/\/portaltela.pt\/noticias\/2026\/04\/20\/ministro-da-administracao-interna-anuncia-mudancas-no-siresp-visiveis-no-verao\/","url":"https:\/\/portaltela.pt\/noticias\/2026\/04\/20\/ministro-da-administracao-interna-anuncia-mudancas-no-siresp-visiveis-no-verao\/","name":"Ministro da Administra\u00e7\u00e3o Interna anuncia mudan\u00e7as no SIRESP, vis\u00edveis no ver\u00e3o - Portal Tela Portugal","isPartOf":{"@id":"https:\/\/portaltela.pt\/#website"},"primaryImageOfPage":{"@id":"https:\/\/portaltela.pt\/noticias\/2026\/04\/20\/ministro-da-administracao-interna-anuncia-mudancas-no-siresp-visiveis-no-verao\/#primaryimage"},"image":{"@id":"https:\/\/portaltela.pt\/noticias\/2026\/04\/20\/ministro-da-administracao-interna-anuncia-mudancas-no-siresp-visiveis-no-verao\/#primaryimage"},"thumbnailUrl":"https:\/\/portaltela.pt\/s.01k8rhncp4jt1\/2026\/04\/img_1500x1000uu2019-06-20-02-44-18-862324.jpg","datePublished":"2026-04-20T07:33:10+00:00","author":{"@id":"https:\/\/portaltela.pt\/#\/schema\/person\/c4278d4a6028830caff9ee44b42d32ed"},"breadcrumb":{"@id":"https:\/\/portaltela.pt\/noticias\/2026\/04\/20\/ministro-da-administracao-interna-anuncia-mudancas-no-siresp-visiveis-no-verao\/#breadcrumb"},"inLanguage":"pt-PT","potentialAction":[{"@type":"ReadAction","target":["https:\/\/portaltela.pt\/noticias\/2026\/04\/20\/ministro-da-administracao-interna-anuncia-mudancas-no-siresp-visiveis-no-verao\/"]}]},{"@type":"ImageObject","inLanguage":"pt-PT","@id":"https:\/\/portaltela.pt\/noticias\/2026\/04\/20\/ministro-da-administracao-interna-anuncia-mudancas-no-siresp-visiveis-no-verao\/#primaryimage","url":"https:\/\/portaltela.pt\/s.01k8rhncp4jt1\/2026\/04\/img_1500x1000uu2019-06-20-02-44-18-862324.jpg","contentUrl":"https:\/\/portaltela.pt\/s.01k8rhncp4jt1\/2026\/04\/img_1500x1000uu2019-06-20-02-44-18-862324.jpg","width":796,"height":448,"caption":"Ministro da Administra\u00e7\u00e3o Interna revela mudan\u00e7as no SIRESP \"em parte\" vis\u00edveis no ver\u00e3o"},{"@type":"BreadcrumbList","@id":"https:\/\/portaltela.pt\/noticias\/2026\/04\/20\/ministro-da-administracao-interna-anuncia-mudancas-no-siresp-visiveis-no-verao\/#breadcrumb","itemListElement":[{"@type":"ListItem","position":1,"name":"In\u00edcio","item":"https:\/\/portaltela.pt\/"},{"@type":"ListItem","position":2,"name":"Ministro da Administra\u00e7\u00e3o Interna anuncia mudan\u00e7as no SIRESP, vis\u00edveis no ver\u00e3o"}]},{"@type":"WebSite","@id":"https:\/\/portaltela.pt\/#website","url":"https:\/\/portaltela.pt\/","name":"Portal Tela Portugal","description":"","potentialAction":[{"@type":"SearchAction","target":{"@type":"EntryPoint","urlTemplate":"https:\/\/portaltela.pt\/?s={search_term_string}"},"query-input":{"@type":"PropertyValueSpecification","valueRequired":true,"valueName":"search_term_string"}}],"inLanguage":"pt-PT"},{"@type":"Person","@id":"https:\/\/portaltela.pt\/#\/schema\/person\/c4278d4a6028830caff9ee44b42d32ed","name":"Telinha","image":{"@type":"ImageObject","inLanguage":"pt-PT","@id":"https:\/\/portaltela.pt\/s.01k8rhncp4jt1\/2025\/11\/talking-bot-125x125.png","url":"https:\/\/portaltela.pt\/s.01k8rhncp4jt1\/2025\/11\/talking-bot-125x125.png","contentUrl":"https:\/\/portaltela.pt\/s.01k8rhncp4jt1\/2025\/11\/talking-bot-125x125.png","caption":"Telinha"},"sameAs":["https:\/\/portaltela.pt\/"],"url":"https:\/\/portaltela.pt\/por\/367410592786\/"}]}},"_links":{"self":[{"href":"https:\/\/portaltela.pt\/api\/wp\/v2\/posts\/450816","targetHints":{"allow":["GET"]}}],"collection":[{"href":"https:\/\/portaltela.pt\/api\/wp\/v2\/posts"}],"about":[{"href":"https:\/\/portaltela.pt\/api\/wp\/v2\/types\/post"}],"author":[{"embeddable":true,"href":"https:\/\/portaltela.pt\/api\/wp\/v2\/users\/2"}],"replies":[{"embeddable":true,"href":"https:\/\/portaltela.pt\/api\/wp\/v2\/comments?post=450816"}],"version-history":[{"count":0,"href":"https:\/\/portaltela.pt\/api\/wp\/v2\/posts\/450816\/revisions"}],"wp:featuredmedia":[{"embeddable":true,"href":"https:\/\/portaltela.pt\/api\/wp\/v2\/media\/450818"}],"wp:attachment":[{"href":"https:\/\/portaltela.pt\/api\/wp\/v2\/media?parent=450816"}],"wp:term":[{"taxonomy":"category","embeddable":true,"href":"https:\/\/portaltela.pt\/api\/wp\/v2\/categories?post=450816"},{"taxonomy":"post_tag","embeddable":true,"href":"https:\/\/portaltela.pt\/api\/wp\/v2\/tags?post=450816"}],"curies":[{"name":"wp","href":"https:\/\/api.w.org\/{rel}","templated":true}]}}