{"id":450786,"date":"2026-04-20T04:18:06","date_gmt":"2026-04-20T07:18:06","guid":{"rendered":"https:\/\/portaltela.pt\/noticias\/2026\/04\/20\/joao-rodrigues-afirma-que-o-estado-vai-pagar-a-circular-externa\/"},"modified":"2026-04-20T04:18:06","modified_gmt":"2026-04-20T07:18:06","slug":"joao-rodrigues-afirma-que-o-estado-vai-pagar-a-circular-externa","status":"publish","type":"post","link":"https:\/\/portaltela.pt\/noticias\/politica\/2026\/04\/20\/joao-rodrigues-afirma-que-o-estado-vai-pagar-a-circular-externa\/","title":{"rendered":"Jo\u00e3o Rodrigues afirma que o Estado vai pagar a circular externa"},"content":{"rendered":"<p>Jo\u00e3o Rodrigues, eleito presidente aos 38 anos, suspendeu a obra do metrobus (BRT) e voltou a metralhar objetivos: avan\u00e7ar com uma circular rodovi\u00e1ria externa. O autarca revelou que j\u00e1 tem o compromisso do Governo para o financiamento de 80 milh\u00f5es de euros, via Minist\u00e9rio das Infraestruturas.<\/p>\n<p>Com o Plano Diretor Municipal (PDM) j\u00e1 em vigor, o munic\u00edpio fica com mais 1500 hectares dispon\u00edveis para constru\u00e7\u00e3o e desenvolvimento de impacto urbano. A autarquia pretende responder a necessidades locais de solo, infraestruturas e habita\u00e7\u00e3o.<\/p>\n<p>A gest\u00e3o est\u00e1 a ser conduzida pela coliga\u00e7\u00e3o PSD\/CDS\/PPM, que governa em maioria relativa, mantendo o foco na execu\u00e7\u00e3o de novas obras. A suspens\u00e3o da interven\u00e7\u00e3o no BRT surge no contexto de realinhar prioridades de mobilidade e de territ\u00f3rio.<\/p>\n<h3>Novo enquadramento de mobilidade<\/h3>\n<p>Segundo o autarca, o objetivo \u00e9 refor\u00e7ar a circula\u00e7\u00e3o externa com op\u00e7\u00f5es de mobilidade mais eficientes e adaptadas ao crescimento previsto. Este eixo de investimento p\u00fablico visa integrar servi\u00e7os de transporte \u00e0 rede de vias existentes.<\/p>\n<p>A equipa municipal sublinha que o financiamento de 80 milh\u00f5es dever\u00e1 cobrir parte das interven\u00e7\u00f5es ligadas \u00e0 circular externa, com planeamento de prazos, fases de constru\u00e7\u00e3o e crit\u00e9rios de adjudica\u00e7\u00e3o a definir pelo Governo.<\/p>\n","protected":false},"excerpt":{"rendered":"<ul>\n<li>Jo\u00e3o Rodrigues foi eleito presidente no dia em que completou 38 anos, ap\u00f3s dois mandatos como vereador.<\/li>\n<li>Suspendeu a obra do metrobus (BRT) e passou a debru\u00e7ar-se sobre uma nova circular rodovi\u00e1ria externa.<\/li>\n<li>Anunciou ter o compromisso do ministro das Infraestruturas para um financiamento de 80 milh\u00f5es de euros por parte do Governo.<\/li>\n<li>Com o novo Plano Diretor Municipal em vigor, h\u00e1 mais 1500 hectares dispon\u00edveis para construir e fazer cidade.<\/li>\n<li>O autarca governa em minoria pela coliga\u00e7\u00e3o PSD\/CDS\/PPM.<\/li>\n<\/ul>\n","protected":false},"author":2,"featured_media":450793,"comment_status":"closed","ping_status":"closed","sticky":false,"template":"","format":"standard","meta":{"footnotes":""},"categories":[1,5],"tags":[7443,1010,258,2110,3148,192],"class_list":["post-450786","post","type-post","status-publish","format-standard","has-post-thumbnail","hentry","category-noticias","category-politica","tag-desenvolvimento-urbano","tag-habitacao-publica","tag-infraestruturas","tag-mobilidade","tag-planeamento-urbano","tag-transporte"],"yoast_head":"<!-- This site is optimized with the Yoast SEO plugin v27.2 - https:\/\/yoast.com\/product\/yoast-seo-wordpress\/ -->\n<title>Jo\u00e3o Rodrigues afirma que o Estado vai pagar a circular externa - Portal Tela Portugal<\/title>\n<meta name=\"robots\" content=\"index, follow, max-snippet:-1, max-image-preview:large, max-video-preview:-1\" \/>\n<meta property=\"og:locale\" content=\"pt_PT\" \/>\n<meta property=\"og:type\" content=\"article\" \/>\n<meta property=\"og:title\" content=\"Jo\u00e3o Rodrigues afirma que o Estado vai pagar a circular externa - Portal Tela Portugal\" \/>\n<meta property=\"og:description\" content=\"Jo\u00e3o Rodrigues foi eleito presidente no dia em que completou 38 anos, ap\u00f3s dois mandatos como vereador. Suspendeu a obra do metrobus (BRT) e passou a debru\u00e7ar-se sobre uma nova circular rodovi\u00e1ria externa. Anunciou ter o compromisso do ministro das Infraestruturas para um financiamento de 80 milh\u00f5es de euros por parte do Governo. Com o novo Plano Diretor Municipal em vigor, h\u00e1 mais 1500 hectares dispon\u00edveis para construir e fazer cidade. O autarca governa em minoria pela coliga\u00e7\u00e3o PSD\/CDS\/PPM.\" \/>\n<meta property=\"og:url\" content=\"https:\/\/portaltela.pt\/noticias\/2026\/04\/20\/joao-rodrigues-afirma-que-o-estado-vai-pagar-a-circular-externa\/\" \/>\n<meta property=\"og:site_name\" content=\"Portal Tela Portugal\" \/>\n<meta property=\"article:published_time\" content=\"2026-04-20T07:18:06+00:00\" \/>\n<meta name=\"author\" content=\"Telinha\" \/>\n<meta name=\"twitter:card\" content=\"summary_large_image\" \/>\n<meta name=\"twitter:label1\" content=\"Escrito por\" \/>\n\t<meta name=\"twitter:data1\" content=\"Telinha\" \/>\n\t<meta name=\"twitter:label2\" content=\"Tempo estimado de leitura\" \/>\n\t<meta name=\"twitter:data2\" content=\"1 minuto\" \/>\n<script type=\"application\/ld+json\" class=\"yoast-schema-graph\">{\"@context\":\"https:\/\/schema.org\",\"@graph\":[{\"@type\":\"Article\",\"@id\":\"https:\/\/portaltela.pt\/noticias\/2026\/04\/20\/joao-rodrigues-afirma-que-o-estado-vai-pagar-a-circular-externa\/#article\",\"isPartOf\":{\"@id\":\"https:\/\/portaltela.pt\/noticias\/2026\/04\/20\/joao-rodrigues-afirma-que-o-estado-vai-pagar-a-circular-externa\/\"},\"author\":{\"name\":\"Telinha\",\"@id\":\"https:\/\/portaltela.pt\/#\/schema\/person\/c4278d4a6028830caff9ee44b42d32ed\"},\"headline\":\"Jo\u00e3o Rodrigues afirma que o Estado vai pagar a circular externa\",\"datePublished\":\"2026-04-20T07:18:06+00:00\",\"mainEntityOfPage\":{\"@id\":\"https:\/\/portaltela.pt\/noticias\/2026\/04\/20\/joao-rodrigues-afirma-que-o-estado-vai-pagar-a-circular-externa\/\"},\"wordCount\":227,\"image\":{\"@id\":\"https:\/\/portaltela.pt\/noticias\/2026\/04\/20\/joao-rodrigues-afirma-que-o-estado-vai-pagar-a-circular-externa\/#primaryimage\"},\"thumbnailUrl\":\"https:\/\/portaltela.pt\/s.01k8rhncp4jt1\/2026\/04\/image-1185.jpg\",\"keywords\":[\"desenvolvimento urbano\",\"habita\u00e7\u00e3o p\u00fablica\",\"infraestruturas\",\"mobilidade\",\"planeamento urbano\",\"transporte\"],\"articleSection\":[\"Not\u00edcias\",\"Pol\u00edtica\"],\"inLanguage\":\"pt-PT\"},{\"@type\":\"WebPage\",\"@id\":\"https:\/\/portaltela.pt\/noticias\/2026\/04\/20\/joao-rodrigues-afirma-que-o-estado-vai-pagar-a-circular-externa\/\",\"url\":\"https:\/\/portaltela.pt\/noticias\/2026\/04\/20\/joao-rodrigues-afirma-que-o-estado-vai-pagar-a-circular-externa\/\",\"name\":\"Jo\u00e3o Rodrigues afirma que o Estado vai pagar a circular externa - Portal Tela Portugal\",\"isPartOf\":{\"@id\":\"https:\/\/portaltela.pt\/#website\"},\"primaryImageOfPage\":{\"@id\":\"https:\/\/portaltela.pt\/noticias\/2026\/04\/20\/joao-rodrigues-afirma-que-o-estado-vai-pagar-a-circular-externa\/#primaryimage\"},\"image\":{\"@id\":\"https:\/\/portaltela.pt\/noticias\/2026\/04\/20\/joao-rodrigues-afirma-que-o-estado-vai-pagar-a-circular-externa\/#primaryimage\"},\"thumbnailUrl\":\"https:\/\/portaltela.pt\/s.01k8rhncp4jt1\/2026\/04\/image-1185.jpg\",\"datePublished\":\"2026-04-20T07:18:06+00:00\",\"author\":{\"@id\":\"https:\/\/portaltela.pt\/#\/schema\/person\/c4278d4a6028830caff9ee44b42d32ed\"},\"breadcrumb\":{\"@id\":\"https:\/\/portaltela.pt\/noticias\/2026\/04\/20\/joao-rodrigues-afirma-que-o-estado-vai-pagar-a-circular-externa\/#breadcrumb\"},\"inLanguage\":\"pt-PT\",\"potentialAction\":[{\"@type\":\"ReadAction\",\"target\":[\"https:\/\/portaltela.pt\/noticias\/2026\/04\/20\/joao-rodrigues-afirma-que-o-estado-vai-pagar-a-circular-externa\/\"]}]},{\"@type\":\"ImageObject\",\"inLanguage\":\"pt-PT\",\"@id\":\"https:\/\/portaltela.pt\/noticias\/2026\/04\/20\/joao-rodrigues-afirma-que-o-estado-vai-pagar-a-circular-externa\/#primaryimage\",\"url\":\"https:\/\/portaltela.pt\/s.01k8rhncp4jt1\/2026\/04\/image-1185.jpg\",\"contentUrl\":\"https:\/\/portaltela.pt\/s.01k8rhncp4jt1\/2026\/04\/image-1185.jpg\",\"width\":796,\"height\":448,\"caption\":\"Jo\u00e3o Rodrigues entende que \u00e9 preciso uma nova lei das finan\u00e7as locais\"},{\"@type\":\"BreadcrumbList\",\"@id\":\"https:\/\/portaltela.pt\/noticias\/2026\/04\/20\/joao-rodrigues-afirma-que-o-estado-vai-pagar-a-circular-externa\/#breadcrumb\",\"itemListElement\":[{\"@type\":\"ListItem\",\"position\":1,\"name\":\"In\u00edcio\",\"item\":\"https:\/\/portaltela.pt\/\"},{\"@type\":\"ListItem\",\"position\":2,\"name\":\"Jo\u00e3o Rodrigues afirma que o Estado vai pagar a circular externa\"}]},{\"@type\":\"WebSite\",\"@id\":\"https:\/\/portaltela.pt\/#website\",\"url\":\"https:\/\/portaltela.pt\/\",\"name\":\"Portal Tela Portugal\",\"description\":\"\",\"potentialAction\":[{\"@type\":\"SearchAction\",\"target\":{\"@type\":\"EntryPoint\",\"urlTemplate\":\"https:\/\/portaltela.pt\/?s={search_term_string}\"},\"query-input\":{\"@type\":\"PropertyValueSpecification\",\"valueRequired\":true,\"valueName\":\"search_term_string\"}}],\"inLanguage\":\"pt-PT\"},{\"@type\":\"Person\",\"@id\":\"https:\/\/portaltela.pt\/#\/schema\/person\/c4278d4a6028830caff9ee44b42d32ed\",\"name\":\"Telinha\",\"image\":{\"@type\":\"ImageObject\",\"inLanguage\":\"pt-PT\",\"@id\":\"https:\/\/portaltela.pt\/s.01k8rhncp4jt1\/2025\/11\/talking-bot-125x125.png\",\"url\":\"https:\/\/portaltela.pt\/s.01k8rhncp4jt1\/2025\/11\/talking-bot-125x125.png\",\"contentUrl\":\"https:\/\/portaltela.pt\/s.01k8rhncp4jt1\/2025\/11\/talking-bot-125x125.png\",\"caption\":\"Telinha\"},\"sameAs\":[\"https:\/\/portaltela.pt\/\"],\"url\":\"https:\/\/portaltela.pt\/por\/367410592786\/\"}]}<\/script>\n<!-- \/ Yoast SEO plugin. -->","yoast_head_json":{"title":"Jo\u00e3o Rodrigues afirma que o Estado vai pagar a circular externa - Portal Tela Portugal","robots":{"index":"index","follow":"follow","max-snippet":"max-snippet:-1","max-image-preview":"max-image-preview:large","max-video-preview":"max-video-preview:-1"},"og_locale":"pt_PT","og_type":"article","og_title":"Jo\u00e3o Rodrigues afirma que o Estado vai pagar a circular externa - Portal Tela Portugal","og_description":"Jo\u00e3o Rodrigues foi eleito presidente no dia em que completou 38 anos, ap\u00f3s dois mandatos como vereador. Suspendeu a obra do metrobus (BRT) e passou a debru\u00e7ar-se sobre uma nova circular rodovi\u00e1ria externa. Anunciou ter o compromisso do ministro das Infraestruturas para um financiamento de 80 milh\u00f5es de euros por parte do Governo. Com o novo Plano Diretor Municipal em vigor, h\u00e1 mais 1500 hectares dispon\u00edveis para construir e fazer cidade. O autarca governa em minoria pela coliga\u00e7\u00e3o PSD\/CDS\/PPM.","og_url":"https:\/\/portaltela.pt\/noticias\/2026\/04\/20\/joao-rodrigues-afirma-que-o-estado-vai-pagar-a-circular-externa\/","og_site_name":"Portal Tela Portugal","article_published_time":"2026-04-20T07:18:06+00:00","author":"Telinha","twitter_card":"summary_large_image","twitter_misc":{"Escrito por":"Telinha","Tempo estimado de leitura":"1 minuto"},"schema":{"@context":"https:\/\/schema.org","@graph":[{"@type":"Article","@id":"https:\/\/portaltela.pt\/noticias\/2026\/04\/20\/joao-rodrigues-afirma-que-o-estado-vai-pagar-a-circular-externa\/#article","isPartOf":{"@id":"https:\/\/portaltela.pt\/noticias\/2026\/04\/20\/joao-rodrigues-afirma-que-o-estado-vai-pagar-a-circular-externa\/"},"author":{"name":"Telinha","@id":"https:\/\/portaltela.pt\/#\/schema\/person\/c4278d4a6028830caff9ee44b42d32ed"},"headline":"Jo\u00e3o Rodrigues afirma que o Estado vai pagar a circular externa","datePublished":"2026-04-20T07:18:06+00:00","mainEntityOfPage":{"@id":"https:\/\/portaltela.pt\/noticias\/2026\/04\/20\/joao-rodrigues-afirma-que-o-estado-vai-pagar-a-circular-externa\/"},"wordCount":227,"image":{"@id":"https:\/\/portaltela.pt\/noticias\/2026\/04\/20\/joao-rodrigues-afirma-que-o-estado-vai-pagar-a-circular-externa\/#primaryimage"},"thumbnailUrl":"https:\/\/portaltela.pt\/s.01k8rhncp4jt1\/2026\/04\/image-1185.jpg","keywords":["desenvolvimento urbano","habita\u00e7\u00e3o p\u00fablica","infraestruturas","mobilidade","planeamento urbano","transporte"],"articleSection":["Not\u00edcias","Pol\u00edtica"],"inLanguage":"pt-PT"},{"@type":"WebPage","@id":"https:\/\/portaltela.pt\/noticias\/2026\/04\/20\/joao-rodrigues-afirma-que-o-estado-vai-pagar-a-circular-externa\/","url":"https:\/\/portaltela.pt\/noticias\/2026\/04\/20\/joao-rodrigues-afirma-que-o-estado-vai-pagar-a-circular-externa\/","name":"Jo\u00e3o Rodrigues afirma que o Estado vai pagar a circular externa - Portal Tela Portugal","isPartOf":{"@id":"https:\/\/portaltela.pt\/#website"},"primaryImageOfPage":{"@id":"https:\/\/portaltela.pt\/noticias\/2026\/04\/20\/joao-rodrigues-afirma-que-o-estado-vai-pagar-a-circular-externa\/#primaryimage"},"image":{"@id":"https:\/\/portaltela.pt\/noticias\/2026\/04\/20\/joao-rodrigues-afirma-que-o-estado-vai-pagar-a-circular-externa\/#primaryimage"},"thumbnailUrl":"https:\/\/portaltela.pt\/s.01k8rhncp4jt1\/2026\/04\/image-1185.jpg","datePublished":"2026-04-20T07:18:06+00:00","author":{"@id":"https:\/\/portaltela.pt\/#\/schema\/person\/c4278d4a6028830caff9ee44b42d32ed"},"breadcrumb":{"@id":"https:\/\/portaltela.pt\/noticias\/2026\/04\/20\/joao-rodrigues-afirma-que-o-estado-vai-pagar-a-circular-externa\/#breadcrumb"},"inLanguage":"pt-PT","potentialAction":[{"@type":"ReadAction","target":["https:\/\/portaltela.pt\/noticias\/2026\/04\/20\/joao-rodrigues-afirma-que-o-estado-vai-pagar-a-circular-externa\/"]}]},{"@type":"ImageObject","inLanguage":"pt-PT","@id":"https:\/\/portaltela.pt\/noticias\/2026\/04\/20\/joao-rodrigues-afirma-que-o-estado-vai-pagar-a-circular-externa\/#primaryimage","url":"https:\/\/portaltela.pt\/s.01k8rhncp4jt1\/2026\/04\/image-1185.jpg","contentUrl":"https:\/\/portaltela.pt\/s.01k8rhncp4jt1\/2026\/04\/image-1185.jpg","width":796,"height":448,"caption":"Jo\u00e3o Rodrigues entende que \u00e9 preciso uma nova lei das finan\u00e7as locais"},{"@type":"BreadcrumbList","@id":"https:\/\/portaltela.pt\/noticias\/2026\/04\/20\/joao-rodrigues-afirma-que-o-estado-vai-pagar-a-circular-externa\/#breadcrumb","itemListElement":[{"@type":"ListItem","position":1,"name":"In\u00edcio","item":"https:\/\/portaltela.pt\/"},{"@type":"ListItem","position":2,"name":"Jo\u00e3o Rodrigues afirma que o Estado vai pagar a circular externa"}]},{"@type":"WebSite","@id":"https:\/\/portaltela.pt\/#website","url":"https:\/\/portaltela.pt\/","name":"Portal Tela Portugal","description":"","potentialAction":[{"@type":"SearchAction","target":{"@type":"EntryPoint","urlTemplate":"https:\/\/portaltela.pt\/?s={search_term_string}"},"query-input":{"@type":"PropertyValueSpecification","valueRequired":true,"valueName":"search_term_string"}}],"inLanguage":"pt-PT"},{"@type":"Person","@id":"https:\/\/portaltela.pt\/#\/schema\/person\/c4278d4a6028830caff9ee44b42d32ed","name":"Telinha","image":{"@type":"ImageObject","inLanguage":"pt-PT","@id":"https:\/\/portaltela.pt\/s.01k8rhncp4jt1\/2025\/11\/talking-bot-125x125.png","url":"https:\/\/portaltela.pt\/s.01k8rhncp4jt1\/2025\/11\/talking-bot-125x125.png","contentUrl":"https:\/\/portaltela.pt\/s.01k8rhncp4jt1\/2025\/11\/talking-bot-125x125.png","caption":"Telinha"},"sameAs":["https:\/\/portaltela.pt\/"],"url":"https:\/\/portaltela.pt\/por\/367410592786\/"}]}},"_links":{"self":[{"href":"https:\/\/portaltela.pt\/api\/wp\/v2\/posts\/450786","targetHints":{"allow":["GET"]}}],"collection":[{"href":"https:\/\/portaltela.pt\/api\/wp\/v2\/posts"}],"about":[{"href":"https:\/\/portaltela.pt\/api\/wp\/v2\/types\/post"}],"author":[{"embeddable":true,"href":"https:\/\/portaltela.pt\/api\/wp\/v2\/users\/2"}],"replies":[{"embeddable":true,"href":"https:\/\/portaltela.pt\/api\/wp\/v2\/comments?post=450786"}],"version-history":[{"count":0,"href":"https:\/\/portaltela.pt\/api\/wp\/v2\/posts\/450786\/revisions"}],"wp:featuredmedia":[{"embeddable":true,"href":"https:\/\/portaltela.pt\/api\/wp\/v2\/media\/450793"}],"wp:attachment":[{"href":"https:\/\/portaltela.pt\/api\/wp\/v2\/media?parent=450786"}],"wp:term":[{"taxonomy":"category","embeddable":true,"href":"https:\/\/portaltela.pt\/api\/wp\/v2\/categories?post=450786"},{"taxonomy":"post_tag","embeddable":true,"href":"https:\/\/portaltela.pt\/api\/wp\/v2\/tags?post=450786"}],"curies":[{"name":"wp","href":"https:\/\/api.w.org\/{rel}","templated":true}]}}