{"id":450746,"date":"2026-04-20T03:47:34","date_gmt":"2026-04-20T06:47:34","guid":{"rendered":"https:\/\/portaltela.pt\/noticias\/2026\/04\/20\/berck-sur-mer-enche-o-ceu-de-papagaios-no-39-o-festival-internacional\/"},"modified":"2026-04-20T03:47:34","modified_gmt":"2026-04-20T06:47:34","slug":"berck-sur-mer-enche-o-ceu-de-papagaios-no-39-o-festival-internacional","status":"publish","type":"post","link":"https:\/\/portaltela.pt\/lazer\/2026\/04\/20\/berck-sur-mer-enche-o-ceu-de-papagaios-no-39-o-festival-internacional\/","title":{"rendered":"Berck-sur-Mer enche o c\u00e9u de papagaios no 39.\u00ba festival internacional"},"content":{"rendered":"<p>O 39.\u00ba Festival Internacional de Papagaios de Papel de Berck-sur-Mer abriu as suas portas. O evento decorre de 18 a 26 de abril na costa ventosa, reunindo praticantes e espectadores de v\u00e1rias partes do mundo. O objetivo \u00e9 apresentar cria\u00e7\u00f5es de grande dimens\u00e3o e papagaios de alta precis\u00e3o, num espet\u00e1culo ao ar livre, com acesso gratuito para o p\u00fablico.<\/p>\n<p>Diariamente, o c\u00e9u da praia transforma-se com estruturas a\u00e9reas em movimento. As pe\u00e7as variam desde formatos gigantes a pe\u00e7as de design minucioso, que aproveitam o vento costeiro para voar com rigor t\u00e9cnico.<\/p>\n<h3>Ta\u00e7a do Mundo de Papagaios de Papel<\/h3>\n<p>Onze equipas participam em apresenta\u00e7\u00f5es a solo, em duo e em grupo. Os ju\u00edzes avaliam o controlo, a sincroniza\u00e7\u00e3o e o design, enquanto os pilotos gerem o voo com o vento local. A competi\u00e7\u00e3o dinamiza o programa do festival.<\/p>\n<p>Organizadores apontam para uma aflu\u00eancia elevada, recorde de visitantes em 2022 (cerca de 800 mil) e mant\u00eam o acesso gratuito. O apoio do p\u00fablico \u00e9 destacado como essencial para manter o festival no dom\u00ednio p\u00fablico.<\/p>\n<h3>Espectadores e participa\u00e7\u00e3o internacional<\/h3>\n<p>A programa\u00e7\u00e3o inclui demonstra\u00e7\u00f5es de diversos pa\u00edses, com interessados que viajam para ver as cria\u00e7\u00f5es em movimento. O festival promove inclus\u00e3o e permite que visitantes observem t\u00e9cnicas de pilotagem e de constru\u00e7\u00e3o de papagaios.<\/p>\n","protected":false},"excerpt":{"rendered":"<ul>\n<li>Arrancou em Berck-sur-Mer a 39.\u00aa edi\u00e7\u00e3o do Festival Internacional de Papagaios de Papel, que enche o c\u00e9u com cria\u00e7\u00f5es gigantes e papagaios de precis\u00e3o.<\/li>\n<li>O evento decorre entre 18 e 26 de abril e re\u00fane centenas de participantes de todo o mundo.<\/li>\n<li>As pe\u00e7as no c\u00e9u transformam a praia numa mostra em movimento, com papagaios de grande dimens\u00e3o a entrar no espet\u00e1culo di\u00e1rio.<\/li>\n<li>Destaque para a Ta\u00e7a do Mundo de Papagaios de Papel, com onze equipas a competir em solo, em duo e em grupo, sob avalia\u00e7\u00e3o de controlo, sincroniza\u00e7\u00e3o e design.<\/li>\n<li>Os organizadores prev\u00eaem forte aflu\u00eancia, mantendo o acesso gratuito, ap\u00f3s o recorde de 800 mil visitantes em 2022.<\/li>\n<\/ul>\n","protected":false},"author":2,"featured_media":450752,"comment_status":"closed","ping_status":"closed","sticky":false,"template":"","format":"standard","meta":{"footnotes":""},"categories":[7375,7381],"tags":[2116,3731,3674,81,6126,169],"class_list":["post-450746","post","type-post","status-publish","format-standard","has-post-thumbnail","hentry","category-cultura","category-lazer","tag-espetaculos","tag-eventos","tag-festival","tag-internacionais","tag-publico","tag-turismo"],"yoast_head":"<!-- This site is optimized with the Yoast SEO plugin v27.2 - https:\/\/yoast.com\/product\/yoast-seo-wordpress\/ -->\n<title>Berck-sur-Mer enche o c\u00e9u de papagaios no 39.\u00ba festival internacional - Portal Tela Portugal<\/title>\n<meta name=\"robots\" content=\"index, follow, max-snippet:-1, max-image-preview:large, max-video-preview:-1\" \/>\n<meta property=\"og:locale\" content=\"pt_PT\" \/>\n<meta property=\"og:type\" content=\"article\" \/>\n<meta property=\"og:title\" content=\"Berck-sur-Mer enche o c\u00e9u de papagaios no 39.\u00ba festival internacional - Portal Tela Portugal\" \/>\n<meta property=\"og:description\" content=\"Arrancou em Berck-sur-Mer a 39.\u00aa edi\u00e7\u00e3o do Festival Internacional de Papagaios de Papel, que enche o c\u00e9u com cria\u00e7\u00f5es gigantes e papagaios de precis\u00e3o. O evento decorre entre 18 e 26 de abril e re\u00fane centenas de participantes de todo o mundo. As pe\u00e7as no c\u00e9u transformam a praia numa mostra em movimento, com papagaios de grande dimens\u00e3o a entrar no espet\u00e1culo di\u00e1rio. Destaque para a Ta\u00e7a do Mundo de Papagaios de Papel, com onze equipas a competir em solo, em duo e em grupo, sob avalia\u00e7\u00e3o de controlo, sincroniza\u00e7\u00e3o e design. Os organizadores prev\u00eaem forte aflu\u00eancia, mantendo o acesso gratuito, ap\u00f3s o recorde de 800 mil visitantes em 2022.\" \/>\n<meta property=\"og:url\" content=\"https:\/\/portaltela.pt\/noticias\/2026\/04\/20\/berck-sur-mer-enche-o-ceu-de-papagaios-no-39-o-festival-internacional\/\" \/>\n<meta property=\"og:site_name\" content=\"Portal Tela Portugal\" \/>\n<meta property=\"article:published_time\" content=\"2026-04-20T06:47:34+00:00\" \/>\n<meta name=\"author\" content=\"Telinha\" \/>\n<meta name=\"twitter:card\" content=\"summary_large_image\" \/>\n<meta name=\"twitter:label1\" content=\"Escrito por\" \/>\n\t<meta name=\"twitter:data1\" content=\"Telinha\" \/>\n\t<meta name=\"twitter:label2\" content=\"Tempo estimado de leitura\" \/>\n\t<meta name=\"twitter:data2\" content=\"1 minuto\" \/>\n<script type=\"application\/ld+json\" class=\"yoast-schema-graph\">{\"@context\":\"https:\/\/schema.org\",\"@graph\":[{\"@type\":\"Article\",\"@id\":\"https:\/\/portaltela.pt\/noticias\/2026\/04\/20\/berck-sur-mer-enche-o-ceu-de-papagaios-no-39-o-festival-internacional\/#article\",\"isPartOf\":{\"@id\":\"https:\/\/portaltela.pt\/noticias\/2026\/04\/20\/berck-sur-mer-enche-o-ceu-de-papagaios-no-39-o-festival-internacional\/\"},\"author\":{\"name\":\"Telinha\",\"@id\":\"https:\/\/portaltela.pt\/#\/schema\/person\/c4278d4a6028830caff9ee44b42d32ed\"},\"headline\":\"Berck-sur-Mer enche o c\u00e9u de papagaios no 39.\u00ba festival internacional\",\"datePublished\":\"2026-04-20T06:47:34+00:00\",\"mainEntityOfPage\":{\"@id\":\"https:\/\/portaltela.pt\/noticias\/2026\/04\/20\/berck-sur-mer-enche-o-ceu-de-papagaios-no-39-o-festival-internacional\/\"},\"wordCount\":242,\"image\":{\"@id\":\"https:\/\/portaltela.pt\/noticias\/2026\/04\/20\/berck-sur-mer-enche-o-ceu-de-papagaios-no-39-o-festival-internacional\/#primaryimage\"},\"thumbnailUrl\":\"https:\/\/portaltela.pt\/s.01k8rhncp4jt1\/2026\/04\/1536x864_cmsv2_adfda922-3514-579f-b8ab-e549a424538d-9727825.jpg\",\"keywords\":[\"espet\u00e1culos\",\"eventos\",\"festival\",\"internacionais\",\"p\u00fablico\",\"turismo\"],\"articleSection\":[\"Cultura\",\"Lazer\"],\"inLanguage\":\"pt-PT\"},{\"@type\":\"WebPage\",\"@id\":\"https:\/\/portaltela.pt\/noticias\/2026\/04\/20\/berck-sur-mer-enche-o-ceu-de-papagaios-no-39-o-festival-internacional\/\",\"url\":\"https:\/\/portaltela.pt\/noticias\/2026\/04\/20\/berck-sur-mer-enche-o-ceu-de-papagaios-no-39-o-festival-internacional\/\",\"name\":\"Berck-sur-Mer enche o c\u00e9u de papagaios no 39.\u00ba festival internacional - Portal Tela Portugal\",\"isPartOf\":{\"@id\":\"https:\/\/portaltela.pt\/#website\"},\"primaryImageOfPage\":{\"@id\":\"https:\/\/portaltela.pt\/noticias\/2026\/04\/20\/berck-sur-mer-enche-o-ceu-de-papagaios-no-39-o-festival-internacional\/#primaryimage\"},\"image\":{\"@id\":\"https:\/\/portaltela.pt\/noticias\/2026\/04\/20\/berck-sur-mer-enche-o-ceu-de-papagaios-no-39-o-festival-internacional\/#primaryimage\"},\"thumbnailUrl\":\"https:\/\/portaltela.pt\/s.01k8rhncp4jt1\/2026\/04\/1536x864_cmsv2_adfda922-3514-579f-b8ab-e549a424538d-9727825.jpg\",\"datePublished\":\"2026-04-20T06:47:34+00:00\",\"author\":{\"@id\":\"https:\/\/portaltela.pt\/#\/schema\/person\/c4278d4a6028830caff9ee44b42d32ed\"},\"breadcrumb\":{\"@id\":\"https:\/\/portaltela.pt\/noticias\/2026\/04\/20\/berck-sur-mer-enche-o-ceu-de-papagaios-no-39-o-festival-internacional\/#breadcrumb\"},\"inLanguage\":\"pt-PT\",\"potentialAction\":[{\"@type\":\"ReadAction\",\"target\":[\"https:\/\/portaltela.pt\/noticias\/2026\/04\/20\/berck-sur-mer-enche-o-ceu-de-papagaios-no-39-o-festival-internacional\/\"]}]},{\"@type\":\"ImageObject\",\"inLanguage\":\"pt-PT\",\"@id\":\"https:\/\/portaltela.pt\/noticias\/2026\/04\/20\/berck-sur-mer-enche-o-ceu-de-papagaios-no-39-o-festival-internacional\/#primaryimage\",\"url\":\"https:\/\/portaltela.pt\/s.01k8rhncp4jt1\/2026\/04\/1536x864_cmsv2_adfda922-3514-579f-b8ab-e549a424538d-9727825.jpg\",\"contentUrl\":\"https:\/\/portaltela.pt\/s.01k8rhncp4jt1\/2026\/04\/1536x864_cmsv2_adfda922-3514-579f-b8ab-e549a424538d-9727825.jpg\",\"width\":796,\"height\":448,\"caption\":\"Papagaios de papel voam no c\u00e9u durante o Festival Internacional de Papagaios de Papel em Berck, no norte de Fran\u00e7a, s\u00e1bado, 18 de abril de 2026\"},{\"@type\":\"BreadcrumbList\",\"@id\":\"https:\/\/portaltela.pt\/noticias\/2026\/04\/20\/berck-sur-mer-enche-o-ceu-de-papagaios-no-39-o-festival-internacional\/#breadcrumb\",\"itemListElement\":[{\"@type\":\"ListItem\",\"position\":1,\"name\":\"In\u00edcio\",\"item\":\"https:\/\/portaltela.pt\/\"},{\"@type\":\"ListItem\",\"position\":2,\"name\":\"Berck-sur-Mer enche o c\u00e9u de papagaios no 39.\u00ba festival internacional\"}]},{\"@type\":\"WebSite\",\"@id\":\"https:\/\/portaltela.pt\/#website\",\"url\":\"https:\/\/portaltela.pt\/\",\"name\":\"Portal Tela Portugal\",\"description\":\"\",\"potentialAction\":[{\"@type\":\"SearchAction\",\"target\":{\"@type\":\"EntryPoint\",\"urlTemplate\":\"https:\/\/portaltela.pt\/?s={search_term_string}\"},\"query-input\":{\"@type\":\"PropertyValueSpecification\",\"valueRequired\":true,\"valueName\":\"search_term_string\"}}],\"inLanguage\":\"pt-PT\"},{\"@type\":\"Person\",\"@id\":\"https:\/\/portaltela.pt\/#\/schema\/person\/c4278d4a6028830caff9ee44b42d32ed\",\"name\":\"Telinha\",\"image\":{\"@type\":\"ImageObject\",\"inLanguage\":\"pt-PT\",\"@id\":\"https:\/\/portaltela.pt\/s.01k8rhncp4jt1\/2025\/11\/talking-bot-125x125.png\",\"url\":\"https:\/\/portaltela.pt\/s.01k8rhncp4jt1\/2025\/11\/talking-bot-125x125.png\",\"contentUrl\":\"https:\/\/portaltela.pt\/s.01k8rhncp4jt1\/2025\/11\/talking-bot-125x125.png\",\"caption\":\"Telinha\"},\"sameAs\":[\"https:\/\/portaltela.pt\/\"],\"url\":\"https:\/\/portaltela.pt\/por\/367410592786\/\"}]}<\/script>\n<!-- \/ Yoast SEO plugin. -->","yoast_head_json":{"title":"Berck-sur-Mer enche o c\u00e9u de papagaios no 39.\u00ba festival internacional - Portal Tela Portugal","robots":{"index":"index","follow":"follow","max-snippet":"max-snippet:-1","max-image-preview":"max-image-preview:large","max-video-preview":"max-video-preview:-1"},"og_locale":"pt_PT","og_type":"article","og_title":"Berck-sur-Mer enche o c\u00e9u de papagaios no 39.\u00ba festival internacional - Portal Tela Portugal","og_description":"Arrancou em Berck-sur-Mer a 39.\u00aa edi\u00e7\u00e3o do Festival Internacional de Papagaios de Papel, que enche o c\u00e9u com cria\u00e7\u00f5es gigantes e papagaios de precis\u00e3o. O evento decorre entre 18 e 26 de abril e re\u00fane centenas de participantes de todo o mundo. As pe\u00e7as no c\u00e9u transformam a praia numa mostra em movimento, com papagaios de grande dimens\u00e3o a entrar no espet\u00e1culo di\u00e1rio. Destaque para a Ta\u00e7a do Mundo de Papagaios de Papel, com onze equipas a competir em solo, em duo e em grupo, sob avalia\u00e7\u00e3o de controlo, sincroniza\u00e7\u00e3o e design. Os organizadores prev\u00eaem forte aflu\u00eancia, mantendo o acesso gratuito, ap\u00f3s o recorde de 800 mil visitantes em 2022.","og_url":"https:\/\/portaltela.pt\/noticias\/2026\/04\/20\/berck-sur-mer-enche-o-ceu-de-papagaios-no-39-o-festival-internacional\/","og_site_name":"Portal Tela Portugal","article_published_time":"2026-04-20T06:47:34+00:00","author":"Telinha","twitter_card":"summary_large_image","twitter_misc":{"Escrito por":"Telinha","Tempo estimado de leitura":"1 minuto"},"schema":{"@context":"https:\/\/schema.org","@graph":[{"@type":"Article","@id":"https:\/\/portaltela.pt\/noticias\/2026\/04\/20\/berck-sur-mer-enche-o-ceu-de-papagaios-no-39-o-festival-internacional\/#article","isPartOf":{"@id":"https:\/\/portaltela.pt\/noticias\/2026\/04\/20\/berck-sur-mer-enche-o-ceu-de-papagaios-no-39-o-festival-internacional\/"},"author":{"name":"Telinha","@id":"https:\/\/portaltela.pt\/#\/schema\/person\/c4278d4a6028830caff9ee44b42d32ed"},"headline":"Berck-sur-Mer enche o c\u00e9u de papagaios no 39.\u00ba festival internacional","datePublished":"2026-04-20T06:47:34+00:00","mainEntityOfPage":{"@id":"https:\/\/portaltela.pt\/noticias\/2026\/04\/20\/berck-sur-mer-enche-o-ceu-de-papagaios-no-39-o-festival-internacional\/"},"wordCount":242,"image":{"@id":"https:\/\/portaltela.pt\/noticias\/2026\/04\/20\/berck-sur-mer-enche-o-ceu-de-papagaios-no-39-o-festival-internacional\/#primaryimage"},"thumbnailUrl":"https:\/\/portaltela.pt\/s.01k8rhncp4jt1\/2026\/04\/1536x864_cmsv2_adfda922-3514-579f-b8ab-e549a424538d-9727825.jpg","keywords":["espet\u00e1culos","eventos","festival","internacionais","p\u00fablico","turismo"],"articleSection":["Cultura","Lazer"],"inLanguage":"pt-PT"},{"@type":"WebPage","@id":"https:\/\/portaltela.pt\/noticias\/2026\/04\/20\/berck-sur-mer-enche-o-ceu-de-papagaios-no-39-o-festival-internacional\/","url":"https:\/\/portaltela.pt\/noticias\/2026\/04\/20\/berck-sur-mer-enche-o-ceu-de-papagaios-no-39-o-festival-internacional\/","name":"Berck-sur-Mer enche o c\u00e9u de papagaios no 39.\u00ba festival internacional - Portal Tela Portugal","isPartOf":{"@id":"https:\/\/portaltela.pt\/#website"},"primaryImageOfPage":{"@id":"https:\/\/portaltela.pt\/noticias\/2026\/04\/20\/berck-sur-mer-enche-o-ceu-de-papagaios-no-39-o-festival-internacional\/#primaryimage"},"image":{"@id":"https:\/\/portaltela.pt\/noticias\/2026\/04\/20\/berck-sur-mer-enche-o-ceu-de-papagaios-no-39-o-festival-internacional\/#primaryimage"},"thumbnailUrl":"https:\/\/portaltela.pt\/s.01k8rhncp4jt1\/2026\/04\/1536x864_cmsv2_adfda922-3514-579f-b8ab-e549a424538d-9727825.jpg","datePublished":"2026-04-20T06:47:34+00:00","author":{"@id":"https:\/\/portaltela.pt\/#\/schema\/person\/c4278d4a6028830caff9ee44b42d32ed"},"breadcrumb":{"@id":"https:\/\/portaltela.pt\/noticias\/2026\/04\/20\/berck-sur-mer-enche-o-ceu-de-papagaios-no-39-o-festival-internacional\/#breadcrumb"},"inLanguage":"pt-PT","potentialAction":[{"@type":"ReadAction","target":["https:\/\/portaltela.pt\/noticias\/2026\/04\/20\/berck-sur-mer-enche-o-ceu-de-papagaios-no-39-o-festival-internacional\/"]}]},{"@type":"ImageObject","inLanguage":"pt-PT","@id":"https:\/\/portaltela.pt\/noticias\/2026\/04\/20\/berck-sur-mer-enche-o-ceu-de-papagaios-no-39-o-festival-internacional\/#primaryimage","url":"https:\/\/portaltela.pt\/s.01k8rhncp4jt1\/2026\/04\/1536x864_cmsv2_adfda922-3514-579f-b8ab-e549a424538d-9727825.jpg","contentUrl":"https:\/\/portaltela.pt\/s.01k8rhncp4jt1\/2026\/04\/1536x864_cmsv2_adfda922-3514-579f-b8ab-e549a424538d-9727825.jpg","width":796,"height":448,"caption":"Papagaios de papel voam no c\u00e9u durante o Festival Internacional de Papagaios de Papel em Berck, no norte de Fran\u00e7a, s\u00e1bado, 18 de abril de 2026"},{"@type":"BreadcrumbList","@id":"https:\/\/portaltela.pt\/noticias\/2026\/04\/20\/berck-sur-mer-enche-o-ceu-de-papagaios-no-39-o-festival-internacional\/#breadcrumb","itemListElement":[{"@type":"ListItem","position":1,"name":"In\u00edcio","item":"https:\/\/portaltela.pt\/"},{"@type":"ListItem","position":2,"name":"Berck-sur-Mer enche o c\u00e9u de papagaios no 39.\u00ba festival internacional"}]},{"@type":"WebSite","@id":"https:\/\/portaltela.pt\/#website","url":"https:\/\/portaltela.pt\/","name":"Portal Tela Portugal","description":"","potentialAction":[{"@type":"SearchAction","target":{"@type":"EntryPoint","urlTemplate":"https:\/\/portaltela.pt\/?s={search_term_string}"},"query-input":{"@type":"PropertyValueSpecification","valueRequired":true,"valueName":"search_term_string"}}],"inLanguage":"pt-PT"},{"@type":"Person","@id":"https:\/\/portaltela.pt\/#\/schema\/person\/c4278d4a6028830caff9ee44b42d32ed","name":"Telinha","image":{"@type":"ImageObject","inLanguage":"pt-PT","@id":"https:\/\/portaltela.pt\/s.01k8rhncp4jt1\/2025\/11\/talking-bot-125x125.png","url":"https:\/\/portaltela.pt\/s.01k8rhncp4jt1\/2025\/11\/talking-bot-125x125.png","contentUrl":"https:\/\/portaltela.pt\/s.01k8rhncp4jt1\/2025\/11\/talking-bot-125x125.png","caption":"Telinha"},"sameAs":["https:\/\/portaltela.pt\/"],"url":"https:\/\/portaltela.pt\/por\/367410592786\/"}]}},"_links":{"self":[{"href":"https:\/\/portaltela.pt\/api\/wp\/v2\/posts\/450746","targetHints":{"allow":["GET"]}}],"collection":[{"href":"https:\/\/portaltela.pt\/api\/wp\/v2\/posts"}],"about":[{"href":"https:\/\/portaltela.pt\/api\/wp\/v2\/types\/post"}],"author":[{"embeddable":true,"href":"https:\/\/portaltela.pt\/api\/wp\/v2\/users\/2"}],"replies":[{"embeddable":true,"href":"https:\/\/portaltela.pt\/api\/wp\/v2\/comments?post=450746"}],"version-history":[{"count":0,"href":"https:\/\/portaltela.pt\/api\/wp\/v2\/posts\/450746\/revisions"}],"wp:featuredmedia":[{"embeddable":true,"href":"https:\/\/portaltela.pt\/api\/wp\/v2\/media\/450752"}],"wp:attachment":[{"href":"https:\/\/portaltela.pt\/api\/wp\/v2\/media?parent=450746"}],"wp:term":[{"taxonomy":"category","embeddable":true,"href":"https:\/\/portaltela.pt\/api\/wp\/v2\/categories?post=450746"},{"taxonomy":"post_tag","embeddable":true,"href":"https:\/\/portaltela.pt\/api\/wp\/v2\/tags?post=450746"}],"curies":[{"name":"wp","href":"https:\/\/api.w.org\/{rel}","templated":true}]}}