{"id":450735,"date":"2026-04-20T03:32:53","date_gmt":"2026-04-20T06:32:53","guid":{"rendered":"https:\/\/portaltela.pt\/noticias\/2026\/04\/20\/sindicatos-de-professores-e-governo-retomam-negociacoes-sobre-recrutamento\/"},"modified":"2026-04-20T03:32:53","modified_gmt":"2026-04-20T06:32:53","slug":"sindicatos-de-professores-e-governo-retomam-negociacoes-sobre-recrutamento","status":"publish","type":"post","link":"https:\/\/portaltela.pt\/noticias\/politica\/2026\/04\/20\/sindicatos-de-professores-e-governo-retomam-negociacoes-sobre-recrutamento\/","title":{"rendered":"Sindicatos de professores e Governo retomam negocia\u00e7\u00f5es sobre recrutamento"},"content":{"rendered":"<p>O Governo e os sindicatos de professores voltaram a reunir-se esta segunda-feira, no Minist\u00e9rio da Educa\u00e7\u00e3o, para discutir a revis\u00e3o do Estatuto da Carreira Docente (ECD). O foco \u00e9 o acesso \u00e0 profiss\u00e3o e os mecanismos de recrutamento e admiss\u00e3o.<\/p>\n<p>O Minist\u00e9rio apresentou, em mar\u00e7o, uma proposta para um modelo de contrata\u00e7\u00e3o &#8220;em moldes totalmente novos&#8221;. Pretende criar um concurso externo cont\u00ednuo ao longo do ano letivo, para preencher rapidamente vagas resultantes de aposenta\u00e7\u00f5es ou baixas.<\/p>\n<p>Mant\u00e9m-se a coloca\u00e7\u00e3o atrav\u00e9s da lista graduada nacional, que ordena por anos de servi\u00e7o e pela classifica\u00e7\u00e3o no curso de habilita\u00e7\u00e3o para a doc\u00eancia. O MECI visa concluir o acordo at\u00e9 junho, para aplicar as mudan\u00e7as a partir de 2027\/2028.<\/p>\n<p>A revis\u00e3o do ECD iniciou em dezembro, com altera\u00e7\u00f5es ao perfil do professor. Atualmente, as negocia\u00e7\u00f5es concentram-se na habilita\u00e7\u00e3o para a doc\u00eancia, recrutamento e admiss\u00e3o, temas discutidos tamb\u00e9m em fevereiro e mar\u00e7o.<\/p>\n<h3>Concentra\u00e7\u00e3o de protestos e participa\u00e7\u00e3o sindical<\/h3>\n<p>A Fenprof anunciou uma concentra\u00e7\u00e3o em frente ao MEC durante as negocia\u00e7\u00f5es. O Sindicato STOP j\u00e1 tinha sido impedido de participar enquanto mantivesse o protesto \u00e0 porta do Minist\u00e9rio.<\/p>\n","protected":false},"excerpt":{"rendered":"<ul>\n<li>Sindicatos de professores e Governo voltam a reunir-se para discutir a revis\u00e3o do Estatuto da Carreira Docente, com foco no acesso \u00e0 profiss\u00e3o e no recrutamento e admiss\u00e3o.<\/li>\n<li>O Minist\u00e9rio apresentou, em mar\u00e7o, uma proposta para contratar em moldes ainda n\u00e3o adotados, criando um concurso externo cont\u00ednuo ao longo do ano letivo para preencher vagas que surgem com aposenta\u00e7\u00e3o ou baixas m\u00e9dicas.<\/li>\n<li>No novo modelo, os candidatos podem apresentar-se a concurso a qualquer momento; mant\u00e9m-se a coloca\u00e7\u00e3o via lista graduada nacional, com base nos anos de servi\u00e7o e na classifica\u00e7\u00e3o no curso de habilita\u00e7\u00e3o para a doc\u00eancia.<\/li>\n<li>O Minist\u00e9rio da Educa\u00e7\u00e3o, Ci\u00eancia e Inova\u00e7\u00e3o pretende concluir as negocia\u00e7\u00f5es at\u00e9 junho, para que as novas regras entrem em vigor no ano letivo de 2027\/2028.<\/li>\n<li>A Fenprof anunciou uma concentra\u00e7\u00e3o em frente ao MECI; o Stop j\u00e1 tinha sido impedido de participar nas negocia\u00e7\u00f5es enquanto mantivesse protesto \u00e0 porta do minist\u00e9rio.<\/li>\n<\/ul>\n","protected":false},"author":2,"featured_media":450741,"comment_status":"closed","ping_status":"closed","sticky":false,"template":"","format":"standard","meta":{"footnotes":""},"categories":[1,5],"tags":[163,2443,92,6473,97],"class_list":["post-450735","post","type-post","status-publish","format-standard","has-post-thumbnail","hentry","category-noticias","category-politica","tag-educacao","tag-educacao-publica","tag-ensino","tag-planeamento-escolar","tag-professores"],"yoast_head":"<!-- This site is optimized with the Yoast SEO plugin v27.2 - https:\/\/yoast.com\/product\/yoast-seo-wordpress\/ -->\n<title>Sindicatos de professores e Governo retomam negocia\u00e7\u00f5es sobre recrutamento - Portal Tela Portugal<\/title>\n<meta name=\"robots\" content=\"index, follow, max-snippet:-1, max-image-preview:large, max-video-preview:-1\" \/>\n<meta property=\"og:locale\" content=\"pt_PT\" \/>\n<meta property=\"og:type\" content=\"article\" \/>\n<meta property=\"og:title\" content=\"Sindicatos de professores e Governo retomam negocia\u00e7\u00f5es sobre recrutamento - Portal Tela Portugal\" \/>\n<meta property=\"og:description\" content=\"Sindicatos de professores e Governo voltam a reunir-se para discutir a revis\u00e3o do Estatuto da Carreira Docente, com foco no acesso \u00e0 profiss\u00e3o e no recrutamento e admiss\u00e3o. O Minist\u00e9rio apresentou, em mar\u00e7o, uma proposta para contratar em moldes ainda n\u00e3o adotados, criando um concurso externo cont\u00ednuo ao longo do ano letivo para preencher vagas que surgem com aposenta\u00e7\u00e3o ou baixas m\u00e9dicas. No novo modelo, os candidatos podem apresentar-se a concurso a qualquer momento; mant\u00e9m-se a coloca\u00e7\u00e3o via lista graduada nacional, com base nos anos de servi\u00e7o e na classifica\u00e7\u00e3o no curso de habilita\u00e7\u00e3o para a doc\u00eancia. O Minist\u00e9rio da Educa\u00e7\u00e3o, Ci\u00eancia e Inova\u00e7\u00e3o pretende concluir as negocia\u00e7\u00f5es at\u00e9 junho, para que as novas regras entrem em vigor no ano letivo de 2027\/2028. A Fenprof anunciou uma concentra\u00e7\u00e3o em frente ao MECI; o Stop j\u00e1 tinha sido impedido de participar nas negocia\u00e7\u00f5es enquanto mantivesse protesto \u00e0 porta do minist\u00e9rio.\" \/>\n<meta property=\"og:url\" content=\"https:\/\/portaltela.pt\/noticias\/2026\/04\/20\/sindicatos-de-professores-e-governo-retomam-negociacoes-sobre-recrutamento\/\" \/>\n<meta property=\"og:site_name\" content=\"Portal Tela Portugal\" \/>\n<meta property=\"article:published_time\" content=\"2026-04-20T06:32:53+00:00\" \/>\n<meta name=\"author\" content=\"Telinha\" \/>\n<meta name=\"twitter:card\" content=\"summary_large_image\" \/>\n<meta name=\"twitter:label1\" content=\"Escrito por\" \/>\n\t<meta name=\"twitter:data1\" content=\"Telinha\" \/>\n\t<meta name=\"twitter:label2\" content=\"Tempo estimado de leitura\" \/>\n\t<meta name=\"twitter:data2\" content=\"1 minuto\" \/>\n<script type=\"application\/ld+json\" class=\"yoast-schema-graph\">{\"@context\":\"https:\/\/schema.org\",\"@graph\":[{\"@type\":\"Article\",\"@id\":\"https:\/\/portaltela.pt\/noticias\/2026\/04\/20\/sindicatos-de-professores-e-governo-retomam-negociacoes-sobre-recrutamento\/#article\",\"isPartOf\":{\"@id\":\"https:\/\/portaltela.pt\/noticias\/2026\/04\/20\/sindicatos-de-professores-e-governo-retomam-negociacoes-sobre-recrutamento\/\"},\"author\":{\"name\":\"Telinha\",\"@id\":\"https:\/\/portaltela.pt\/#\/schema\/person\/c4278d4a6028830caff9ee44b42d32ed\"},\"headline\":\"Sindicatos de professores e Governo retomam negocia\u00e7\u00f5es sobre recrutamento\",\"datePublished\":\"2026-04-20T06:32:53+00:00\",\"mainEntityOfPage\":{\"@id\":\"https:\/\/portaltela.pt\/noticias\/2026\/04\/20\/sindicatos-de-professores-e-governo-retomam-negociacoes-sobre-recrutamento\/\"},\"wordCount\":220,\"image\":{\"@id\":\"https:\/\/portaltela.pt\/noticias\/2026\/04\/20\/sindicatos-de-professores-e-governo-retomam-negociacoes-sobre-recrutamento\/#primaryimage\"},\"thumbnailUrl\":\"https:\/\/portaltela.pt\/s.01k8rhncp4jt1\/2026\/04\/image-1181.jpg\",\"keywords\":[\"educa\u00e7\u00e3o\",\"educa\u00e7\u00e3o p\u00fablica\",\"ensino\",\"planeamento escolar\",\"professores\"],\"articleSection\":[\"Not\u00edcias\",\"Pol\u00edtica\"],\"inLanguage\":\"pt-PT\"},{\"@type\":\"WebPage\",\"@id\":\"https:\/\/portaltela.pt\/noticias\/2026\/04\/20\/sindicatos-de-professores-e-governo-retomam-negociacoes-sobre-recrutamento\/\",\"url\":\"https:\/\/portaltela.pt\/noticias\/2026\/04\/20\/sindicatos-de-professores-e-governo-retomam-negociacoes-sobre-recrutamento\/\",\"name\":\"Sindicatos de professores e Governo retomam negocia\u00e7\u00f5es sobre recrutamento - Portal Tela Portugal\",\"isPartOf\":{\"@id\":\"https:\/\/portaltela.pt\/#website\"},\"primaryImageOfPage\":{\"@id\":\"https:\/\/portaltela.pt\/noticias\/2026\/04\/20\/sindicatos-de-professores-e-governo-retomam-negociacoes-sobre-recrutamento\/#primaryimage\"},\"image\":{\"@id\":\"https:\/\/portaltela.pt\/noticias\/2026\/04\/20\/sindicatos-de-professores-e-governo-retomam-negociacoes-sobre-recrutamento\/#primaryimage\"},\"thumbnailUrl\":\"https:\/\/portaltela.pt\/s.01k8rhncp4jt1\/2026\/04\/image-1181.jpg\",\"datePublished\":\"2026-04-20T06:32:53+00:00\",\"author\":{\"@id\":\"https:\/\/portaltela.pt\/#\/schema\/person\/c4278d4a6028830caff9ee44b42d32ed\"},\"breadcrumb\":{\"@id\":\"https:\/\/portaltela.pt\/noticias\/2026\/04\/20\/sindicatos-de-professores-e-governo-retomam-negociacoes-sobre-recrutamento\/#breadcrumb\"},\"inLanguage\":\"pt-PT\",\"potentialAction\":[{\"@type\":\"ReadAction\",\"target\":[\"https:\/\/portaltela.pt\/noticias\/2026\/04\/20\/sindicatos-de-professores-e-governo-retomam-negociacoes-sobre-recrutamento\/\"]}]},{\"@type\":\"ImageObject\",\"inLanguage\":\"pt-PT\",\"@id\":\"https:\/\/portaltela.pt\/noticias\/2026\/04\/20\/sindicatos-de-professores-e-governo-retomam-negociacoes-sobre-recrutamento\/#primaryimage\",\"url\":\"https:\/\/portaltela.pt\/s.01k8rhncp4jt1\/2026\/04\/image-1181.jpg\",\"contentUrl\":\"https:\/\/portaltela.pt\/s.01k8rhncp4jt1\/2026\/04\/image-1181.jpg\",\"width\":796,\"height\":448,\"caption\":\"Sindicatos e Governo voltam a reunir-se para decidir futuro de professores\"},{\"@type\":\"BreadcrumbList\",\"@id\":\"https:\/\/portaltela.pt\/noticias\/2026\/04\/20\/sindicatos-de-professores-e-governo-retomam-negociacoes-sobre-recrutamento\/#breadcrumb\",\"itemListElement\":[{\"@type\":\"ListItem\",\"position\":1,\"name\":\"In\u00edcio\",\"item\":\"https:\/\/portaltela.pt\/\"},{\"@type\":\"ListItem\",\"position\":2,\"name\":\"Sindicatos de professores e Governo retomam negocia\u00e7\u00f5es sobre recrutamento\"}]},{\"@type\":\"WebSite\",\"@id\":\"https:\/\/portaltela.pt\/#website\",\"url\":\"https:\/\/portaltela.pt\/\",\"name\":\"Portal Tela Portugal\",\"description\":\"\",\"potentialAction\":[{\"@type\":\"SearchAction\",\"target\":{\"@type\":\"EntryPoint\",\"urlTemplate\":\"https:\/\/portaltela.pt\/?s={search_term_string}\"},\"query-input\":{\"@type\":\"PropertyValueSpecification\",\"valueRequired\":true,\"valueName\":\"search_term_string\"}}],\"inLanguage\":\"pt-PT\"},{\"@type\":\"Person\",\"@id\":\"https:\/\/portaltela.pt\/#\/schema\/person\/c4278d4a6028830caff9ee44b42d32ed\",\"name\":\"Telinha\",\"image\":{\"@type\":\"ImageObject\",\"inLanguage\":\"pt-PT\",\"@id\":\"https:\/\/portaltela.pt\/s.01k8rhncp4jt1\/2025\/11\/talking-bot-125x125.png\",\"url\":\"https:\/\/portaltela.pt\/s.01k8rhncp4jt1\/2025\/11\/talking-bot-125x125.png\",\"contentUrl\":\"https:\/\/portaltela.pt\/s.01k8rhncp4jt1\/2025\/11\/talking-bot-125x125.png\",\"caption\":\"Telinha\"},\"sameAs\":[\"https:\/\/portaltela.pt\/\"],\"url\":\"https:\/\/portaltela.pt\/por\/367410592786\/\"}]}<\/script>\n<!-- \/ Yoast SEO plugin. -->","yoast_head_json":{"title":"Sindicatos de professores e Governo retomam negocia\u00e7\u00f5es sobre recrutamento - Portal Tela Portugal","robots":{"index":"index","follow":"follow","max-snippet":"max-snippet:-1","max-image-preview":"max-image-preview:large","max-video-preview":"max-video-preview:-1"},"og_locale":"pt_PT","og_type":"article","og_title":"Sindicatos de professores e Governo retomam negocia\u00e7\u00f5es sobre recrutamento - Portal Tela Portugal","og_description":"Sindicatos de professores e Governo voltam a reunir-se para discutir a revis\u00e3o do Estatuto da Carreira Docente, com foco no acesso \u00e0 profiss\u00e3o e no recrutamento e admiss\u00e3o. O Minist\u00e9rio apresentou, em mar\u00e7o, uma proposta para contratar em moldes ainda n\u00e3o adotados, criando um concurso externo cont\u00ednuo ao longo do ano letivo para preencher vagas que surgem com aposenta\u00e7\u00e3o ou baixas m\u00e9dicas. No novo modelo, os candidatos podem apresentar-se a concurso a qualquer momento; mant\u00e9m-se a coloca\u00e7\u00e3o via lista graduada nacional, com base nos anos de servi\u00e7o e na classifica\u00e7\u00e3o no curso de habilita\u00e7\u00e3o para a doc\u00eancia. O Minist\u00e9rio da Educa\u00e7\u00e3o, Ci\u00eancia e Inova\u00e7\u00e3o pretende concluir as negocia\u00e7\u00f5es at\u00e9 junho, para que as novas regras entrem em vigor no ano letivo de 2027\/2028. A Fenprof anunciou uma concentra\u00e7\u00e3o em frente ao MECI; o Stop j\u00e1 tinha sido impedido de participar nas negocia\u00e7\u00f5es enquanto mantivesse protesto \u00e0 porta do minist\u00e9rio.","og_url":"https:\/\/portaltela.pt\/noticias\/2026\/04\/20\/sindicatos-de-professores-e-governo-retomam-negociacoes-sobre-recrutamento\/","og_site_name":"Portal Tela Portugal","article_published_time":"2026-04-20T06:32:53+00:00","author":"Telinha","twitter_card":"summary_large_image","twitter_misc":{"Escrito por":"Telinha","Tempo estimado de leitura":"1 minuto"},"schema":{"@context":"https:\/\/schema.org","@graph":[{"@type":"Article","@id":"https:\/\/portaltela.pt\/noticias\/2026\/04\/20\/sindicatos-de-professores-e-governo-retomam-negociacoes-sobre-recrutamento\/#article","isPartOf":{"@id":"https:\/\/portaltela.pt\/noticias\/2026\/04\/20\/sindicatos-de-professores-e-governo-retomam-negociacoes-sobre-recrutamento\/"},"author":{"name":"Telinha","@id":"https:\/\/portaltela.pt\/#\/schema\/person\/c4278d4a6028830caff9ee44b42d32ed"},"headline":"Sindicatos de professores e Governo retomam negocia\u00e7\u00f5es sobre recrutamento","datePublished":"2026-04-20T06:32:53+00:00","mainEntityOfPage":{"@id":"https:\/\/portaltela.pt\/noticias\/2026\/04\/20\/sindicatos-de-professores-e-governo-retomam-negociacoes-sobre-recrutamento\/"},"wordCount":220,"image":{"@id":"https:\/\/portaltela.pt\/noticias\/2026\/04\/20\/sindicatos-de-professores-e-governo-retomam-negociacoes-sobre-recrutamento\/#primaryimage"},"thumbnailUrl":"https:\/\/portaltela.pt\/s.01k8rhncp4jt1\/2026\/04\/image-1181.jpg","keywords":["educa\u00e7\u00e3o","educa\u00e7\u00e3o p\u00fablica","ensino","planeamento escolar","professores"],"articleSection":["Not\u00edcias","Pol\u00edtica"],"inLanguage":"pt-PT"},{"@type":"WebPage","@id":"https:\/\/portaltela.pt\/noticias\/2026\/04\/20\/sindicatos-de-professores-e-governo-retomam-negociacoes-sobre-recrutamento\/","url":"https:\/\/portaltela.pt\/noticias\/2026\/04\/20\/sindicatos-de-professores-e-governo-retomam-negociacoes-sobre-recrutamento\/","name":"Sindicatos de professores e Governo retomam negocia\u00e7\u00f5es sobre recrutamento - Portal Tela Portugal","isPartOf":{"@id":"https:\/\/portaltela.pt\/#website"},"primaryImageOfPage":{"@id":"https:\/\/portaltela.pt\/noticias\/2026\/04\/20\/sindicatos-de-professores-e-governo-retomam-negociacoes-sobre-recrutamento\/#primaryimage"},"image":{"@id":"https:\/\/portaltela.pt\/noticias\/2026\/04\/20\/sindicatos-de-professores-e-governo-retomam-negociacoes-sobre-recrutamento\/#primaryimage"},"thumbnailUrl":"https:\/\/portaltela.pt\/s.01k8rhncp4jt1\/2026\/04\/image-1181.jpg","datePublished":"2026-04-20T06:32:53+00:00","author":{"@id":"https:\/\/portaltela.pt\/#\/schema\/person\/c4278d4a6028830caff9ee44b42d32ed"},"breadcrumb":{"@id":"https:\/\/portaltela.pt\/noticias\/2026\/04\/20\/sindicatos-de-professores-e-governo-retomam-negociacoes-sobre-recrutamento\/#breadcrumb"},"inLanguage":"pt-PT","potentialAction":[{"@type":"ReadAction","target":["https:\/\/portaltela.pt\/noticias\/2026\/04\/20\/sindicatos-de-professores-e-governo-retomam-negociacoes-sobre-recrutamento\/"]}]},{"@type":"ImageObject","inLanguage":"pt-PT","@id":"https:\/\/portaltela.pt\/noticias\/2026\/04\/20\/sindicatos-de-professores-e-governo-retomam-negociacoes-sobre-recrutamento\/#primaryimage","url":"https:\/\/portaltela.pt\/s.01k8rhncp4jt1\/2026\/04\/image-1181.jpg","contentUrl":"https:\/\/portaltela.pt\/s.01k8rhncp4jt1\/2026\/04\/image-1181.jpg","width":796,"height":448,"caption":"Sindicatos e Governo voltam a reunir-se para decidir futuro de professores"},{"@type":"BreadcrumbList","@id":"https:\/\/portaltela.pt\/noticias\/2026\/04\/20\/sindicatos-de-professores-e-governo-retomam-negociacoes-sobre-recrutamento\/#breadcrumb","itemListElement":[{"@type":"ListItem","position":1,"name":"In\u00edcio","item":"https:\/\/portaltela.pt\/"},{"@type":"ListItem","position":2,"name":"Sindicatos de professores e Governo retomam negocia\u00e7\u00f5es sobre recrutamento"}]},{"@type":"WebSite","@id":"https:\/\/portaltela.pt\/#website","url":"https:\/\/portaltela.pt\/","name":"Portal Tela Portugal","description":"","potentialAction":[{"@type":"SearchAction","target":{"@type":"EntryPoint","urlTemplate":"https:\/\/portaltela.pt\/?s={search_term_string}"},"query-input":{"@type":"PropertyValueSpecification","valueRequired":true,"valueName":"search_term_string"}}],"inLanguage":"pt-PT"},{"@type":"Person","@id":"https:\/\/portaltela.pt\/#\/schema\/person\/c4278d4a6028830caff9ee44b42d32ed","name":"Telinha","image":{"@type":"ImageObject","inLanguage":"pt-PT","@id":"https:\/\/portaltela.pt\/s.01k8rhncp4jt1\/2025\/11\/talking-bot-125x125.png","url":"https:\/\/portaltela.pt\/s.01k8rhncp4jt1\/2025\/11\/talking-bot-125x125.png","contentUrl":"https:\/\/portaltela.pt\/s.01k8rhncp4jt1\/2025\/11\/talking-bot-125x125.png","caption":"Telinha"},"sameAs":["https:\/\/portaltela.pt\/"],"url":"https:\/\/portaltela.pt\/por\/367410592786\/"}]}},"_links":{"self":[{"href":"https:\/\/portaltela.pt\/api\/wp\/v2\/posts\/450735","targetHints":{"allow":["GET"]}}],"collection":[{"href":"https:\/\/portaltela.pt\/api\/wp\/v2\/posts"}],"about":[{"href":"https:\/\/portaltela.pt\/api\/wp\/v2\/types\/post"}],"author":[{"embeddable":true,"href":"https:\/\/portaltela.pt\/api\/wp\/v2\/users\/2"}],"replies":[{"embeddable":true,"href":"https:\/\/portaltela.pt\/api\/wp\/v2\/comments?post=450735"}],"version-history":[{"count":0,"href":"https:\/\/portaltela.pt\/api\/wp\/v2\/posts\/450735\/revisions"}],"wp:featuredmedia":[{"embeddable":true,"href":"https:\/\/portaltela.pt\/api\/wp\/v2\/media\/450741"}],"wp:attachment":[{"href":"https:\/\/portaltela.pt\/api\/wp\/v2\/media?parent=450735"}],"wp:term":[{"taxonomy":"category","embeddable":true,"href":"https:\/\/portaltela.pt\/api\/wp\/v2\/categories?post=450735"},{"taxonomy":"post_tag","embeddable":true,"href":"https:\/\/portaltela.pt\/api\/wp\/v2\/tags?post=450735"}],"curies":[{"name":"wp","href":"https:\/\/api.w.org\/{rel}","templated":true}]}}