{"id":450721,"date":"2026-04-20T03:17:53","date_gmt":"2026-04-20T06:17:53","guid":{"rendered":"https:\/\/portaltela.pt\/noticias\/2026\/04\/20\/bruno-goncalves-defende-debate-sem-odio-entre-jovens-nas-redes\/"},"modified":"2026-04-20T03:17:53","modified_gmt":"2026-04-20T06:17:53","slug":"bruno-goncalves-defende-debate-sem-odio-entre-jovens-nas-redes","status":"publish","type":"post","link":"https:\/\/portaltela.pt\/noticias\/internacional\/2026\/04\/20\/bruno-goncalves-defende-debate-sem-odio-entre-jovens-nas-redes\/","title":{"rendered":"Bruno Gon\u00e7alves defende debate sem \u00f3dio entre jovens nas redes"},"content":{"rendered":"<p>O eurodeputado Bruno Gon\u00e7alves, da bancada do Partido Socialista, lan\u00e7ou nesta segunda-feira um projeto de debates nas escolas destinado a reduzir o discurso de \u00f3dio nas redes sociais. O objetivo \u00e9 promover o debate saud\u00e1vel entre jovens, com atividades programadas desde Braga at\u00e9 ao Seixal.<\/p>\n<p>O programa pretende envolver estudantes na pr\u00e1tica de argumenta\u00e7\u00e3o e de verifica\u00e7\u00e3o de dados, incentivando o uso respons\u00e1vel das redes. A iniciativa foi apresentada como parte de uma estrat\u00e9gia para fomentar o di\u00e1logo democr\u00e1tico entre diferentes perspetivas pol\u00edticas.<\/p>\n<p>Durante a apresenta\u00e7\u00e3o, realizada numa das pra\u00e7as da cidade do Porto, Gon\u00e7alves mostrou cart\u00f5es com mensagens que procuram abrir o di\u00e1logo entre posi\u00e7\u00f5es distintas. Entre os exemplos est\u00e3o afirma\u00e7\u00f5es sobre esquerda e direita, feminismo, antiracismo,Toroaditas e leitura de fontes, sempre sob a orienta\u00e7\u00e3o de conversar, n\u00e3o atacar.<\/p>\n<p>Segundo o gabinete do eurodeputado, o projeto pretende percorrer v\u00e1rias regi\u00f5es do pa\u00eds, com parcerias com escolas e associa\u00e7\u00f5es estudantis. A meta \u00e9 formar jovens de diferentes sensibilidades para argumentar de forma fundamentada, sem recorrer a ataques pessoais.<\/p>\n<p>A iniciativa surge numa conjuntura de crescente pol\u00e9mica online, com o objetivo de criar espa\u00e7os de debate que possam ser replicados em comunidades locais. A calendariza\u00e7\u00e3o completa dos debates e os parceiros envolvidos dever\u00e3o ser anunciados nos pr\u00f3ximos dias pela equipa de Gon\u00e7alves.<\/p>\n","protected":false},"excerpt":{"rendered":"<ul>\n<li>O eurodeputado socialista Bruno Gon\u00e7alves lan\u00e7a nesta segunda-feira um projecto de debates nas escolas, de Braga ao Seixal, com o objetivo de produzir conte\u00fados para as redes sociais.<\/li>\n<li>A iniciativa pretende mudar o discurso digital e promover o debate saud\u00e1vel entre jovens.<\/li>\n<li>O material promocional mostra mensagens sob o t\u00edtulo \u201cBORA conversar\u201d, exibidas em cart\u00f5es durante a desloca\u00e7\u00e3o do pol\u00edtico pela cidade do Porto.<\/li>\n<li>As sess\u00f5es visam incentivar argumentos fundamentados e reduzir o \u00f3dio ou ataques entre posi\u00e7\u00f5es pol\u00edticas distintas.<\/li>\n<li>O projecto envolve escolas de v\u00e1rias regi\u00f5es e procura criar espa\u00e7os de express\u00e3o c\u00edvica com base em dados e di\u00e1logo.<\/li>\n<\/ul>\n","protected":false},"author":2,"featured_media":450726,"comment_status":"closed","ping_status":"closed","sticky":false,"template":"","format":"standard","meta":{"footnotes":""},"categories":[4,7127],"tags":[1904,163,2153,251,2832,88],"class_list":["post-450721","post","type-post","status-publish","format-standard","has-post-thumbnail","hentry","category-internacional","category-politica-internacional","tag-discurso-de-odio","tag-educacao","tag-educacao-escolar","tag-juventude","tag-politica","tag-redes-sociais"],"yoast_head":"<!-- This site is optimized with the Yoast SEO plugin v27.2 - https:\/\/yoast.com\/product\/yoast-seo-wordpress\/ -->\n<title>Bruno Gon\u00e7alves defende debate sem \u00f3dio entre jovens nas redes - Portal Tela Portugal<\/title>\n<meta name=\"robots\" content=\"index, follow, max-snippet:-1, max-image-preview:large, max-video-preview:-1\" \/>\n<meta property=\"og:locale\" content=\"pt_PT\" \/>\n<meta property=\"og:type\" content=\"article\" \/>\n<meta property=\"og:title\" content=\"Bruno Gon\u00e7alves defende debate sem \u00f3dio entre jovens nas redes - Portal Tela Portugal\" \/>\n<meta property=\"og:description\" content=\"O eurodeputado socialista Bruno Gon\u00e7alves lan\u00e7a nesta segunda-feira um projecto de debates nas escolas, de Braga ao Seixal, com o objetivo de produzir conte\u00fados para as redes sociais. A iniciativa pretende mudar o discurso digital e promover o debate saud\u00e1vel entre jovens. O material promocional mostra mensagens sob o t\u00edtulo \u201cBORA conversar\u201d, exibidas em cart\u00f5es durante a desloca\u00e7\u00e3o do pol\u00edtico pela cidade do Porto. As sess\u00f5es visam incentivar argumentos fundamentados e reduzir o \u00f3dio ou ataques entre posi\u00e7\u00f5es pol\u00edticas distintas. O projecto envolve escolas de v\u00e1rias regi\u00f5es e procura criar espa\u00e7os de express\u00e3o c\u00edvica com base em dados e di\u00e1logo.\" \/>\n<meta property=\"og:url\" content=\"https:\/\/portaltela.pt\/noticias\/2026\/04\/20\/bruno-goncalves-defende-debate-sem-odio-entre-jovens-nas-redes\/\" \/>\n<meta property=\"og:site_name\" content=\"Portal Tela Portugal\" \/>\n<meta property=\"article:published_time\" content=\"2026-04-20T06:17:53+00:00\" \/>\n<meta name=\"author\" content=\"Telinha\" \/>\n<meta name=\"twitter:card\" content=\"summary_large_image\" \/>\n<meta name=\"twitter:label1\" content=\"Escrito por\" \/>\n\t<meta name=\"twitter:data1\" content=\"Telinha\" \/>\n\t<meta name=\"twitter:label2\" content=\"Tempo estimado de leitura\" \/>\n\t<meta name=\"twitter:data2\" content=\"1 minuto\" \/>\n<script type=\"application\/ld+json\" class=\"yoast-schema-graph\">{\"@context\":\"https:\/\/schema.org\",\"@graph\":[{\"@type\":\"Article\",\"@id\":\"https:\/\/portaltela.pt\/noticias\/2026\/04\/20\/bruno-goncalves-defende-debate-sem-odio-entre-jovens-nas-redes\/#article\",\"isPartOf\":{\"@id\":\"https:\/\/portaltela.pt\/noticias\/2026\/04\/20\/bruno-goncalves-defende-debate-sem-odio-entre-jovens-nas-redes\/\"},\"author\":{\"name\":\"Telinha\",\"@id\":\"https:\/\/portaltela.pt\/#\/schema\/person\/c4278d4a6028830caff9ee44b42d32ed\"},\"headline\":\"Bruno Gon\u00e7alves defende debate sem \u00f3dio entre jovens nas redes\",\"datePublished\":\"2026-04-20T06:17:53+00:00\",\"mainEntityOfPage\":{\"@id\":\"https:\/\/portaltela.pt\/noticias\/2026\/04\/20\/bruno-goncalves-defende-debate-sem-odio-entre-jovens-nas-redes\/\"},\"wordCount\":252,\"image\":{\"@id\":\"https:\/\/portaltela.pt\/noticias\/2026\/04\/20\/bruno-goncalves-defende-debate-sem-odio-entre-jovens-nas-redes\/#primaryimage\"},\"thumbnailUrl\":\"https:\/\/portaltela.pt\/s.01k8rhncp4jt1\/2026\/04\/2082498.jpg\",\"keywords\":[\"discurso de \u00f3dio\",\"educa\u00e7\u00e3o\",\"educa\u00e7\u00e3o escolar\",\"juventude\",\"pol\u00edtica\",\"redes sociais\"],\"articleSection\":[\"Internacional\",\"Pol\u00edtica Internacional\"],\"inLanguage\":\"pt-PT\"},{\"@type\":\"WebPage\",\"@id\":\"https:\/\/portaltela.pt\/noticias\/2026\/04\/20\/bruno-goncalves-defende-debate-sem-odio-entre-jovens-nas-redes\/\",\"url\":\"https:\/\/portaltela.pt\/noticias\/2026\/04\/20\/bruno-goncalves-defende-debate-sem-odio-entre-jovens-nas-redes\/\",\"name\":\"Bruno Gon\u00e7alves defende debate sem \u00f3dio entre jovens nas redes - Portal Tela Portugal\",\"isPartOf\":{\"@id\":\"https:\/\/portaltela.pt\/#website\"},\"primaryImageOfPage\":{\"@id\":\"https:\/\/portaltela.pt\/noticias\/2026\/04\/20\/bruno-goncalves-defende-debate-sem-odio-entre-jovens-nas-redes\/#primaryimage\"},\"image\":{\"@id\":\"https:\/\/portaltela.pt\/noticias\/2026\/04\/20\/bruno-goncalves-defende-debate-sem-odio-entre-jovens-nas-redes\/#primaryimage\"},\"thumbnailUrl\":\"https:\/\/portaltela.pt\/s.01k8rhncp4jt1\/2026\/04\/2082498.jpg\",\"datePublished\":\"2026-04-20T06:17:53+00:00\",\"author\":{\"@id\":\"https:\/\/portaltela.pt\/#\/schema\/person\/c4278d4a6028830caff9ee44b42d32ed\"},\"breadcrumb\":{\"@id\":\"https:\/\/portaltela.pt\/noticias\/2026\/04\/20\/bruno-goncalves-defende-debate-sem-odio-entre-jovens-nas-redes\/#breadcrumb\"},\"inLanguage\":\"pt-PT\",\"potentialAction\":[{\"@type\":\"ReadAction\",\"target\":[\"https:\/\/portaltela.pt\/noticias\/2026\/04\/20\/bruno-goncalves-defende-debate-sem-odio-entre-jovens-nas-redes\/\"]}]},{\"@type\":\"ImageObject\",\"inLanguage\":\"pt-PT\",\"@id\":\"https:\/\/portaltela.pt\/noticias\/2026\/04\/20\/bruno-goncalves-defende-debate-sem-odio-entre-jovens-nas-redes\/#primaryimage\",\"url\":\"https:\/\/portaltela.pt\/s.01k8rhncp4jt1\/2026\/04\/2082498.jpg\",\"contentUrl\":\"https:\/\/portaltela.pt\/s.01k8rhncp4jt1\/2026\/04\/2082498.jpg\",\"width\":796,\"height\":448,\"caption\":\"Bruno Gon\u00e7alves foi secret\u00e1rio-geral da Uni\u00e3o Internacional da Juventude Socialista e \u00e9 eurodeputado desde Junho de 2024\"},{\"@type\":\"BreadcrumbList\",\"@id\":\"https:\/\/portaltela.pt\/noticias\/2026\/04\/20\/bruno-goncalves-defende-debate-sem-odio-entre-jovens-nas-redes\/#breadcrumb\",\"itemListElement\":[{\"@type\":\"ListItem\",\"position\":1,\"name\":\"In\u00edcio\",\"item\":\"https:\/\/portaltela.pt\/\"},{\"@type\":\"ListItem\",\"position\":2,\"name\":\"Bruno Gon\u00e7alves defende debate sem \u00f3dio entre jovens nas redes\"}]},{\"@type\":\"WebSite\",\"@id\":\"https:\/\/portaltela.pt\/#website\",\"url\":\"https:\/\/portaltela.pt\/\",\"name\":\"Portal Tela Portugal\",\"description\":\"\",\"potentialAction\":[{\"@type\":\"SearchAction\",\"target\":{\"@type\":\"EntryPoint\",\"urlTemplate\":\"https:\/\/portaltela.pt\/?s={search_term_string}\"},\"query-input\":{\"@type\":\"PropertyValueSpecification\",\"valueRequired\":true,\"valueName\":\"search_term_string\"}}],\"inLanguage\":\"pt-PT\"},{\"@type\":\"Person\",\"@id\":\"https:\/\/portaltela.pt\/#\/schema\/person\/c4278d4a6028830caff9ee44b42d32ed\",\"name\":\"Telinha\",\"image\":{\"@type\":\"ImageObject\",\"inLanguage\":\"pt-PT\",\"@id\":\"https:\/\/portaltela.pt\/s.01k8rhncp4jt1\/2025\/11\/talking-bot-125x125.png\",\"url\":\"https:\/\/portaltela.pt\/s.01k8rhncp4jt1\/2025\/11\/talking-bot-125x125.png\",\"contentUrl\":\"https:\/\/portaltela.pt\/s.01k8rhncp4jt1\/2025\/11\/talking-bot-125x125.png\",\"caption\":\"Telinha\"},\"sameAs\":[\"https:\/\/portaltela.pt\/\"],\"url\":\"https:\/\/portaltela.pt\/por\/367410592786\/\"}]}<\/script>\n<!-- \/ Yoast SEO plugin. -->","yoast_head_json":{"title":"Bruno Gon\u00e7alves defende debate sem \u00f3dio entre jovens nas redes - Portal Tela Portugal","robots":{"index":"index","follow":"follow","max-snippet":"max-snippet:-1","max-image-preview":"max-image-preview:large","max-video-preview":"max-video-preview:-1"},"og_locale":"pt_PT","og_type":"article","og_title":"Bruno Gon\u00e7alves defende debate sem \u00f3dio entre jovens nas redes - Portal Tela Portugal","og_description":"O eurodeputado socialista Bruno Gon\u00e7alves lan\u00e7a nesta segunda-feira um projecto de debates nas escolas, de Braga ao Seixal, com o objetivo de produzir conte\u00fados para as redes sociais. A iniciativa pretende mudar o discurso digital e promover o debate saud\u00e1vel entre jovens. O material promocional mostra mensagens sob o t\u00edtulo \u201cBORA conversar\u201d, exibidas em cart\u00f5es durante a desloca\u00e7\u00e3o do pol\u00edtico pela cidade do Porto. As sess\u00f5es visam incentivar argumentos fundamentados e reduzir o \u00f3dio ou ataques entre posi\u00e7\u00f5es pol\u00edticas distintas. O projecto envolve escolas de v\u00e1rias regi\u00f5es e procura criar espa\u00e7os de express\u00e3o c\u00edvica com base em dados e di\u00e1logo.","og_url":"https:\/\/portaltela.pt\/noticias\/2026\/04\/20\/bruno-goncalves-defende-debate-sem-odio-entre-jovens-nas-redes\/","og_site_name":"Portal Tela Portugal","article_published_time":"2026-04-20T06:17:53+00:00","author":"Telinha","twitter_card":"summary_large_image","twitter_misc":{"Escrito por":"Telinha","Tempo estimado de leitura":"1 minuto"},"schema":{"@context":"https:\/\/schema.org","@graph":[{"@type":"Article","@id":"https:\/\/portaltela.pt\/noticias\/2026\/04\/20\/bruno-goncalves-defende-debate-sem-odio-entre-jovens-nas-redes\/#article","isPartOf":{"@id":"https:\/\/portaltela.pt\/noticias\/2026\/04\/20\/bruno-goncalves-defende-debate-sem-odio-entre-jovens-nas-redes\/"},"author":{"name":"Telinha","@id":"https:\/\/portaltela.pt\/#\/schema\/person\/c4278d4a6028830caff9ee44b42d32ed"},"headline":"Bruno Gon\u00e7alves defende debate sem \u00f3dio entre jovens nas redes","datePublished":"2026-04-20T06:17:53+00:00","mainEntityOfPage":{"@id":"https:\/\/portaltela.pt\/noticias\/2026\/04\/20\/bruno-goncalves-defende-debate-sem-odio-entre-jovens-nas-redes\/"},"wordCount":252,"image":{"@id":"https:\/\/portaltela.pt\/noticias\/2026\/04\/20\/bruno-goncalves-defende-debate-sem-odio-entre-jovens-nas-redes\/#primaryimage"},"thumbnailUrl":"https:\/\/portaltela.pt\/s.01k8rhncp4jt1\/2026\/04\/2082498.jpg","keywords":["discurso de \u00f3dio","educa\u00e7\u00e3o","educa\u00e7\u00e3o escolar","juventude","pol\u00edtica","redes sociais"],"articleSection":["Internacional","Pol\u00edtica Internacional"],"inLanguage":"pt-PT"},{"@type":"WebPage","@id":"https:\/\/portaltela.pt\/noticias\/2026\/04\/20\/bruno-goncalves-defende-debate-sem-odio-entre-jovens-nas-redes\/","url":"https:\/\/portaltela.pt\/noticias\/2026\/04\/20\/bruno-goncalves-defende-debate-sem-odio-entre-jovens-nas-redes\/","name":"Bruno Gon\u00e7alves defende debate sem \u00f3dio entre jovens nas redes - Portal Tela Portugal","isPartOf":{"@id":"https:\/\/portaltela.pt\/#website"},"primaryImageOfPage":{"@id":"https:\/\/portaltela.pt\/noticias\/2026\/04\/20\/bruno-goncalves-defende-debate-sem-odio-entre-jovens-nas-redes\/#primaryimage"},"image":{"@id":"https:\/\/portaltela.pt\/noticias\/2026\/04\/20\/bruno-goncalves-defende-debate-sem-odio-entre-jovens-nas-redes\/#primaryimage"},"thumbnailUrl":"https:\/\/portaltela.pt\/s.01k8rhncp4jt1\/2026\/04\/2082498.jpg","datePublished":"2026-04-20T06:17:53+00:00","author":{"@id":"https:\/\/portaltela.pt\/#\/schema\/person\/c4278d4a6028830caff9ee44b42d32ed"},"breadcrumb":{"@id":"https:\/\/portaltela.pt\/noticias\/2026\/04\/20\/bruno-goncalves-defende-debate-sem-odio-entre-jovens-nas-redes\/#breadcrumb"},"inLanguage":"pt-PT","potentialAction":[{"@type":"ReadAction","target":["https:\/\/portaltela.pt\/noticias\/2026\/04\/20\/bruno-goncalves-defende-debate-sem-odio-entre-jovens-nas-redes\/"]}]},{"@type":"ImageObject","inLanguage":"pt-PT","@id":"https:\/\/portaltela.pt\/noticias\/2026\/04\/20\/bruno-goncalves-defende-debate-sem-odio-entre-jovens-nas-redes\/#primaryimage","url":"https:\/\/portaltela.pt\/s.01k8rhncp4jt1\/2026\/04\/2082498.jpg","contentUrl":"https:\/\/portaltela.pt\/s.01k8rhncp4jt1\/2026\/04\/2082498.jpg","width":796,"height":448,"caption":"Bruno Gon\u00e7alves foi secret\u00e1rio-geral da Uni\u00e3o Internacional da Juventude Socialista e \u00e9 eurodeputado desde Junho de 2024"},{"@type":"BreadcrumbList","@id":"https:\/\/portaltela.pt\/noticias\/2026\/04\/20\/bruno-goncalves-defende-debate-sem-odio-entre-jovens-nas-redes\/#breadcrumb","itemListElement":[{"@type":"ListItem","position":1,"name":"In\u00edcio","item":"https:\/\/portaltela.pt\/"},{"@type":"ListItem","position":2,"name":"Bruno Gon\u00e7alves defende debate sem \u00f3dio entre jovens nas redes"}]},{"@type":"WebSite","@id":"https:\/\/portaltela.pt\/#website","url":"https:\/\/portaltela.pt\/","name":"Portal Tela Portugal","description":"","potentialAction":[{"@type":"SearchAction","target":{"@type":"EntryPoint","urlTemplate":"https:\/\/portaltela.pt\/?s={search_term_string}"},"query-input":{"@type":"PropertyValueSpecification","valueRequired":true,"valueName":"search_term_string"}}],"inLanguage":"pt-PT"},{"@type":"Person","@id":"https:\/\/portaltela.pt\/#\/schema\/person\/c4278d4a6028830caff9ee44b42d32ed","name":"Telinha","image":{"@type":"ImageObject","inLanguage":"pt-PT","@id":"https:\/\/portaltela.pt\/s.01k8rhncp4jt1\/2025\/11\/talking-bot-125x125.png","url":"https:\/\/portaltela.pt\/s.01k8rhncp4jt1\/2025\/11\/talking-bot-125x125.png","contentUrl":"https:\/\/portaltela.pt\/s.01k8rhncp4jt1\/2025\/11\/talking-bot-125x125.png","caption":"Telinha"},"sameAs":["https:\/\/portaltela.pt\/"],"url":"https:\/\/portaltela.pt\/por\/367410592786\/"}]}},"_links":{"self":[{"href":"https:\/\/portaltela.pt\/api\/wp\/v2\/posts\/450721","targetHints":{"allow":["GET"]}}],"collection":[{"href":"https:\/\/portaltela.pt\/api\/wp\/v2\/posts"}],"about":[{"href":"https:\/\/portaltela.pt\/api\/wp\/v2\/types\/post"}],"author":[{"embeddable":true,"href":"https:\/\/portaltela.pt\/api\/wp\/v2\/users\/2"}],"replies":[{"embeddable":true,"href":"https:\/\/portaltela.pt\/api\/wp\/v2\/comments?post=450721"}],"version-history":[{"count":0,"href":"https:\/\/portaltela.pt\/api\/wp\/v2\/posts\/450721\/revisions"}],"wp:featuredmedia":[{"embeddable":true,"href":"https:\/\/portaltela.pt\/api\/wp\/v2\/media\/450726"}],"wp:attachment":[{"href":"https:\/\/portaltela.pt\/api\/wp\/v2\/media?parent=450721"}],"wp:term":[{"taxonomy":"category","embeddable":true,"href":"https:\/\/portaltela.pt\/api\/wp\/v2\/categories?post=450721"},{"taxonomy":"post_tag","embeddable":true,"href":"https:\/\/portaltela.pt\/api\/wp\/v2\/tags?post=450721"}],"curies":[{"name":"wp","href":"https:\/\/api.w.org\/{rel}","templated":true}]}}