{"id":450711,"date":"2026-04-20T03:17:48","date_gmt":"2026-04-20T06:17:48","guid":{"rendered":"https:\/\/portaltela.pt\/noticias\/2026\/04\/20\/carney-diz-que-lacos-economicos-com-os-eua-sao-fraqueza-a-corrigir\/"},"modified":"2026-04-20T03:17:48","modified_gmt":"2026-04-20T06:17:48","slug":"carney-diz-que-lacos-economicos-com-os-eua-sao-fraqueza-a-corrigir","status":"publish","type":"post","link":"https:\/\/portaltela.pt\/geopolitica\/2026\/04\/20\/carney-diz-que-lacos-economicos-com-os-eua-sao-fraqueza-a-corrigir\/","title":{"rendered":"Carney diz que la\u00e7os econ\u00f3micos com os EUA s\u00e3o fraqueza a corrigir"},"content":{"rendered":"<p>O primeiro-ministro canadiano Mark Carney afirmou num discurso em v\u00eddeo divulgado no domingo que os la\u00e7os econ\u00f3micos com os Estados Unidos, outrora uma for\u00e7a para o Canad\u00e1, se tornaram uma fraqueza que exige corre\u00e7\u00e3o. A interven\u00e7\u00e3o ocorreu numa altura em que o pa\u00eds procura diversificar a sua economia face a mudan\u00e7as na pol\u00edtica comercial norte-americana.<\/p>\n<p>Carney disse que n\u00e3o \u00e9 vi\u00e1vel fundamentar o futuro do Canad\u00e1 na expectativa de retorno pleno de um antigo parceiro comercial e defendeu medidas ativas para proteger o pa\u00eds de perturba\u00e7\u00f5es decorrentes da administra\u00e7\u00e3o Trump. O discurso teve dura\u00e7\u00e3o de cerca de 10 minutos.<\/p>\n<p>O dirigente destacou que o governo canadiano procura atrair novos investimentos e firmar acordos com outras na\u00e7\u00f5es, para reduzir a depend\u00eancia dos EUA. O objetivo passa por fortalecer setores estrat\u00e9gicos e diversificar rela\u00e7\u00f5es comerciais.<\/p>\n<p>Atribuindo valor \u00e0 seguran\u00e7a econ\u00f3mica, Carney indicou que as tarifas impostas pelos EUA impactam a ind\u00fastria autom\u00f3vel e sider\u00fargia, e que a incerteza afeta decis\u00f5es de investimento. O tom foi de reconhecimento dos riscos, sem prometer solu\u00e7\u00f5es imediatas.<\/p>\n<p>O discurso tamb\u00e9m mencionou planos para ampliar a produ\u00e7\u00e3o de energia limpa, reduzir barreiras ao com\u00e9rcio e aumentar o gasto p\u00fablico em defesa, habita\u00e7\u00e3o e impostos, como parte de uma estrat\u00e9gia de maior autossufici\u00eancia econ\u00f3mica. As medidas visam reduzir vulnerabilidades externas.<\/p>\n<p>Carney, que j\u00e1 ocupou posi\u00e7\u00f5es de governan\u00e7a em bancos centrais, sinalizou que o Canad\u00e1 precisa agir para manter a estabilidade econ\u00f4mica. Em Davos, o ano passado, j\u00e1 tinha defendido a necessidade de resistir a press\u00f5es econ\u00f4micas de pot\u00eancias maiores, o que contextualiza o tom atual.<\/p>\n<p>O artigo nota que o tema ocorre dias ap\u00f3s Carney obter um governo maiorit\u00e1rio, em meio a press\u00f5es dos conservadores para apresentar um acordo comercial com os EUA. O objetivo \u00e9 avan\u00e7ar com pol\u00edticas de diversifica\u00e7\u00e3o sem depender exclusivamente do vizinho do sul.<\/p>\n","protected":false},"excerpt":{"rendered":"<ul>\n<li>Mark Carney, primeiro-ministro do Canad\u00e1, afirmou num discurso em v\u00eddeo que os la\u00e7os econ\u00f3micos com os Estados Unidos deixaram de ser uma for\u00e7a e passaram a ser uma fraqueza que \u00e9 preciso corrigir.<\/li>\n<li>Disse que o mundo est\u00e1 mais perigoso e dividido e que os Estados Unidos mudaram a sua abordagem ao com\u00e9rcio, incluindo direitos aduaneiros elevados.<\/li>\n<li>Afirmou que as tarifas implementadas pelo presidente Donald Trump afetaram trabalhadores das ind\u00fastrias autom\u00f3vel e sider\u00fargia e que as empresas ret\u00eam investimentos devido \u00e0 incerteza.<\/li>\n<li>Anunciou planos para diversificar a economia canadiana, atrair novos investimentos, aumentar a produ\u00e7\u00e3o de energia limpa, reduzir barreiras comerciais e ampliar investimentos na defesa, habita\u00e7\u00e3o e redu\u00e7\u00e3o de impostos.<\/li>\n<li>Encerrou sublinhando que o Canad\u00e1 deve cuidar de si pr\u00f3prio, controlar a seguran\u00e7a e o futuro, sem esperar que os Estados Unidos voltem ao normal.<\/li>\n<\/ul>\n","protected":false},"author":2,"featured_media":450716,"comment_status":"closed","ping_status":"closed","sticky":false,"template":"","format":"standard","meta":{"footnotes":""},"categories":[6814],"tags":[2015,3368,6574,28,3861,174],"class_list":["post-450711","post","type-post","status-publish","format-standard","has-post-thumbnail","hentry","category-geopolitica","tag-canada","tag-comercio-internacional","tag-defesa","tag-economia","tag-economia-internacional","tag-energia"],"yoast_head":"<!-- This site is optimized with the Yoast SEO plugin v27.2 - https:\/\/yoast.com\/product\/yoast-seo-wordpress\/ -->\n<title>Carney diz que la\u00e7os econ\u00f3micos com os EUA s\u00e3o fraqueza a corrigir - Portal Tela Portugal<\/title>\n<meta name=\"robots\" content=\"index, follow, max-snippet:-1, max-image-preview:large, max-video-preview:-1\" \/>\n<meta property=\"og:locale\" content=\"pt_PT\" \/>\n<meta property=\"og:type\" content=\"article\" \/>\n<meta property=\"og:title\" content=\"Carney diz que la\u00e7os econ\u00f3micos com os EUA s\u00e3o fraqueza a corrigir - Portal Tela Portugal\" \/>\n<meta property=\"og:description\" content=\"Mark Carney, primeiro-ministro do Canad\u00e1, afirmou num discurso em v\u00eddeo que os la\u00e7os econ\u00f3micos com os Estados Unidos deixaram de ser uma for\u00e7a e passaram a ser uma fraqueza que \u00e9 preciso corrigir. Disse que o mundo est\u00e1 mais perigoso e dividido e que os Estados Unidos mudaram a sua abordagem ao com\u00e9rcio, incluindo direitos aduaneiros elevados. Afirmou que as tarifas implementadas pelo presidente Donald Trump afetaram trabalhadores das ind\u00fastrias autom\u00f3vel e sider\u00fargia e que as empresas ret\u00eam investimentos devido \u00e0 incerteza. Anunciou planos para diversificar a economia canadiana, atrair novos investimentos, aumentar a produ\u00e7\u00e3o de energia limpa, reduzir barreiras comerciais e ampliar investimentos na defesa, habita\u00e7\u00e3o e redu\u00e7\u00e3o de impostos. Encerrou sublinhando que o Canad\u00e1 deve cuidar de si pr\u00f3prio, controlar a seguran\u00e7a e o futuro, sem esperar que os Estados Unidos voltem ao normal.\" \/>\n<meta property=\"og:url\" content=\"https:\/\/portaltela.pt\/noticias\/2026\/04\/20\/carney-diz-que-lacos-economicos-com-os-eua-sao-fraqueza-a-corrigir\/\" \/>\n<meta property=\"og:site_name\" content=\"Portal Tela Portugal\" \/>\n<meta property=\"article:published_time\" content=\"2026-04-20T06:17:48+00:00\" \/>\n<meta name=\"author\" content=\"Telinha\" \/>\n<meta name=\"twitter:card\" content=\"summary_large_image\" \/>\n<meta name=\"twitter:label1\" content=\"Escrito por\" \/>\n\t<meta name=\"twitter:data1\" content=\"Telinha\" \/>\n\t<meta name=\"twitter:label2\" content=\"Tempo estimado de leitura\" \/>\n\t<meta name=\"twitter:data2\" content=\"2 minutos\" \/>\n<script type=\"application\/ld+json\" class=\"yoast-schema-graph\">{\"@context\":\"https:\/\/schema.org\",\"@graph\":[{\"@type\":\"Article\",\"@id\":\"https:\/\/portaltela.pt\/noticias\/2026\/04\/20\/carney-diz-que-lacos-economicos-com-os-eua-sao-fraqueza-a-corrigir\/#article\",\"isPartOf\":{\"@id\":\"https:\/\/portaltela.pt\/noticias\/2026\/04\/20\/carney-diz-que-lacos-economicos-com-os-eua-sao-fraqueza-a-corrigir\/\"},\"author\":{\"name\":\"Telinha\",\"@id\":\"https:\/\/portaltela.pt\/#\/schema\/person\/c4278d4a6028830caff9ee44b42d32ed\"},\"headline\":\"Carney diz que la\u00e7os econ\u00f3micos com os EUA s\u00e3o fraqueza a corrigir\",\"datePublished\":\"2026-04-20T06:17:48+00:00\",\"mainEntityOfPage\":{\"@id\":\"https:\/\/portaltela.pt\/noticias\/2026\/04\/20\/carney-diz-que-lacos-economicos-com-os-eua-sao-fraqueza-a-corrigir\/\"},\"wordCount\":357,\"image\":{\"@id\":\"https:\/\/portaltela.pt\/noticias\/2026\/04\/20\/carney-diz-que-lacos-economicos-com-os-eua-sao-fraqueza-a-corrigir\/#primaryimage\"},\"thumbnailUrl\":\"https:\/\/portaltela.pt\/s.01k8rhncp4jt1\/2026\/04\/1536x864_cmsv2_e4012b34-cc96-5bbf-a1d7-f8d1e5ed4b60-9727685.jpg\",\"keywords\":[\"Canad\u00e1\",\"com\u00e9rcio internacional\",\"defesa\",\"economia\",\"economia internacional\",\"energia\"],\"articleSection\":[\"Geopol\u00edtica\"],\"inLanguage\":\"pt-PT\"},{\"@type\":\"WebPage\",\"@id\":\"https:\/\/portaltela.pt\/noticias\/2026\/04\/20\/carney-diz-que-lacos-economicos-com-os-eua-sao-fraqueza-a-corrigir\/\",\"url\":\"https:\/\/portaltela.pt\/noticias\/2026\/04\/20\/carney-diz-que-lacos-economicos-com-os-eua-sao-fraqueza-a-corrigir\/\",\"name\":\"Carney diz que la\u00e7os econ\u00f3micos com os EUA s\u00e3o fraqueza a corrigir - Portal Tela Portugal\",\"isPartOf\":{\"@id\":\"https:\/\/portaltela.pt\/#website\"},\"primaryImageOfPage\":{\"@id\":\"https:\/\/portaltela.pt\/noticias\/2026\/04\/20\/carney-diz-que-lacos-economicos-com-os-eua-sao-fraqueza-a-corrigir\/#primaryimage\"},\"image\":{\"@id\":\"https:\/\/portaltela.pt\/noticias\/2026\/04\/20\/carney-diz-que-lacos-economicos-com-os-eua-sao-fraqueza-a-corrigir\/#primaryimage\"},\"thumbnailUrl\":\"https:\/\/portaltela.pt\/s.01k8rhncp4jt1\/2026\/04\/1536x864_cmsv2_e4012b34-cc96-5bbf-a1d7-f8d1e5ed4b60-9727685.jpg\",\"datePublished\":\"2026-04-20T06:17:48+00:00\",\"author\":{\"@id\":\"https:\/\/portaltela.pt\/#\/schema\/person\/c4278d4a6028830caff9ee44b42d32ed\"},\"breadcrumb\":{\"@id\":\"https:\/\/portaltela.pt\/noticias\/2026\/04\/20\/carney-diz-que-lacos-economicos-com-os-eua-sao-fraqueza-a-corrigir\/#breadcrumb\"},\"inLanguage\":\"pt-PT\",\"potentialAction\":[{\"@type\":\"ReadAction\",\"target\":[\"https:\/\/portaltela.pt\/noticias\/2026\/04\/20\/carney-diz-que-lacos-economicos-com-os-eua-sao-fraqueza-a-corrigir\/\"]}]},{\"@type\":\"ImageObject\",\"inLanguage\":\"pt-PT\",\"@id\":\"https:\/\/portaltela.pt\/noticias\/2026\/04\/20\/carney-diz-que-lacos-economicos-com-os-eua-sao-fraqueza-a-corrigir\/#primaryimage\",\"url\":\"https:\/\/portaltela.pt\/s.01k8rhncp4jt1\/2026\/04\/1536x864_cmsv2_e4012b34-cc96-5bbf-a1d7-f8d1e5ed4b60-9727685.jpg\",\"contentUrl\":\"https:\/\/portaltela.pt\/s.01k8rhncp4jt1\/2026\/04\/1536x864_cmsv2_e4012b34-cc96-5bbf-a1d7-f8d1e5ed4b60-9727685.jpg\",\"width\":796,\"height\":448,\"caption\":\"O primeiro-ministro do Canad\u00e1, Mark Carney, levanta-se durante o per\u00edodo de perguntas na Colina do Parlamento em Otava, 15 de abril de 2026\"},{\"@type\":\"BreadcrumbList\",\"@id\":\"https:\/\/portaltela.pt\/noticias\/2026\/04\/20\/carney-diz-que-lacos-economicos-com-os-eua-sao-fraqueza-a-corrigir\/#breadcrumb\",\"itemListElement\":[{\"@type\":\"ListItem\",\"position\":1,\"name\":\"In\u00edcio\",\"item\":\"https:\/\/portaltela.pt\/\"},{\"@type\":\"ListItem\",\"position\":2,\"name\":\"Carney diz que la\u00e7os econ\u00f3micos com os EUA s\u00e3o fraqueza a corrigir\"}]},{\"@type\":\"WebSite\",\"@id\":\"https:\/\/portaltela.pt\/#website\",\"url\":\"https:\/\/portaltela.pt\/\",\"name\":\"Portal Tela Portugal\",\"description\":\"\",\"potentialAction\":[{\"@type\":\"SearchAction\",\"target\":{\"@type\":\"EntryPoint\",\"urlTemplate\":\"https:\/\/portaltela.pt\/?s={search_term_string}\"},\"query-input\":{\"@type\":\"PropertyValueSpecification\",\"valueRequired\":true,\"valueName\":\"search_term_string\"}}],\"inLanguage\":\"pt-PT\"},{\"@type\":\"Person\",\"@id\":\"https:\/\/portaltela.pt\/#\/schema\/person\/c4278d4a6028830caff9ee44b42d32ed\",\"name\":\"Telinha\",\"image\":{\"@type\":\"ImageObject\",\"inLanguage\":\"pt-PT\",\"@id\":\"https:\/\/portaltela.pt\/s.01k8rhncp4jt1\/2025\/11\/talking-bot-125x125.png\",\"url\":\"https:\/\/portaltela.pt\/s.01k8rhncp4jt1\/2025\/11\/talking-bot-125x125.png\",\"contentUrl\":\"https:\/\/portaltela.pt\/s.01k8rhncp4jt1\/2025\/11\/talking-bot-125x125.png\",\"caption\":\"Telinha\"},\"sameAs\":[\"https:\/\/portaltela.pt\/\"],\"url\":\"https:\/\/portaltela.pt\/por\/367410592786\/\"}]}<\/script>\n<!-- \/ Yoast SEO plugin. -->","yoast_head_json":{"title":"Carney diz que la\u00e7os econ\u00f3micos com os EUA s\u00e3o fraqueza a corrigir - Portal Tela Portugal","robots":{"index":"index","follow":"follow","max-snippet":"max-snippet:-1","max-image-preview":"max-image-preview:large","max-video-preview":"max-video-preview:-1"},"og_locale":"pt_PT","og_type":"article","og_title":"Carney diz que la\u00e7os econ\u00f3micos com os EUA s\u00e3o fraqueza a corrigir - Portal Tela Portugal","og_description":"Mark Carney, primeiro-ministro do Canad\u00e1, afirmou num discurso em v\u00eddeo que os la\u00e7os econ\u00f3micos com os Estados Unidos deixaram de ser uma for\u00e7a e passaram a ser uma fraqueza que \u00e9 preciso corrigir. Disse que o mundo est\u00e1 mais perigoso e dividido e que os Estados Unidos mudaram a sua abordagem ao com\u00e9rcio, incluindo direitos aduaneiros elevados. Afirmou que as tarifas implementadas pelo presidente Donald Trump afetaram trabalhadores das ind\u00fastrias autom\u00f3vel e sider\u00fargia e que as empresas ret\u00eam investimentos devido \u00e0 incerteza. Anunciou planos para diversificar a economia canadiana, atrair novos investimentos, aumentar a produ\u00e7\u00e3o de energia limpa, reduzir barreiras comerciais e ampliar investimentos na defesa, habita\u00e7\u00e3o e redu\u00e7\u00e3o de impostos. Encerrou sublinhando que o Canad\u00e1 deve cuidar de si pr\u00f3prio, controlar a seguran\u00e7a e o futuro, sem esperar que os Estados Unidos voltem ao normal.","og_url":"https:\/\/portaltela.pt\/noticias\/2026\/04\/20\/carney-diz-que-lacos-economicos-com-os-eua-sao-fraqueza-a-corrigir\/","og_site_name":"Portal Tela Portugal","article_published_time":"2026-04-20T06:17:48+00:00","author":"Telinha","twitter_card":"summary_large_image","twitter_misc":{"Escrito por":"Telinha","Tempo estimado de leitura":"2 minutos"},"schema":{"@context":"https:\/\/schema.org","@graph":[{"@type":"Article","@id":"https:\/\/portaltela.pt\/noticias\/2026\/04\/20\/carney-diz-que-lacos-economicos-com-os-eua-sao-fraqueza-a-corrigir\/#article","isPartOf":{"@id":"https:\/\/portaltela.pt\/noticias\/2026\/04\/20\/carney-diz-que-lacos-economicos-com-os-eua-sao-fraqueza-a-corrigir\/"},"author":{"name":"Telinha","@id":"https:\/\/portaltela.pt\/#\/schema\/person\/c4278d4a6028830caff9ee44b42d32ed"},"headline":"Carney diz que la\u00e7os econ\u00f3micos com os EUA s\u00e3o fraqueza a corrigir","datePublished":"2026-04-20T06:17:48+00:00","mainEntityOfPage":{"@id":"https:\/\/portaltela.pt\/noticias\/2026\/04\/20\/carney-diz-que-lacos-economicos-com-os-eua-sao-fraqueza-a-corrigir\/"},"wordCount":357,"image":{"@id":"https:\/\/portaltela.pt\/noticias\/2026\/04\/20\/carney-diz-que-lacos-economicos-com-os-eua-sao-fraqueza-a-corrigir\/#primaryimage"},"thumbnailUrl":"https:\/\/portaltela.pt\/s.01k8rhncp4jt1\/2026\/04\/1536x864_cmsv2_e4012b34-cc96-5bbf-a1d7-f8d1e5ed4b60-9727685.jpg","keywords":["Canad\u00e1","com\u00e9rcio internacional","defesa","economia","economia internacional","energia"],"articleSection":["Geopol\u00edtica"],"inLanguage":"pt-PT"},{"@type":"WebPage","@id":"https:\/\/portaltela.pt\/noticias\/2026\/04\/20\/carney-diz-que-lacos-economicos-com-os-eua-sao-fraqueza-a-corrigir\/","url":"https:\/\/portaltela.pt\/noticias\/2026\/04\/20\/carney-diz-que-lacos-economicos-com-os-eua-sao-fraqueza-a-corrigir\/","name":"Carney diz que la\u00e7os econ\u00f3micos com os EUA s\u00e3o fraqueza a corrigir - Portal Tela Portugal","isPartOf":{"@id":"https:\/\/portaltela.pt\/#website"},"primaryImageOfPage":{"@id":"https:\/\/portaltela.pt\/noticias\/2026\/04\/20\/carney-diz-que-lacos-economicos-com-os-eua-sao-fraqueza-a-corrigir\/#primaryimage"},"image":{"@id":"https:\/\/portaltela.pt\/noticias\/2026\/04\/20\/carney-diz-que-lacos-economicos-com-os-eua-sao-fraqueza-a-corrigir\/#primaryimage"},"thumbnailUrl":"https:\/\/portaltela.pt\/s.01k8rhncp4jt1\/2026\/04\/1536x864_cmsv2_e4012b34-cc96-5bbf-a1d7-f8d1e5ed4b60-9727685.jpg","datePublished":"2026-04-20T06:17:48+00:00","author":{"@id":"https:\/\/portaltela.pt\/#\/schema\/person\/c4278d4a6028830caff9ee44b42d32ed"},"breadcrumb":{"@id":"https:\/\/portaltela.pt\/noticias\/2026\/04\/20\/carney-diz-que-lacos-economicos-com-os-eua-sao-fraqueza-a-corrigir\/#breadcrumb"},"inLanguage":"pt-PT","potentialAction":[{"@type":"ReadAction","target":["https:\/\/portaltela.pt\/noticias\/2026\/04\/20\/carney-diz-que-lacos-economicos-com-os-eua-sao-fraqueza-a-corrigir\/"]}]},{"@type":"ImageObject","inLanguage":"pt-PT","@id":"https:\/\/portaltela.pt\/noticias\/2026\/04\/20\/carney-diz-que-lacos-economicos-com-os-eua-sao-fraqueza-a-corrigir\/#primaryimage","url":"https:\/\/portaltela.pt\/s.01k8rhncp4jt1\/2026\/04\/1536x864_cmsv2_e4012b34-cc96-5bbf-a1d7-f8d1e5ed4b60-9727685.jpg","contentUrl":"https:\/\/portaltela.pt\/s.01k8rhncp4jt1\/2026\/04\/1536x864_cmsv2_e4012b34-cc96-5bbf-a1d7-f8d1e5ed4b60-9727685.jpg","width":796,"height":448,"caption":"O primeiro-ministro do Canad\u00e1, Mark Carney, levanta-se durante o per\u00edodo de perguntas na Colina do Parlamento em Otava, 15 de abril de 2026"},{"@type":"BreadcrumbList","@id":"https:\/\/portaltela.pt\/noticias\/2026\/04\/20\/carney-diz-que-lacos-economicos-com-os-eua-sao-fraqueza-a-corrigir\/#breadcrumb","itemListElement":[{"@type":"ListItem","position":1,"name":"In\u00edcio","item":"https:\/\/portaltela.pt\/"},{"@type":"ListItem","position":2,"name":"Carney diz que la\u00e7os econ\u00f3micos com os EUA s\u00e3o fraqueza a corrigir"}]},{"@type":"WebSite","@id":"https:\/\/portaltela.pt\/#website","url":"https:\/\/portaltela.pt\/","name":"Portal Tela Portugal","description":"","potentialAction":[{"@type":"SearchAction","target":{"@type":"EntryPoint","urlTemplate":"https:\/\/portaltela.pt\/?s={search_term_string}"},"query-input":{"@type":"PropertyValueSpecification","valueRequired":true,"valueName":"search_term_string"}}],"inLanguage":"pt-PT"},{"@type":"Person","@id":"https:\/\/portaltela.pt\/#\/schema\/person\/c4278d4a6028830caff9ee44b42d32ed","name":"Telinha","image":{"@type":"ImageObject","inLanguage":"pt-PT","@id":"https:\/\/portaltela.pt\/s.01k8rhncp4jt1\/2025\/11\/talking-bot-125x125.png","url":"https:\/\/portaltela.pt\/s.01k8rhncp4jt1\/2025\/11\/talking-bot-125x125.png","contentUrl":"https:\/\/portaltela.pt\/s.01k8rhncp4jt1\/2025\/11\/talking-bot-125x125.png","caption":"Telinha"},"sameAs":["https:\/\/portaltela.pt\/"],"url":"https:\/\/portaltela.pt\/por\/367410592786\/"}]}},"_links":{"self":[{"href":"https:\/\/portaltela.pt\/api\/wp\/v2\/posts\/450711","targetHints":{"allow":["GET"]}}],"collection":[{"href":"https:\/\/portaltela.pt\/api\/wp\/v2\/posts"}],"about":[{"href":"https:\/\/portaltela.pt\/api\/wp\/v2\/types\/post"}],"author":[{"embeddable":true,"href":"https:\/\/portaltela.pt\/api\/wp\/v2\/users\/2"}],"replies":[{"embeddable":true,"href":"https:\/\/portaltela.pt\/api\/wp\/v2\/comments?post=450711"}],"version-history":[{"count":0,"href":"https:\/\/portaltela.pt\/api\/wp\/v2\/posts\/450711\/revisions"}],"wp:featuredmedia":[{"embeddable":true,"href":"https:\/\/portaltela.pt\/api\/wp\/v2\/media\/450716"}],"wp:attachment":[{"href":"https:\/\/portaltela.pt\/api\/wp\/v2\/media?parent=450711"}],"wp:term":[{"taxonomy":"category","embeddable":true,"href":"https:\/\/portaltela.pt\/api\/wp\/v2\/categories?post=450711"},{"taxonomy":"post_tag","embeddable":true,"href":"https:\/\/portaltela.pt\/api\/wp\/v2\/tags?post=450711"}],"curies":[{"name":"wp","href":"https:\/\/api.w.org\/{rel}","templated":true}]}}