{"id":450704,"date":"2026-04-20T03:17:45","date_gmt":"2026-04-20T06:17:45","guid":{"rendered":"https:\/\/portaltela.pt\/noticias\/2026\/04\/20\/sindicato-denuncia-cursos-com-docentes-acima-do-previsto-na-acreditacao\/"},"modified":"2026-04-20T03:17:45","modified_gmt":"2026-04-20T06:17:45","slug":"sindicato-denuncia-cursos-com-docentes-acima-do-previsto-na-acreditacao","status":"publish","type":"post","link":"https:\/\/portaltela.pt\/sociedade\/2026\/04\/20\/sindicato-denuncia-cursos-com-docentes-acima-do-previsto-na-acreditacao\/","title":{"rendered":"Sindicato denuncia cursos com docentes acima do previsto na acredita\u00e7\u00e3o"},"content":{"rendered":"<p>O Sindicato Nacional do Ensino Superior (SNESup) denuncia que universidades e polit\u00e9cnicos portugueses funcionam com uma carga letiva real superior \u00e0quela reconhecida pela acredita\u00e7\u00e3o dos cursos. A den\u00fancia foi apresentada \u00e0 ag\u00eancia Lusa, com refer\u00eancia a situa\u00e7\u00f5es observadas nas institui\u00e7\u00f5es, sem indicar n\u00fameros espec\u00edficos. O sindicalista afirmou que a pr\u00e1tica \u00e9 generalizada e envolve sobretudo docentes contratados a tempo parcial que asseguram conte\u00fados e horas equivalentes \u00e0s de contratos a tempo inteiro.<\/p>\n<p>Segundo o SNESup, estas situa\u00e7\u00f5es n\u00e3o s\u00e3o remuneradas nem reportadas \u00e0 A3ES, o que prejudica o acompanhamento da qualidade pela ag\u00eancia. Em alguns casos, as cargas letivas de docentes contratados a tempo parcial chegam a igualar as de tempo inteiro, distorcendo indicadores de recursos humanos. A cr\u00edtica recai sobre a dificuldade de monitoriza\u00e7\u00e3o por parte da A3ES, que utiliza informa\u00e7\u00e3o contratual para avaliar a estabilidade e o n\u00famero de docentes.<\/p>\n<p>&gt; O sindicato caracteriza o fen\u00f3meno como uma maquilhagem de dados contratuais, n\u00e3o colocando a culpa na A3ES, mas na forma como as institui\u00e7\u00f5es fornecem informa\u00e7\u00f5es. O acesso a documentos e o escrut\u00ednio p\u00fablico s\u00e3o defendidos para acompanhar a utiliza\u00e7\u00e3o real dos recursos docentes ao longo do funcionamento dos ciclos de estudo.<\/p>\n<p>Os defensores da pr\u00e1tica sustentam que o problema resulta da insufici\u00eancia de contrata\u00e7\u00f5es e da press\u00e3o sobre docentes convidados. O SNESup sublinha que, ao reportar cargas letivas apenas de forma contratual, muitos cursos parecem manter r\u00e1cios de qualidade superiores aos reais, mascarando a necessidade de refor\u00e7o de recursos.<\/p>\n<p>Para enfrentar a quest\u00e3o, o sindicato prop\u00f5e mecanismos de cruzamento de dados entre a carga letiva efetiva e o v\u00ednculo contratual nos processos de acredita\u00e7\u00e3o. A ideia \u00e9 assegurar que a informa\u00e7\u00e3o transmitida \u00e0 A3ES reflita com rigor as condi\u00e7\u00f5es reais de funcionamento dos cursos.<\/p>\n","protected":false},"excerpt":{"rendered":"<ul>\n<li>O Sindicato Nacional do Ensino Superior (SNESup) denuncia que universidades e polit\u00e9cnicos funcionam com carga letiva superior \u00e0 que est\u00e1 reportada \u00e0 A3ES (ag\u00eancia de acredita\u00e7\u00e3o).<\/li>\n<li>Docentes contratados a tempo parcial alegadamente asseguram cargas equivalentes \u00e0s de tempo inteiro, sem remunera\u00e7\u00e3o correspondente.<\/li>\n<li>A pr\u00e1tica n\u00e3o fica registada na A3ES, que utiliza dados de contratos para avaliar recursos docentes est\u00e1veis e suficientes.<\/li>\n<li>O SNESup chama a isto uma \u201cmaquilhagem de dados contratuais\u201d e afirma que ocorre em praticamente todas as institui\u00e7\u00f5es, com casos graves.<\/li>\n<li>Prop\u00f5em mecanismos de cruzamento de dados entre carga letiva efetiva e v\u00ednculos contratuais para assegurar correspond\u00eancia entre a informa\u00e7\u00e3o reportada e as condi\u00e7\u00f5es reais.<\/li>\n<\/ul>\n","protected":false},"author":2,"featured_media":450717,"comment_status":"closed","ping_status":"closed","sticky":false,"template":"","format":"standard","meta":{"footnotes":""},"categories":[1,6871],"tags":[6331,163,2443,6623,3389,58],"class_list":["post-450704","post","type-post","status-publish","format-standard","has-post-thumbnail","hentry","category-noticias","category-sociedade","tag-condicoes-de-trabalho","tag-educacao","tag-educacao-publica","tag-ensino-superior","tag-falta-de-docentes","tag-universidades"],"yoast_head":"<!-- This site is optimized with the Yoast SEO plugin v27.2 - https:\/\/yoast.com\/product\/yoast-seo-wordpress\/ -->\n<title>Sindicato denuncia cursos com docentes acima do previsto na acredita\u00e7\u00e3o - Portal Tela Portugal<\/title>\n<meta name=\"robots\" content=\"index, follow, max-snippet:-1, max-image-preview:large, max-video-preview:-1\" \/>\n<meta property=\"og:locale\" content=\"pt_PT\" \/>\n<meta property=\"og:type\" content=\"article\" \/>\n<meta property=\"og:title\" content=\"Sindicato denuncia cursos com docentes acima do previsto na acredita\u00e7\u00e3o - Portal Tela Portugal\" \/>\n<meta property=\"og:description\" content=\"O Sindicato Nacional do Ensino Superior (SNESup) denuncia que universidades e polit\u00e9cnicos funcionam com carga letiva superior \u00e0 que est\u00e1 reportada \u00e0 A3ES (ag\u00eancia de acredita\u00e7\u00e3o). Docentes contratados a tempo parcial alegadamente asseguram cargas equivalentes \u00e0s de tempo inteiro, sem remunera\u00e7\u00e3o correspondente. A pr\u00e1tica n\u00e3o fica registada na A3ES, que utiliza dados de contratos para avaliar recursos docentes est\u00e1veis e suficientes. O SNESup chama a isto uma \u201cmaquilhagem de dados contratuais\u201d e afirma que ocorre em praticamente todas as institui\u00e7\u00f5es, com casos graves. Prop\u00f5em mecanismos de cruzamento de dados entre carga letiva efetiva e v\u00ednculos contratuais para assegurar correspond\u00eancia entre a informa\u00e7\u00e3o reportada e as condi\u00e7\u00f5es reais.\" \/>\n<meta property=\"og:url\" content=\"https:\/\/portaltela.pt\/noticias\/2026\/04\/20\/sindicato-denuncia-cursos-com-docentes-acima-do-previsto-na-acreditacao\/\" \/>\n<meta property=\"og:site_name\" content=\"Portal Tela Portugal\" \/>\n<meta property=\"article:published_time\" content=\"2026-04-20T06:17:45+00:00\" \/>\n<meta name=\"author\" content=\"Telinha\" \/>\n<meta name=\"twitter:card\" content=\"summary_large_image\" \/>\n<meta name=\"twitter:label1\" content=\"Escrito por\" \/>\n\t<meta name=\"twitter:data1\" content=\"Telinha\" \/>\n\t<meta name=\"twitter:label2\" content=\"Tempo estimado de leitura\" \/>\n\t<meta name=\"twitter:data2\" content=\"2 minutos\" \/>\n<script type=\"application\/ld+json\" class=\"yoast-schema-graph\">{\"@context\":\"https:\/\/schema.org\",\"@graph\":[{\"@type\":\"Article\",\"@id\":\"https:\/\/portaltela.pt\/noticias\/2026\/04\/20\/sindicato-denuncia-cursos-com-docentes-acima-do-previsto-na-acreditacao\/#article\",\"isPartOf\":{\"@id\":\"https:\/\/portaltela.pt\/noticias\/2026\/04\/20\/sindicato-denuncia-cursos-com-docentes-acima-do-previsto-na-acreditacao\/\"},\"author\":{\"name\":\"Telinha\",\"@id\":\"https:\/\/portaltela.pt\/#\/schema\/person\/c4278d4a6028830caff9ee44b42d32ed\"},\"headline\":\"Sindicato denuncia cursos com docentes acima do previsto na acredita\u00e7\u00e3o\",\"datePublished\":\"2026-04-20T06:17:45+00:00\",\"mainEntityOfPage\":{\"@id\":\"https:\/\/portaltela.pt\/noticias\/2026\/04\/20\/sindicato-denuncia-cursos-com-docentes-acima-do-previsto-na-acreditacao\/\"},\"wordCount\":336,\"image\":{\"@id\":\"https:\/\/portaltela.pt\/noticias\/2026\/04\/20\/sindicato-denuncia-cursos-com-docentes-acima-do-previsto-na-acreditacao\/#primaryimage\"},\"thumbnailUrl\":\"https:\/\/portaltela.pt\/s.01k8rhncp4jt1\/2026\/04\/image-1178.jpg\",\"keywords\":[\"condi\u00e7\u00f5es de trabalho\",\"educa\u00e7\u00e3o\",\"educa\u00e7\u00e3o p\u00fablica\",\"Ensino Superior\",\"falta de docentes\",\"universidades\"],\"articleSection\":[\"Not\u00edcias\",\"Sociedade\"],\"inLanguage\":\"pt-PT\"},{\"@type\":\"WebPage\",\"@id\":\"https:\/\/portaltela.pt\/noticias\/2026\/04\/20\/sindicato-denuncia-cursos-com-docentes-acima-do-previsto-na-acreditacao\/\",\"url\":\"https:\/\/portaltela.pt\/noticias\/2026\/04\/20\/sindicato-denuncia-cursos-com-docentes-acima-do-previsto-na-acreditacao\/\",\"name\":\"Sindicato denuncia cursos com docentes acima do previsto na acredita\u00e7\u00e3o - Portal Tela Portugal\",\"isPartOf\":{\"@id\":\"https:\/\/portaltela.pt\/#website\"},\"primaryImageOfPage\":{\"@id\":\"https:\/\/portaltela.pt\/noticias\/2026\/04\/20\/sindicato-denuncia-cursos-com-docentes-acima-do-previsto-na-acreditacao\/#primaryimage\"},\"image\":{\"@id\":\"https:\/\/portaltela.pt\/noticias\/2026\/04\/20\/sindicato-denuncia-cursos-com-docentes-acima-do-previsto-na-acreditacao\/#primaryimage\"},\"thumbnailUrl\":\"https:\/\/portaltela.pt\/s.01k8rhncp4jt1\/2026\/04\/image-1178.jpg\",\"datePublished\":\"2026-04-20T06:17:45+00:00\",\"author\":{\"@id\":\"https:\/\/portaltela.pt\/#\/schema\/person\/c4278d4a6028830caff9ee44b42d32ed\"},\"breadcrumb\":{\"@id\":\"https:\/\/portaltela.pt\/noticias\/2026\/04\/20\/sindicato-denuncia-cursos-com-docentes-acima-do-previsto-na-acreditacao\/#breadcrumb\"},\"inLanguage\":\"pt-PT\",\"potentialAction\":[{\"@type\":\"ReadAction\",\"target\":[\"https:\/\/portaltela.pt\/noticias\/2026\/04\/20\/sindicato-denuncia-cursos-com-docentes-acima-do-previsto-na-acreditacao\/\"]}]},{\"@type\":\"ImageObject\",\"inLanguage\":\"pt-PT\",\"@id\":\"https:\/\/portaltela.pt\/noticias\/2026\/04\/20\/sindicato-denuncia-cursos-com-docentes-acima-do-previsto-na-acreditacao\/#primaryimage\",\"url\":\"https:\/\/portaltela.pt\/s.01k8rhncp4jt1\/2026\/04\/image-1178.jpg\",\"contentUrl\":\"https:\/\/portaltela.pt\/s.01k8rhncp4jt1\/2026\/04\/image-1178.jpg\",\"width\":796,\"height\":448,\"caption\":\"Sindicato diz que docentes contratados a tempo parcial asseguram cargas letivas equivalentes \u00e0s de um contrato a tempo inteiro\"},{\"@type\":\"BreadcrumbList\",\"@id\":\"https:\/\/portaltela.pt\/noticias\/2026\/04\/20\/sindicato-denuncia-cursos-com-docentes-acima-do-previsto-na-acreditacao\/#breadcrumb\",\"itemListElement\":[{\"@type\":\"ListItem\",\"position\":1,\"name\":\"In\u00edcio\",\"item\":\"https:\/\/portaltela.pt\/\"},{\"@type\":\"ListItem\",\"position\":2,\"name\":\"Sindicato denuncia cursos com docentes acima do previsto na acredita\u00e7\u00e3o\"}]},{\"@type\":\"WebSite\",\"@id\":\"https:\/\/portaltela.pt\/#website\",\"url\":\"https:\/\/portaltela.pt\/\",\"name\":\"Portal Tela Portugal\",\"description\":\"\",\"potentialAction\":[{\"@type\":\"SearchAction\",\"target\":{\"@type\":\"EntryPoint\",\"urlTemplate\":\"https:\/\/portaltela.pt\/?s={search_term_string}\"},\"query-input\":{\"@type\":\"PropertyValueSpecification\",\"valueRequired\":true,\"valueName\":\"search_term_string\"}}],\"inLanguage\":\"pt-PT\"},{\"@type\":\"Person\",\"@id\":\"https:\/\/portaltela.pt\/#\/schema\/person\/c4278d4a6028830caff9ee44b42d32ed\",\"name\":\"Telinha\",\"image\":{\"@type\":\"ImageObject\",\"inLanguage\":\"pt-PT\",\"@id\":\"https:\/\/portaltela.pt\/s.01k8rhncp4jt1\/2025\/11\/talking-bot-125x125.png\",\"url\":\"https:\/\/portaltela.pt\/s.01k8rhncp4jt1\/2025\/11\/talking-bot-125x125.png\",\"contentUrl\":\"https:\/\/portaltela.pt\/s.01k8rhncp4jt1\/2025\/11\/talking-bot-125x125.png\",\"caption\":\"Telinha\"},\"sameAs\":[\"https:\/\/portaltela.pt\/\"],\"url\":\"https:\/\/portaltela.pt\/por\/367410592786\/\"}]}<\/script>\n<!-- \/ Yoast SEO plugin. -->","yoast_head_json":{"title":"Sindicato denuncia cursos com docentes acima do previsto na acredita\u00e7\u00e3o - Portal Tela Portugal","robots":{"index":"index","follow":"follow","max-snippet":"max-snippet:-1","max-image-preview":"max-image-preview:large","max-video-preview":"max-video-preview:-1"},"og_locale":"pt_PT","og_type":"article","og_title":"Sindicato denuncia cursos com docentes acima do previsto na acredita\u00e7\u00e3o - Portal Tela Portugal","og_description":"O Sindicato Nacional do Ensino Superior (SNESup) denuncia que universidades e polit\u00e9cnicos funcionam com carga letiva superior \u00e0 que est\u00e1 reportada \u00e0 A3ES (ag\u00eancia de acredita\u00e7\u00e3o). Docentes contratados a tempo parcial alegadamente asseguram cargas equivalentes \u00e0s de tempo inteiro, sem remunera\u00e7\u00e3o correspondente. A pr\u00e1tica n\u00e3o fica registada na A3ES, que utiliza dados de contratos para avaliar recursos docentes est\u00e1veis e suficientes. O SNESup chama a isto uma \u201cmaquilhagem de dados contratuais\u201d e afirma que ocorre em praticamente todas as institui\u00e7\u00f5es, com casos graves. Prop\u00f5em mecanismos de cruzamento de dados entre carga letiva efetiva e v\u00ednculos contratuais para assegurar correspond\u00eancia entre a informa\u00e7\u00e3o reportada e as condi\u00e7\u00f5es reais.","og_url":"https:\/\/portaltela.pt\/noticias\/2026\/04\/20\/sindicato-denuncia-cursos-com-docentes-acima-do-previsto-na-acreditacao\/","og_site_name":"Portal Tela Portugal","article_published_time":"2026-04-20T06:17:45+00:00","author":"Telinha","twitter_card":"summary_large_image","twitter_misc":{"Escrito por":"Telinha","Tempo estimado de leitura":"2 minutos"},"schema":{"@context":"https:\/\/schema.org","@graph":[{"@type":"Article","@id":"https:\/\/portaltela.pt\/noticias\/2026\/04\/20\/sindicato-denuncia-cursos-com-docentes-acima-do-previsto-na-acreditacao\/#article","isPartOf":{"@id":"https:\/\/portaltela.pt\/noticias\/2026\/04\/20\/sindicato-denuncia-cursos-com-docentes-acima-do-previsto-na-acreditacao\/"},"author":{"name":"Telinha","@id":"https:\/\/portaltela.pt\/#\/schema\/person\/c4278d4a6028830caff9ee44b42d32ed"},"headline":"Sindicato denuncia cursos com docentes acima do previsto na acredita\u00e7\u00e3o","datePublished":"2026-04-20T06:17:45+00:00","mainEntityOfPage":{"@id":"https:\/\/portaltela.pt\/noticias\/2026\/04\/20\/sindicato-denuncia-cursos-com-docentes-acima-do-previsto-na-acreditacao\/"},"wordCount":336,"image":{"@id":"https:\/\/portaltela.pt\/noticias\/2026\/04\/20\/sindicato-denuncia-cursos-com-docentes-acima-do-previsto-na-acreditacao\/#primaryimage"},"thumbnailUrl":"https:\/\/portaltela.pt\/s.01k8rhncp4jt1\/2026\/04\/image-1178.jpg","keywords":["condi\u00e7\u00f5es de trabalho","educa\u00e7\u00e3o","educa\u00e7\u00e3o p\u00fablica","Ensino Superior","falta de docentes","universidades"],"articleSection":["Not\u00edcias","Sociedade"],"inLanguage":"pt-PT"},{"@type":"WebPage","@id":"https:\/\/portaltela.pt\/noticias\/2026\/04\/20\/sindicato-denuncia-cursos-com-docentes-acima-do-previsto-na-acreditacao\/","url":"https:\/\/portaltela.pt\/noticias\/2026\/04\/20\/sindicato-denuncia-cursos-com-docentes-acima-do-previsto-na-acreditacao\/","name":"Sindicato denuncia cursos com docentes acima do previsto na acredita\u00e7\u00e3o - Portal Tela Portugal","isPartOf":{"@id":"https:\/\/portaltela.pt\/#website"},"primaryImageOfPage":{"@id":"https:\/\/portaltela.pt\/noticias\/2026\/04\/20\/sindicato-denuncia-cursos-com-docentes-acima-do-previsto-na-acreditacao\/#primaryimage"},"image":{"@id":"https:\/\/portaltela.pt\/noticias\/2026\/04\/20\/sindicato-denuncia-cursos-com-docentes-acima-do-previsto-na-acreditacao\/#primaryimage"},"thumbnailUrl":"https:\/\/portaltela.pt\/s.01k8rhncp4jt1\/2026\/04\/image-1178.jpg","datePublished":"2026-04-20T06:17:45+00:00","author":{"@id":"https:\/\/portaltela.pt\/#\/schema\/person\/c4278d4a6028830caff9ee44b42d32ed"},"breadcrumb":{"@id":"https:\/\/portaltela.pt\/noticias\/2026\/04\/20\/sindicato-denuncia-cursos-com-docentes-acima-do-previsto-na-acreditacao\/#breadcrumb"},"inLanguage":"pt-PT","potentialAction":[{"@type":"ReadAction","target":["https:\/\/portaltela.pt\/noticias\/2026\/04\/20\/sindicato-denuncia-cursos-com-docentes-acima-do-previsto-na-acreditacao\/"]}]},{"@type":"ImageObject","inLanguage":"pt-PT","@id":"https:\/\/portaltela.pt\/noticias\/2026\/04\/20\/sindicato-denuncia-cursos-com-docentes-acima-do-previsto-na-acreditacao\/#primaryimage","url":"https:\/\/portaltela.pt\/s.01k8rhncp4jt1\/2026\/04\/image-1178.jpg","contentUrl":"https:\/\/portaltela.pt\/s.01k8rhncp4jt1\/2026\/04\/image-1178.jpg","width":796,"height":448,"caption":"Sindicato diz que docentes contratados a tempo parcial asseguram cargas letivas equivalentes \u00e0s de um contrato a tempo inteiro"},{"@type":"BreadcrumbList","@id":"https:\/\/portaltela.pt\/noticias\/2026\/04\/20\/sindicato-denuncia-cursos-com-docentes-acima-do-previsto-na-acreditacao\/#breadcrumb","itemListElement":[{"@type":"ListItem","position":1,"name":"In\u00edcio","item":"https:\/\/portaltela.pt\/"},{"@type":"ListItem","position":2,"name":"Sindicato denuncia cursos com docentes acima do previsto na acredita\u00e7\u00e3o"}]},{"@type":"WebSite","@id":"https:\/\/portaltela.pt\/#website","url":"https:\/\/portaltela.pt\/","name":"Portal Tela Portugal","description":"","potentialAction":[{"@type":"SearchAction","target":{"@type":"EntryPoint","urlTemplate":"https:\/\/portaltela.pt\/?s={search_term_string}"},"query-input":{"@type":"PropertyValueSpecification","valueRequired":true,"valueName":"search_term_string"}}],"inLanguage":"pt-PT"},{"@type":"Person","@id":"https:\/\/portaltela.pt\/#\/schema\/person\/c4278d4a6028830caff9ee44b42d32ed","name":"Telinha","image":{"@type":"ImageObject","inLanguage":"pt-PT","@id":"https:\/\/portaltela.pt\/s.01k8rhncp4jt1\/2025\/11\/talking-bot-125x125.png","url":"https:\/\/portaltela.pt\/s.01k8rhncp4jt1\/2025\/11\/talking-bot-125x125.png","contentUrl":"https:\/\/portaltela.pt\/s.01k8rhncp4jt1\/2025\/11\/talking-bot-125x125.png","caption":"Telinha"},"sameAs":["https:\/\/portaltela.pt\/"],"url":"https:\/\/portaltela.pt\/por\/367410592786\/"}]}},"_links":{"self":[{"href":"https:\/\/portaltela.pt\/api\/wp\/v2\/posts\/450704","targetHints":{"allow":["GET"]}}],"collection":[{"href":"https:\/\/portaltela.pt\/api\/wp\/v2\/posts"}],"about":[{"href":"https:\/\/portaltela.pt\/api\/wp\/v2\/types\/post"}],"author":[{"embeddable":true,"href":"https:\/\/portaltela.pt\/api\/wp\/v2\/users\/2"}],"replies":[{"embeddable":true,"href":"https:\/\/portaltela.pt\/api\/wp\/v2\/comments?post=450704"}],"version-history":[{"count":0,"href":"https:\/\/portaltela.pt\/api\/wp\/v2\/posts\/450704\/revisions"}],"wp:featuredmedia":[{"embeddable":true,"href":"https:\/\/portaltela.pt\/api\/wp\/v2\/media\/450717"}],"wp:attachment":[{"href":"https:\/\/portaltela.pt\/api\/wp\/v2\/media?parent=450704"}],"wp:term":[{"taxonomy":"category","embeddable":true,"href":"https:\/\/portaltela.pt\/api\/wp\/v2\/categories?post=450704"},{"taxonomy":"post_tag","embeddable":true,"href":"https:\/\/portaltela.pt\/api\/wp\/v2\/tags?post=450704"}],"curies":[{"name":"wp","href":"https:\/\/api.w.org\/{rel}","templated":true}]}}