{"id":450701,"date":"2026-04-20T03:17:44","date_gmt":"2026-04-20T06:17:44","guid":{"rendered":"https:\/\/portaltela.pt\/noticias\/2026\/04\/20\/governo-pretende-atrair-mais-adultos-para-o-ensino-superior\/"},"modified":"2026-04-20T03:17:44","modified_gmt":"2026-04-20T06:17:44","slug":"governo-pretende-atrair-mais-adultos-para-o-ensino-superior","status":"publish","type":"post","link":"https:\/\/portaltela.pt\/sociedade\/2026\/04\/20\/governo-pretende-atrair-mais-adultos-para-o-ensino-superior\/","title":{"rendered":"Governo pretende atrair mais adultos para o ensino superior"},"content":{"rendered":"<p>O Governo enfrenta menos entradas no ensino superior em 2025\/26. O total de novos matriculados caiu para 75.890, menos 7.998 face a 2024\/25 (83.800). O estudo Quebra de Ingressos mostra uma redu\u00e7\u00e3o de 10% e o patamar \u00e9 inferior ao de 2019\/20.<\/p>\n<p>A quebra n\u00e3o se limita ao concurso nacional de acesso. O ranking de via\u00e7\u00f5es tamb\u00e9m caiu no ensino p\u00fablico e privado, com uma quebra de 20% nos concursos institucionais privados. Mesmo assim, alguns concursos especiais subiram, mas n\u00e3o impediram a tend\u00eancia global.<\/p>\n<p>A idade m\u00e9dia de entrada permanece em 20 anos, muito abaixo da m\u00e9dia da OCDE (22) e de pa\u00edses como a Dinamarca (26). Projeta-se que, entre 2025 e 2040, haja redu\u00e7\u00e3o de 14% em 15-19 anos e de 18% em 20-24 anos.<\/p>\n<h3>Diversificar vias de acesso<\/h3>\n<p>O relat\u00f3rio do Governo sublinha que o concurso nacional representa 59% dos inscritos no 1.\u00ba ano de licenciaturas e mestrados integrados. Anseia-se, assim, um olhar mais atento para o resto do sistema p\u00fablico e privado.<\/p>\n<p>H\u00e1 espa\u00e7o para crescer em forma\u00e7\u00e3o de curta dura\u00e7\u00e3o: apenas 1% de adultos entre 25 e 34 anos tem ensino superior de curta dura\u00e7\u00e3o, face a 7% na OCDE. Os CTESp mant\u00eam crescimento desde 2014, com estudo CIPES encomendado para avaliar o percurso.<\/p>\n<p>As vias acess\u00f3rias s\u00e3o vistas como portas de entrada para p\u00fablicos tradicionalmente afastados. No entanto, a continuidade acad\u00e9mica dos diplomados em CTESp \u00e9 um desafio, j\u00e1 que muitos ingressam em licenciaturas no ano seguinte.<\/p>\n<h3>Proposta de avalia\u00e7\u00e3o transversal<\/h3>\n<p>O Governo analisa uma prova geral de compet\u00eancias, inspirada em modelos internacionais, para avaliar capacidades de forma transversal. Institui\u00e7\u00f5es temem impactos na sustentabilidade e alunos de contextos vulner\u00e1veis, o que gerou cr\u00edticas no sector.<\/p>\n","protected":false},"excerpt":{"rendered":"<ul>\n<li>O n\u00famero de novos matriculados no ensino superior em 2025\/26 foi de 75.890, abaixo dos 83.800 de 2024\/25, representando uma quebra de 10%.<\/li>\n<li>O concurso nacional de acesso representa 59% dos inscritos no 1.\u00ba ano; \u00e9 necess\u00e1rio olhar para o resto do sistema e para as restantes vias de acesso, p\u00fablicas e privadas.<\/li>\n<li>Concursos institucionais de privados ca\u00edram cerca de 20%; as mudan\u00e7as de curso no 1.\u00ba ano diminu\u00edram 29%.<\/li>\n<li>A idade m\u00e9dia de entrada \u00e9 de 20 anos; entre 2025 e 2040, prev\u00ea-se redu\u00e7\u00e3o de 14% na faixa dos 15 aos 19 anos e de 18% na dos 20 aos 24 anos.<\/li>\n<li>O Governo prop\u00f5e diversificar vias de acesso e estudar uma prova geral de compet\u00eancias; o CIPES est\u00e1 a avaliar a aplica\u00e7\u00e3o dos Ctesp ao longo da \u00faltima d\u00e9cada.<\/li>\n<\/ul>\n","protected":false},"author":2,"featured_media":450707,"comment_status":"closed","ping_status":"closed","sticky":false,"template":"","format":"standard","meta":{"footnotes":""},"categories":[1,6871],"tags":[5085,163,2443,6623,1290,34],"class_list":["post-450701","post","type-post","status-publish","format-standard","has-post-thumbnail","hentry","category-noticias","category-sociedade","tag-ctesp","tag-educacao","tag-educacao-publica","tag-ensino-superior","tag-formacao","tag-governo"],"yoast_head":"<!-- This site is optimized with the Yoast SEO plugin v27.2 - https:\/\/yoast.com\/product\/yoast-seo-wordpress\/ -->\n<title>Governo pretende atrair mais adultos para o ensino superior - Portal Tela Portugal<\/title>\n<meta name=\"robots\" content=\"index, follow, max-snippet:-1, max-image-preview:large, max-video-preview:-1\" \/>\n<meta property=\"og:locale\" content=\"pt_PT\" \/>\n<meta property=\"og:type\" content=\"article\" \/>\n<meta property=\"og:title\" content=\"Governo pretende atrair mais adultos para o ensino superior - Portal Tela Portugal\" \/>\n<meta property=\"og:description\" content=\"O n\u00famero de novos matriculados no ensino superior em 2025\/26 foi de 75.890, abaixo dos 83.800 de 2024\/25, representando uma quebra de 10%. O concurso nacional de acesso representa 59% dos inscritos no 1.\u00ba ano; \u00e9 necess\u00e1rio olhar para o resto do sistema e para as restantes vias de acesso, p\u00fablicas e privadas. Concursos institucionais de privados ca\u00edram cerca de 20%; as mudan\u00e7as de curso no 1.\u00ba ano diminu\u00edram 29%. A idade m\u00e9dia de entrada \u00e9 de 20 anos; entre 2025 e 2040, prev\u00ea-se redu\u00e7\u00e3o de 14% na faixa dos 15 aos 19 anos e de 18% na dos 20 aos 24 anos. O Governo prop\u00f5e diversificar vias de acesso e estudar uma prova geral de compet\u00eancias; o CIPES est\u00e1 a avaliar a aplica\u00e7\u00e3o dos Ctesp ao longo da \u00faltima d\u00e9cada.\" \/>\n<meta property=\"og:url\" content=\"https:\/\/portaltela.pt\/noticias\/2026\/04\/20\/governo-pretende-atrair-mais-adultos-para-o-ensino-superior\/\" \/>\n<meta property=\"og:site_name\" content=\"Portal Tela Portugal\" \/>\n<meta property=\"article:published_time\" content=\"2026-04-20T06:17:44+00:00\" \/>\n<meta name=\"author\" content=\"Telinha\" \/>\n<meta name=\"twitter:card\" content=\"summary_large_image\" \/>\n<meta name=\"twitter:label1\" content=\"Escrito por\" \/>\n\t<meta name=\"twitter:data1\" content=\"Telinha\" \/>\n\t<meta name=\"twitter:label2\" content=\"Tempo estimado de leitura\" \/>\n\t<meta name=\"twitter:data2\" content=\"1 minuto\" \/>\n<script type=\"application\/ld+json\" class=\"yoast-schema-graph\">{\"@context\":\"https:\/\/schema.org\",\"@graph\":[{\"@type\":\"Article\",\"@id\":\"https:\/\/portaltela.pt\/noticias\/2026\/04\/20\/governo-pretende-atrair-mais-adultos-para-o-ensino-superior\/#article\",\"isPartOf\":{\"@id\":\"https:\/\/portaltela.pt\/noticias\/2026\/04\/20\/governo-pretende-atrair-mais-adultos-para-o-ensino-superior\/\"},\"author\":{\"name\":\"Telinha\",\"@id\":\"https:\/\/portaltela.pt\/#\/schema\/person\/c4278d4a6028830caff9ee44b42d32ed\"},\"headline\":\"Governo pretende atrair mais adultos para o ensino superior\",\"datePublished\":\"2026-04-20T06:17:44+00:00\",\"mainEntityOfPage\":{\"@id\":\"https:\/\/portaltela.pt\/noticias\/2026\/04\/20\/governo-pretende-atrair-mais-adultos-para-o-ensino-superior\/\"},\"wordCount\":292,\"image\":{\"@id\":\"https:\/\/portaltela.pt\/noticias\/2026\/04\/20\/governo-pretende-atrair-mais-adultos-para-o-ensino-superior\/#primaryimage\"},\"thumbnailUrl\":\"https:\/\/portaltela.pt\/s.01k8rhncp4jt1\/2026\/04\/2082497.jpg\",\"keywords\":[\"CTeSP\",\"educa\u00e7\u00e3o\",\"educa\u00e7\u00e3o p\u00fablica\",\"Ensino Superior\",\"forma\u00e7\u00e3o\",\"governo\"],\"articleSection\":[\"Not\u00edcias\",\"Sociedade\"],\"inLanguage\":\"pt-PT\"},{\"@type\":\"WebPage\",\"@id\":\"https:\/\/portaltela.pt\/noticias\/2026\/04\/20\/governo-pretende-atrair-mais-adultos-para-o-ensino-superior\/\",\"url\":\"https:\/\/portaltela.pt\/noticias\/2026\/04\/20\/governo-pretende-atrair-mais-adultos-para-o-ensino-superior\/\",\"name\":\"Governo pretende atrair mais adultos para o ensino superior - Portal Tela Portugal\",\"isPartOf\":{\"@id\":\"https:\/\/portaltela.pt\/#website\"},\"primaryImageOfPage\":{\"@id\":\"https:\/\/portaltela.pt\/noticias\/2026\/04\/20\/governo-pretende-atrair-mais-adultos-para-o-ensino-superior\/#primaryimage\"},\"image\":{\"@id\":\"https:\/\/portaltela.pt\/noticias\/2026\/04\/20\/governo-pretende-atrair-mais-adultos-para-o-ensino-superior\/#primaryimage\"},\"thumbnailUrl\":\"https:\/\/portaltela.pt\/s.01k8rhncp4jt1\/2026\/04\/2082497.jpg\",\"datePublished\":\"2026-04-20T06:17:44+00:00\",\"author\":{\"@id\":\"https:\/\/portaltela.pt\/#\/schema\/person\/c4278d4a6028830caff9ee44b42d32ed\"},\"breadcrumb\":{\"@id\":\"https:\/\/portaltela.pt\/noticias\/2026\/04\/20\/governo-pretende-atrair-mais-adultos-para-o-ensino-superior\/#breadcrumb\"},\"inLanguage\":\"pt-PT\",\"potentialAction\":[{\"@type\":\"ReadAction\",\"target\":[\"https:\/\/portaltela.pt\/noticias\/2026\/04\/20\/governo-pretende-atrair-mais-adultos-para-o-ensino-superior\/\"]}]},{\"@type\":\"ImageObject\",\"inLanguage\":\"pt-PT\",\"@id\":\"https:\/\/portaltela.pt\/noticias\/2026\/04\/20\/governo-pretende-atrair-mais-adultos-para-o-ensino-superior\/#primaryimage\",\"url\":\"https:\/\/portaltela.pt\/s.01k8rhncp4jt1\/2026\/04\/2082497.jpg\",\"contentUrl\":\"https:\/\/portaltela.pt\/s.01k8rhncp4jt1\/2026\/04\/2082497.jpg\",\"width\":796,\"height\":448,\"caption\":\"A idade m\u00e9dia de entrada no ensino superior em Portugal \u00e9 de 20 anos \u2014 abaixo da m\u00e9dia da OCDE, que \u00e9 de 22 anos\"},{\"@type\":\"BreadcrumbList\",\"@id\":\"https:\/\/portaltela.pt\/noticias\/2026\/04\/20\/governo-pretende-atrair-mais-adultos-para-o-ensino-superior\/#breadcrumb\",\"itemListElement\":[{\"@type\":\"ListItem\",\"position\":1,\"name\":\"In\u00edcio\",\"item\":\"https:\/\/portaltela.pt\/\"},{\"@type\":\"ListItem\",\"position\":2,\"name\":\"Governo pretende atrair mais adultos para o ensino superior\"}]},{\"@type\":\"WebSite\",\"@id\":\"https:\/\/portaltela.pt\/#website\",\"url\":\"https:\/\/portaltela.pt\/\",\"name\":\"Portal Tela Portugal\",\"description\":\"\",\"potentialAction\":[{\"@type\":\"SearchAction\",\"target\":{\"@type\":\"EntryPoint\",\"urlTemplate\":\"https:\/\/portaltela.pt\/?s={search_term_string}\"},\"query-input\":{\"@type\":\"PropertyValueSpecification\",\"valueRequired\":true,\"valueName\":\"search_term_string\"}}],\"inLanguage\":\"pt-PT\"},{\"@type\":\"Person\",\"@id\":\"https:\/\/portaltela.pt\/#\/schema\/person\/c4278d4a6028830caff9ee44b42d32ed\",\"name\":\"Telinha\",\"image\":{\"@type\":\"ImageObject\",\"inLanguage\":\"pt-PT\",\"@id\":\"https:\/\/portaltela.pt\/s.01k8rhncp4jt1\/2025\/11\/talking-bot-125x125.png\",\"url\":\"https:\/\/portaltela.pt\/s.01k8rhncp4jt1\/2025\/11\/talking-bot-125x125.png\",\"contentUrl\":\"https:\/\/portaltela.pt\/s.01k8rhncp4jt1\/2025\/11\/talking-bot-125x125.png\",\"caption\":\"Telinha\"},\"sameAs\":[\"https:\/\/portaltela.pt\/\"],\"url\":\"https:\/\/portaltela.pt\/por\/367410592786\/\"}]}<\/script>\n<!-- \/ Yoast SEO plugin. -->","yoast_head_json":{"title":"Governo pretende atrair mais adultos para o ensino superior - Portal Tela Portugal","robots":{"index":"index","follow":"follow","max-snippet":"max-snippet:-1","max-image-preview":"max-image-preview:large","max-video-preview":"max-video-preview:-1"},"og_locale":"pt_PT","og_type":"article","og_title":"Governo pretende atrair mais adultos para o ensino superior - Portal Tela Portugal","og_description":"O n\u00famero de novos matriculados no ensino superior em 2025\/26 foi de 75.890, abaixo dos 83.800 de 2024\/25, representando uma quebra de 10%. O concurso nacional de acesso representa 59% dos inscritos no 1.\u00ba ano; \u00e9 necess\u00e1rio olhar para o resto do sistema e para as restantes vias de acesso, p\u00fablicas e privadas. Concursos institucionais de privados ca\u00edram cerca de 20%; as mudan\u00e7as de curso no 1.\u00ba ano diminu\u00edram 29%. A idade m\u00e9dia de entrada \u00e9 de 20 anos; entre 2025 e 2040, prev\u00ea-se redu\u00e7\u00e3o de 14% na faixa dos 15 aos 19 anos e de 18% na dos 20 aos 24 anos. O Governo prop\u00f5e diversificar vias de acesso e estudar uma prova geral de compet\u00eancias; o CIPES est\u00e1 a avaliar a aplica\u00e7\u00e3o dos Ctesp ao longo da \u00faltima d\u00e9cada.","og_url":"https:\/\/portaltela.pt\/noticias\/2026\/04\/20\/governo-pretende-atrair-mais-adultos-para-o-ensino-superior\/","og_site_name":"Portal Tela Portugal","article_published_time":"2026-04-20T06:17:44+00:00","author":"Telinha","twitter_card":"summary_large_image","twitter_misc":{"Escrito por":"Telinha","Tempo estimado de leitura":"1 minuto"},"schema":{"@context":"https:\/\/schema.org","@graph":[{"@type":"Article","@id":"https:\/\/portaltela.pt\/noticias\/2026\/04\/20\/governo-pretende-atrair-mais-adultos-para-o-ensino-superior\/#article","isPartOf":{"@id":"https:\/\/portaltela.pt\/noticias\/2026\/04\/20\/governo-pretende-atrair-mais-adultos-para-o-ensino-superior\/"},"author":{"name":"Telinha","@id":"https:\/\/portaltela.pt\/#\/schema\/person\/c4278d4a6028830caff9ee44b42d32ed"},"headline":"Governo pretende atrair mais adultos para o ensino superior","datePublished":"2026-04-20T06:17:44+00:00","mainEntityOfPage":{"@id":"https:\/\/portaltela.pt\/noticias\/2026\/04\/20\/governo-pretende-atrair-mais-adultos-para-o-ensino-superior\/"},"wordCount":292,"image":{"@id":"https:\/\/portaltela.pt\/noticias\/2026\/04\/20\/governo-pretende-atrair-mais-adultos-para-o-ensino-superior\/#primaryimage"},"thumbnailUrl":"https:\/\/portaltela.pt\/s.01k8rhncp4jt1\/2026\/04\/2082497.jpg","keywords":["CTeSP","educa\u00e7\u00e3o","educa\u00e7\u00e3o p\u00fablica","Ensino Superior","forma\u00e7\u00e3o","governo"],"articleSection":["Not\u00edcias","Sociedade"],"inLanguage":"pt-PT"},{"@type":"WebPage","@id":"https:\/\/portaltela.pt\/noticias\/2026\/04\/20\/governo-pretende-atrair-mais-adultos-para-o-ensino-superior\/","url":"https:\/\/portaltela.pt\/noticias\/2026\/04\/20\/governo-pretende-atrair-mais-adultos-para-o-ensino-superior\/","name":"Governo pretende atrair mais adultos para o ensino superior - Portal Tela Portugal","isPartOf":{"@id":"https:\/\/portaltela.pt\/#website"},"primaryImageOfPage":{"@id":"https:\/\/portaltela.pt\/noticias\/2026\/04\/20\/governo-pretende-atrair-mais-adultos-para-o-ensino-superior\/#primaryimage"},"image":{"@id":"https:\/\/portaltela.pt\/noticias\/2026\/04\/20\/governo-pretende-atrair-mais-adultos-para-o-ensino-superior\/#primaryimage"},"thumbnailUrl":"https:\/\/portaltela.pt\/s.01k8rhncp4jt1\/2026\/04\/2082497.jpg","datePublished":"2026-04-20T06:17:44+00:00","author":{"@id":"https:\/\/portaltela.pt\/#\/schema\/person\/c4278d4a6028830caff9ee44b42d32ed"},"breadcrumb":{"@id":"https:\/\/portaltela.pt\/noticias\/2026\/04\/20\/governo-pretende-atrair-mais-adultos-para-o-ensino-superior\/#breadcrumb"},"inLanguage":"pt-PT","potentialAction":[{"@type":"ReadAction","target":["https:\/\/portaltela.pt\/noticias\/2026\/04\/20\/governo-pretende-atrair-mais-adultos-para-o-ensino-superior\/"]}]},{"@type":"ImageObject","inLanguage":"pt-PT","@id":"https:\/\/portaltela.pt\/noticias\/2026\/04\/20\/governo-pretende-atrair-mais-adultos-para-o-ensino-superior\/#primaryimage","url":"https:\/\/portaltela.pt\/s.01k8rhncp4jt1\/2026\/04\/2082497.jpg","contentUrl":"https:\/\/portaltela.pt\/s.01k8rhncp4jt1\/2026\/04\/2082497.jpg","width":796,"height":448,"caption":"A idade m\u00e9dia de entrada no ensino superior em Portugal \u00e9 de 20 anos \u2014 abaixo da m\u00e9dia da OCDE, que \u00e9 de 22 anos"},{"@type":"BreadcrumbList","@id":"https:\/\/portaltela.pt\/noticias\/2026\/04\/20\/governo-pretende-atrair-mais-adultos-para-o-ensino-superior\/#breadcrumb","itemListElement":[{"@type":"ListItem","position":1,"name":"In\u00edcio","item":"https:\/\/portaltela.pt\/"},{"@type":"ListItem","position":2,"name":"Governo pretende atrair mais adultos para o ensino superior"}]},{"@type":"WebSite","@id":"https:\/\/portaltela.pt\/#website","url":"https:\/\/portaltela.pt\/","name":"Portal Tela Portugal","description":"","potentialAction":[{"@type":"SearchAction","target":{"@type":"EntryPoint","urlTemplate":"https:\/\/portaltela.pt\/?s={search_term_string}"},"query-input":{"@type":"PropertyValueSpecification","valueRequired":true,"valueName":"search_term_string"}}],"inLanguage":"pt-PT"},{"@type":"Person","@id":"https:\/\/portaltela.pt\/#\/schema\/person\/c4278d4a6028830caff9ee44b42d32ed","name":"Telinha","image":{"@type":"ImageObject","inLanguage":"pt-PT","@id":"https:\/\/portaltela.pt\/s.01k8rhncp4jt1\/2025\/11\/talking-bot-125x125.png","url":"https:\/\/portaltela.pt\/s.01k8rhncp4jt1\/2025\/11\/talking-bot-125x125.png","contentUrl":"https:\/\/portaltela.pt\/s.01k8rhncp4jt1\/2025\/11\/talking-bot-125x125.png","caption":"Telinha"},"sameAs":["https:\/\/portaltela.pt\/"],"url":"https:\/\/portaltela.pt\/por\/367410592786\/"}]}},"_links":{"self":[{"href":"https:\/\/portaltela.pt\/api\/wp\/v2\/posts\/450701","targetHints":{"allow":["GET"]}}],"collection":[{"href":"https:\/\/portaltela.pt\/api\/wp\/v2\/posts"}],"about":[{"href":"https:\/\/portaltela.pt\/api\/wp\/v2\/types\/post"}],"author":[{"embeddable":true,"href":"https:\/\/portaltela.pt\/api\/wp\/v2\/users\/2"}],"replies":[{"embeddable":true,"href":"https:\/\/portaltela.pt\/api\/wp\/v2\/comments?post=450701"}],"version-history":[{"count":0,"href":"https:\/\/portaltela.pt\/api\/wp\/v2\/posts\/450701\/revisions"}],"wp:featuredmedia":[{"embeddable":true,"href":"https:\/\/portaltela.pt\/api\/wp\/v2\/media\/450707"}],"wp:attachment":[{"href":"https:\/\/portaltela.pt\/api\/wp\/v2\/media?parent=450701"}],"wp:term":[{"taxonomy":"category","embeddable":true,"href":"https:\/\/portaltela.pt\/api\/wp\/v2\/categories?post=450701"},{"taxonomy":"post_tag","embeddable":true,"href":"https:\/\/portaltela.pt\/api\/wp\/v2\/tags?post=450701"}],"curies":[{"name":"wp","href":"https:\/\/api.w.org\/{rel}","templated":true}]}}