{"id":450700,"date":"2026-04-20T03:17:43","date_gmt":"2026-04-20T06:17:43","guid":{"rendered":"https:\/\/portaltela.pt\/noticias\/2026\/04\/20\/falece-maria-nieves-icone-do-tango-argentino\/"},"modified":"2026-04-20T03:17:43","modified_gmt":"2026-04-20T06:17:43","slug":"falece-maria-nieves-icone-do-tango-argentino","status":"publish","type":"post","link":"https:\/\/portaltela.pt\/musica\/2026\/04\/20\/falece-maria-nieves-icone-do-tango-argentino\/","title":{"rendered":"Falece Mar\u00eda Nieves, \u00edcone do tango argentino"},"content":{"rendered":"<p>Mar\u00eda Nieves, bailarina e core\u00f3grafa argentina, morreu no domingo, aos 91 anos, em Buenos Aires. A causa da morte n\u00e3o foi especificada pelas fontes culturais locais. A not\u00edcia confirma o falecimento de uma \u00edcone do tango.<\/p>\n<p>Nascida numa fam\u00edlia humilde de Buenos Aires, Nieves ajudou a popularizar o tango a n\u00edvel mundial, participando em numerosas competi\u00e7\u00f5es internacionais e promovendo o estilo al\u00e9m das fronteiras da Argentina.<\/p>\n<p>A carreira ganhou grande destaque na d\u00e9cada de 1950, quando passou a dan\u00e7ar ao lado de Juan Carlos Copes. Copes faleceu em 2021, v\u00edtima de infec\u00e7\u00e3o pelo SARS-CoV-2, causador da pandemia de covid-19.<\/p>\n<h3>Parcerias que marcaram o tango<\/h3>\n<p>A colabora\u00e7\u00e3o entre Nieves e Copes ficou marcada pela combina\u00e7\u00e3o de t\u00e9cnica e express\u00e3o dram\u00e1tica, levando o tango a palcos internacionais e a novos p\u00fablicos, contribuindo para a renova\u00e7\u00e3o do g\u00eanero.<\/p>\n<p>Ao longo da trajet\u00f3ria, Nieves participou de produ\u00e7\u00f5es que influenciaram gera\u00e7\u00f5es de bailarinos e core\u00f3grafos.<\/p>\n","protected":false},"excerpt":{"rendered":"<ul>\n<li>Morreu no domingo, aos 91 anos, a bailarina e core\u00f3grafa argentina Mar\u00eda Nieves, \u00edcone do tango, segundo fontes culturais de Buenos Aires, que n\u00e3o indicaram a causa da morte.<\/li>\n<li>Mar\u00eda Nieves nasceu numa fam\u00edlia humilde em Buenos Aires e ajudou a popularizar o tango a n\u00edvel mundial.<\/li>\n<li>Ganhou destaque na d\u00e9cada de cinq\u00fcenta ao dan\u00e7ar com Juan Carlos Copes, co-protagonista do tango que faleceu em 2021.<\/li>\n<li>A parceria com Copes ficou marcada pela divulga\u00e7\u00e3o internacional do tango e pela contribui\u00e7\u00e3o para a dan\u00e7a de palco e cinema.<\/li>\n<li>A not\u00edcia foi divulgada por fontes culturais sem detalhar circunst\u00e2ncias adicionais sobre o falecimento.<\/li>\n<\/ul>\n","protected":false},"author":2,"featured_media":450712,"comment_status":"closed","ping_status":"closed","sticky":false,"template":"","format":"standard","meta":{"footnotes":""},"categories":[7375,6676],"tags":[2732,70,145,1683,122,5661],"class_list":["post-450700","post","type-post","status-publish","format-standard","has-post-thumbnail","hentry","category-cultura","category-musica","tag-argentina","tag-arte","tag-cultura","tag-danca","tag-musica","tag-pessoas-publicas"],"yoast_head":"<!-- This site is optimized with the Yoast SEO plugin v27.2 - https:\/\/yoast.com\/product\/yoast-seo-wordpress\/ -->\n<title>Falece Mar\u00eda Nieves, \u00edcone do tango argentino - Portal Tela Portugal<\/title>\n<meta name=\"robots\" content=\"index, follow, max-snippet:-1, max-image-preview:large, max-video-preview:-1\" \/>\n<meta property=\"og:locale\" content=\"pt_PT\" \/>\n<meta property=\"og:type\" content=\"article\" \/>\n<meta property=\"og:title\" content=\"Falece Mar\u00eda Nieves, \u00edcone do tango argentino - Portal Tela Portugal\" \/>\n<meta property=\"og:description\" content=\"Morreu no domingo, aos 91 anos, a bailarina e core\u00f3grafa argentina Mar\u00eda Nieves, \u00edcone do tango, segundo fontes culturais de Buenos Aires, que n\u00e3o indicaram a causa da morte. Mar\u00eda Nieves nasceu numa fam\u00edlia humilde em Buenos Aires e ajudou a popularizar o tango a n\u00edvel mundial. Ganhou destaque na d\u00e9cada de cinq\u00fcenta ao dan\u00e7ar com Juan Carlos Copes, co-protagonista do tango que faleceu em 2021. A parceria com Copes ficou marcada pela divulga\u00e7\u00e3o internacional do tango e pela contribui\u00e7\u00e3o para a dan\u00e7a de palco e cinema. A not\u00edcia foi divulgada por fontes culturais sem detalhar circunst\u00e2ncias adicionais sobre o falecimento.\" \/>\n<meta property=\"og:url\" content=\"https:\/\/portaltela.pt\/noticias\/2026\/04\/20\/falece-maria-nieves-icone-do-tango-argentino\/\" \/>\n<meta property=\"og:site_name\" content=\"Portal Tela Portugal\" \/>\n<meta property=\"article:published_time\" content=\"2026-04-20T06:17:43+00:00\" \/>\n<meta name=\"author\" content=\"Telinha\" \/>\n<meta name=\"twitter:card\" content=\"summary_large_image\" \/>\n<meta name=\"twitter:label1\" content=\"Escrito por\" \/>\n\t<meta name=\"twitter:data1\" content=\"Telinha\" \/>\n\t<meta name=\"twitter:label2\" content=\"Tempo estimado de leitura\" \/>\n\t<meta name=\"twitter:data2\" content=\"1 minuto\" \/>\n<script type=\"application\/ld+json\" class=\"yoast-schema-graph\">{\"@context\":\"https:\/\/schema.org\",\"@graph\":[{\"@type\":\"Article\",\"@id\":\"https:\/\/portaltela.pt\/noticias\/2026\/04\/20\/falece-maria-nieves-icone-do-tango-argentino\/#article\",\"isPartOf\":{\"@id\":\"https:\/\/portaltela.pt\/noticias\/2026\/04\/20\/falece-maria-nieves-icone-do-tango-argentino\/\"},\"author\":{\"name\":\"Telinha\",\"@id\":\"https:\/\/portaltela.pt\/#\/schema\/person\/c4278d4a6028830caff9ee44b42d32ed\"},\"headline\":\"Falece Mar\u00eda Nieves, \u00edcone do tango argentino\",\"datePublished\":\"2026-04-20T06:17:43+00:00\",\"mainEntityOfPage\":{\"@id\":\"https:\/\/portaltela.pt\/noticias\/2026\/04\/20\/falece-maria-nieves-icone-do-tango-argentino\/\"},\"wordCount\":179,\"image\":{\"@id\":\"https:\/\/portaltela.pt\/noticias\/2026\/04\/20\/falece-maria-nieves-icone-do-tango-argentino\/#primaryimage\"},\"thumbnailUrl\":\"https:\/\/portaltela.pt\/s.01k8rhncp4jt1\/2026\/04\/img_1500x1000uu2026-04-20-07-04-58-2279694.jpg\",\"keywords\":[\"Argentina\",\"arte\",\"cultura\",\"dan\u00e7a\",\"m\u00fasica\",\"pessoas p\u00fablicas\"],\"articleSection\":[\"Cultura\",\"M\u00fasica\"],\"inLanguage\":\"pt-PT\"},{\"@type\":\"WebPage\",\"@id\":\"https:\/\/portaltela.pt\/noticias\/2026\/04\/20\/falece-maria-nieves-icone-do-tango-argentino\/\",\"url\":\"https:\/\/portaltela.pt\/noticias\/2026\/04\/20\/falece-maria-nieves-icone-do-tango-argentino\/\",\"name\":\"Falece Mar\u00eda Nieves, \u00edcone do tango argentino - Portal Tela Portugal\",\"isPartOf\":{\"@id\":\"https:\/\/portaltela.pt\/#website\"},\"primaryImageOfPage\":{\"@id\":\"https:\/\/portaltela.pt\/noticias\/2026\/04\/20\/falece-maria-nieves-icone-do-tango-argentino\/#primaryimage\"},\"image\":{\"@id\":\"https:\/\/portaltela.pt\/noticias\/2026\/04\/20\/falece-maria-nieves-icone-do-tango-argentino\/#primaryimage\"},\"thumbnailUrl\":\"https:\/\/portaltela.pt\/s.01k8rhncp4jt1\/2026\/04\/img_1500x1000uu2026-04-20-07-04-58-2279694.jpg\",\"datePublished\":\"2026-04-20T06:17:43+00:00\",\"author\":{\"@id\":\"https:\/\/portaltela.pt\/#\/schema\/person\/c4278d4a6028830caff9ee44b42d32ed\"},\"breadcrumb\":{\"@id\":\"https:\/\/portaltela.pt\/noticias\/2026\/04\/20\/falece-maria-nieves-icone-do-tango-argentino\/#breadcrumb\"},\"inLanguage\":\"pt-PT\",\"potentialAction\":[{\"@type\":\"ReadAction\",\"target\":[\"https:\/\/portaltela.pt\/noticias\/2026\/04\/20\/falece-maria-nieves-icone-do-tango-argentino\/\"]}]},{\"@type\":\"ImageObject\",\"inLanguage\":\"pt-PT\",\"@id\":\"https:\/\/portaltela.pt\/noticias\/2026\/04\/20\/falece-maria-nieves-icone-do-tango-argentino\/#primaryimage\",\"url\":\"https:\/\/portaltela.pt\/s.01k8rhncp4jt1\/2026\/04\/img_1500x1000uu2026-04-20-07-04-58-2279694.jpg\",\"contentUrl\":\"https:\/\/portaltela.pt\/s.01k8rhncp4jt1\/2026\/04\/img_1500x1000uu2026-04-20-07-04-58-2279694.jpg\",\"width\":796,\"height\":448,\"caption\":\"\u00cdcone do tango argentino Mar\u00eda Nieves\"},{\"@type\":\"BreadcrumbList\",\"@id\":\"https:\/\/portaltela.pt\/noticias\/2026\/04\/20\/falece-maria-nieves-icone-do-tango-argentino\/#breadcrumb\",\"itemListElement\":[{\"@type\":\"ListItem\",\"position\":1,\"name\":\"In\u00edcio\",\"item\":\"https:\/\/portaltela.pt\/\"},{\"@type\":\"ListItem\",\"position\":2,\"name\":\"Falece Mar\u00eda Nieves, \u00edcone do tango argentino\"}]},{\"@type\":\"WebSite\",\"@id\":\"https:\/\/portaltela.pt\/#website\",\"url\":\"https:\/\/portaltela.pt\/\",\"name\":\"Portal Tela Portugal\",\"description\":\"\",\"potentialAction\":[{\"@type\":\"SearchAction\",\"target\":{\"@type\":\"EntryPoint\",\"urlTemplate\":\"https:\/\/portaltela.pt\/?s={search_term_string}\"},\"query-input\":{\"@type\":\"PropertyValueSpecification\",\"valueRequired\":true,\"valueName\":\"search_term_string\"}}],\"inLanguage\":\"pt-PT\"},{\"@type\":\"Person\",\"@id\":\"https:\/\/portaltela.pt\/#\/schema\/person\/c4278d4a6028830caff9ee44b42d32ed\",\"name\":\"Telinha\",\"image\":{\"@type\":\"ImageObject\",\"inLanguage\":\"pt-PT\",\"@id\":\"https:\/\/portaltela.pt\/s.01k8rhncp4jt1\/2025\/11\/talking-bot-125x125.png\",\"url\":\"https:\/\/portaltela.pt\/s.01k8rhncp4jt1\/2025\/11\/talking-bot-125x125.png\",\"contentUrl\":\"https:\/\/portaltela.pt\/s.01k8rhncp4jt1\/2025\/11\/talking-bot-125x125.png\",\"caption\":\"Telinha\"},\"sameAs\":[\"https:\/\/portaltela.pt\/\"],\"url\":\"https:\/\/portaltela.pt\/por\/367410592786\/\"}]}<\/script>\n<!-- \/ Yoast SEO plugin. -->","yoast_head_json":{"title":"Falece Mar\u00eda Nieves, \u00edcone do tango argentino - Portal Tela Portugal","robots":{"index":"index","follow":"follow","max-snippet":"max-snippet:-1","max-image-preview":"max-image-preview:large","max-video-preview":"max-video-preview:-1"},"og_locale":"pt_PT","og_type":"article","og_title":"Falece Mar\u00eda Nieves, \u00edcone do tango argentino - Portal Tela Portugal","og_description":"Morreu no domingo, aos 91 anos, a bailarina e core\u00f3grafa argentina Mar\u00eda Nieves, \u00edcone do tango, segundo fontes culturais de Buenos Aires, que n\u00e3o indicaram a causa da morte. Mar\u00eda Nieves nasceu numa fam\u00edlia humilde em Buenos Aires e ajudou a popularizar o tango a n\u00edvel mundial. Ganhou destaque na d\u00e9cada de cinq\u00fcenta ao dan\u00e7ar com Juan Carlos Copes, co-protagonista do tango que faleceu em 2021. A parceria com Copes ficou marcada pela divulga\u00e7\u00e3o internacional do tango e pela contribui\u00e7\u00e3o para a dan\u00e7a de palco e cinema. A not\u00edcia foi divulgada por fontes culturais sem detalhar circunst\u00e2ncias adicionais sobre o falecimento.","og_url":"https:\/\/portaltela.pt\/noticias\/2026\/04\/20\/falece-maria-nieves-icone-do-tango-argentino\/","og_site_name":"Portal Tela Portugal","article_published_time":"2026-04-20T06:17:43+00:00","author":"Telinha","twitter_card":"summary_large_image","twitter_misc":{"Escrito por":"Telinha","Tempo estimado de leitura":"1 minuto"},"schema":{"@context":"https:\/\/schema.org","@graph":[{"@type":"Article","@id":"https:\/\/portaltela.pt\/noticias\/2026\/04\/20\/falece-maria-nieves-icone-do-tango-argentino\/#article","isPartOf":{"@id":"https:\/\/portaltela.pt\/noticias\/2026\/04\/20\/falece-maria-nieves-icone-do-tango-argentino\/"},"author":{"name":"Telinha","@id":"https:\/\/portaltela.pt\/#\/schema\/person\/c4278d4a6028830caff9ee44b42d32ed"},"headline":"Falece Mar\u00eda Nieves, \u00edcone do tango argentino","datePublished":"2026-04-20T06:17:43+00:00","mainEntityOfPage":{"@id":"https:\/\/portaltela.pt\/noticias\/2026\/04\/20\/falece-maria-nieves-icone-do-tango-argentino\/"},"wordCount":179,"image":{"@id":"https:\/\/portaltela.pt\/noticias\/2026\/04\/20\/falece-maria-nieves-icone-do-tango-argentino\/#primaryimage"},"thumbnailUrl":"https:\/\/portaltela.pt\/s.01k8rhncp4jt1\/2026\/04\/img_1500x1000uu2026-04-20-07-04-58-2279694.jpg","keywords":["Argentina","arte","cultura","dan\u00e7a","m\u00fasica","pessoas p\u00fablicas"],"articleSection":["Cultura","M\u00fasica"],"inLanguage":"pt-PT"},{"@type":"WebPage","@id":"https:\/\/portaltela.pt\/noticias\/2026\/04\/20\/falece-maria-nieves-icone-do-tango-argentino\/","url":"https:\/\/portaltela.pt\/noticias\/2026\/04\/20\/falece-maria-nieves-icone-do-tango-argentino\/","name":"Falece Mar\u00eda Nieves, \u00edcone do tango argentino - Portal Tela Portugal","isPartOf":{"@id":"https:\/\/portaltela.pt\/#website"},"primaryImageOfPage":{"@id":"https:\/\/portaltela.pt\/noticias\/2026\/04\/20\/falece-maria-nieves-icone-do-tango-argentino\/#primaryimage"},"image":{"@id":"https:\/\/portaltela.pt\/noticias\/2026\/04\/20\/falece-maria-nieves-icone-do-tango-argentino\/#primaryimage"},"thumbnailUrl":"https:\/\/portaltela.pt\/s.01k8rhncp4jt1\/2026\/04\/img_1500x1000uu2026-04-20-07-04-58-2279694.jpg","datePublished":"2026-04-20T06:17:43+00:00","author":{"@id":"https:\/\/portaltela.pt\/#\/schema\/person\/c4278d4a6028830caff9ee44b42d32ed"},"breadcrumb":{"@id":"https:\/\/portaltela.pt\/noticias\/2026\/04\/20\/falece-maria-nieves-icone-do-tango-argentino\/#breadcrumb"},"inLanguage":"pt-PT","potentialAction":[{"@type":"ReadAction","target":["https:\/\/portaltela.pt\/noticias\/2026\/04\/20\/falece-maria-nieves-icone-do-tango-argentino\/"]}]},{"@type":"ImageObject","inLanguage":"pt-PT","@id":"https:\/\/portaltela.pt\/noticias\/2026\/04\/20\/falece-maria-nieves-icone-do-tango-argentino\/#primaryimage","url":"https:\/\/portaltela.pt\/s.01k8rhncp4jt1\/2026\/04\/img_1500x1000uu2026-04-20-07-04-58-2279694.jpg","contentUrl":"https:\/\/portaltela.pt\/s.01k8rhncp4jt1\/2026\/04\/img_1500x1000uu2026-04-20-07-04-58-2279694.jpg","width":796,"height":448,"caption":"\u00cdcone do tango argentino Mar\u00eda Nieves"},{"@type":"BreadcrumbList","@id":"https:\/\/portaltela.pt\/noticias\/2026\/04\/20\/falece-maria-nieves-icone-do-tango-argentino\/#breadcrumb","itemListElement":[{"@type":"ListItem","position":1,"name":"In\u00edcio","item":"https:\/\/portaltela.pt\/"},{"@type":"ListItem","position":2,"name":"Falece Mar\u00eda Nieves, \u00edcone do tango argentino"}]},{"@type":"WebSite","@id":"https:\/\/portaltela.pt\/#website","url":"https:\/\/portaltela.pt\/","name":"Portal Tela Portugal","description":"","potentialAction":[{"@type":"SearchAction","target":{"@type":"EntryPoint","urlTemplate":"https:\/\/portaltela.pt\/?s={search_term_string}"},"query-input":{"@type":"PropertyValueSpecification","valueRequired":true,"valueName":"search_term_string"}}],"inLanguage":"pt-PT"},{"@type":"Person","@id":"https:\/\/portaltela.pt\/#\/schema\/person\/c4278d4a6028830caff9ee44b42d32ed","name":"Telinha","image":{"@type":"ImageObject","inLanguage":"pt-PT","@id":"https:\/\/portaltela.pt\/s.01k8rhncp4jt1\/2025\/11\/talking-bot-125x125.png","url":"https:\/\/portaltela.pt\/s.01k8rhncp4jt1\/2025\/11\/talking-bot-125x125.png","contentUrl":"https:\/\/portaltela.pt\/s.01k8rhncp4jt1\/2025\/11\/talking-bot-125x125.png","caption":"Telinha"},"sameAs":["https:\/\/portaltela.pt\/"],"url":"https:\/\/portaltela.pt\/por\/367410592786\/"}]}},"_links":{"self":[{"href":"https:\/\/portaltela.pt\/api\/wp\/v2\/posts\/450700","targetHints":{"allow":["GET"]}}],"collection":[{"href":"https:\/\/portaltela.pt\/api\/wp\/v2\/posts"}],"about":[{"href":"https:\/\/portaltela.pt\/api\/wp\/v2\/types\/post"}],"author":[{"embeddable":true,"href":"https:\/\/portaltela.pt\/api\/wp\/v2\/users\/2"}],"replies":[{"embeddable":true,"href":"https:\/\/portaltela.pt\/api\/wp\/v2\/comments?post=450700"}],"version-history":[{"count":0,"href":"https:\/\/portaltela.pt\/api\/wp\/v2\/posts\/450700\/revisions"}],"wp:featuredmedia":[{"embeddable":true,"href":"https:\/\/portaltela.pt\/api\/wp\/v2\/media\/450712"}],"wp:attachment":[{"href":"https:\/\/portaltela.pt\/api\/wp\/v2\/media?parent=450700"}],"wp:term":[{"taxonomy":"category","embeddable":true,"href":"https:\/\/portaltela.pt\/api\/wp\/v2\/categories?post=450700"},{"taxonomy":"post_tag","embeddable":true,"href":"https:\/\/portaltela.pt\/api\/wp\/v2\/tags?post=450700"}],"curies":[{"name":"wp","href":"https:\/\/api.w.org\/{rel}","templated":true}]}}