{"id":450699,"date":"2026-04-20T03:17:42","date_gmt":"2026-04-20T06:17:42","guid":{"rendered":"https:\/\/portaltela.pt\/noticias\/2026\/04\/20\/cinemateca-deve-ser-ocupada-nesta-semana-por-torre-bela-obsessao-persiste\/"},"modified":"2026-04-20T03:17:42","modified_gmt":"2026-04-20T06:17:42","slug":"cinemateca-deve-ser-ocupada-nesta-semana-por-torre-bela-obsessao-persiste","status":"publish","type":"post","link":"https:\/\/portaltela.pt\/noticias\/2026\/04\/20\/cinemateca-deve-ser-ocupada-nesta-semana-por-torre-bela-obsessao-persiste\/","title":{"rendered":"Cinemateca deve ser ocupada nesta semana por Torre Bela, obsess\u00e3o persiste"},"content":{"rendered":"<p>A Cinemateca recebe, nesta semana, uma ocupa\u00e7\u00e3o por parte do coletivo Torre Bela, em mais uma etapa de controv\u00e9rsia p\u00fablica que persiste h\u00e1 anos. A a\u00e7\u00e3o, ainda n\u00e3o detalhada pela organiza\u00e7\u00e3o, surge num momento em que o historial de conflitos em torno do espa\u00e7o volta a ganhar notoriedade.<\/p>\n<p>Segundo relatos, a ocupa\u00e7\u00e3o envolve a insist\u00eancia de Torre Bela em reivindicar espa\u00e7o para as suas atividades, num cen\u00e1rio em que a gest\u00e3o da Cinemateca tem sido alvo de cr\u00edticas e debates sobre preserva\u00e7\u00e3o, acesso e uso cultural dos arquivos. A mobiliza\u00e7\u00e3o ocorre num contexto de mobiliza\u00e7\u00e3o de atores culturais em torno de institui\u00e7\u00f5es ligadas ao patrim\u00f3nio audiovisual portugu\u00eas.<\/p>\n<p>Contexto<\/p>\n<ul>\n<li>Quando: esta semana, com preparativos j\u00e1 em curso.<\/li>\n<li>Onde: Cinemateca, em Portugal.<\/li>\n<li>Quem: a parte envolvida \u00e9 o coletivo Torre Bela, com presen\u00e7a de intervenientes ligados ao espa\u00e7o cultural.<\/li>\n<li>Porqu\u00ea: a a\u00e7\u00e3o insere-se numa linha de protesto\/pedido de espa\u00e7o para atividades associadas ao acervo e \u00e0 mem\u00f3ria hist\u00f3rica do pa\u00eds.<\/li>\n<\/ul>\n<p>Testemunho hist\u00f3rico<\/p>\n<p>Em 2006, Jos\u00e9 Manuel Costa descreveu uma entrevista com Thomas Harlan, onde este, embora gravemente doente e com necessidade de apoio respirat\u00f3rio, parecia recuperar e \u201csaltar\u201d para o momento de um filme que havia rodado em Portugal anos antes. A passagem \u00e9 citada como um marco de resist\u00eancia criativa associada \u00e0 mem\u00f3ria hist\u00f3rica apresentada pela cinematografia.<\/p>\n","protected":false},"excerpt":{"rendered":"<ul>\n<li>A Cinemateca vai ser ocupada esta semana por Torre Bela.<\/li>\n<li>A ocupa\u00e7\u00e3o mant\u00e9m a obsess\u00e3o p\u00fablica em torno do epis\u00f3dio de Torre Bela.<\/li>\n<li>Em 2006, o jornalista Jos\u00e9 Manuel Costa entrevistou Thomas Harlan, que j\u00e1 contava com apoios respirat\u00f3rios devido \u00e0 doen\u00e7a.<\/li>\n<li>Durante a entrevista, Harlan parecia emergir do momento e do espa\u00e7o de um filme que, muitos anos antes, foi rodado em Portugal.<\/li>\n<li>O texto associa a a\u00e7\u00e3o \u00e0 mem\u00f3ria do cinema portugu\u00eas e \u00e0 liga\u00e7\u00e3o entre Torre Bela e a hist\u00f3ria cinematogr\u00e1fica do pa\u00eds.<\/li>\n<\/ul>\n","protected":false},"author":2,"featured_media":450709,"comment_status":"closed","ping_status":"closed","sticky":false,"template":"","format":"standard","meta":{"footnotes":""},"categories":[7375,1],"tags":[112,145,1192,7451,814,1175],"class_list":["post-450699","post","type-post","status-publish","format-standard","has-post-thumbnail","hentry","category-cultura","category-noticias","tag-cinema","tag-cultura","tag-museus-arquivos","tag-ocupacao","tag-patrimonio","tag-patrimonio-cultural"],"yoast_head":"<!-- This site is optimized with the Yoast SEO plugin v27.2 - https:\/\/yoast.com\/product\/yoast-seo-wordpress\/ -->\n<title>Cinemateca deve ser ocupada nesta semana por Torre Bela, obsess\u00e3o persiste - Portal Tela Portugal<\/title>\n<meta name=\"robots\" content=\"index, follow, max-snippet:-1, max-image-preview:large, max-video-preview:-1\" \/>\n<meta property=\"og:locale\" content=\"pt_PT\" \/>\n<meta property=\"og:type\" content=\"article\" \/>\n<meta property=\"og:title\" content=\"Cinemateca deve ser ocupada nesta semana por Torre Bela, obsess\u00e3o persiste - Portal Tela Portugal\" \/>\n<meta property=\"og:description\" content=\"A Cinemateca vai ser ocupada esta semana por Torre Bela. A ocupa\u00e7\u00e3o mant\u00e9m a obsess\u00e3o p\u00fablica em torno do epis\u00f3dio de Torre Bela. Em 2006, o jornalista Jos\u00e9 Manuel Costa entrevistou Thomas Harlan, que j\u00e1 contava com apoios respirat\u00f3rios devido \u00e0 doen\u00e7a. Durante a entrevista, Harlan parecia emergir do momento e do espa\u00e7o de um filme que, muitos anos antes, foi rodado em Portugal. O texto associa a a\u00e7\u00e3o \u00e0 mem\u00f3ria do cinema portugu\u00eas e \u00e0 liga\u00e7\u00e3o entre Torre Bela e a hist\u00f3ria cinematogr\u00e1fica do pa\u00eds.\" \/>\n<meta property=\"og:url\" content=\"https:\/\/portaltela.pt\/noticias\/2026\/04\/20\/cinemateca-deve-ser-ocupada-nesta-semana-por-torre-bela-obsessao-persiste\/\" \/>\n<meta property=\"og:site_name\" content=\"Portal Tela Portugal\" \/>\n<meta property=\"article:published_time\" content=\"2026-04-20T06:17:42+00:00\" \/>\n<meta name=\"author\" content=\"Telinha\" \/>\n<meta name=\"twitter:card\" content=\"summary_large_image\" \/>\n<meta name=\"twitter:label1\" content=\"Escrito por\" \/>\n\t<meta name=\"twitter:data1\" content=\"Telinha\" \/>\n\t<meta name=\"twitter:label2\" content=\"Tempo estimado de leitura\" \/>\n\t<meta name=\"twitter:data2\" content=\"1 minuto\" \/>\n<script type=\"application\/ld+json\" class=\"yoast-schema-graph\">{\"@context\":\"https:\/\/schema.org\",\"@graph\":[{\"@type\":\"Article\",\"@id\":\"https:\/\/portaltela.pt\/noticias\/2026\/04\/20\/cinemateca-deve-ser-ocupada-nesta-semana-por-torre-bela-obsessao-persiste\/#article\",\"isPartOf\":{\"@id\":\"https:\/\/portaltela.pt\/noticias\/2026\/04\/20\/cinemateca-deve-ser-ocupada-nesta-semana-por-torre-bela-obsessao-persiste\/\"},\"author\":{\"name\":\"Telinha\",\"@id\":\"https:\/\/portaltela.pt\/#\/schema\/person\/c4278d4a6028830caff9ee44b42d32ed\"},\"headline\":\"Cinemateca deve ser ocupada nesta semana por Torre Bela, obsess\u00e3o persiste\",\"datePublished\":\"2026-04-20T06:17:42+00:00\",\"mainEntityOfPage\":{\"@id\":\"https:\/\/portaltela.pt\/noticias\/2026\/04\/20\/cinemateca-deve-ser-ocupada-nesta-semana-por-torre-bela-obsessao-persiste\/\"},\"wordCount\":255,\"image\":{\"@id\":\"https:\/\/portaltela.pt\/noticias\/2026\/04\/20\/cinemateca-deve-ser-ocupada-nesta-semana-por-torre-bela-obsessao-persiste\/#primaryimage\"},\"thumbnailUrl\":\"https:\/\/portaltela.pt\/s.01k8rhncp4jt1\/2026\/04\/2082557.jpg\",\"keywords\":[\"cinema\",\"cultura\",\"museus\/arquivos\",\"ocupa\u00e7\u00e3o\",\"patrim\u00f3nio\",\"Patrim\u00f3nio Cultural\"],\"articleSection\":[\"Cultura\",\"Not\u00edcias\"],\"inLanguage\":\"pt-PT\"},{\"@type\":\"WebPage\",\"@id\":\"https:\/\/portaltela.pt\/noticias\/2026\/04\/20\/cinemateca-deve-ser-ocupada-nesta-semana-por-torre-bela-obsessao-persiste\/\",\"url\":\"https:\/\/portaltela.pt\/noticias\/2026\/04\/20\/cinemateca-deve-ser-ocupada-nesta-semana-por-torre-bela-obsessao-persiste\/\",\"name\":\"Cinemateca deve ser ocupada nesta semana por Torre Bela, obsess\u00e3o persiste - Portal Tela Portugal\",\"isPartOf\":{\"@id\":\"https:\/\/portaltela.pt\/#website\"},\"primaryImageOfPage\":{\"@id\":\"https:\/\/portaltela.pt\/noticias\/2026\/04\/20\/cinemateca-deve-ser-ocupada-nesta-semana-por-torre-bela-obsessao-persiste\/#primaryimage\"},\"image\":{\"@id\":\"https:\/\/portaltela.pt\/noticias\/2026\/04\/20\/cinemateca-deve-ser-ocupada-nesta-semana-por-torre-bela-obsessao-persiste\/#primaryimage\"},\"thumbnailUrl\":\"https:\/\/portaltela.pt\/s.01k8rhncp4jt1\/2026\/04\/2082557.jpg\",\"datePublished\":\"2026-04-20T06:17:42+00:00\",\"author\":{\"@id\":\"https:\/\/portaltela.pt\/#\/schema\/person\/c4278d4a6028830caff9ee44b42d32ed\"},\"breadcrumb\":{\"@id\":\"https:\/\/portaltela.pt\/noticias\/2026\/04\/20\/cinemateca-deve-ser-ocupada-nesta-semana-por-torre-bela-obsessao-persiste\/#breadcrumb\"},\"inLanguage\":\"pt-PT\",\"potentialAction\":[{\"@type\":\"ReadAction\",\"target\":[\"https:\/\/portaltela.pt\/noticias\/2026\/04\/20\/cinemateca-deve-ser-ocupada-nesta-semana-por-torre-bela-obsessao-persiste\/\"]}]},{\"@type\":\"ImageObject\",\"inLanguage\":\"pt-PT\",\"@id\":\"https:\/\/portaltela.pt\/noticias\/2026\/04\/20\/cinemateca-deve-ser-ocupada-nesta-semana-por-torre-bela-obsessao-persiste\/#primaryimage\",\"url\":\"https:\/\/portaltela.pt\/s.01k8rhncp4jt1\/2026\/04\/2082557.jpg\",\"contentUrl\":\"https:\/\/portaltela.pt\/s.01k8rhncp4jt1\/2026\/04\/2082557.jpg\",\"width\":796,\"height\":448,\"caption\":\"Um programa de filmes e debates marca a edi\u00e7\u00e3o em DVD, esta segunda-feira, da nova c\u00f3pia digital, restaurada, da vers\u00e3o definitiva do filme que Harlan rodou em 1975\"},{\"@type\":\"BreadcrumbList\",\"@id\":\"https:\/\/portaltela.pt\/noticias\/2026\/04\/20\/cinemateca-deve-ser-ocupada-nesta-semana-por-torre-bela-obsessao-persiste\/#breadcrumb\",\"itemListElement\":[{\"@type\":\"ListItem\",\"position\":1,\"name\":\"In\u00edcio\",\"item\":\"https:\/\/portaltela.pt\/\"},{\"@type\":\"ListItem\",\"position\":2,\"name\":\"Cinemateca deve ser ocupada nesta semana por Torre Bela, obsess\u00e3o persiste\"}]},{\"@type\":\"WebSite\",\"@id\":\"https:\/\/portaltela.pt\/#website\",\"url\":\"https:\/\/portaltela.pt\/\",\"name\":\"Portal Tela Portugal\",\"description\":\"\",\"potentialAction\":[{\"@type\":\"SearchAction\",\"target\":{\"@type\":\"EntryPoint\",\"urlTemplate\":\"https:\/\/portaltela.pt\/?s={search_term_string}\"},\"query-input\":{\"@type\":\"PropertyValueSpecification\",\"valueRequired\":true,\"valueName\":\"search_term_string\"}}],\"inLanguage\":\"pt-PT\"},{\"@type\":\"Person\",\"@id\":\"https:\/\/portaltela.pt\/#\/schema\/person\/c4278d4a6028830caff9ee44b42d32ed\",\"name\":\"Telinha\",\"image\":{\"@type\":\"ImageObject\",\"inLanguage\":\"pt-PT\",\"@id\":\"https:\/\/portaltela.pt\/s.01k8rhncp4jt1\/2025\/11\/talking-bot-125x125.png\",\"url\":\"https:\/\/portaltela.pt\/s.01k8rhncp4jt1\/2025\/11\/talking-bot-125x125.png\",\"contentUrl\":\"https:\/\/portaltela.pt\/s.01k8rhncp4jt1\/2025\/11\/talking-bot-125x125.png\",\"caption\":\"Telinha\"},\"sameAs\":[\"https:\/\/portaltela.pt\/\"],\"url\":\"https:\/\/portaltela.pt\/por\/367410592786\/\"}]}<\/script>\n<!-- \/ Yoast SEO plugin. -->","yoast_head_json":{"title":"Cinemateca deve ser ocupada nesta semana por Torre Bela, obsess\u00e3o persiste - Portal Tela Portugal","robots":{"index":"index","follow":"follow","max-snippet":"max-snippet:-1","max-image-preview":"max-image-preview:large","max-video-preview":"max-video-preview:-1"},"og_locale":"pt_PT","og_type":"article","og_title":"Cinemateca deve ser ocupada nesta semana por Torre Bela, obsess\u00e3o persiste - Portal Tela Portugal","og_description":"A Cinemateca vai ser ocupada esta semana por Torre Bela. A ocupa\u00e7\u00e3o mant\u00e9m a obsess\u00e3o p\u00fablica em torno do epis\u00f3dio de Torre Bela. Em 2006, o jornalista Jos\u00e9 Manuel Costa entrevistou Thomas Harlan, que j\u00e1 contava com apoios respirat\u00f3rios devido \u00e0 doen\u00e7a. Durante a entrevista, Harlan parecia emergir do momento e do espa\u00e7o de um filme que, muitos anos antes, foi rodado em Portugal. O texto associa a a\u00e7\u00e3o \u00e0 mem\u00f3ria do cinema portugu\u00eas e \u00e0 liga\u00e7\u00e3o entre Torre Bela e a hist\u00f3ria cinematogr\u00e1fica do pa\u00eds.","og_url":"https:\/\/portaltela.pt\/noticias\/2026\/04\/20\/cinemateca-deve-ser-ocupada-nesta-semana-por-torre-bela-obsessao-persiste\/","og_site_name":"Portal Tela Portugal","article_published_time":"2026-04-20T06:17:42+00:00","author":"Telinha","twitter_card":"summary_large_image","twitter_misc":{"Escrito por":"Telinha","Tempo estimado de leitura":"1 minuto"},"schema":{"@context":"https:\/\/schema.org","@graph":[{"@type":"Article","@id":"https:\/\/portaltela.pt\/noticias\/2026\/04\/20\/cinemateca-deve-ser-ocupada-nesta-semana-por-torre-bela-obsessao-persiste\/#article","isPartOf":{"@id":"https:\/\/portaltela.pt\/noticias\/2026\/04\/20\/cinemateca-deve-ser-ocupada-nesta-semana-por-torre-bela-obsessao-persiste\/"},"author":{"name":"Telinha","@id":"https:\/\/portaltela.pt\/#\/schema\/person\/c4278d4a6028830caff9ee44b42d32ed"},"headline":"Cinemateca deve ser ocupada nesta semana por Torre Bela, obsess\u00e3o persiste","datePublished":"2026-04-20T06:17:42+00:00","mainEntityOfPage":{"@id":"https:\/\/portaltela.pt\/noticias\/2026\/04\/20\/cinemateca-deve-ser-ocupada-nesta-semana-por-torre-bela-obsessao-persiste\/"},"wordCount":255,"image":{"@id":"https:\/\/portaltela.pt\/noticias\/2026\/04\/20\/cinemateca-deve-ser-ocupada-nesta-semana-por-torre-bela-obsessao-persiste\/#primaryimage"},"thumbnailUrl":"https:\/\/portaltela.pt\/s.01k8rhncp4jt1\/2026\/04\/2082557.jpg","keywords":["cinema","cultura","museus\/arquivos","ocupa\u00e7\u00e3o","patrim\u00f3nio","Patrim\u00f3nio Cultural"],"articleSection":["Cultura","Not\u00edcias"],"inLanguage":"pt-PT"},{"@type":"WebPage","@id":"https:\/\/portaltela.pt\/noticias\/2026\/04\/20\/cinemateca-deve-ser-ocupada-nesta-semana-por-torre-bela-obsessao-persiste\/","url":"https:\/\/portaltela.pt\/noticias\/2026\/04\/20\/cinemateca-deve-ser-ocupada-nesta-semana-por-torre-bela-obsessao-persiste\/","name":"Cinemateca deve ser ocupada nesta semana por Torre Bela, obsess\u00e3o persiste - Portal Tela Portugal","isPartOf":{"@id":"https:\/\/portaltela.pt\/#website"},"primaryImageOfPage":{"@id":"https:\/\/portaltela.pt\/noticias\/2026\/04\/20\/cinemateca-deve-ser-ocupada-nesta-semana-por-torre-bela-obsessao-persiste\/#primaryimage"},"image":{"@id":"https:\/\/portaltela.pt\/noticias\/2026\/04\/20\/cinemateca-deve-ser-ocupada-nesta-semana-por-torre-bela-obsessao-persiste\/#primaryimage"},"thumbnailUrl":"https:\/\/portaltela.pt\/s.01k8rhncp4jt1\/2026\/04\/2082557.jpg","datePublished":"2026-04-20T06:17:42+00:00","author":{"@id":"https:\/\/portaltela.pt\/#\/schema\/person\/c4278d4a6028830caff9ee44b42d32ed"},"breadcrumb":{"@id":"https:\/\/portaltela.pt\/noticias\/2026\/04\/20\/cinemateca-deve-ser-ocupada-nesta-semana-por-torre-bela-obsessao-persiste\/#breadcrumb"},"inLanguage":"pt-PT","potentialAction":[{"@type":"ReadAction","target":["https:\/\/portaltela.pt\/noticias\/2026\/04\/20\/cinemateca-deve-ser-ocupada-nesta-semana-por-torre-bela-obsessao-persiste\/"]}]},{"@type":"ImageObject","inLanguage":"pt-PT","@id":"https:\/\/portaltela.pt\/noticias\/2026\/04\/20\/cinemateca-deve-ser-ocupada-nesta-semana-por-torre-bela-obsessao-persiste\/#primaryimage","url":"https:\/\/portaltela.pt\/s.01k8rhncp4jt1\/2026\/04\/2082557.jpg","contentUrl":"https:\/\/portaltela.pt\/s.01k8rhncp4jt1\/2026\/04\/2082557.jpg","width":796,"height":448,"caption":"Um programa de filmes e debates marca a edi\u00e7\u00e3o em DVD, esta segunda-feira, da nova c\u00f3pia digital, restaurada, da vers\u00e3o definitiva do filme que Harlan rodou em 1975"},{"@type":"BreadcrumbList","@id":"https:\/\/portaltela.pt\/noticias\/2026\/04\/20\/cinemateca-deve-ser-ocupada-nesta-semana-por-torre-bela-obsessao-persiste\/#breadcrumb","itemListElement":[{"@type":"ListItem","position":1,"name":"In\u00edcio","item":"https:\/\/portaltela.pt\/"},{"@type":"ListItem","position":2,"name":"Cinemateca deve ser ocupada nesta semana por Torre Bela, obsess\u00e3o persiste"}]},{"@type":"WebSite","@id":"https:\/\/portaltela.pt\/#website","url":"https:\/\/portaltela.pt\/","name":"Portal Tela Portugal","description":"","potentialAction":[{"@type":"SearchAction","target":{"@type":"EntryPoint","urlTemplate":"https:\/\/portaltela.pt\/?s={search_term_string}"},"query-input":{"@type":"PropertyValueSpecification","valueRequired":true,"valueName":"search_term_string"}}],"inLanguage":"pt-PT"},{"@type":"Person","@id":"https:\/\/portaltela.pt\/#\/schema\/person\/c4278d4a6028830caff9ee44b42d32ed","name":"Telinha","image":{"@type":"ImageObject","inLanguage":"pt-PT","@id":"https:\/\/portaltela.pt\/s.01k8rhncp4jt1\/2025\/11\/talking-bot-125x125.png","url":"https:\/\/portaltela.pt\/s.01k8rhncp4jt1\/2025\/11\/talking-bot-125x125.png","contentUrl":"https:\/\/portaltela.pt\/s.01k8rhncp4jt1\/2025\/11\/talking-bot-125x125.png","caption":"Telinha"},"sameAs":["https:\/\/portaltela.pt\/"],"url":"https:\/\/portaltela.pt\/por\/367410592786\/"}]}},"_links":{"self":[{"href":"https:\/\/portaltela.pt\/api\/wp\/v2\/posts\/450699","targetHints":{"allow":["GET"]}}],"collection":[{"href":"https:\/\/portaltela.pt\/api\/wp\/v2\/posts"}],"about":[{"href":"https:\/\/portaltela.pt\/api\/wp\/v2\/types\/post"}],"author":[{"embeddable":true,"href":"https:\/\/portaltela.pt\/api\/wp\/v2\/users\/2"}],"replies":[{"embeddable":true,"href":"https:\/\/portaltela.pt\/api\/wp\/v2\/comments?post=450699"}],"version-history":[{"count":0,"href":"https:\/\/portaltela.pt\/api\/wp\/v2\/posts\/450699\/revisions"}],"wp:featuredmedia":[{"embeddable":true,"href":"https:\/\/portaltela.pt\/api\/wp\/v2\/media\/450709"}],"wp:attachment":[{"href":"https:\/\/portaltela.pt\/api\/wp\/v2\/media?parent=450699"}],"wp:term":[{"taxonomy":"category","embeddable":true,"href":"https:\/\/portaltela.pt\/api\/wp\/v2\/categories?post=450699"},{"taxonomy":"post_tag","embeddable":true,"href":"https:\/\/portaltela.pt\/api\/wp\/v2\/tags?post=450699"}],"curies":[{"name":"wp","href":"https:\/\/api.w.org\/{rel}","templated":true}]}}