{"id":450690,"date":"2026-04-20T03:17:38","date_gmt":"2026-04-20T06:17:38","guid":{"rendered":"https:\/\/portaltela.pt\/noticias\/2026\/04\/20\/registo-de-patrimonio-donativos-e-alarme-a-transparencia-tem-emagrecido\/"},"modified":"2026-04-20T03:17:38","modified_gmt":"2026-04-20T06:17:38","slug":"registo-de-patrimonio-donativos-e-alarme-a-transparencia-tem-emagrecido","status":"publish","type":"post","link":"https:\/\/portaltela.pt\/noticias\/politica\/2026\/04\/20\/registo-de-patrimonio-donativos-e-alarme-a-transparencia-tem-emagrecido\/","title":{"rendered":"Registo de patrim\u00f3nio, donativos e alarme: a transpar\u00eancia tem emagrecido"},"content":{"rendered":"<p>A atualidade sobre a transpar\u00eancia pol\u00edtica em Portugal volta a colocar em foco a dificuldade de aceder a informa\u00e7\u00e3o sobre pol\u00edticos ou partidos. A EpT (Entidade para a Transpar\u00eancia) tem estado no centro das cr\u00edticas, sobretudo ap\u00f3s o caso Spinumviva, ligado ao primeiro-ministro, que contribuiu para a mudan\u00e7a de Governo em 2025.<\/p>\n<p>Desde 2016, a Comiss\u00e3o Eventual para o Refor\u00e7o da Transpar\u00eancia tinha como objetivo restringir incompatibilidades, ampliar declara\u00e7\u00f5es e aumentar o escrut\u00ednio p\u00fablico. Apesar disso, o efeito pr\u00e1tico tem sido visto como uma redu\u00e7\u00e3o da transpar\u00eancia, em vez de um refor\u00e7o.<\/p>\n<p>A reporta\u00e7\u00e3o aponta que, em muitos casos, o acesso a dados sobre patrim\u00f3nio, donativos e outras informa\u00e7\u00f5es relevantes continua limitado. Organiza\u00e7\u00f5es internacionais, como Transpar\u00eancia Internacional, destacam a necessidade de apostar em tecnologia para melhorar o escrut\u00ednio c\u00edvico e a monitoriza\u00e7\u00e3o de tal informa\u00e7\u00e3o.<\/p>\n<h3>Desafios atuais da transpar\u00eancia<\/h3>\n<p>As cr\u00edticas centram-se na aplica\u00e7\u00e3o de regras novas e na forma como estas s\u00e3o implementadas, com impactos no acesso p\u00fablico a informa\u00e7\u00e3o. Observadores questionam se o enquadramento legal acompanha as mudan\u00e7as no panorama pol\u00edtico e institucional.<\/p>\n<p>Entre as estruturas envolvidas, surgem d\u00favidas sobre a capacidade de fiscaliza\u00e7\u00e3o independente, bem como sobre o papel da EpT na pr\u00e1tica de monitoriza\u00e7\u00e3o. A sociedade civil pede maior clareza sobre recursos, metodologias e padr\u00f5es de divulga\u00e7\u00e3o.<\/p>\n","protected":false},"excerpt":{"rendered":"<ul>\n<li>Aumentam os casos em que o acesso \u00e0 informa\u00e7\u00e3o sobre pol\u00edticos ou partidos \u00e9 restrito, segundo Transpar\u00eancia Internacional.<\/li>\n<li>A nova Entidade para a Transpar\u00eancia (EpT) tem estado no centro das aten\u00e7\u00f5es desde o in\u00edcio de fun\u00e7\u00f5es.<\/li>\n<li>A quest\u00e3o da Spinumviva, a empresa familiar do primeiro-ministro, levou \u00e0 queda do Governo em 2025.<\/li>\n<li>Em 2016, a Assembleia da Rep\u00fablica criou a Comiss\u00e3o Eventual para o Refor\u00e7o da Transpar\u00eancia, para controlar incompatibilidades e aumentar o escrut\u00ednio p\u00fablico.<\/li>\n<li>Na pr\u00e1tica, a aplica\u00e7\u00e3o das novas regras tem, segundo a avalia\u00e7\u00e3o, contribu\u00eddo para uma redu\u00e7\u00e3o da transpar\u00eancia.<\/li>\n<\/ul>\n","protected":false},"author":2,"featured_media":450697,"comment_status":"closed","ping_status":"closed","sticky":false,"template":"","format":"standard","meta":{"footnotes":""},"categories":[1,5],"tags":[34,5563,2832,332,8908,5708],"class_list":["post-450690","post","type-post","status-publish","format-standard","has-post-thumbnail","hentry","category-noticias","category-politica","tag-governo","tag-informacao-publica","tag-politica","tag-transparencia","tag-transparencia-internacional","tag-transparencia-publica"],"yoast_head":"<!-- This site is optimized with the Yoast SEO plugin v27.2 - https:\/\/yoast.com\/product\/yoast-seo-wordpress\/ -->\n<title>Registo de patrim\u00f3nio, donativos e alarme: a transpar\u00eancia tem emagrecido - Portal Tela Portugal<\/title>\n<meta name=\"robots\" content=\"index, follow, max-snippet:-1, max-image-preview:large, max-video-preview:-1\" \/>\n<meta property=\"og:locale\" content=\"pt_PT\" \/>\n<meta property=\"og:type\" content=\"article\" \/>\n<meta property=\"og:title\" content=\"Registo de patrim\u00f3nio, donativos e alarme: a transpar\u00eancia tem emagrecido - Portal Tela Portugal\" \/>\n<meta property=\"og:description\" content=\"Aumentam os casos em que o acesso \u00e0 informa\u00e7\u00e3o sobre pol\u00edticos ou partidos \u00e9 restrito, segundo Transpar\u00eancia Internacional. A nova Entidade para a Transpar\u00eancia (EpT) tem estado no centro das aten\u00e7\u00f5es desde o in\u00edcio de fun\u00e7\u00f5es. A quest\u00e3o da Spinumviva, a empresa familiar do primeiro-ministro, levou \u00e0 queda do Governo em 2025. Em 2016, a Assembleia da Rep\u00fablica criou a Comiss\u00e3o Eventual para o Refor\u00e7o da Transpar\u00eancia, para controlar incompatibilidades e aumentar o escrut\u00ednio p\u00fablico. Na pr\u00e1tica, a aplica\u00e7\u00e3o das novas regras tem, segundo a avalia\u00e7\u00e3o, contribu\u00eddo para uma redu\u00e7\u00e3o da transpar\u00eancia.\" \/>\n<meta property=\"og:url\" content=\"https:\/\/portaltela.pt\/noticias\/2026\/04\/20\/registo-de-patrimonio-donativos-e-alarme-a-transparencia-tem-emagrecido\/\" \/>\n<meta property=\"og:site_name\" content=\"Portal Tela Portugal\" \/>\n<meta property=\"article:published_time\" content=\"2026-04-20T06:17:38+00:00\" \/>\n<meta name=\"author\" content=\"Telinha\" \/>\n<meta name=\"twitter:card\" content=\"summary_large_image\" \/>\n<meta name=\"twitter:label1\" content=\"Escrito por\" \/>\n\t<meta name=\"twitter:data1\" content=\"Telinha\" \/>\n\t<meta name=\"twitter:label2\" content=\"Tempo estimado de leitura\" \/>\n\t<meta name=\"twitter:data2\" content=\"1 minuto\" \/>\n<script type=\"application\/ld+json\" class=\"yoast-schema-graph\">{\"@context\":\"https:\/\/schema.org\",\"@graph\":[{\"@type\":\"Article\",\"@id\":\"https:\/\/portaltela.pt\/noticias\/2026\/04\/20\/registo-de-patrimonio-donativos-e-alarme-a-transparencia-tem-emagrecido\/#article\",\"isPartOf\":{\"@id\":\"https:\/\/portaltela.pt\/noticias\/2026\/04\/20\/registo-de-patrimonio-donativos-e-alarme-a-transparencia-tem-emagrecido\/\"},\"author\":{\"name\":\"Telinha\",\"@id\":\"https:\/\/portaltela.pt\/#\/schema\/person\/c4278d4a6028830caff9ee44b42d32ed\"},\"headline\":\"Registo de patrim\u00f3nio, donativos e alarme: a transpar\u00eancia tem emagrecido\",\"datePublished\":\"2026-04-20T06:17:38+00:00\",\"mainEntityOfPage\":{\"@id\":\"https:\/\/portaltela.pt\/noticias\/2026\/04\/20\/registo-de-patrimonio-donativos-e-alarme-a-transparencia-tem-emagrecido\/\"},\"wordCount\":262,\"image\":{\"@id\":\"https:\/\/portaltela.pt\/noticias\/2026\/04\/20\/registo-de-patrimonio-donativos-e-alarme-a-transparencia-tem-emagrecido\/#primaryimage\"},\"thumbnailUrl\":\"https:\/\/portaltela.pt\/s.01k8rhncp4jt1\/2026\/04\/2082571.jpg\",\"keywords\":[\"governo\",\"informa\u00e7\u00e3o p\u00fablica\",\"pol\u00edtica\",\"transpar\u00eancia\",\"Transpar\u00eancia Internacional\",\"transpar\u00eancia p\u00fablica\"],\"articleSection\":[\"Not\u00edcias\",\"Pol\u00edtica\"],\"inLanguage\":\"pt-PT\"},{\"@type\":\"WebPage\",\"@id\":\"https:\/\/portaltela.pt\/noticias\/2026\/04\/20\/registo-de-patrimonio-donativos-e-alarme-a-transparencia-tem-emagrecido\/\",\"url\":\"https:\/\/portaltela.pt\/noticias\/2026\/04\/20\/registo-de-patrimonio-donativos-e-alarme-a-transparencia-tem-emagrecido\/\",\"name\":\"Registo de patrim\u00f3nio, donativos e alarme: a transpar\u00eancia tem emagrecido - Portal Tela Portugal\",\"isPartOf\":{\"@id\":\"https:\/\/portaltela.pt\/#website\"},\"primaryImageOfPage\":{\"@id\":\"https:\/\/portaltela.pt\/noticias\/2026\/04\/20\/registo-de-patrimonio-donativos-e-alarme-a-transparencia-tem-emagrecido\/#primaryimage\"},\"image\":{\"@id\":\"https:\/\/portaltela.pt\/noticias\/2026\/04\/20\/registo-de-patrimonio-donativos-e-alarme-a-transparencia-tem-emagrecido\/#primaryimage\"},\"thumbnailUrl\":\"https:\/\/portaltela.pt\/s.01k8rhncp4jt1\/2026\/04\/2082571.jpg\",\"datePublished\":\"2026-04-20T06:17:38+00:00\",\"author\":{\"@id\":\"https:\/\/portaltela.pt\/#\/schema\/person\/c4278d4a6028830caff9ee44b42d32ed\"},\"breadcrumb\":{\"@id\":\"https:\/\/portaltela.pt\/noticias\/2026\/04\/20\/registo-de-patrimonio-donativos-e-alarme-a-transparencia-tem-emagrecido\/#breadcrumb\"},\"inLanguage\":\"pt-PT\",\"potentialAction\":[{\"@type\":\"ReadAction\",\"target\":[\"https:\/\/portaltela.pt\/noticias\/2026\/04\/20\/registo-de-patrimonio-donativos-e-alarme-a-transparencia-tem-emagrecido\/\"]}]},{\"@type\":\"ImageObject\",\"inLanguage\":\"pt-PT\",\"@id\":\"https:\/\/portaltela.pt\/noticias\/2026\/04\/20\/registo-de-patrimonio-donativos-e-alarme-a-transparencia-tem-emagrecido\/#primaryimage\",\"url\":\"https:\/\/portaltela.pt\/s.01k8rhncp4jt1\/2026\/04\/2082571.jpg\",\"contentUrl\":\"https:\/\/portaltela.pt\/s.01k8rhncp4jt1\/2026\/04\/2082571.jpg\",\"width\":796,\"height\":448,\"caption\":\"Assembleia da Rep\u00fablica tem em m\u00e3os a concretiza\u00e7\u00e3o da lei do lobbying, um importante instrumento de transpar\u00eancia\"},{\"@type\":\"BreadcrumbList\",\"@id\":\"https:\/\/portaltela.pt\/noticias\/2026\/04\/20\/registo-de-patrimonio-donativos-e-alarme-a-transparencia-tem-emagrecido\/#breadcrumb\",\"itemListElement\":[{\"@type\":\"ListItem\",\"position\":1,\"name\":\"In\u00edcio\",\"item\":\"https:\/\/portaltela.pt\/\"},{\"@type\":\"ListItem\",\"position\":2,\"name\":\"Registo de patrim\u00f3nio, donativos e alarme: a transpar\u00eancia tem emagrecido\"}]},{\"@type\":\"WebSite\",\"@id\":\"https:\/\/portaltela.pt\/#website\",\"url\":\"https:\/\/portaltela.pt\/\",\"name\":\"Portal Tela Portugal\",\"description\":\"\",\"potentialAction\":[{\"@type\":\"SearchAction\",\"target\":{\"@type\":\"EntryPoint\",\"urlTemplate\":\"https:\/\/portaltela.pt\/?s={search_term_string}\"},\"query-input\":{\"@type\":\"PropertyValueSpecification\",\"valueRequired\":true,\"valueName\":\"search_term_string\"}}],\"inLanguage\":\"pt-PT\"},{\"@type\":\"Person\",\"@id\":\"https:\/\/portaltela.pt\/#\/schema\/person\/c4278d4a6028830caff9ee44b42d32ed\",\"name\":\"Telinha\",\"image\":{\"@type\":\"ImageObject\",\"inLanguage\":\"pt-PT\",\"@id\":\"https:\/\/portaltela.pt\/s.01k8rhncp4jt1\/2025\/11\/talking-bot-125x125.png\",\"url\":\"https:\/\/portaltela.pt\/s.01k8rhncp4jt1\/2025\/11\/talking-bot-125x125.png\",\"contentUrl\":\"https:\/\/portaltela.pt\/s.01k8rhncp4jt1\/2025\/11\/talking-bot-125x125.png\",\"caption\":\"Telinha\"},\"sameAs\":[\"https:\/\/portaltela.pt\/\"],\"url\":\"https:\/\/portaltela.pt\/por\/367410592786\/\"}]}<\/script>\n<!-- \/ Yoast SEO plugin. -->","yoast_head_json":{"title":"Registo de patrim\u00f3nio, donativos e alarme: a transpar\u00eancia tem emagrecido - Portal Tela Portugal","robots":{"index":"index","follow":"follow","max-snippet":"max-snippet:-1","max-image-preview":"max-image-preview:large","max-video-preview":"max-video-preview:-1"},"og_locale":"pt_PT","og_type":"article","og_title":"Registo de patrim\u00f3nio, donativos e alarme: a transpar\u00eancia tem emagrecido - Portal Tela Portugal","og_description":"Aumentam os casos em que o acesso \u00e0 informa\u00e7\u00e3o sobre pol\u00edticos ou partidos \u00e9 restrito, segundo Transpar\u00eancia Internacional. A nova Entidade para a Transpar\u00eancia (EpT) tem estado no centro das aten\u00e7\u00f5es desde o in\u00edcio de fun\u00e7\u00f5es. A quest\u00e3o da Spinumviva, a empresa familiar do primeiro-ministro, levou \u00e0 queda do Governo em 2025. Em 2016, a Assembleia da Rep\u00fablica criou a Comiss\u00e3o Eventual para o Refor\u00e7o da Transpar\u00eancia, para controlar incompatibilidades e aumentar o escrut\u00ednio p\u00fablico. Na pr\u00e1tica, a aplica\u00e7\u00e3o das novas regras tem, segundo a avalia\u00e7\u00e3o, contribu\u00eddo para uma redu\u00e7\u00e3o da transpar\u00eancia.","og_url":"https:\/\/portaltela.pt\/noticias\/2026\/04\/20\/registo-de-patrimonio-donativos-e-alarme-a-transparencia-tem-emagrecido\/","og_site_name":"Portal Tela Portugal","article_published_time":"2026-04-20T06:17:38+00:00","author":"Telinha","twitter_card":"summary_large_image","twitter_misc":{"Escrito por":"Telinha","Tempo estimado de leitura":"1 minuto"},"schema":{"@context":"https:\/\/schema.org","@graph":[{"@type":"Article","@id":"https:\/\/portaltela.pt\/noticias\/2026\/04\/20\/registo-de-patrimonio-donativos-e-alarme-a-transparencia-tem-emagrecido\/#article","isPartOf":{"@id":"https:\/\/portaltela.pt\/noticias\/2026\/04\/20\/registo-de-patrimonio-donativos-e-alarme-a-transparencia-tem-emagrecido\/"},"author":{"name":"Telinha","@id":"https:\/\/portaltela.pt\/#\/schema\/person\/c4278d4a6028830caff9ee44b42d32ed"},"headline":"Registo de patrim\u00f3nio, donativos e alarme: a transpar\u00eancia tem emagrecido","datePublished":"2026-04-20T06:17:38+00:00","mainEntityOfPage":{"@id":"https:\/\/portaltela.pt\/noticias\/2026\/04\/20\/registo-de-patrimonio-donativos-e-alarme-a-transparencia-tem-emagrecido\/"},"wordCount":262,"image":{"@id":"https:\/\/portaltela.pt\/noticias\/2026\/04\/20\/registo-de-patrimonio-donativos-e-alarme-a-transparencia-tem-emagrecido\/#primaryimage"},"thumbnailUrl":"https:\/\/portaltela.pt\/s.01k8rhncp4jt1\/2026\/04\/2082571.jpg","keywords":["governo","informa\u00e7\u00e3o p\u00fablica","pol\u00edtica","transpar\u00eancia","Transpar\u00eancia Internacional","transpar\u00eancia p\u00fablica"],"articleSection":["Not\u00edcias","Pol\u00edtica"],"inLanguage":"pt-PT"},{"@type":"WebPage","@id":"https:\/\/portaltela.pt\/noticias\/2026\/04\/20\/registo-de-patrimonio-donativos-e-alarme-a-transparencia-tem-emagrecido\/","url":"https:\/\/portaltela.pt\/noticias\/2026\/04\/20\/registo-de-patrimonio-donativos-e-alarme-a-transparencia-tem-emagrecido\/","name":"Registo de patrim\u00f3nio, donativos e alarme: a transpar\u00eancia tem emagrecido - Portal Tela Portugal","isPartOf":{"@id":"https:\/\/portaltela.pt\/#website"},"primaryImageOfPage":{"@id":"https:\/\/portaltela.pt\/noticias\/2026\/04\/20\/registo-de-patrimonio-donativos-e-alarme-a-transparencia-tem-emagrecido\/#primaryimage"},"image":{"@id":"https:\/\/portaltela.pt\/noticias\/2026\/04\/20\/registo-de-patrimonio-donativos-e-alarme-a-transparencia-tem-emagrecido\/#primaryimage"},"thumbnailUrl":"https:\/\/portaltela.pt\/s.01k8rhncp4jt1\/2026\/04\/2082571.jpg","datePublished":"2026-04-20T06:17:38+00:00","author":{"@id":"https:\/\/portaltela.pt\/#\/schema\/person\/c4278d4a6028830caff9ee44b42d32ed"},"breadcrumb":{"@id":"https:\/\/portaltela.pt\/noticias\/2026\/04\/20\/registo-de-patrimonio-donativos-e-alarme-a-transparencia-tem-emagrecido\/#breadcrumb"},"inLanguage":"pt-PT","potentialAction":[{"@type":"ReadAction","target":["https:\/\/portaltela.pt\/noticias\/2026\/04\/20\/registo-de-patrimonio-donativos-e-alarme-a-transparencia-tem-emagrecido\/"]}]},{"@type":"ImageObject","inLanguage":"pt-PT","@id":"https:\/\/portaltela.pt\/noticias\/2026\/04\/20\/registo-de-patrimonio-donativos-e-alarme-a-transparencia-tem-emagrecido\/#primaryimage","url":"https:\/\/portaltela.pt\/s.01k8rhncp4jt1\/2026\/04\/2082571.jpg","contentUrl":"https:\/\/portaltela.pt\/s.01k8rhncp4jt1\/2026\/04\/2082571.jpg","width":796,"height":448,"caption":"Assembleia da Rep\u00fablica tem em m\u00e3os a concretiza\u00e7\u00e3o da lei do lobbying, um importante instrumento de transpar\u00eancia"},{"@type":"BreadcrumbList","@id":"https:\/\/portaltela.pt\/noticias\/2026\/04\/20\/registo-de-patrimonio-donativos-e-alarme-a-transparencia-tem-emagrecido\/#breadcrumb","itemListElement":[{"@type":"ListItem","position":1,"name":"In\u00edcio","item":"https:\/\/portaltela.pt\/"},{"@type":"ListItem","position":2,"name":"Registo de patrim\u00f3nio, donativos e alarme: a transpar\u00eancia tem emagrecido"}]},{"@type":"WebSite","@id":"https:\/\/portaltela.pt\/#website","url":"https:\/\/portaltela.pt\/","name":"Portal Tela Portugal","description":"","potentialAction":[{"@type":"SearchAction","target":{"@type":"EntryPoint","urlTemplate":"https:\/\/portaltela.pt\/?s={search_term_string}"},"query-input":{"@type":"PropertyValueSpecification","valueRequired":true,"valueName":"search_term_string"}}],"inLanguage":"pt-PT"},{"@type":"Person","@id":"https:\/\/portaltela.pt\/#\/schema\/person\/c4278d4a6028830caff9ee44b42d32ed","name":"Telinha","image":{"@type":"ImageObject","inLanguage":"pt-PT","@id":"https:\/\/portaltela.pt\/s.01k8rhncp4jt1\/2025\/11\/talking-bot-125x125.png","url":"https:\/\/portaltela.pt\/s.01k8rhncp4jt1\/2025\/11\/talking-bot-125x125.png","contentUrl":"https:\/\/portaltela.pt\/s.01k8rhncp4jt1\/2025\/11\/talking-bot-125x125.png","caption":"Telinha"},"sameAs":["https:\/\/portaltela.pt\/"],"url":"https:\/\/portaltela.pt\/por\/367410592786\/"}]}},"_links":{"self":[{"href":"https:\/\/portaltela.pt\/api\/wp\/v2\/posts\/450690","targetHints":{"allow":["GET"]}}],"collection":[{"href":"https:\/\/portaltela.pt\/api\/wp\/v2\/posts"}],"about":[{"href":"https:\/\/portaltela.pt\/api\/wp\/v2\/types\/post"}],"author":[{"embeddable":true,"href":"https:\/\/portaltela.pt\/api\/wp\/v2\/users\/2"}],"replies":[{"embeddable":true,"href":"https:\/\/portaltela.pt\/api\/wp\/v2\/comments?post=450690"}],"version-history":[{"count":0,"href":"https:\/\/portaltela.pt\/api\/wp\/v2\/posts\/450690\/revisions"}],"wp:featuredmedia":[{"embeddable":true,"href":"https:\/\/portaltela.pt\/api\/wp\/v2\/media\/450697"}],"wp:attachment":[{"href":"https:\/\/portaltela.pt\/api\/wp\/v2\/media?parent=450690"}],"wp:term":[{"taxonomy":"category","embeddable":true,"href":"https:\/\/portaltela.pt\/api\/wp\/v2\/categories?post=450690"},{"taxonomy":"post_tag","embeddable":true,"href":"https:\/\/portaltela.pt\/api\/wp\/v2\/tags?post=450690"}],"curies":[{"name":"wp","href":"https:\/\/api.w.org\/{rel}","templated":true}]}}