{"id":450673,"date":"2026-04-20T02:47:48","date_gmt":"2026-04-20T05:47:48","guid":{"rendered":"https:\/\/portaltela.pt\/noticias\/2026\/04\/20\/energias-renovaveis-ajudam-a-mitigar-crise-energetica-ligada-a-guerra-no-irao\/"},"modified":"2026-04-20T02:47:48","modified_gmt":"2026-04-20T05:47:48","slug":"energias-renovaveis-ajudam-a-mitigar-crise-energetica-ligada-a-guerra-no-irao","status":"publish","type":"post","link":"https:\/\/portaltela.pt\/renovaveis\/2026\/04\/20\/energias-renovaveis-ajudam-a-mitigar-crise-energetica-ligada-a-guerra-no-irao\/","title":{"rendered":"Energias renov\u00e1veis ajudam a mitigar crise energ\u00e9tica ligada \u00e0 guerra no Ir\u00e3o"},"content":{"rendered":"<p>O Centro de Investiga\u00e7\u00e3o sobre Energia e Ar Limpo (CREA) afirma que n\u00e3o houve o esperado regresso do carv\u00e3o ap\u00f3s a crise energ\u00e9tica criada pela guerra no Ir\u00e3o e o bloqueio do Estreito de Ormuz. Em mar\u00e7o, a produ\u00e7\u00e3o de eletricidade a partir de carv\u00e3o manteve-se est\u00e1vel a n\u00edvel mundial, com uma queda de 3,5% fora da China, que registou um aumento de 2%.<\/p>\n<p>O relat\u00f3rio analisa grandes mercados \u2014 China, EUA, UE, \u00cdndia \u2014 que juntos respondem por cerca de 87% da produ\u00e7\u00e3o global de eletricidade a partir de carv\u00e3o. Al\u00e9m disso, o tr\u00e1fego mar\u00edtimo de carv\u00e3o caiu 3%, atingindo o m\u00ednimo desde 2021, enquanto a produ\u00e7\u00e3o total de eletricidade a partir de combust\u00edveis f\u00f3sseis recuou 1%.<\/p>\n<h3>Contexto e contributos das renov\u00e1veis<\/h3>\n<p>A crise energ\u00e9tica global, provocada pelo bloqueio do Estreito de Ormuz, elevou os pre\u00e7os e dificultou o abastecimento de combust\u00edvel. Contudo, as energias renov\u00e1veis atuaram como amortecedor, com a energia solar a poupar cerca de 3 mil milh\u00f5es de euros \u00e0 Europa em mar\u00e7o. A produ\u00e7\u00e3o solar subiu cerca de 14% e a e\u00f3lica aproximadamente 8% nos pa\u00edses em an\u00e1lise.<\/p>\n<p>Antes do encerramento do Estreito, o transporte de g\u00e1s natural liquefeito pelo estreito respondia por quase um quinto das mercadorias mundiais desse combust\u00edvel. O CREA estima que a capacidade solar e e\u00f3lica, adicionada globalmente em 2025, seja suficiente para compensar esse volume duas vezes.<\/p>\n<h3>Perspetivas e medidas econ\u00f3micas<\/h3>\n<p>O CREA aponta que, ap\u00f3s o fim efetivo de Ormuz, a produ\u00e7\u00e3o de eletricidade a carv\u00e3o diminuiu mais nos EUA, na \u00cdndia, na UE, na Turquia e na \u00c1frica do Sul. O fator determinante foi o custo relativamente baixo do carv\u00e3o face ao g\u00e1s, mas a recupera\u00e7\u00e3o n\u00e3o conseguiu sustentar aumentos r\u00e1pidos na produ\u00e7\u00e3o.<\/p>\n<p>Ainda assim, planos de reabertura ou adiamento de centrais a carv\u00e3o t\u00eam mostrado limita\u00e7\u00f5es, j\u00e1 que a transi\u00e7\u00e3o energ\u00e9tica e a descarboniza\u00e7\u00e3o avan\u00e7am mais rapidamente em muitos pa\u00edses. A Europa tem acelerado eletrifica\u00e7\u00e3o, bombas de calor e energia solar para reduzir depend\u00eancia de combust\u00edveis importados.<\/p>\n<p>A confer\u00eancia internacional sobre a Transi\u00e7\u00e3o Justa est\u00e1 marcada para Santa Marta, na Col\u00f4mbia, entre 24 e 29 de abril, onde governos discutir\u00e3o caminhos para abandonar os combust\u00edveis f\u00f3sseis.<\/p>\n","protected":false},"excerpt":{"rendered":"<ul>\n<li>O previsto regresso do carv\u00e3o n\u00e3o se confirmou: produ\u00e7\u00e3o global de eletricidade a partir de carv\u00e3o manteve-se est\u00e1vel em mar\u00e7o, com queda de 3,5% fora da China e aumento de 2% no pa\u00eds.<\/li>\n<li>Os volumes mundiais de transporte mar\u00edtimo de carv\u00e3o ca\u00edram 3%, atingindo o n\u00edvel mais baixo desde 2021.<\/li>\n<li>A produ\u00e7\u00e3o total de eletricidade a partir de combust\u00edveis f\u00f3sseis caiu 1% face ao ano anterior, com a produ\u00e7\u00e3o a g\u00e1s a recuar 4%.<\/li>\n<li>Energias renov\u00e1veis destacaram-se: produ\u00e7\u00e3o solar aumentou cerca de 14% em mar\u00e7o e a e\u00f3lica subiu cerca de 8% nos pa\u00edses analisados.<\/li>\n<li>Apesar do bloqueio do Estreito de Ormuz, a expans\u00e3o solar e e\u00f3lica mundial em 2025 \u00e9 suficiente para compensar esse facto duas vezes, segundo o CREA; a Europa j\u00e1 aposta em electrifica\u00e7\u00e3o e renov\u00e1veis para reduzir depend\u00eancia de combust\u00edveis f\u00f3sseis. Tamb\u00e9m se prepara uma confer\u00eancia internacional na Col\u00f4mbia, entre 24 e 29 de abril, para discutir a transi\u00e7\u00e3o.<\/li>\n<\/ul>\n","protected":false},"author":2,"featured_media":450676,"comment_status":"closed","ping_status":"closed","sticky":false,"template":"","format":"standard","meta":{"footnotes":""},"categories":[6806,7382],"tags":[8557,8238,8179,7775,8051,8254],"class_list":["post-450673","post","type-post","status-publish","format-standard","has-post-thumbnail","hentry","category-energia","category-renovaveis","tag-_abastecimento-de-energia","tag-_ambiente","tag-_descarbonizacao","tag-_energia","tag-_energias-renovaveis","tag-_transicao-climatica"],"yoast_head":"<!-- This site is optimized with the Yoast SEO plugin v27.2 - https:\/\/yoast.com\/product\/yoast-seo-wordpress\/ -->\n<title>Energias renov\u00e1veis ajudam a mitigar crise energ\u00e9tica ligada \u00e0 guerra no Ir\u00e3o - Portal Tela Portugal<\/title>\n<meta name=\"robots\" content=\"index, follow, max-snippet:-1, max-image-preview:large, max-video-preview:-1\" \/>\n<meta property=\"og:locale\" content=\"pt_PT\" \/>\n<meta property=\"og:type\" content=\"article\" \/>\n<meta property=\"og:title\" content=\"Energias renov\u00e1veis ajudam a mitigar crise energ\u00e9tica ligada \u00e0 guerra no Ir\u00e3o - Portal Tela Portugal\" \/>\n<meta property=\"og:description\" content=\"O previsto regresso do carv\u00e3o n\u00e3o se confirmou: produ\u00e7\u00e3o global de eletricidade a partir de carv\u00e3o manteve-se est\u00e1vel em mar\u00e7o, com queda de 3,5% fora da China e aumento de 2% no pa\u00eds. Os volumes mundiais de transporte mar\u00edtimo de carv\u00e3o ca\u00edram 3%, atingindo o n\u00edvel mais baixo desde 2021. A produ\u00e7\u00e3o total de eletricidade a partir de combust\u00edveis f\u00f3sseis caiu 1% face ao ano anterior, com a produ\u00e7\u00e3o a g\u00e1s a recuar 4%. Energias renov\u00e1veis destacaram-se: produ\u00e7\u00e3o solar aumentou cerca de 14% em mar\u00e7o e a e\u00f3lica subiu cerca de 8% nos pa\u00edses analisados. Apesar do bloqueio do Estreito de Ormuz, a expans\u00e3o solar e e\u00f3lica mundial em 2025 \u00e9 suficiente para compensar esse facto duas vezes, segundo o CREA; a Europa j\u00e1 aposta em electrifica\u00e7\u00e3o e renov\u00e1veis para reduzir depend\u00eancia de combust\u00edveis f\u00f3sseis. Tamb\u00e9m se prepara uma confer\u00eancia internacional na Col\u00f4mbia, entre 24 e 29 de abril, para discutir a transi\u00e7\u00e3o.\" \/>\n<meta property=\"og:url\" content=\"https:\/\/portaltela.pt\/noticias\/2026\/04\/20\/energias-renovaveis-ajudam-a-mitigar-crise-energetica-ligada-a-guerra-no-irao\/\" \/>\n<meta property=\"og:site_name\" content=\"Portal Tela Portugal\" \/>\n<meta property=\"article:published_time\" content=\"2026-04-20T05:47:48+00:00\" \/>\n<meta name=\"author\" content=\"Telinha\" \/>\n<meta name=\"twitter:card\" content=\"summary_large_image\" \/>\n<meta name=\"twitter:label1\" content=\"Escrito por\" \/>\n\t<meta name=\"twitter:data1\" content=\"Telinha\" \/>\n\t<meta name=\"twitter:label2\" content=\"Tempo estimado de leitura\" \/>\n\t<meta name=\"twitter:data2\" content=\"2 minutos\" \/>\n<script type=\"application\/ld+json\" class=\"yoast-schema-graph\">{\"@context\":\"https:\/\/schema.org\",\"@graph\":[{\"@type\":\"Article\",\"@id\":\"https:\/\/portaltela.pt\/noticias\/2026\/04\/20\/energias-renovaveis-ajudam-a-mitigar-crise-energetica-ligada-a-guerra-no-irao\/#article\",\"isPartOf\":{\"@id\":\"https:\/\/portaltela.pt\/noticias\/2026\/04\/20\/energias-renovaveis-ajudam-a-mitigar-crise-energetica-ligada-a-guerra-no-irao\/\"},\"author\":{\"name\":\"Telinha\",\"@id\":\"https:\/\/portaltela.pt\/#\/schema\/person\/c4278d4a6028830caff9ee44b42d32ed\"},\"headline\":\"Energias renov\u00e1veis ajudam a mitigar crise energ\u00e9tica ligada \u00e0 guerra no Ir\u00e3o\",\"datePublished\":\"2026-04-20T05:47:48+00:00\",\"mainEntityOfPage\":{\"@id\":\"https:\/\/portaltela.pt\/noticias\/2026\/04\/20\/energias-renovaveis-ajudam-a-mitigar-crise-energetica-ligada-a-guerra-no-irao\/\"},\"wordCount\":421,\"image\":{\"@id\":\"https:\/\/portaltela.pt\/noticias\/2026\/04\/20\/energias-renovaveis-ajudam-a-mitigar-crise-energetica-ligada-a-guerra-no-irao\/#primaryimage\"},\"thumbnailUrl\":\"https:\/\/portaltela.pt\/s.01k8rhncp4jt1\/2026\/04\/1536x864_cmsv2_2dd7149a-2d13-55ca-aaa3-bd97a33ca3af-9726132.jpg\",\"keywords\":[\"_abastecimento de energia\",\"_ambiente\",\"_descarboniza\u00e7\u00e3o\",\"_energia\",\"_energias renov\u00e1veis\",\"_transi\u00e7\u00e3o clim\u00e1tica\"],\"articleSection\":[\"Energia\",\"Renov\u00e1veis\"],\"inLanguage\":\"pt-PT\"},{\"@type\":\"WebPage\",\"@id\":\"https:\/\/portaltela.pt\/noticias\/2026\/04\/20\/energias-renovaveis-ajudam-a-mitigar-crise-energetica-ligada-a-guerra-no-irao\/\",\"url\":\"https:\/\/portaltela.pt\/noticias\/2026\/04\/20\/energias-renovaveis-ajudam-a-mitigar-crise-energetica-ligada-a-guerra-no-irao\/\",\"name\":\"Energias renov\u00e1veis ajudam a mitigar crise energ\u00e9tica ligada \u00e0 guerra no Ir\u00e3o - Portal Tela Portugal\",\"isPartOf\":{\"@id\":\"https:\/\/portaltela.pt\/#website\"},\"primaryImageOfPage\":{\"@id\":\"https:\/\/portaltela.pt\/noticias\/2026\/04\/20\/energias-renovaveis-ajudam-a-mitigar-crise-energetica-ligada-a-guerra-no-irao\/#primaryimage\"},\"image\":{\"@id\":\"https:\/\/portaltela.pt\/noticias\/2026\/04\/20\/energias-renovaveis-ajudam-a-mitigar-crise-energetica-ligada-a-guerra-no-irao\/#primaryimage\"},\"thumbnailUrl\":\"https:\/\/portaltela.pt\/s.01k8rhncp4jt1\/2026\/04\/1536x864_cmsv2_2dd7149a-2d13-55ca-aaa3-bd97a33ca3af-9726132.jpg\",\"datePublished\":\"2026-04-20T05:47:48+00:00\",\"author\":{\"@id\":\"https:\/\/portaltela.pt\/#\/schema\/person\/c4278d4a6028830caff9ee44b42d32ed\"},\"breadcrumb\":{\"@id\":\"https:\/\/portaltela.pt\/noticias\/2026\/04\/20\/energias-renovaveis-ajudam-a-mitigar-crise-energetica-ligada-a-guerra-no-irao\/#breadcrumb\"},\"inLanguage\":\"pt-PT\",\"potentialAction\":[{\"@type\":\"ReadAction\",\"target\":[\"https:\/\/portaltela.pt\/noticias\/2026\/04\/20\/energias-renovaveis-ajudam-a-mitigar-crise-energetica-ligada-a-guerra-no-irao\/\"]}]},{\"@type\":\"ImageObject\",\"inLanguage\":\"pt-PT\",\"@id\":\"https:\/\/portaltela.pt\/noticias\/2026\/04\/20\/energias-renovaveis-ajudam-a-mitigar-crise-energetica-ligada-a-guerra-no-irao\/#primaryimage\",\"url\":\"https:\/\/portaltela.pt\/s.01k8rhncp4jt1\/2026\/04\/1536x864_cmsv2_2dd7149a-2d13-55ca-aaa3-bd97a33ca3af-9726132.jpg\",\"contentUrl\":\"https:\/\/portaltela.pt\/s.01k8rhncp4jt1\/2026\/04\/1536x864_cmsv2_2dd7149a-2d13-55ca-aaa3-bd97a33ca3af-9726132.jpg\",\"width\":796,\"height\":448,\"caption\":\"O nevoeiro flutua sobre a aldeia de Stetten, na Alemanha, ter\u00e7a-feira, 19 de mar\u00e7o de 2024, com uma central de energia e\u00f3lica ao fundo.\"},{\"@type\":\"BreadcrumbList\",\"@id\":\"https:\/\/portaltela.pt\/noticias\/2026\/04\/20\/energias-renovaveis-ajudam-a-mitigar-crise-energetica-ligada-a-guerra-no-irao\/#breadcrumb\",\"itemListElement\":[{\"@type\":\"ListItem\",\"position\":1,\"name\":\"In\u00edcio\",\"item\":\"https:\/\/portaltela.pt\/\"},{\"@type\":\"ListItem\",\"position\":2,\"name\":\"Energias renov\u00e1veis ajudam a mitigar crise energ\u00e9tica ligada \u00e0 guerra no Ir\u00e3o\"}]},{\"@type\":\"WebSite\",\"@id\":\"https:\/\/portaltela.pt\/#website\",\"url\":\"https:\/\/portaltela.pt\/\",\"name\":\"Portal Tela Portugal\",\"description\":\"\",\"potentialAction\":[{\"@type\":\"SearchAction\",\"target\":{\"@type\":\"EntryPoint\",\"urlTemplate\":\"https:\/\/portaltela.pt\/?s={search_term_string}\"},\"query-input\":{\"@type\":\"PropertyValueSpecification\",\"valueRequired\":true,\"valueName\":\"search_term_string\"}}],\"inLanguage\":\"pt-PT\"},{\"@type\":\"Person\",\"@id\":\"https:\/\/portaltela.pt\/#\/schema\/person\/c4278d4a6028830caff9ee44b42d32ed\",\"name\":\"Telinha\",\"image\":{\"@type\":\"ImageObject\",\"inLanguage\":\"pt-PT\",\"@id\":\"https:\/\/portaltela.pt\/s.01k8rhncp4jt1\/2025\/11\/talking-bot-125x125.png\",\"url\":\"https:\/\/portaltela.pt\/s.01k8rhncp4jt1\/2025\/11\/talking-bot-125x125.png\",\"contentUrl\":\"https:\/\/portaltela.pt\/s.01k8rhncp4jt1\/2025\/11\/talking-bot-125x125.png\",\"caption\":\"Telinha\"},\"sameAs\":[\"https:\/\/portaltela.pt\/\"],\"url\":\"https:\/\/portaltela.pt\/por\/367410592786\/\"}]}<\/script>\n<!-- \/ Yoast SEO plugin. -->","yoast_head_json":{"title":"Energias renov\u00e1veis ajudam a mitigar crise energ\u00e9tica ligada \u00e0 guerra no Ir\u00e3o - Portal Tela Portugal","robots":{"index":"index","follow":"follow","max-snippet":"max-snippet:-1","max-image-preview":"max-image-preview:large","max-video-preview":"max-video-preview:-1"},"og_locale":"pt_PT","og_type":"article","og_title":"Energias renov\u00e1veis ajudam a mitigar crise energ\u00e9tica ligada \u00e0 guerra no Ir\u00e3o - Portal Tela Portugal","og_description":"O previsto regresso do carv\u00e3o n\u00e3o se confirmou: produ\u00e7\u00e3o global de eletricidade a partir de carv\u00e3o manteve-se est\u00e1vel em mar\u00e7o, com queda de 3,5% fora da China e aumento de 2% no pa\u00eds. Os volumes mundiais de transporte mar\u00edtimo de carv\u00e3o ca\u00edram 3%, atingindo o n\u00edvel mais baixo desde 2021. A produ\u00e7\u00e3o total de eletricidade a partir de combust\u00edveis f\u00f3sseis caiu 1% face ao ano anterior, com a produ\u00e7\u00e3o a g\u00e1s a recuar 4%. Energias renov\u00e1veis destacaram-se: produ\u00e7\u00e3o solar aumentou cerca de 14% em mar\u00e7o e a e\u00f3lica subiu cerca de 8% nos pa\u00edses analisados. Apesar do bloqueio do Estreito de Ormuz, a expans\u00e3o solar e e\u00f3lica mundial em 2025 \u00e9 suficiente para compensar esse facto duas vezes, segundo o CREA; a Europa j\u00e1 aposta em electrifica\u00e7\u00e3o e renov\u00e1veis para reduzir depend\u00eancia de combust\u00edveis f\u00f3sseis. Tamb\u00e9m se prepara uma confer\u00eancia internacional na Col\u00f4mbia, entre 24 e 29 de abril, para discutir a transi\u00e7\u00e3o.","og_url":"https:\/\/portaltela.pt\/noticias\/2026\/04\/20\/energias-renovaveis-ajudam-a-mitigar-crise-energetica-ligada-a-guerra-no-irao\/","og_site_name":"Portal Tela Portugal","article_published_time":"2026-04-20T05:47:48+00:00","author":"Telinha","twitter_card":"summary_large_image","twitter_misc":{"Escrito por":"Telinha","Tempo estimado de leitura":"2 minutos"},"schema":{"@context":"https:\/\/schema.org","@graph":[{"@type":"Article","@id":"https:\/\/portaltela.pt\/noticias\/2026\/04\/20\/energias-renovaveis-ajudam-a-mitigar-crise-energetica-ligada-a-guerra-no-irao\/#article","isPartOf":{"@id":"https:\/\/portaltela.pt\/noticias\/2026\/04\/20\/energias-renovaveis-ajudam-a-mitigar-crise-energetica-ligada-a-guerra-no-irao\/"},"author":{"name":"Telinha","@id":"https:\/\/portaltela.pt\/#\/schema\/person\/c4278d4a6028830caff9ee44b42d32ed"},"headline":"Energias renov\u00e1veis ajudam a mitigar crise energ\u00e9tica ligada \u00e0 guerra no Ir\u00e3o","datePublished":"2026-04-20T05:47:48+00:00","mainEntityOfPage":{"@id":"https:\/\/portaltela.pt\/noticias\/2026\/04\/20\/energias-renovaveis-ajudam-a-mitigar-crise-energetica-ligada-a-guerra-no-irao\/"},"wordCount":421,"image":{"@id":"https:\/\/portaltela.pt\/noticias\/2026\/04\/20\/energias-renovaveis-ajudam-a-mitigar-crise-energetica-ligada-a-guerra-no-irao\/#primaryimage"},"thumbnailUrl":"https:\/\/portaltela.pt\/s.01k8rhncp4jt1\/2026\/04\/1536x864_cmsv2_2dd7149a-2d13-55ca-aaa3-bd97a33ca3af-9726132.jpg","keywords":["_abastecimento de energia","_ambiente","_descarboniza\u00e7\u00e3o","_energia","_energias renov\u00e1veis","_transi\u00e7\u00e3o clim\u00e1tica"],"articleSection":["Energia","Renov\u00e1veis"],"inLanguage":"pt-PT"},{"@type":"WebPage","@id":"https:\/\/portaltela.pt\/noticias\/2026\/04\/20\/energias-renovaveis-ajudam-a-mitigar-crise-energetica-ligada-a-guerra-no-irao\/","url":"https:\/\/portaltela.pt\/noticias\/2026\/04\/20\/energias-renovaveis-ajudam-a-mitigar-crise-energetica-ligada-a-guerra-no-irao\/","name":"Energias renov\u00e1veis ajudam a mitigar crise energ\u00e9tica ligada \u00e0 guerra no Ir\u00e3o - Portal Tela Portugal","isPartOf":{"@id":"https:\/\/portaltela.pt\/#website"},"primaryImageOfPage":{"@id":"https:\/\/portaltela.pt\/noticias\/2026\/04\/20\/energias-renovaveis-ajudam-a-mitigar-crise-energetica-ligada-a-guerra-no-irao\/#primaryimage"},"image":{"@id":"https:\/\/portaltela.pt\/noticias\/2026\/04\/20\/energias-renovaveis-ajudam-a-mitigar-crise-energetica-ligada-a-guerra-no-irao\/#primaryimage"},"thumbnailUrl":"https:\/\/portaltela.pt\/s.01k8rhncp4jt1\/2026\/04\/1536x864_cmsv2_2dd7149a-2d13-55ca-aaa3-bd97a33ca3af-9726132.jpg","datePublished":"2026-04-20T05:47:48+00:00","author":{"@id":"https:\/\/portaltela.pt\/#\/schema\/person\/c4278d4a6028830caff9ee44b42d32ed"},"breadcrumb":{"@id":"https:\/\/portaltela.pt\/noticias\/2026\/04\/20\/energias-renovaveis-ajudam-a-mitigar-crise-energetica-ligada-a-guerra-no-irao\/#breadcrumb"},"inLanguage":"pt-PT","potentialAction":[{"@type":"ReadAction","target":["https:\/\/portaltela.pt\/noticias\/2026\/04\/20\/energias-renovaveis-ajudam-a-mitigar-crise-energetica-ligada-a-guerra-no-irao\/"]}]},{"@type":"ImageObject","inLanguage":"pt-PT","@id":"https:\/\/portaltela.pt\/noticias\/2026\/04\/20\/energias-renovaveis-ajudam-a-mitigar-crise-energetica-ligada-a-guerra-no-irao\/#primaryimage","url":"https:\/\/portaltela.pt\/s.01k8rhncp4jt1\/2026\/04\/1536x864_cmsv2_2dd7149a-2d13-55ca-aaa3-bd97a33ca3af-9726132.jpg","contentUrl":"https:\/\/portaltela.pt\/s.01k8rhncp4jt1\/2026\/04\/1536x864_cmsv2_2dd7149a-2d13-55ca-aaa3-bd97a33ca3af-9726132.jpg","width":796,"height":448,"caption":"O nevoeiro flutua sobre a aldeia de Stetten, na Alemanha, ter\u00e7a-feira, 19 de mar\u00e7o de 2024, com uma central de energia e\u00f3lica ao fundo."},{"@type":"BreadcrumbList","@id":"https:\/\/portaltela.pt\/noticias\/2026\/04\/20\/energias-renovaveis-ajudam-a-mitigar-crise-energetica-ligada-a-guerra-no-irao\/#breadcrumb","itemListElement":[{"@type":"ListItem","position":1,"name":"In\u00edcio","item":"https:\/\/portaltela.pt\/"},{"@type":"ListItem","position":2,"name":"Energias renov\u00e1veis ajudam a mitigar crise energ\u00e9tica ligada \u00e0 guerra no Ir\u00e3o"}]},{"@type":"WebSite","@id":"https:\/\/portaltela.pt\/#website","url":"https:\/\/portaltela.pt\/","name":"Portal Tela Portugal","description":"","potentialAction":[{"@type":"SearchAction","target":{"@type":"EntryPoint","urlTemplate":"https:\/\/portaltela.pt\/?s={search_term_string}"},"query-input":{"@type":"PropertyValueSpecification","valueRequired":true,"valueName":"search_term_string"}}],"inLanguage":"pt-PT"},{"@type":"Person","@id":"https:\/\/portaltela.pt\/#\/schema\/person\/c4278d4a6028830caff9ee44b42d32ed","name":"Telinha","image":{"@type":"ImageObject","inLanguage":"pt-PT","@id":"https:\/\/portaltela.pt\/s.01k8rhncp4jt1\/2025\/11\/talking-bot-125x125.png","url":"https:\/\/portaltela.pt\/s.01k8rhncp4jt1\/2025\/11\/talking-bot-125x125.png","contentUrl":"https:\/\/portaltela.pt\/s.01k8rhncp4jt1\/2025\/11\/talking-bot-125x125.png","caption":"Telinha"},"sameAs":["https:\/\/portaltela.pt\/"],"url":"https:\/\/portaltela.pt\/por\/367410592786\/"}]}},"_links":{"self":[{"href":"https:\/\/portaltela.pt\/api\/wp\/v2\/posts\/450673","targetHints":{"allow":["GET"]}}],"collection":[{"href":"https:\/\/portaltela.pt\/api\/wp\/v2\/posts"}],"about":[{"href":"https:\/\/portaltela.pt\/api\/wp\/v2\/types\/post"}],"author":[{"embeddable":true,"href":"https:\/\/portaltela.pt\/api\/wp\/v2\/users\/2"}],"replies":[{"embeddable":true,"href":"https:\/\/portaltela.pt\/api\/wp\/v2\/comments?post=450673"}],"version-history":[{"count":0,"href":"https:\/\/portaltela.pt\/api\/wp\/v2\/posts\/450673\/revisions"}],"wp:featuredmedia":[{"embeddable":true,"href":"https:\/\/portaltela.pt\/api\/wp\/v2\/media\/450676"}],"wp:attachment":[{"href":"https:\/\/portaltela.pt\/api\/wp\/v2\/media?parent=450673"}],"wp:term":[{"taxonomy":"category","embeddable":true,"href":"https:\/\/portaltela.pt\/api\/wp\/v2\/categories?post=450673"},{"taxonomy":"post_tag","embeddable":true,"href":"https:\/\/portaltela.pt\/api\/wp\/v2\/tags?post=450673"}],"curies":[{"name":"wp","href":"https:\/\/api.w.org\/{rel}","templated":true}]}}