{"id":450643,"date":"2026-04-20T00:09:00","date_gmt":"2026-04-20T03:09:00","guid":{"rendered":"https:\/\/portaltela.pt\/noticias\/2026\/04\/20\/corpos-encontrados-em-cemiterio-de-trindade-e-tobago-nao-sao-vitimas-de-crime\/"},"modified":"2026-04-20T00:09:00","modified_gmt":"2026-04-20T03:09:00","slug":"corpos-encontrados-em-cemiterio-de-trindade-e-tobago-nao-sao-vitimas-de-crime","status":"publish","type":"post","link":"https:\/\/portaltela.pt\/sociedade\/2026\/04\/20\/corpos-encontrados-em-cemiterio-de-trindade-e-tobago-nao-sao-vitimas-de-crime\/","title":{"rendered":"Corpos encontrados em cemit\u00e9rio de Trindade e Tobago n\u00e3o s\u00e3o v\u00edtimas de crime"},"content":{"rendered":"<p>Corpos encontrados num cemit\u00e9rio de Trindade e Tobago n\u00e3o s\u00e3o v\u00edtimas de crime, anunciou a primeira-ministra Kamla Persad-Bissessar. De acordo com as declara\u00e7\u00f5es oficiais, os restos mortais s\u00e3o de 50 beb\u00e9s e seis adultos, classificados como \u201crestos mortais n\u00e3o reclamados\u201d.<\/p>\n<p>As autoridades asseguram que n\u00e3o houve ind\u00edcios de homic\u00eddio ou a\u00e7\u00e3o criminosa relacionada com estes restos. O estado das investiga\u00e7\u00f5es indica apenas que os corpos estavam sem a devida identifica\u00e7\u00e3o ou reconhecimento por parte de familiares.<\/p>\n<p>O an\u00fancio foi feito pela l\u00edder do governo, em contexto de atualiza\u00e7\u00e3o sobre o incidente no cemit\u00e9rio, sem revelar novos detalhes sobre a origem dos restos ou sobre poss\u00edveis medidas de apoio \u00e0s fam\u00edlias.<\/p>\n<p>As informa\u00e7\u00f5es oficiais destacam ainda a necessidade de procedimentos adequados para o tratamento de restos n\u00e3o reclamados, bem como de refor\u00e7ar mecanismos de comunica\u00e7\u00e3o com a comunidade e familiares.<\/p>\n","protected":false},"excerpt":{"rendered":"<ul>\n<li>A primeira-ministra de Trindade e Tobago, Kamla Persad-Bissessar, afirmou que os corpos encontrados no cemit\u00e9rio s\u00e3o \u201crestos mortais n\u00e3o reclamados\u201d.<\/li>\n<li>O conjunto inclui 50 beb\u00e9s e 6 adultos.<\/li>\n<li>Persad-Bissessar garantiu que os restos n\u00e3o foram v\u00edtimas de homic\u00eddio.<\/li>\n<li>A informa\u00e7\u00e3o foi partilhada como conclus\u00e3o inicial das autoridades sobre o caso.<\/li>\n<li>O relat\u00f3rio completo n\u00e3o est\u00e1 dispon\u00edvel sem subscri\u00e7\u00e3o.<\/li>\n<\/ul>\n","protected":false},"author":2,"featured_media":450644,"comment_status":"closed","ping_status":"closed","sticky":false,"template":"","format":"standard","meta":{"footnotes":""},"categories":[7384,6871],"tags":[108,6421,7221,5934],"class_list":["post-450643","post","type-post","status-publish","format-standard","has-post-thumbnail","hentry","category-curiosidades","category-sociedade","tag-corpo","tag-mortos","tag-noticias","tag-obitos"],"yoast_head":"<!-- This site is optimized with the Yoast SEO plugin v27.2 - https:\/\/yoast.com\/product\/yoast-seo-wordpress\/ -->\n<title>Corpos encontrados em cemit\u00e9rio de Trindade e Tobago n\u00e3o s\u00e3o v\u00edtimas de crime - Portal Tela Portugal<\/title>\n<meta name=\"robots\" content=\"index, follow, max-snippet:-1, max-image-preview:large, max-video-preview:-1\" \/>\n<meta property=\"og:locale\" content=\"pt_PT\" \/>\n<meta property=\"og:type\" content=\"article\" \/>\n<meta property=\"og:title\" content=\"Corpos encontrados em cemit\u00e9rio de Trindade e Tobago n\u00e3o s\u00e3o v\u00edtimas de crime - Portal Tela Portugal\" \/>\n<meta property=\"og:description\" content=\"A primeira-ministra de Trindade e Tobago, Kamla Persad-Bissessar, afirmou que os corpos encontrados no cemit\u00e9rio s\u00e3o \u201crestos mortais n\u00e3o reclamados\u201d. O conjunto inclui 50 beb\u00e9s e 6 adultos. Persad-Bissessar garantiu que os restos n\u00e3o foram v\u00edtimas de homic\u00eddio. A informa\u00e7\u00e3o foi partilhada como conclus\u00e3o inicial das autoridades sobre o caso. O relat\u00f3rio completo n\u00e3o est\u00e1 dispon\u00edvel sem subscri\u00e7\u00e3o.\" \/>\n<meta property=\"og:url\" content=\"https:\/\/portaltela.pt\/noticias\/2026\/04\/20\/corpos-encontrados-em-cemiterio-de-trindade-e-tobago-nao-sao-vitimas-de-crime\/\" \/>\n<meta property=\"og:site_name\" content=\"Portal Tela Portugal\" \/>\n<meta property=\"article:published_time\" content=\"2026-04-20T03:09:00+00:00\" \/>\n<meta name=\"author\" content=\"Telinha\" \/>\n<meta name=\"twitter:card\" content=\"summary_large_image\" \/>\n<meta name=\"twitter:label1\" content=\"Escrito por\" \/>\n\t<meta name=\"twitter:data1\" content=\"Telinha\" \/>\n\t<meta name=\"twitter:label2\" content=\"Tempo estimado de leitura\" \/>\n\t<meta name=\"twitter:data2\" content=\"1 minuto\" \/>\n<script type=\"application\/ld+json\" class=\"yoast-schema-graph\">{\"@context\":\"https:\/\/schema.org\",\"@graph\":[{\"@type\":\"Article\",\"@id\":\"https:\/\/portaltela.pt\/noticias\/2026\/04\/20\/corpos-encontrados-em-cemiterio-de-trindade-e-tobago-nao-sao-vitimas-de-crime\/#article\",\"isPartOf\":{\"@id\":\"https:\/\/portaltela.pt\/noticias\/2026\/04\/20\/corpos-encontrados-em-cemiterio-de-trindade-e-tobago-nao-sao-vitimas-de-crime\/\"},\"author\":{\"name\":\"Telinha\",\"@id\":\"https:\/\/portaltela.pt\/#\/schema\/person\/c4278d4a6028830caff9ee44b42d32ed\"},\"headline\":\"Corpos encontrados em cemit\u00e9rio de Trindade e Tobago n\u00e3o s\u00e3o v\u00edtimas de crime\",\"datePublished\":\"2026-04-20T03:09:00+00:00\",\"mainEntityOfPage\":{\"@id\":\"https:\/\/portaltela.pt\/noticias\/2026\/04\/20\/corpos-encontrados-em-cemiterio-de-trindade-e-tobago-nao-sao-vitimas-de-crime\/\"},\"wordCount\":179,\"image\":{\"@id\":\"https:\/\/portaltela.pt\/noticias\/2026\/04\/20\/corpos-encontrados-em-cemiterio-de-trindade-e-tobago-nao-sao-vitimas-de-crime\/#primaryimage\"},\"thumbnailUrl\":\"https:\/\/portaltela.pt\/s.01k8rhncp4jt1\/2026\/04\/CACHE_780X1200_ANALOG_WATERMARKED_45425525_6676762106981.jpg\",\"keywords\":[\"corpo\",\"mortos\",\"not\u00edcias\",\"\u00f3bitos\"],\"articleSection\":[\"Curiosidades\",\"Sociedade\"],\"inLanguage\":\"pt-PT\"},{\"@type\":\"WebPage\",\"@id\":\"https:\/\/portaltela.pt\/noticias\/2026\/04\/20\/corpos-encontrados-em-cemiterio-de-trindade-e-tobago-nao-sao-vitimas-de-crime\/\",\"url\":\"https:\/\/portaltela.pt\/noticias\/2026\/04\/20\/corpos-encontrados-em-cemiterio-de-trindade-e-tobago-nao-sao-vitimas-de-crime\/\",\"name\":\"Corpos encontrados em cemit\u00e9rio de Trindade e Tobago n\u00e3o s\u00e3o v\u00edtimas de crime - Portal Tela Portugal\",\"isPartOf\":{\"@id\":\"https:\/\/portaltela.pt\/#website\"},\"primaryImageOfPage\":{\"@id\":\"https:\/\/portaltela.pt\/noticias\/2026\/04\/20\/corpos-encontrados-em-cemiterio-de-trindade-e-tobago-nao-sao-vitimas-de-crime\/#primaryimage\"},\"image\":{\"@id\":\"https:\/\/portaltela.pt\/noticias\/2026\/04\/20\/corpos-encontrados-em-cemiterio-de-trindade-e-tobago-nao-sao-vitimas-de-crime\/#primaryimage\"},\"thumbnailUrl\":\"https:\/\/portaltela.pt\/s.01k8rhncp4jt1\/2026\/04\/CACHE_780X1200_ANALOG_WATERMARKED_45425525_6676762106981.jpg\",\"datePublished\":\"2026-04-20T03:09:00+00:00\",\"author\":{\"@id\":\"https:\/\/portaltela.pt\/#\/schema\/person\/c4278d4a6028830caff9ee44b42d32ed\"},\"breadcrumb\":{\"@id\":\"https:\/\/portaltela.pt\/noticias\/2026\/04\/20\/corpos-encontrados-em-cemiterio-de-trindade-e-tobago-nao-sao-vitimas-de-crime\/#breadcrumb\"},\"inLanguage\":\"pt-PT\",\"potentialAction\":[{\"@type\":\"ReadAction\",\"target\":[\"https:\/\/portaltela.pt\/noticias\/2026\/04\/20\/corpos-encontrados-em-cemiterio-de-trindade-e-tobago-nao-sao-vitimas-de-crime\/\"]}]},{\"@type\":\"ImageObject\",\"inLanguage\":\"pt-PT\",\"@id\":\"https:\/\/portaltela.pt\/noticias\/2026\/04\/20\/corpos-encontrados-em-cemiterio-de-trindade-e-tobago-nao-sao-vitimas-de-crime\/#primaryimage\",\"url\":\"https:\/\/portaltela.pt\/s.01k8rhncp4jt1\/2026\/04\/CACHE_780X1200_ANALOG_WATERMARKED_45425525_6676762106981.jpg\",\"contentUrl\":\"https:\/\/portaltela.pt\/s.01k8rhncp4jt1\/2026\/04\/CACHE_780X1200_ANALOG_WATERMARKED_45425525_6676762106981.jpg\",\"width\":796,\"height\":448,\"caption\":\"Corpos descobertos em cemit\u00e9rio de Trindade e Tobago n\u00e3o s\u00e3o v\u00edtimas de crime\"},{\"@type\":\"BreadcrumbList\",\"@id\":\"https:\/\/portaltela.pt\/noticias\/2026\/04\/20\/corpos-encontrados-em-cemiterio-de-trindade-e-tobago-nao-sao-vitimas-de-crime\/#breadcrumb\",\"itemListElement\":[{\"@type\":\"ListItem\",\"position\":1,\"name\":\"In\u00edcio\",\"item\":\"https:\/\/portaltela.pt\/\"},{\"@type\":\"ListItem\",\"position\":2,\"name\":\"Corpos encontrados em cemit\u00e9rio de Trindade e Tobago n\u00e3o s\u00e3o v\u00edtimas de crime\"}]},{\"@type\":\"WebSite\",\"@id\":\"https:\/\/portaltela.pt\/#website\",\"url\":\"https:\/\/portaltela.pt\/\",\"name\":\"Portal Tela Portugal\",\"description\":\"\",\"potentialAction\":[{\"@type\":\"SearchAction\",\"target\":{\"@type\":\"EntryPoint\",\"urlTemplate\":\"https:\/\/portaltela.pt\/?s={search_term_string}\"},\"query-input\":{\"@type\":\"PropertyValueSpecification\",\"valueRequired\":true,\"valueName\":\"search_term_string\"}}],\"inLanguage\":\"pt-PT\"},{\"@type\":\"Person\",\"@id\":\"https:\/\/portaltela.pt\/#\/schema\/person\/c4278d4a6028830caff9ee44b42d32ed\",\"name\":\"Telinha\",\"image\":{\"@type\":\"ImageObject\",\"inLanguage\":\"pt-PT\",\"@id\":\"https:\/\/portaltela.pt\/s.01k8rhncp4jt1\/2025\/11\/talking-bot-125x125.png\",\"url\":\"https:\/\/portaltela.pt\/s.01k8rhncp4jt1\/2025\/11\/talking-bot-125x125.png\",\"contentUrl\":\"https:\/\/portaltela.pt\/s.01k8rhncp4jt1\/2025\/11\/talking-bot-125x125.png\",\"caption\":\"Telinha\"},\"sameAs\":[\"https:\/\/portaltela.pt\/\"],\"url\":\"https:\/\/portaltela.pt\/por\/367410592786\/\"}]}<\/script>\n<!-- \/ Yoast SEO plugin. -->","yoast_head_json":{"title":"Corpos encontrados em cemit\u00e9rio de Trindade e Tobago n\u00e3o s\u00e3o v\u00edtimas de crime - Portal Tela Portugal","robots":{"index":"index","follow":"follow","max-snippet":"max-snippet:-1","max-image-preview":"max-image-preview:large","max-video-preview":"max-video-preview:-1"},"og_locale":"pt_PT","og_type":"article","og_title":"Corpos encontrados em cemit\u00e9rio de Trindade e Tobago n\u00e3o s\u00e3o v\u00edtimas de crime - Portal Tela Portugal","og_description":"A primeira-ministra de Trindade e Tobago, Kamla Persad-Bissessar, afirmou que os corpos encontrados no cemit\u00e9rio s\u00e3o \u201crestos mortais n\u00e3o reclamados\u201d. O conjunto inclui 50 beb\u00e9s e 6 adultos. Persad-Bissessar garantiu que os restos n\u00e3o foram v\u00edtimas de homic\u00eddio. A informa\u00e7\u00e3o foi partilhada como conclus\u00e3o inicial das autoridades sobre o caso. O relat\u00f3rio completo n\u00e3o est\u00e1 dispon\u00edvel sem subscri\u00e7\u00e3o.","og_url":"https:\/\/portaltela.pt\/noticias\/2026\/04\/20\/corpos-encontrados-em-cemiterio-de-trindade-e-tobago-nao-sao-vitimas-de-crime\/","og_site_name":"Portal Tela Portugal","article_published_time":"2026-04-20T03:09:00+00:00","author":"Telinha","twitter_card":"summary_large_image","twitter_misc":{"Escrito por":"Telinha","Tempo estimado de leitura":"1 minuto"},"schema":{"@context":"https:\/\/schema.org","@graph":[{"@type":"Article","@id":"https:\/\/portaltela.pt\/noticias\/2026\/04\/20\/corpos-encontrados-em-cemiterio-de-trindade-e-tobago-nao-sao-vitimas-de-crime\/#article","isPartOf":{"@id":"https:\/\/portaltela.pt\/noticias\/2026\/04\/20\/corpos-encontrados-em-cemiterio-de-trindade-e-tobago-nao-sao-vitimas-de-crime\/"},"author":{"name":"Telinha","@id":"https:\/\/portaltela.pt\/#\/schema\/person\/c4278d4a6028830caff9ee44b42d32ed"},"headline":"Corpos encontrados em cemit\u00e9rio de Trindade e Tobago n\u00e3o s\u00e3o v\u00edtimas de crime","datePublished":"2026-04-20T03:09:00+00:00","mainEntityOfPage":{"@id":"https:\/\/portaltela.pt\/noticias\/2026\/04\/20\/corpos-encontrados-em-cemiterio-de-trindade-e-tobago-nao-sao-vitimas-de-crime\/"},"wordCount":179,"image":{"@id":"https:\/\/portaltela.pt\/noticias\/2026\/04\/20\/corpos-encontrados-em-cemiterio-de-trindade-e-tobago-nao-sao-vitimas-de-crime\/#primaryimage"},"thumbnailUrl":"https:\/\/portaltela.pt\/s.01k8rhncp4jt1\/2026\/04\/CACHE_780X1200_ANALOG_WATERMARKED_45425525_6676762106981.jpg","keywords":["corpo","mortos","not\u00edcias","\u00f3bitos"],"articleSection":["Curiosidades","Sociedade"],"inLanguage":"pt-PT"},{"@type":"WebPage","@id":"https:\/\/portaltela.pt\/noticias\/2026\/04\/20\/corpos-encontrados-em-cemiterio-de-trindade-e-tobago-nao-sao-vitimas-de-crime\/","url":"https:\/\/portaltela.pt\/noticias\/2026\/04\/20\/corpos-encontrados-em-cemiterio-de-trindade-e-tobago-nao-sao-vitimas-de-crime\/","name":"Corpos encontrados em cemit\u00e9rio de Trindade e Tobago n\u00e3o s\u00e3o v\u00edtimas de crime - Portal Tela Portugal","isPartOf":{"@id":"https:\/\/portaltela.pt\/#website"},"primaryImageOfPage":{"@id":"https:\/\/portaltela.pt\/noticias\/2026\/04\/20\/corpos-encontrados-em-cemiterio-de-trindade-e-tobago-nao-sao-vitimas-de-crime\/#primaryimage"},"image":{"@id":"https:\/\/portaltela.pt\/noticias\/2026\/04\/20\/corpos-encontrados-em-cemiterio-de-trindade-e-tobago-nao-sao-vitimas-de-crime\/#primaryimage"},"thumbnailUrl":"https:\/\/portaltela.pt\/s.01k8rhncp4jt1\/2026\/04\/CACHE_780X1200_ANALOG_WATERMARKED_45425525_6676762106981.jpg","datePublished":"2026-04-20T03:09:00+00:00","author":{"@id":"https:\/\/portaltela.pt\/#\/schema\/person\/c4278d4a6028830caff9ee44b42d32ed"},"breadcrumb":{"@id":"https:\/\/portaltela.pt\/noticias\/2026\/04\/20\/corpos-encontrados-em-cemiterio-de-trindade-e-tobago-nao-sao-vitimas-de-crime\/#breadcrumb"},"inLanguage":"pt-PT","potentialAction":[{"@type":"ReadAction","target":["https:\/\/portaltela.pt\/noticias\/2026\/04\/20\/corpos-encontrados-em-cemiterio-de-trindade-e-tobago-nao-sao-vitimas-de-crime\/"]}]},{"@type":"ImageObject","inLanguage":"pt-PT","@id":"https:\/\/portaltela.pt\/noticias\/2026\/04\/20\/corpos-encontrados-em-cemiterio-de-trindade-e-tobago-nao-sao-vitimas-de-crime\/#primaryimage","url":"https:\/\/portaltela.pt\/s.01k8rhncp4jt1\/2026\/04\/CACHE_780X1200_ANALOG_WATERMARKED_45425525_6676762106981.jpg","contentUrl":"https:\/\/portaltela.pt\/s.01k8rhncp4jt1\/2026\/04\/CACHE_780X1200_ANALOG_WATERMARKED_45425525_6676762106981.jpg","width":796,"height":448,"caption":"Corpos descobertos em cemit\u00e9rio de Trindade e Tobago n\u00e3o s\u00e3o v\u00edtimas de crime"},{"@type":"BreadcrumbList","@id":"https:\/\/portaltela.pt\/noticias\/2026\/04\/20\/corpos-encontrados-em-cemiterio-de-trindade-e-tobago-nao-sao-vitimas-de-crime\/#breadcrumb","itemListElement":[{"@type":"ListItem","position":1,"name":"In\u00edcio","item":"https:\/\/portaltela.pt\/"},{"@type":"ListItem","position":2,"name":"Corpos encontrados em cemit\u00e9rio de Trindade e Tobago n\u00e3o s\u00e3o v\u00edtimas de crime"}]},{"@type":"WebSite","@id":"https:\/\/portaltela.pt\/#website","url":"https:\/\/portaltela.pt\/","name":"Portal Tela Portugal","description":"","potentialAction":[{"@type":"SearchAction","target":{"@type":"EntryPoint","urlTemplate":"https:\/\/portaltela.pt\/?s={search_term_string}"},"query-input":{"@type":"PropertyValueSpecification","valueRequired":true,"valueName":"search_term_string"}}],"inLanguage":"pt-PT"},{"@type":"Person","@id":"https:\/\/portaltela.pt\/#\/schema\/person\/c4278d4a6028830caff9ee44b42d32ed","name":"Telinha","image":{"@type":"ImageObject","inLanguage":"pt-PT","@id":"https:\/\/portaltela.pt\/s.01k8rhncp4jt1\/2025\/11\/talking-bot-125x125.png","url":"https:\/\/portaltela.pt\/s.01k8rhncp4jt1\/2025\/11\/talking-bot-125x125.png","contentUrl":"https:\/\/portaltela.pt\/s.01k8rhncp4jt1\/2025\/11\/talking-bot-125x125.png","caption":"Telinha"},"sameAs":["https:\/\/portaltela.pt\/"],"url":"https:\/\/portaltela.pt\/por\/367410592786\/"}]}},"_links":{"self":[{"href":"https:\/\/portaltela.pt\/api\/wp\/v2\/posts\/450643","targetHints":{"allow":["GET"]}}],"collection":[{"href":"https:\/\/portaltela.pt\/api\/wp\/v2\/posts"}],"about":[{"href":"https:\/\/portaltela.pt\/api\/wp\/v2\/types\/post"}],"author":[{"embeddable":true,"href":"https:\/\/portaltela.pt\/api\/wp\/v2\/users\/2"}],"replies":[{"embeddable":true,"href":"https:\/\/portaltela.pt\/api\/wp\/v2\/comments?post=450643"}],"version-history":[{"count":0,"href":"https:\/\/portaltela.pt\/api\/wp\/v2\/posts\/450643\/revisions"}],"wp:featuredmedia":[{"embeddable":true,"href":"https:\/\/portaltela.pt\/api\/wp\/v2\/media\/450644"}],"wp:attachment":[{"href":"https:\/\/portaltela.pt\/api\/wp\/v2\/media?parent=450643"}],"wp:term":[{"taxonomy":"category","embeddable":true,"href":"https:\/\/portaltela.pt\/api\/wp\/v2\/categories?post=450643"},{"taxonomy":"post_tag","embeddable":true,"href":"https:\/\/portaltela.pt\/api\/wp\/v2\/tags?post=450643"}],"curies":[{"name":"wp","href":"https:\/\/api.w.org\/{rel}","templated":true}]}}