{"id":450560,"date":"2026-04-19T21:17:43","date_gmt":"2026-04-20T00:17:43","guid":{"rendered":"https:\/\/portaltela.pt\/noticias\/2026\/04\/19\/guardiola-elogia-bernardo-silva-e-admite-emocao-se-ele-falar-muito\/"},"modified":"2026-04-19T21:17:43","modified_gmt":"2026-04-20T00:17:43","slug":"guardiola-elogia-bernardo-silva-e-admite-emocao-se-ele-falar-muito","status":"publish","type":"post","link":"https:\/\/portaltela.pt\/desporto\/futebol\/2026\/04\/19\/guardiola-elogia-bernardo-silva-e-admite-emocao-se-ele-falar-muito\/","title":{"rendered":"Guardiola elogia Bernardo Silva e admite emo\u00e7\u00e3o se ele falar muito"},"content":{"rendered":"<p>Pep Guardiola abriu o alvo aos elogios a Bernardo Silva, ap\u00f3s a vit\u00f3ria do Manchester City sobre o Arsenal, por 2-1, no domingo. O t\u00e9cnico portugu\u00eas destacou a import\u00e2ncia do internacional portugu\u00eas para a equipa, em agradecimento pelo desempenho demonstrado.<\/p>\n<p>Segundo Guardiola, Bernardo Silva demonstra consist\u00eancia ao longo de nove \u00e9pocas, nunca se lesiona e mant\u00e9m uma mentalidade positiva em todos os momentos. O treinador ressaltou ainda que o jogador surge sempre como refer\u00eancia nas partidas.<\/p>\n<p>Guardiola enfatizou que a sua forma de jogar come\u00e7a na cabe\u00e7a e termina nos p\u00e9s, valorizando a vis\u00e3o de jogo do extremo. O t\u00e9cnico disse que a dedica\u00e7\u00e3o de Bernardo permanece essencial para o sucesso coletivo do City.<\/p>\n<p>O comandante dos Citizens reconheceu ainda o esp\u00edrito de equipa que Bernardo traz aos jogos, afirmando que merece reconhecimento p\u00fablico pela carreira exemplar que tem vindo a construir. A seguir, o City focar\u00e1 os pr\u00f3ximos compromissos da temporada.<\/p>\n","protected":false},"excerpt":{"rendered":"<ul>\n<li>Pep Guardiola elogiou Bernardo Silva ap\u00f3s a vit\u00f3ria do Manchester City por 2-1 sobre o Arsenal.<\/li>\n<li>O treinador disse: \u00abSe falar muito, vou chorar\u00bb e agradeceu ao internacional portugu\u00eas pelo contributo ao clube.<\/li>\n<li>Guardiola afirmou que Bernardo mostrou que o futebol come\u00e7a no c\u00e9rebro e vai at\u00e9 aos p\u00e9s, n\u00e3o sendo o mais r\u00e1pido ou \u00e1gil, mas entendendo bem cada a\u00e7\u00e3o.<\/li>\n<li>O t\u00e9cnico destacou que Bernardo esteve presente quando outros estavam ausentes na \u00e9poca passada, demonstrando mentalidade e positividade.<\/li>\n<li>Concluiu que Bernardo merece o maior reconhecimento e \u00e9, para o clube, uma verdadeira lenda.<\/li>\n<\/ul>\n","protected":false},"author":2,"featured_media":450563,"comment_status":"closed","ping_status":"closed","sticky":false,"template":"","format":"standard","meta":{"footnotes":""},"categories":[21,24],"tags":[1367,72,32,242,6802,1980],"class_list":["post-450560","post","type-post","status-publish","format-standard","has-post-thumbnail","hentry","category-desporto","category-futebol","tag-clubes","tag-craques","tag-futebol","tag-jogadores","tag-lideranca","tag-manchester-city"],"yoast_head":"<!-- This site is optimized with the Yoast SEO plugin v27.2 - https:\/\/yoast.com\/product\/yoast-seo-wordpress\/ -->\n<title>Guardiola elogia Bernardo Silva e admite emo\u00e7\u00e3o se ele falar muito - Portal Tela Portugal<\/title>\n<meta name=\"robots\" content=\"index, follow, max-snippet:-1, max-image-preview:large, max-video-preview:-1\" \/>\n<meta property=\"og:locale\" content=\"pt_PT\" \/>\n<meta property=\"og:type\" content=\"article\" \/>\n<meta property=\"og:title\" content=\"Guardiola elogia Bernardo Silva e admite emo\u00e7\u00e3o se ele falar muito - Portal Tela Portugal\" \/>\n<meta property=\"og:description\" content=\"Pep Guardiola elogiou Bernardo Silva ap\u00f3s a vit\u00f3ria do Manchester City por 2-1 sobre o Arsenal. O treinador disse: \u00abSe falar muito, vou chorar\u00bb e agradeceu ao internacional portugu\u00eas pelo contributo ao clube. Guardiola afirmou que Bernardo mostrou que o futebol come\u00e7a no c\u00e9rebro e vai at\u00e9 aos p\u00e9s, n\u00e3o sendo o mais r\u00e1pido ou \u00e1gil, mas entendendo bem cada a\u00e7\u00e3o. O t\u00e9cnico destacou que Bernardo esteve presente quando outros estavam ausentes na \u00e9poca passada, demonstrando mentalidade e positividade. Concluiu que Bernardo merece o maior reconhecimento e \u00e9, para o clube, uma verdadeira lenda.\" \/>\n<meta property=\"og:url\" content=\"https:\/\/portaltela.pt\/noticias\/2026\/04\/19\/guardiola-elogia-bernardo-silva-e-admite-emocao-se-ele-falar-muito\/\" \/>\n<meta property=\"og:site_name\" content=\"Portal Tela Portugal\" \/>\n<meta property=\"article:published_time\" content=\"2026-04-20T00:17:43+00:00\" \/>\n<meta name=\"author\" content=\"Telinha\" \/>\n<meta name=\"twitter:card\" content=\"summary_large_image\" \/>\n<meta name=\"twitter:label1\" content=\"Escrito por\" \/>\n\t<meta name=\"twitter:data1\" content=\"Telinha\" \/>\n\t<meta name=\"twitter:label2\" content=\"Tempo estimado de leitura\" \/>\n\t<meta name=\"twitter:data2\" content=\"1 minuto\" \/>\n<script type=\"application\/ld+json\" class=\"yoast-schema-graph\">{\"@context\":\"https:\/\/schema.org\",\"@graph\":[{\"@type\":\"Article\",\"@id\":\"https:\/\/portaltela.pt\/noticias\/2026\/04\/19\/guardiola-elogia-bernardo-silva-e-admite-emocao-se-ele-falar-muito\/#article\",\"isPartOf\":{\"@id\":\"https:\/\/portaltela.pt\/noticias\/2026\/04\/19\/guardiola-elogia-bernardo-silva-e-admite-emocao-se-ele-falar-muito\/\"},\"author\":{\"name\":\"Telinha\",\"@id\":\"https:\/\/portaltela.pt\/#\/schema\/person\/c4278d4a6028830caff9ee44b42d32ed\"},\"headline\":\"Guardiola elogia Bernardo Silva e admite emo\u00e7\u00e3o se ele falar muito\",\"datePublished\":\"2026-04-20T00:17:43+00:00\",\"mainEntityOfPage\":{\"@id\":\"https:\/\/portaltela.pt\/noticias\/2026\/04\/19\/guardiola-elogia-bernardo-silva-e-admite-emocao-se-ele-falar-muito\/\"},\"wordCount\":182,\"image\":{\"@id\":\"https:\/\/portaltela.pt\/noticias\/2026\/04\/19\/guardiola-elogia-bernardo-silva-e-admite-emocao-se-ele-falar-muito\/#primaryimage\"},\"thumbnailUrl\":\"https:\/\/portaltela.pt\/s.01k8rhncp4jt1\/2026\/04\/img_1200x721uu2026-04-20-01-05-52-2434226.jpg\",\"keywords\":[\"clubes\",\"craques\",\"futebol\",\"jogadores\",\"lideran\u00e7a\",\"Manchester City\"],\"articleSection\":[\"Desporto\",\"Futebol\"],\"inLanguage\":\"pt-PT\"},{\"@type\":\"WebPage\",\"@id\":\"https:\/\/portaltela.pt\/noticias\/2026\/04\/19\/guardiola-elogia-bernardo-silva-e-admite-emocao-se-ele-falar-muito\/\",\"url\":\"https:\/\/portaltela.pt\/noticias\/2026\/04\/19\/guardiola-elogia-bernardo-silva-e-admite-emocao-se-ele-falar-muito\/\",\"name\":\"Guardiola elogia Bernardo Silva e admite emo\u00e7\u00e3o se ele falar muito - Portal Tela Portugal\",\"isPartOf\":{\"@id\":\"https:\/\/portaltela.pt\/#website\"},\"primaryImageOfPage\":{\"@id\":\"https:\/\/portaltela.pt\/noticias\/2026\/04\/19\/guardiola-elogia-bernardo-silva-e-admite-emocao-se-ele-falar-muito\/#primaryimage\"},\"image\":{\"@id\":\"https:\/\/portaltela.pt\/noticias\/2026\/04\/19\/guardiola-elogia-bernardo-silva-e-admite-emocao-se-ele-falar-muito\/#primaryimage\"},\"thumbnailUrl\":\"https:\/\/portaltela.pt\/s.01k8rhncp4jt1\/2026\/04\/img_1200x721uu2026-04-20-01-05-52-2434226.jpg\",\"datePublished\":\"2026-04-20T00:17:43+00:00\",\"author\":{\"@id\":\"https:\/\/portaltela.pt\/#\/schema\/person\/c4278d4a6028830caff9ee44b42d32ed\"},\"breadcrumb\":{\"@id\":\"https:\/\/portaltela.pt\/noticias\/2026\/04\/19\/guardiola-elogia-bernardo-silva-e-admite-emocao-se-ele-falar-muito\/#breadcrumb\"},\"inLanguage\":\"pt-PT\",\"potentialAction\":[{\"@type\":\"ReadAction\",\"target\":[\"https:\/\/portaltela.pt\/noticias\/2026\/04\/19\/guardiola-elogia-bernardo-silva-e-admite-emocao-se-ele-falar-muito\/\"]}]},{\"@type\":\"ImageObject\",\"inLanguage\":\"pt-PT\",\"@id\":\"https:\/\/portaltela.pt\/noticias\/2026\/04\/19\/guardiola-elogia-bernardo-silva-e-admite-emocao-se-ele-falar-muito\/#primaryimage\",\"url\":\"https:\/\/portaltela.pt\/s.01k8rhncp4jt1\/2026\/04\/img_1200x721uu2026-04-20-01-05-52-2434226.jpg\",\"contentUrl\":\"https:\/\/portaltela.pt\/s.01k8rhncp4jt1\/2026\/04\/img_1200x721uu2026-04-20-01-05-52-2434226.jpg\",\"width\":796,\"height\":448,\"caption\":\"Guardiola desfaz-se em elogios para Bernardo Silva: \u00abSe falar muito, vou chorar...\u00bb\"},{\"@type\":\"BreadcrumbList\",\"@id\":\"https:\/\/portaltela.pt\/noticias\/2026\/04\/19\/guardiola-elogia-bernardo-silva-e-admite-emocao-se-ele-falar-muito\/#breadcrumb\",\"itemListElement\":[{\"@type\":\"ListItem\",\"position\":1,\"name\":\"In\u00edcio\",\"item\":\"https:\/\/portaltela.pt\/\"},{\"@type\":\"ListItem\",\"position\":2,\"name\":\"Guardiola elogia Bernardo Silva e admite emo\u00e7\u00e3o se ele falar muito\"}]},{\"@type\":\"WebSite\",\"@id\":\"https:\/\/portaltela.pt\/#website\",\"url\":\"https:\/\/portaltela.pt\/\",\"name\":\"Portal Tela Portugal\",\"description\":\"\",\"potentialAction\":[{\"@type\":\"SearchAction\",\"target\":{\"@type\":\"EntryPoint\",\"urlTemplate\":\"https:\/\/portaltela.pt\/?s={search_term_string}\"},\"query-input\":{\"@type\":\"PropertyValueSpecification\",\"valueRequired\":true,\"valueName\":\"search_term_string\"}}],\"inLanguage\":\"pt-PT\"},{\"@type\":\"Person\",\"@id\":\"https:\/\/portaltela.pt\/#\/schema\/person\/c4278d4a6028830caff9ee44b42d32ed\",\"name\":\"Telinha\",\"image\":{\"@type\":\"ImageObject\",\"inLanguage\":\"pt-PT\",\"@id\":\"https:\/\/portaltela.pt\/s.01k8rhncp4jt1\/2025\/11\/talking-bot-125x125.png\",\"url\":\"https:\/\/portaltela.pt\/s.01k8rhncp4jt1\/2025\/11\/talking-bot-125x125.png\",\"contentUrl\":\"https:\/\/portaltela.pt\/s.01k8rhncp4jt1\/2025\/11\/talking-bot-125x125.png\",\"caption\":\"Telinha\"},\"sameAs\":[\"https:\/\/portaltela.pt\/\"],\"url\":\"https:\/\/portaltela.pt\/por\/367410592786\/\"}]}<\/script>\n<!-- \/ Yoast SEO plugin. -->","yoast_head_json":{"title":"Guardiola elogia Bernardo Silva e admite emo\u00e7\u00e3o se ele falar muito - Portal Tela Portugal","robots":{"index":"index","follow":"follow","max-snippet":"max-snippet:-1","max-image-preview":"max-image-preview:large","max-video-preview":"max-video-preview:-1"},"og_locale":"pt_PT","og_type":"article","og_title":"Guardiola elogia Bernardo Silva e admite emo\u00e7\u00e3o se ele falar muito - Portal Tela Portugal","og_description":"Pep Guardiola elogiou Bernardo Silva ap\u00f3s a vit\u00f3ria do Manchester City por 2-1 sobre o Arsenal. O treinador disse: \u00abSe falar muito, vou chorar\u00bb e agradeceu ao internacional portugu\u00eas pelo contributo ao clube. Guardiola afirmou que Bernardo mostrou que o futebol come\u00e7a no c\u00e9rebro e vai at\u00e9 aos p\u00e9s, n\u00e3o sendo o mais r\u00e1pido ou \u00e1gil, mas entendendo bem cada a\u00e7\u00e3o. O t\u00e9cnico destacou que Bernardo esteve presente quando outros estavam ausentes na \u00e9poca passada, demonstrando mentalidade e positividade. Concluiu que Bernardo merece o maior reconhecimento e \u00e9, para o clube, uma verdadeira lenda.","og_url":"https:\/\/portaltela.pt\/noticias\/2026\/04\/19\/guardiola-elogia-bernardo-silva-e-admite-emocao-se-ele-falar-muito\/","og_site_name":"Portal Tela Portugal","article_published_time":"2026-04-20T00:17:43+00:00","author":"Telinha","twitter_card":"summary_large_image","twitter_misc":{"Escrito por":"Telinha","Tempo estimado de leitura":"1 minuto"},"schema":{"@context":"https:\/\/schema.org","@graph":[{"@type":"Article","@id":"https:\/\/portaltela.pt\/noticias\/2026\/04\/19\/guardiola-elogia-bernardo-silva-e-admite-emocao-se-ele-falar-muito\/#article","isPartOf":{"@id":"https:\/\/portaltela.pt\/noticias\/2026\/04\/19\/guardiola-elogia-bernardo-silva-e-admite-emocao-se-ele-falar-muito\/"},"author":{"name":"Telinha","@id":"https:\/\/portaltela.pt\/#\/schema\/person\/c4278d4a6028830caff9ee44b42d32ed"},"headline":"Guardiola elogia Bernardo Silva e admite emo\u00e7\u00e3o se ele falar muito","datePublished":"2026-04-20T00:17:43+00:00","mainEntityOfPage":{"@id":"https:\/\/portaltela.pt\/noticias\/2026\/04\/19\/guardiola-elogia-bernardo-silva-e-admite-emocao-se-ele-falar-muito\/"},"wordCount":182,"image":{"@id":"https:\/\/portaltela.pt\/noticias\/2026\/04\/19\/guardiola-elogia-bernardo-silva-e-admite-emocao-se-ele-falar-muito\/#primaryimage"},"thumbnailUrl":"https:\/\/portaltela.pt\/s.01k8rhncp4jt1\/2026\/04\/img_1200x721uu2026-04-20-01-05-52-2434226.jpg","keywords":["clubes","craques","futebol","jogadores","lideran\u00e7a","Manchester City"],"articleSection":["Desporto","Futebol"],"inLanguage":"pt-PT"},{"@type":"WebPage","@id":"https:\/\/portaltela.pt\/noticias\/2026\/04\/19\/guardiola-elogia-bernardo-silva-e-admite-emocao-se-ele-falar-muito\/","url":"https:\/\/portaltela.pt\/noticias\/2026\/04\/19\/guardiola-elogia-bernardo-silva-e-admite-emocao-se-ele-falar-muito\/","name":"Guardiola elogia Bernardo Silva e admite emo\u00e7\u00e3o se ele falar muito - Portal Tela Portugal","isPartOf":{"@id":"https:\/\/portaltela.pt\/#website"},"primaryImageOfPage":{"@id":"https:\/\/portaltela.pt\/noticias\/2026\/04\/19\/guardiola-elogia-bernardo-silva-e-admite-emocao-se-ele-falar-muito\/#primaryimage"},"image":{"@id":"https:\/\/portaltela.pt\/noticias\/2026\/04\/19\/guardiola-elogia-bernardo-silva-e-admite-emocao-se-ele-falar-muito\/#primaryimage"},"thumbnailUrl":"https:\/\/portaltela.pt\/s.01k8rhncp4jt1\/2026\/04\/img_1200x721uu2026-04-20-01-05-52-2434226.jpg","datePublished":"2026-04-20T00:17:43+00:00","author":{"@id":"https:\/\/portaltela.pt\/#\/schema\/person\/c4278d4a6028830caff9ee44b42d32ed"},"breadcrumb":{"@id":"https:\/\/portaltela.pt\/noticias\/2026\/04\/19\/guardiola-elogia-bernardo-silva-e-admite-emocao-se-ele-falar-muito\/#breadcrumb"},"inLanguage":"pt-PT","potentialAction":[{"@type":"ReadAction","target":["https:\/\/portaltela.pt\/noticias\/2026\/04\/19\/guardiola-elogia-bernardo-silva-e-admite-emocao-se-ele-falar-muito\/"]}]},{"@type":"ImageObject","inLanguage":"pt-PT","@id":"https:\/\/portaltela.pt\/noticias\/2026\/04\/19\/guardiola-elogia-bernardo-silva-e-admite-emocao-se-ele-falar-muito\/#primaryimage","url":"https:\/\/portaltela.pt\/s.01k8rhncp4jt1\/2026\/04\/img_1200x721uu2026-04-20-01-05-52-2434226.jpg","contentUrl":"https:\/\/portaltela.pt\/s.01k8rhncp4jt1\/2026\/04\/img_1200x721uu2026-04-20-01-05-52-2434226.jpg","width":796,"height":448,"caption":"Guardiola desfaz-se em elogios para Bernardo Silva: \u00abSe falar muito, vou chorar...\u00bb"},{"@type":"BreadcrumbList","@id":"https:\/\/portaltela.pt\/noticias\/2026\/04\/19\/guardiola-elogia-bernardo-silva-e-admite-emocao-se-ele-falar-muito\/#breadcrumb","itemListElement":[{"@type":"ListItem","position":1,"name":"In\u00edcio","item":"https:\/\/portaltela.pt\/"},{"@type":"ListItem","position":2,"name":"Guardiola elogia Bernardo Silva e admite emo\u00e7\u00e3o se ele falar muito"}]},{"@type":"WebSite","@id":"https:\/\/portaltela.pt\/#website","url":"https:\/\/portaltela.pt\/","name":"Portal Tela Portugal","description":"","potentialAction":[{"@type":"SearchAction","target":{"@type":"EntryPoint","urlTemplate":"https:\/\/portaltela.pt\/?s={search_term_string}"},"query-input":{"@type":"PropertyValueSpecification","valueRequired":true,"valueName":"search_term_string"}}],"inLanguage":"pt-PT"},{"@type":"Person","@id":"https:\/\/portaltela.pt\/#\/schema\/person\/c4278d4a6028830caff9ee44b42d32ed","name":"Telinha","image":{"@type":"ImageObject","inLanguage":"pt-PT","@id":"https:\/\/portaltela.pt\/s.01k8rhncp4jt1\/2025\/11\/talking-bot-125x125.png","url":"https:\/\/portaltela.pt\/s.01k8rhncp4jt1\/2025\/11\/talking-bot-125x125.png","contentUrl":"https:\/\/portaltela.pt\/s.01k8rhncp4jt1\/2025\/11\/talking-bot-125x125.png","caption":"Telinha"},"sameAs":["https:\/\/portaltela.pt\/"],"url":"https:\/\/portaltela.pt\/por\/367410592786\/"}]}},"_links":{"self":[{"href":"https:\/\/portaltela.pt\/api\/wp\/v2\/posts\/450560","targetHints":{"allow":["GET"]}}],"collection":[{"href":"https:\/\/portaltela.pt\/api\/wp\/v2\/posts"}],"about":[{"href":"https:\/\/portaltela.pt\/api\/wp\/v2\/types\/post"}],"author":[{"embeddable":true,"href":"https:\/\/portaltela.pt\/api\/wp\/v2\/users\/2"}],"replies":[{"embeddable":true,"href":"https:\/\/portaltela.pt\/api\/wp\/v2\/comments?post=450560"}],"version-history":[{"count":0,"href":"https:\/\/portaltela.pt\/api\/wp\/v2\/posts\/450560\/revisions"}],"wp:featuredmedia":[{"embeddable":true,"href":"https:\/\/portaltela.pt\/api\/wp\/v2\/media\/450563"}],"wp:attachment":[{"href":"https:\/\/portaltela.pt\/api\/wp\/v2\/media?parent=450560"}],"wp:term":[{"taxonomy":"category","embeddable":true,"href":"https:\/\/portaltela.pt\/api\/wp\/v2\/categories?post=450560"},{"taxonomy":"post_tag","embeddable":true,"href":"https:\/\/portaltela.pt\/api\/wp\/v2\/tags?post=450560"}],"curies":[{"name":"wp","href":"https:\/\/api.w.org\/{rel}","templated":true}]}}