{"id":450554,"date":"2026-04-19T20:33:20","date_gmt":"2026-04-19T23:33:20","guid":{"rendered":"https:\/\/portaltela.pt\/noticias\/2026\/04\/19\/reacoes-dos-jogadores-do-benfica-ao-triunfo-em-alvalade\/"},"modified":"2026-04-19T20:33:20","modified_gmt":"2026-04-19T23:33:20","slug":"reacoes-dos-jogadores-do-benfica-ao-triunfo-em-alvalade","status":"publish","type":"post","link":"https:\/\/portaltela.pt\/desporto\/futebol\/2026\/04\/19\/reacoes-dos-jogadores-do-benfica-ao-triunfo-em-alvalade\/","title":{"rendered":"Rea\u00e7\u00f5es dos jogadores do Benfica ao triunfo em Alvalade"},"content":{"rendered":"<p>Benfica venceu o Sporting, em Alvalade, por 2-1, consolidando o segundo lugar na Liga Betclic. Os encarnados passaram a somar mais um ponto que os le\u00f5es, que ainda t\u00eam um jogo a menos. O d\u00e9rbi aconteceu no est\u00e1dio do Sporting, com o resultado a refletir a reta final da \u00e9poca.<\/p>\n<p>A equipa de Lisboa entrou a imprimir ritmo e garantiu os dois golos da vit\u00f3ria, mantendo a press\u00e3o sobre o quarto lugar. O Sporting reduziu nos \u00faltimos minutos, mas o tempo n\u00e3o chegou para evitar a derrota. O triunfo mant\u00e9m as aspira\u00e7\u00f5es do Benfica no campeonato.<\/p>\n<h3>Rea\u00e7\u00f5es nas redes sociais<\/h3>\n<p>Jogadores do Benfica revelaram mensagens nas redes oficiais. Prestianni escreveu que Lisboa \u00e9 vermelha, numa publica\u00e7\u00e3o no Instagram. Lukebakio seguiu a mesma linha, afirmando que a cidade \u00e9 vermelha. Trubin elogiou o esp\u00edrito de sacrif\u00edcio da equipa, destacando a personalidade e a vit\u00f3ria do grupo.<\/p>\n","protected":false},"excerpt":{"rendered":"<ul>\n<li>O Benfica venceu em Alvalade por 2-1, subindo ao segundo lugar da Liga Betclic, com mais um ponto que o Sporting, que tem um jogo a menos.<\/li>\n<li>No final do d\u00e9rbi, jogadores do Benfica reagiram nas redes sociais, com Prestianni a dizer que \u201cLisboa \u00e9 vermelha\u201d no Instagram.<\/li>\n<li>Lukebakio seguiu a mesma linha, perguntando \u201cDe que cor \u00e9 Lisboa, pessoal? Vermelho!!!\u201d numa publica\u00e7\u00e3o partilhada.<\/li>\n<li>O guardi\u00e3o Trubin elogiou o esp\u00edrito de sacrif\u00edcio da equipa e a personalidade do grupo, destacando a vit\u00f3ria \u201cat\u00e9 ao fim\u201d e o valor dos d\u00e9rbis.<\/li>\n<li>Trubin ainda ressaltou a defesa de um pen\u00e1lti de Luis Su\u00e1rez durante o jogo.<\/li>\n<\/ul>\n","protected":false},"author":2,"featured_media":450555,"comment_status":"closed","ping_status":"closed","sticky":false,"template":"","format":"standard","meta":{"footnotes":""},"categories":[21,24],"tags":[4059,1588,1946,32,1786,88],"class_list":["post-450554","post","type-post","status-publish","format-standard","has-post-thumbnail","hentry","category-desporto","category-futebol","tag-1-a-liga","tag-alvalade","tag-benfica","tag-futebol","tag-liga","tag-redes-sociais"],"yoast_head":"<!-- This site is optimized with the Yoast SEO plugin v27.2 - https:\/\/yoast.com\/product\/yoast-seo-wordpress\/ -->\n<title>Rea\u00e7\u00f5es dos jogadores do Benfica ao triunfo em Alvalade - Portal Tela Portugal<\/title>\n<meta name=\"robots\" content=\"index, follow, max-snippet:-1, max-image-preview:large, max-video-preview:-1\" \/>\n<meta property=\"og:locale\" content=\"pt_PT\" \/>\n<meta property=\"og:type\" content=\"article\" \/>\n<meta property=\"og:title\" content=\"Rea\u00e7\u00f5es dos jogadores do Benfica ao triunfo em Alvalade - Portal Tela Portugal\" \/>\n<meta property=\"og:description\" content=\"O Benfica venceu em Alvalade por 2-1, subindo ao segundo lugar da Liga Betclic, com mais um ponto que o Sporting, que tem um jogo a menos. No final do d\u00e9rbi, jogadores do Benfica reagiram nas redes sociais, com Prestianni a dizer que \u201cLisboa \u00e9 vermelha\u201d no Instagram. Lukebakio seguiu a mesma linha, perguntando \u201cDe que cor \u00e9 Lisboa, pessoal? Vermelho!!!\u201d numa publica\u00e7\u00e3o partilhada. O guardi\u00e3o Trubin elogiou o esp\u00edrito de sacrif\u00edcio da equipa e a personalidade do grupo, destacando a vit\u00f3ria \u201cat\u00e9 ao fim\u201d e o valor dos d\u00e9rbis. Trubin ainda ressaltou a defesa de um pen\u00e1lti de Luis Su\u00e1rez durante o jogo.\" \/>\n<meta property=\"og:url\" content=\"https:\/\/portaltela.pt\/noticias\/2026\/04\/19\/reacoes-dos-jogadores-do-benfica-ao-triunfo-em-alvalade\/\" \/>\n<meta property=\"og:site_name\" content=\"Portal Tela Portugal\" \/>\n<meta property=\"article:published_time\" content=\"2026-04-19T23:33:20+00:00\" \/>\n<meta name=\"author\" content=\"Telinha\" \/>\n<meta name=\"twitter:card\" content=\"summary_large_image\" \/>\n<meta name=\"twitter:label1\" content=\"Escrito por\" \/>\n\t<meta name=\"twitter:data1\" content=\"Telinha\" \/>\n\t<meta name=\"twitter:label2\" content=\"Tempo estimado de leitura\" \/>\n\t<meta name=\"twitter:data2\" content=\"1 minuto\" \/>\n<script type=\"application\/ld+json\" class=\"yoast-schema-graph\">{\"@context\":\"https:\/\/schema.org\",\"@graph\":[{\"@type\":\"Article\",\"@id\":\"https:\/\/portaltela.pt\/noticias\/2026\/04\/19\/reacoes-dos-jogadores-do-benfica-ao-triunfo-em-alvalade\/#article\",\"isPartOf\":{\"@id\":\"https:\/\/portaltela.pt\/noticias\/2026\/04\/19\/reacoes-dos-jogadores-do-benfica-ao-triunfo-em-alvalade\/\"},\"author\":{\"name\":\"Telinha\",\"@id\":\"https:\/\/portaltela.pt\/#\/schema\/person\/c4278d4a6028830caff9ee44b42d32ed\"},\"headline\":\"Rea\u00e7\u00f5es dos jogadores do Benfica ao triunfo em Alvalade\",\"datePublished\":\"2026-04-19T23:33:20+00:00\",\"mainEntityOfPage\":{\"@id\":\"https:\/\/portaltela.pt\/noticias\/2026\/04\/19\/reacoes-dos-jogadores-do-benfica-ao-triunfo-em-alvalade\/\"},\"wordCount\":167,\"image\":{\"@id\":\"https:\/\/portaltela.pt\/noticias\/2026\/04\/19\/reacoes-dos-jogadores-do-benfica-ao-triunfo-em-alvalade\/#primaryimage\"},\"thumbnailUrl\":\"https:\/\/portaltela.pt\/s.01k8rhncp4jt1\/2026\/04\/img_1200x721uu2026-04-20-00-21-58-2434211-im-639122413344065607.jpg\",\"keywords\":[\"1.\u00aa Liga\",\"Alvalade\",\"Benfica\",\"futebol\",\"Liga\",\"redes sociais\"],\"articleSection\":[\"Desporto\",\"Futebol\"],\"inLanguage\":\"pt-PT\"},{\"@type\":\"WebPage\",\"@id\":\"https:\/\/portaltela.pt\/noticias\/2026\/04\/19\/reacoes-dos-jogadores-do-benfica-ao-triunfo-em-alvalade\/\",\"url\":\"https:\/\/portaltela.pt\/noticias\/2026\/04\/19\/reacoes-dos-jogadores-do-benfica-ao-triunfo-em-alvalade\/\",\"name\":\"Rea\u00e7\u00f5es dos jogadores do Benfica ao triunfo em Alvalade - Portal Tela Portugal\",\"isPartOf\":{\"@id\":\"https:\/\/portaltela.pt\/#website\"},\"primaryImageOfPage\":{\"@id\":\"https:\/\/portaltela.pt\/noticias\/2026\/04\/19\/reacoes-dos-jogadores-do-benfica-ao-triunfo-em-alvalade\/#primaryimage\"},\"image\":{\"@id\":\"https:\/\/portaltela.pt\/noticias\/2026\/04\/19\/reacoes-dos-jogadores-do-benfica-ao-triunfo-em-alvalade\/#primaryimage\"},\"thumbnailUrl\":\"https:\/\/portaltela.pt\/s.01k8rhncp4jt1\/2026\/04\/img_1200x721uu2026-04-20-00-21-58-2434211-im-639122413344065607.jpg\",\"datePublished\":\"2026-04-19T23:33:20+00:00\",\"author\":{\"@id\":\"https:\/\/portaltela.pt\/#\/schema\/person\/c4278d4a6028830caff9ee44b42d32ed\"},\"breadcrumb\":{\"@id\":\"https:\/\/portaltela.pt\/noticias\/2026\/04\/19\/reacoes-dos-jogadores-do-benfica-ao-triunfo-em-alvalade\/#breadcrumb\"},\"inLanguage\":\"pt-PT\",\"potentialAction\":[{\"@type\":\"ReadAction\",\"target\":[\"https:\/\/portaltela.pt\/noticias\/2026\/04\/19\/reacoes-dos-jogadores-do-benfica-ao-triunfo-em-alvalade\/\"]}]},{\"@type\":\"ImageObject\",\"inLanguage\":\"pt-PT\",\"@id\":\"https:\/\/portaltela.pt\/noticias\/2026\/04\/19\/reacoes-dos-jogadores-do-benfica-ao-triunfo-em-alvalade\/#primaryimage\",\"url\":\"https:\/\/portaltela.pt\/s.01k8rhncp4jt1\/2026\/04\/img_1200x721uu2026-04-20-00-21-58-2434211-im-639122413344065607.jpg\",\"contentUrl\":\"https:\/\/portaltela.pt\/s.01k8rhncp4jt1\/2026\/04\/img_1200x721uu2026-04-20-00-21-58-2434211-im-639122413344065607.jpg\",\"width\":796,\"height\":448,\"caption\":\"Benfica vence em Alvalade\"},{\"@type\":\"BreadcrumbList\",\"@id\":\"https:\/\/portaltela.pt\/noticias\/2026\/04\/19\/reacoes-dos-jogadores-do-benfica-ao-triunfo-em-alvalade\/#breadcrumb\",\"itemListElement\":[{\"@type\":\"ListItem\",\"position\":1,\"name\":\"In\u00edcio\",\"item\":\"https:\/\/portaltela.pt\/\"},{\"@type\":\"ListItem\",\"position\":2,\"name\":\"Rea\u00e7\u00f5es dos jogadores do Benfica ao triunfo em Alvalade\"}]},{\"@type\":\"WebSite\",\"@id\":\"https:\/\/portaltela.pt\/#website\",\"url\":\"https:\/\/portaltela.pt\/\",\"name\":\"Portal Tela Portugal\",\"description\":\"\",\"potentialAction\":[{\"@type\":\"SearchAction\",\"target\":{\"@type\":\"EntryPoint\",\"urlTemplate\":\"https:\/\/portaltela.pt\/?s={search_term_string}\"},\"query-input\":{\"@type\":\"PropertyValueSpecification\",\"valueRequired\":true,\"valueName\":\"search_term_string\"}}],\"inLanguage\":\"pt-PT\"},{\"@type\":\"Person\",\"@id\":\"https:\/\/portaltela.pt\/#\/schema\/person\/c4278d4a6028830caff9ee44b42d32ed\",\"name\":\"Telinha\",\"image\":{\"@type\":\"ImageObject\",\"inLanguage\":\"pt-PT\",\"@id\":\"https:\/\/portaltela.pt\/s.01k8rhncp4jt1\/2025\/11\/talking-bot-125x125.png\",\"url\":\"https:\/\/portaltela.pt\/s.01k8rhncp4jt1\/2025\/11\/talking-bot-125x125.png\",\"contentUrl\":\"https:\/\/portaltela.pt\/s.01k8rhncp4jt1\/2025\/11\/talking-bot-125x125.png\",\"caption\":\"Telinha\"},\"sameAs\":[\"https:\/\/portaltela.pt\/\"],\"url\":\"https:\/\/portaltela.pt\/por\/367410592786\/\"}]}<\/script>\n<!-- \/ Yoast SEO plugin. -->","yoast_head_json":{"title":"Rea\u00e7\u00f5es dos jogadores do Benfica ao triunfo em Alvalade - Portal Tela Portugal","robots":{"index":"index","follow":"follow","max-snippet":"max-snippet:-1","max-image-preview":"max-image-preview:large","max-video-preview":"max-video-preview:-1"},"og_locale":"pt_PT","og_type":"article","og_title":"Rea\u00e7\u00f5es dos jogadores do Benfica ao triunfo em Alvalade - Portal Tela Portugal","og_description":"O Benfica venceu em Alvalade por 2-1, subindo ao segundo lugar da Liga Betclic, com mais um ponto que o Sporting, que tem um jogo a menos. No final do d\u00e9rbi, jogadores do Benfica reagiram nas redes sociais, com Prestianni a dizer que \u201cLisboa \u00e9 vermelha\u201d no Instagram. Lukebakio seguiu a mesma linha, perguntando \u201cDe que cor \u00e9 Lisboa, pessoal? Vermelho!!!\u201d numa publica\u00e7\u00e3o partilhada. O guardi\u00e3o Trubin elogiou o esp\u00edrito de sacrif\u00edcio da equipa e a personalidade do grupo, destacando a vit\u00f3ria \u201cat\u00e9 ao fim\u201d e o valor dos d\u00e9rbis. Trubin ainda ressaltou a defesa de um pen\u00e1lti de Luis Su\u00e1rez durante o jogo.","og_url":"https:\/\/portaltela.pt\/noticias\/2026\/04\/19\/reacoes-dos-jogadores-do-benfica-ao-triunfo-em-alvalade\/","og_site_name":"Portal Tela Portugal","article_published_time":"2026-04-19T23:33:20+00:00","author":"Telinha","twitter_card":"summary_large_image","twitter_misc":{"Escrito por":"Telinha","Tempo estimado de leitura":"1 minuto"},"schema":{"@context":"https:\/\/schema.org","@graph":[{"@type":"Article","@id":"https:\/\/portaltela.pt\/noticias\/2026\/04\/19\/reacoes-dos-jogadores-do-benfica-ao-triunfo-em-alvalade\/#article","isPartOf":{"@id":"https:\/\/portaltela.pt\/noticias\/2026\/04\/19\/reacoes-dos-jogadores-do-benfica-ao-triunfo-em-alvalade\/"},"author":{"name":"Telinha","@id":"https:\/\/portaltela.pt\/#\/schema\/person\/c4278d4a6028830caff9ee44b42d32ed"},"headline":"Rea\u00e7\u00f5es dos jogadores do Benfica ao triunfo em Alvalade","datePublished":"2026-04-19T23:33:20+00:00","mainEntityOfPage":{"@id":"https:\/\/portaltela.pt\/noticias\/2026\/04\/19\/reacoes-dos-jogadores-do-benfica-ao-triunfo-em-alvalade\/"},"wordCount":167,"image":{"@id":"https:\/\/portaltela.pt\/noticias\/2026\/04\/19\/reacoes-dos-jogadores-do-benfica-ao-triunfo-em-alvalade\/#primaryimage"},"thumbnailUrl":"https:\/\/portaltela.pt\/s.01k8rhncp4jt1\/2026\/04\/img_1200x721uu2026-04-20-00-21-58-2434211-im-639122413344065607.jpg","keywords":["1.\u00aa Liga","Alvalade","Benfica","futebol","Liga","redes sociais"],"articleSection":["Desporto","Futebol"],"inLanguage":"pt-PT"},{"@type":"WebPage","@id":"https:\/\/portaltela.pt\/noticias\/2026\/04\/19\/reacoes-dos-jogadores-do-benfica-ao-triunfo-em-alvalade\/","url":"https:\/\/portaltela.pt\/noticias\/2026\/04\/19\/reacoes-dos-jogadores-do-benfica-ao-triunfo-em-alvalade\/","name":"Rea\u00e7\u00f5es dos jogadores do Benfica ao triunfo em Alvalade - Portal Tela Portugal","isPartOf":{"@id":"https:\/\/portaltela.pt\/#website"},"primaryImageOfPage":{"@id":"https:\/\/portaltela.pt\/noticias\/2026\/04\/19\/reacoes-dos-jogadores-do-benfica-ao-triunfo-em-alvalade\/#primaryimage"},"image":{"@id":"https:\/\/portaltela.pt\/noticias\/2026\/04\/19\/reacoes-dos-jogadores-do-benfica-ao-triunfo-em-alvalade\/#primaryimage"},"thumbnailUrl":"https:\/\/portaltela.pt\/s.01k8rhncp4jt1\/2026\/04\/img_1200x721uu2026-04-20-00-21-58-2434211-im-639122413344065607.jpg","datePublished":"2026-04-19T23:33:20+00:00","author":{"@id":"https:\/\/portaltela.pt\/#\/schema\/person\/c4278d4a6028830caff9ee44b42d32ed"},"breadcrumb":{"@id":"https:\/\/portaltela.pt\/noticias\/2026\/04\/19\/reacoes-dos-jogadores-do-benfica-ao-triunfo-em-alvalade\/#breadcrumb"},"inLanguage":"pt-PT","potentialAction":[{"@type":"ReadAction","target":["https:\/\/portaltela.pt\/noticias\/2026\/04\/19\/reacoes-dos-jogadores-do-benfica-ao-triunfo-em-alvalade\/"]}]},{"@type":"ImageObject","inLanguage":"pt-PT","@id":"https:\/\/portaltela.pt\/noticias\/2026\/04\/19\/reacoes-dos-jogadores-do-benfica-ao-triunfo-em-alvalade\/#primaryimage","url":"https:\/\/portaltela.pt\/s.01k8rhncp4jt1\/2026\/04\/img_1200x721uu2026-04-20-00-21-58-2434211-im-639122413344065607.jpg","contentUrl":"https:\/\/portaltela.pt\/s.01k8rhncp4jt1\/2026\/04\/img_1200x721uu2026-04-20-00-21-58-2434211-im-639122413344065607.jpg","width":796,"height":448,"caption":"Benfica vence em Alvalade"},{"@type":"BreadcrumbList","@id":"https:\/\/portaltela.pt\/noticias\/2026\/04\/19\/reacoes-dos-jogadores-do-benfica-ao-triunfo-em-alvalade\/#breadcrumb","itemListElement":[{"@type":"ListItem","position":1,"name":"In\u00edcio","item":"https:\/\/portaltela.pt\/"},{"@type":"ListItem","position":2,"name":"Rea\u00e7\u00f5es dos jogadores do Benfica ao triunfo em Alvalade"}]},{"@type":"WebSite","@id":"https:\/\/portaltela.pt\/#website","url":"https:\/\/portaltela.pt\/","name":"Portal Tela Portugal","description":"","potentialAction":[{"@type":"SearchAction","target":{"@type":"EntryPoint","urlTemplate":"https:\/\/portaltela.pt\/?s={search_term_string}"},"query-input":{"@type":"PropertyValueSpecification","valueRequired":true,"valueName":"search_term_string"}}],"inLanguage":"pt-PT"},{"@type":"Person","@id":"https:\/\/portaltela.pt\/#\/schema\/person\/c4278d4a6028830caff9ee44b42d32ed","name":"Telinha","image":{"@type":"ImageObject","inLanguage":"pt-PT","@id":"https:\/\/portaltela.pt\/s.01k8rhncp4jt1\/2025\/11\/talking-bot-125x125.png","url":"https:\/\/portaltela.pt\/s.01k8rhncp4jt1\/2025\/11\/talking-bot-125x125.png","contentUrl":"https:\/\/portaltela.pt\/s.01k8rhncp4jt1\/2025\/11\/talking-bot-125x125.png","caption":"Telinha"},"sameAs":["https:\/\/portaltela.pt\/"],"url":"https:\/\/portaltela.pt\/por\/367410592786\/"}]}},"_links":{"self":[{"href":"https:\/\/portaltela.pt\/api\/wp\/v2\/posts\/450554","targetHints":{"allow":["GET"]}}],"collection":[{"href":"https:\/\/portaltela.pt\/api\/wp\/v2\/posts"}],"about":[{"href":"https:\/\/portaltela.pt\/api\/wp\/v2\/types\/post"}],"author":[{"embeddable":true,"href":"https:\/\/portaltela.pt\/api\/wp\/v2\/users\/2"}],"replies":[{"embeddable":true,"href":"https:\/\/portaltela.pt\/api\/wp\/v2\/comments?post=450554"}],"version-history":[{"count":0,"href":"https:\/\/portaltela.pt\/api\/wp\/v2\/posts\/450554\/revisions"}],"wp:featuredmedia":[{"embeddable":true,"href":"https:\/\/portaltela.pt\/api\/wp\/v2\/media\/450555"}],"wp:attachment":[{"href":"https:\/\/portaltela.pt\/api\/wp\/v2\/media?parent=450554"}],"wp:term":[{"taxonomy":"category","embeddable":true,"href":"https:\/\/portaltela.pt\/api\/wp\/v2\/categories?post=450554"},{"taxonomy":"post_tag","embeddable":true,"href":"https:\/\/portaltela.pt\/api\/wp\/v2\/tags?post=450554"}],"curies":[{"name":"wp","href":"https:\/\/api.w.org\/{rel}","templated":true}]}}