{"id":450552,"date":"2026-04-19T20:33:00","date_gmt":"2026-04-19T23:33:00","guid":{"rendered":"https:\/\/portaltela.pt\/noticias\/2026\/04\/19\/leo-santos-e-vallier-de-regresso-ao-plantel\/"},"modified":"2026-04-19T20:33:00","modified_gmt":"2026-04-19T23:33:00","slug":"leo-santos-e-vallier-de-regresso-ao-plantel","status":"publish","type":"post","link":"https:\/\/portaltela.pt\/desporto\/futebol\/2026\/04\/19\/leo-santos-e-vallier-de-regresso-ao-plantel\/","title":{"rendered":"L\u00e9o Santos e Vallier de regresso ao plantel"},"content":{"rendered":"<p>O Nacional volta a contar com dois defesas que cumpriram suspens\u00e3o para a jornada frente ao Tondela. L\u00e9o Santos e Lenny Vallier est\u00e3o dispon\u00edveis para Tiago Margarido, o treinador, na defesa. O regresso pode colocar L\u00e9o Santos de volta \u00e0 titularidade, j\u00e1 que Francisco Gon\u00e7alves teve uma boa atua\u00e7\u00e3o contra o Alverca.<\/p>\n<p>Na partida anterior, L\u00e9o Santos cumpriu o castigo imposto pela equipa t\u00e9cnica, na vit\u00f3ria frente ao Alverca. O regresso de Vallier ao eixo defensivo tamb\u00e9m est\u00e1 em linha com a estrat\u00e9gia do treinador para manter estabilidade no setor central.<\/p>\n<p>Ulisses, Ivanildo Fernandes e Miguel Baeza permanecem indispon\u00edveis no plantel. Baeza aproxima-se da recupera\u00e7\u00e3o. O Nacional procura conquistar a segunda vit\u00f3ria consecutiva na Liga, objetivo que s\u00f3 alcan\u00e7aram uma vez esta \u00e9poca. Fonte: Record.<\/p>\n<h3>Regresso dos dois defesas<\/h3>\n<p>A equipa espera consolidar uma linha defensiva mais s\u00f3lida com o regresso de L\u00e9o Santos e Vallier. O treinador mant\u00e9m o foco numa dupla de centrais capaz de suportar o ataque advers\u00e1rio. A equipa desloca-se a Tondela para o encontro da pr\u00f3xima jornada.<\/p>\n<p>A aposta em Francisco Gon\u00e7alves, que substituiu o lesionado preparados, foi avaliada positivamente pela dire\u00e7\u00e3o t\u00e9cnica. Com menos op\u00e7\u00f5es no plantel, Margarido refor\u00e7a a import\u00e2ncia de manter o equil\u00edbrio entre defesa e equil\u00edbio ofensivo.<\/p>\n","protected":false},"excerpt":{"rendered":"<ul>\n<li>L\u00e9o Santos e Lenny Vallier ficaram livres de suspens\u00e3o e est\u00e3o dispon\u00edveis para o jogo frente ao Tondela.<\/li>\n<li>O treinador Tiago Margarido deve devolver L\u00e9o Santos \u00e0 titularidade, mesmo ap\u00f3s a boa exibi\u00e7\u00e3o de Francisco Gon\u00e7alves contra o Alverca.<\/li>\n<li>Ulisses, Ivanildo Fernandes e Miguel Baeza ficam de fora; este \u00faltimo est\u00e1 mais pr\u00f3ximo da recupera\u00e7\u00e3o.<\/li>\n<li>Os alvinegros buscam a segunda vit\u00f3ria consecutiva na Liga, algo que apenas once alcan\u00e7aram nesta \u00e9poca.<\/li>\n<li>A partida \u00e9 frente ao Tondela na pr\u00f3xima jornada.<\/li>\n<\/ul>\n","protected":false},"author":2,"featured_media":450553,"comment_status":"closed","ping_status":"closed","sticky":false,"template":"","format":"standard","meta":{"footnotes":""},"categories":[21,24],"tags":[8841,7902,7755,8096,1319],"class_list":["post-450552","post","type-post","status-publish","format-standard","has-post-thumbnail","hentry","category-desporto","category-futebol","tag-_defesa","tag-_desporto","tag-_futebol","tag-_liga","tag-nacional"],"yoast_head":"<!-- This site is optimized with the Yoast SEO plugin v27.2 - https:\/\/yoast.com\/product\/yoast-seo-wordpress\/ -->\n<title>L\u00e9o Santos e Vallier de regresso ao plantel - Portal Tela Portugal<\/title>\n<meta name=\"robots\" content=\"index, follow, max-snippet:-1, max-image-preview:large, max-video-preview:-1\" \/>\n<meta property=\"og:locale\" content=\"pt_PT\" \/>\n<meta property=\"og:type\" content=\"article\" \/>\n<meta property=\"og:title\" content=\"L\u00e9o Santos e Vallier de regresso ao plantel - Portal Tela Portugal\" \/>\n<meta property=\"og:description\" content=\"L\u00e9o Santos e Lenny Vallier ficaram livres de suspens\u00e3o e est\u00e3o dispon\u00edveis para o jogo frente ao Tondela. O treinador Tiago Margarido deve devolver L\u00e9o Santos \u00e0 titularidade, mesmo ap\u00f3s a boa exibi\u00e7\u00e3o de Francisco Gon\u00e7alves contra o Alverca. Ulisses, Ivanildo Fernandes e Miguel Baeza ficam de fora; este \u00faltimo est\u00e1 mais pr\u00f3ximo da recupera\u00e7\u00e3o. Os alvinegros buscam a segunda vit\u00f3ria consecutiva na Liga, algo que apenas once alcan\u00e7aram nesta \u00e9poca. A partida \u00e9 frente ao Tondela na pr\u00f3xima jornada.\" \/>\n<meta property=\"og:url\" content=\"https:\/\/portaltela.pt\/noticias\/2026\/04\/19\/leo-santos-e-vallier-de-regresso-ao-plantel\/\" \/>\n<meta property=\"og:site_name\" content=\"Portal Tela Portugal\" \/>\n<meta property=\"article:published_time\" content=\"2026-04-19T23:33:00+00:00\" \/>\n<meta name=\"author\" content=\"Telinha\" \/>\n<meta name=\"twitter:card\" content=\"summary_large_image\" \/>\n<meta name=\"twitter:label1\" content=\"Escrito por\" \/>\n\t<meta name=\"twitter:data1\" content=\"Telinha\" \/>\n\t<meta name=\"twitter:label2\" content=\"Tempo estimado de leitura\" \/>\n\t<meta name=\"twitter:data2\" content=\"1 minuto\" \/>\n<script type=\"application\/ld+json\" class=\"yoast-schema-graph\">{\"@context\":\"https:\/\/schema.org\",\"@graph\":[{\"@type\":\"Article\",\"@id\":\"https:\/\/portaltela.pt\/noticias\/2026\/04\/19\/leo-santos-e-vallier-de-regresso-ao-plantel\/#article\",\"isPartOf\":{\"@id\":\"https:\/\/portaltela.pt\/noticias\/2026\/04\/19\/leo-santos-e-vallier-de-regresso-ao-plantel\/\"},\"author\":{\"name\":\"Telinha\",\"@id\":\"https:\/\/portaltela.pt\/#\/schema\/person\/c4278d4a6028830caff9ee44b42d32ed\"},\"headline\":\"L\u00e9o Santos e Vallier de regresso ao plantel\",\"datePublished\":\"2026-04-19T23:33:00+00:00\",\"mainEntityOfPage\":{\"@id\":\"https:\/\/portaltela.pt\/noticias\/2026\/04\/19\/leo-santos-e-vallier-de-regresso-ao-plantel\/\"},\"wordCount\":243,\"image\":{\"@id\":\"https:\/\/portaltela.pt\/noticias\/2026\/04\/19\/leo-santos-e-vallier-de-regresso-ao-plantel\/#primaryimage\"},\"thumbnailUrl\":\"https:\/\/portaltela.pt\/s.01k8rhncp4jt1\/2026\/04\/img_920x518uu2026-04-19-17-34-04-2434053-im-639122169436909756.jpg\",\"keywords\":[\"_defesa\",\"_desporto\",\"_futebol\",\"_Liga\",\"Nacional\"],\"articleSection\":[\"Desporto\",\"Futebol\"],\"inLanguage\":\"pt-PT\"},{\"@type\":\"WebPage\",\"@id\":\"https:\/\/portaltela.pt\/noticias\/2026\/04\/19\/leo-santos-e-vallier-de-regresso-ao-plantel\/\",\"url\":\"https:\/\/portaltela.pt\/noticias\/2026\/04\/19\/leo-santos-e-vallier-de-regresso-ao-plantel\/\",\"name\":\"L\u00e9o Santos e Vallier de regresso ao plantel - Portal Tela Portugal\",\"isPartOf\":{\"@id\":\"https:\/\/portaltela.pt\/#website\"},\"primaryImageOfPage\":{\"@id\":\"https:\/\/portaltela.pt\/noticias\/2026\/04\/19\/leo-santos-e-vallier-de-regresso-ao-plantel\/#primaryimage\"},\"image\":{\"@id\":\"https:\/\/portaltela.pt\/noticias\/2026\/04\/19\/leo-santos-e-vallier-de-regresso-ao-plantel\/#primaryimage\"},\"thumbnailUrl\":\"https:\/\/portaltela.pt\/s.01k8rhncp4jt1\/2026\/04\/img_920x518uu2026-04-19-17-34-04-2434053-im-639122169436909756.jpg\",\"datePublished\":\"2026-04-19T23:33:00+00:00\",\"author\":{\"@id\":\"https:\/\/portaltela.pt\/#\/schema\/person\/c4278d4a6028830caff9ee44b42d32ed\"},\"breadcrumb\":{\"@id\":\"https:\/\/portaltela.pt\/noticias\/2026\/04\/19\/leo-santos-e-vallier-de-regresso-ao-plantel\/#breadcrumb\"},\"inLanguage\":\"pt-PT\",\"potentialAction\":[{\"@type\":\"ReadAction\",\"target\":[\"https:\/\/portaltela.pt\/noticias\/2026\/04\/19\/leo-santos-e-vallier-de-regresso-ao-plantel\/\"]}]},{\"@type\":\"ImageObject\",\"inLanguage\":\"pt-PT\",\"@id\":\"https:\/\/portaltela.pt\/noticias\/2026\/04\/19\/leo-santos-e-vallier-de-regresso-ao-plantel\/#primaryimage\",\"url\":\"https:\/\/portaltela.pt\/s.01k8rhncp4jt1\/2026\/04\/img_920x518uu2026-04-19-17-34-04-2434053-im-639122169436909756.jpg\",\"contentUrl\":\"https:\/\/portaltela.pt\/s.01k8rhncp4jt1\/2026\/04\/img_920x518uu2026-04-19-17-34-04-2434053-im-639122169436909756.jpg\",\"width\":796,\"height\":448,\"caption\":\"L\u00e9o Santos cumpriu castigo com o Alverca\"},{\"@type\":\"BreadcrumbList\",\"@id\":\"https:\/\/portaltela.pt\/noticias\/2026\/04\/19\/leo-santos-e-vallier-de-regresso-ao-plantel\/#breadcrumb\",\"itemListElement\":[{\"@type\":\"ListItem\",\"position\":1,\"name\":\"In\u00edcio\",\"item\":\"https:\/\/portaltela.pt\/\"},{\"@type\":\"ListItem\",\"position\":2,\"name\":\"L\u00e9o Santos e Vallier de regresso ao plantel\"}]},{\"@type\":\"WebSite\",\"@id\":\"https:\/\/portaltela.pt\/#website\",\"url\":\"https:\/\/portaltela.pt\/\",\"name\":\"Portal Tela Portugal\",\"description\":\"\",\"potentialAction\":[{\"@type\":\"SearchAction\",\"target\":{\"@type\":\"EntryPoint\",\"urlTemplate\":\"https:\/\/portaltela.pt\/?s={search_term_string}\"},\"query-input\":{\"@type\":\"PropertyValueSpecification\",\"valueRequired\":true,\"valueName\":\"search_term_string\"}}],\"inLanguage\":\"pt-PT\"},{\"@type\":\"Person\",\"@id\":\"https:\/\/portaltela.pt\/#\/schema\/person\/c4278d4a6028830caff9ee44b42d32ed\",\"name\":\"Telinha\",\"image\":{\"@type\":\"ImageObject\",\"inLanguage\":\"pt-PT\",\"@id\":\"https:\/\/portaltela.pt\/s.01k8rhncp4jt1\/2025\/11\/talking-bot-125x125.png\",\"url\":\"https:\/\/portaltela.pt\/s.01k8rhncp4jt1\/2025\/11\/talking-bot-125x125.png\",\"contentUrl\":\"https:\/\/portaltela.pt\/s.01k8rhncp4jt1\/2025\/11\/talking-bot-125x125.png\",\"caption\":\"Telinha\"},\"sameAs\":[\"https:\/\/portaltela.pt\/\"],\"url\":\"https:\/\/portaltela.pt\/por\/367410592786\/\"}]}<\/script>\n<!-- \/ Yoast SEO plugin. -->","yoast_head_json":{"title":"L\u00e9o Santos e Vallier de regresso ao plantel - Portal Tela Portugal","robots":{"index":"index","follow":"follow","max-snippet":"max-snippet:-1","max-image-preview":"max-image-preview:large","max-video-preview":"max-video-preview:-1"},"og_locale":"pt_PT","og_type":"article","og_title":"L\u00e9o Santos e Vallier de regresso ao plantel - Portal Tela Portugal","og_description":"L\u00e9o Santos e Lenny Vallier ficaram livres de suspens\u00e3o e est\u00e3o dispon\u00edveis para o jogo frente ao Tondela. O treinador Tiago Margarido deve devolver L\u00e9o Santos \u00e0 titularidade, mesmo ap\u00f3s a boa exibi\u00e7\u00e3o de Francisco Gon\u00e7alves contra o Alverca. Ulisses, Ivanildo Fernandes e Miguel Baeza ficam de fora; este \u00faltimo est\u00e1 mais pr\u00f3ximo da recupera\u00e7\u00e3o. Os alvinegros buscam a segunda vit\u00f3ria consecutiva na Liga, algo que apenas once alcan\u00e7aram nesta \u00e9poca. A partida \u00e9 frente ao Tondela na pr\u00f3xima jornada.","og_url":"https:\/\/portaltela.pt\/noticias\/2026\/04\/19\/leo-santos-e-vallier-de-regresso-ao-plantel\/","og_site_name":"Portal Tela Portugal","article_published_time":"2026-04-19T23:33:00+00:00","author":"Telinha","twitter_card":"summary_large_image","twitter_misc":{"Escrito por":"Telinha","Tempo estimado de leitura":"1 minuto"},"schema":{"@context":"https:\/\/schema.org","@graph":[{"@type":"Article","@id":"https:\/\/portaltela.pt\/noticias\/2026\/04\/19\/leo-santos-e-vallier-de-regresso-ao-plantel\/#article","isPartOf":{"@id":"https:\/\/portaltela.pt\/noticias\/2026\/04\/19\/leo-santos-e-vallier-de-regresso-ao-plantel\/"},"author":{"name":"Telinha","@id":"https:\/\/portaltela.pt\/#\/schema\/person\/c4278d4a6028830caff9ee44b42d32ed"},"headline":"L\u00e9o Santos e Vallier de regresso ao plantel","datePublished":"2026-04-19T23:33:00+00:00","mainEntityOfPage":{"@id":"https:\/\/portaltela.pt\/noticias\/2026\/04\/19\/leo-santos-e-vallier-de-regresso-ao-plantel\/"},"wordCount":243,"image":{"@id":"https:\/\/portaltela.pt\/noticias\/2026\/04\/19\/leo-santos-e-vallier-de-regresso-ao-plantel\/#primaryimage"},"thumbnailUrl":"https:\/\/portaltela.pt\/s.01k8rhncp4jt1\/2026\/04\/img_920x518uu2026-04-19-17-34-04-2434053-im-639122169436909756.jpg","keywords":["_defesa","_desporto","_futebol","_Liga","Nacional"],"articleSection":["Desporto","Futebol"],"inLanguage":"pt-PT"},{"@type":"WebPage","@id":"https:\/\/portaltela.pt\/noticias\/2026\/04\/19\/leo-santos-e-vallier-de-regresso-ao-plantel\/","url":"https:\/\/portaltela.pt\/noticias\/2026\/04\/19\/leo-santos-e-vallier-de-regresso-ao-plantel\/","name":"L\u00e9o Santos e Vallier de regresso ao plantel - Portal Tela Portugal","isPartOf":{"@id":"https:\/\/portaltela.pt\/#website"},"primaryImageOfPage":{"@id":"https:\/\/portaltela.pt\/noticias\/2026\/04\/19\/leo-santos-e-vallier-de-regresso-ao-plantel\/#primaryimage"},"image":{"@id":"https:\/\/portaltela.pt\/noticias\/2026\/04\/19\/leo-santos-e-vallier-de-regresso-ao-plantel\/#primaryimage"},"thumbnailUrl":"https:\/\/portaltela.pt\/s.01k8rhncp4jt1\/2026\/04\/img_920x518uu2026-04-19-17-34-04-2434053-im-639122169436909756.jpg","datePublished":"2026-04-19T23:33:00+00:00","author":{"@id":"https:\/\/portaltela.pt\/#\/schema\/person\/c4278d4a6028830caff9ee44b42d32ed"},"breadcrumb":{"@id":"https:\/\/portaltela.pt\/noticias\/2026\/04\/19\/leo-santos-e-vallier-de-regresso-ao-plantel\/#breadcrumb"},"inLanguage":"pt-PT","potentialAction":[{"@type":"ReadAction","target":["https:\/\/portaltela.pt\/noticias\/2026\/04\/19\/leo-santos-e-vallier-de-regresso-ao-plantel\/"]}]},{"@type":"ImageObject","inLanguage":"pt-PT","@id":"https:\/\/portaltela.pt\/noticias\/2026\/04\/19\/leo-santos-e-vallier-de-regresso-ao-plantel\/#primaryimage","url":"https:\/\/portaltela.pt\/s.01k8rhncp4jt1\/2026\/04\/img_920x518uu2026-04-19-17-34-04-2434053-im-639122169436909756.jpg","contentUrl":"https:\/\/portaltela.pt\/s.01k8rhncp4jt1\/2026\/04\/img_920x518uu2026-04-19-17-34-04-2434053-im-639122169436909756.jpg","width":796,"height":448,"caption":"L\u00e9o Santos cumpriu castigo com o Alverca"},{"@type":"BreadcrumbList","@id":"https:\/\/portaltela.pt\/noticias\/2026\/04\/19\/leo-santos-e-vallier-de-regresso-ao-plantel\/#breadcrumb","itemListElement":[{"@type":"ListItem","position":1,"name":"In\u00edcio","item":"https:\/\/portaltela.pt\/"},{"@type":"ListItem","position":2,"name":"L\u00e9o Santos e Vallier de regresso ao plantel"}]},{"@type":"WebSite","@id":"https:\/\/portaltela.pt\/#website","url":"https:\/\/portaltela.pt\/","name":"Portal Tela Portugal","description":"","potentialAction":[{"@type":"SearchAction","target":{"@type":"EntryPoint","urlTemplate":"https:\/\/portaltela.pt\/?s={search_term_string}"},"query-input":{"@type":"PropertyValueSpecification","valueRequired":true,"valueName":"search_term_string"}}],"inLanguage":"pt-PT"},{"@type":"Person","@id":"https:\/\/portaltela.pt\/#\/schema\/person\/c4278d4a6028830caff9ee44b42d32ed","name":"Telinha","image":{"@type":"ImageObject","inLanguage":"pt-PT","@id":"https:\/\/portaltela.pt\/s.01k8rhncp4jt1\/2025\/11\/talking-bot-125x125.png","url":"https:\/\/portaltela.pt\/s.01k8rhncp4jt1\/2025\/11\/talking-bot-125x125.png","contentUrl":"https:\/\/portaltela.pt\/s.01k8rhncp4jt1\/2025\/11\/talking-bot-125x125.png","caption":"Telinha"},"sameAs":["https:\/\/portaltela.pt\/"],"url":"https:\/\/portaltela.pt\/por\/367410592786\/"}]}},"_links":{"self":[{"href":"https:\/\/portaltela.pt\/api\/wp\/v2\/posts\/450552","targetHints":{"allow":["GET"]}}],"collection":[{"href":"https:\/\/portaltela.pt\/api\/wp\/v2\/posts"}],"about":[{"href":"https:\/\/portaltela.pt\/api\/wp\/v2\/types\/post"}],"author":[{"embeddable":true,"href":"https:\/\/portaltela.pt\/api\/wp\/v2\/users\/2"}],"replies":[{"embeddable":true,"href":"https:\/\/portaltela.pt\/api\/wp\/v2\/comments?post=450552"}],"version-history":[{"count":0,"href":"https:\/\/portaltela.pt\/api\/wp\/v2\/posts\/450552\/revisions"}],"wp:featuredmedia":[{"embeddable":true,"href":"https:\/\/portaltela.pt\/api\/wp\/v2\/media\/450553"}],"wp:attachment":[{"href":"https:\/\/portaltela.pt\/api\/wp\/v2\/media?parent=450552"}],"wp:term":[{"taxonomy":"category","embeddable":true,"href":"https:\/\/portaltela.pt\/api\/wp\/v2\/categories?post=450552"},{"taxonomy":"post_tag","embeddable":true,"href":"https:\/\/portaltela.pt\/api\/wp\/v2\/tags?post=450552"}],"curies":[{"name":"wp","href":"https:\/\/api.w.org\/{rel}","templated":true}]}}