{"id":450511,"date":"2026-04-19T19:50:00","date_gmt":"2026-04-19T22:50:00","guid":{"rendered":"https:\/\/portaltela.pt\/noticias\/2026\/04\/19\/rui-borges-satisfeito-com-a-exibicao-no-derbi-e-com-o-desfecho-para-o-benfica\/"},"modified":"2026-04-19T19:50:00","modified_gmt":"2026-04-19T22:50:00","slug":"rui-borges-satisfeito-com-a-exibicao-no-derbi-e-com-o-desfecho-para-o-benfica","status":"publish","type":"post","link":"https:\/\/portaltela.pt\/desporto\/futebol\/2026\/04\/19\/rui-borges-satisfeito-com-a-exibicao-no-derbi-e-com-o-desfecho-para-o-benfica\/","title":{"rendered":"Rui Borges satisfeito com a exibi\u00e7\u00e3o no d\u00e9rbi e com o desfecho para o Benfica"},"content":{"rendered":"<p>O Sporting perdeu por 1-2 frente ao Benfica no d\u00e9rbi da liga. Rui Borges analisou o impacto do resultado na classifica\u00e7\u00e3o e na fase seguinte do campeonato.<\/p>\n<p>O Benfica aumentou a press\u00e3o na segunda parte, permitindo que os momentos-chave do jogo definissem o desfecho. O Sporting falhou um pen\u00e1lti e sofreu o segundo golo em contra-ataque.<\/p>\n<p>O treinador referiu cansa\u00e7o em alguns jogadores, gerado pelo duelo com o Arsenal no meio da semana. O desgaste ficou especialmente sentido em 4 ou 5 elementos da equipa.<\/p>\n<p>Quanto \u00e0 perspetiva de classifica\u00e7\u00e3o, ficam mais dif\u00edceis as hip\u00f3teses, mas o t\u00e9cnico disse que ainda \u00e9 matematicamente poss\u00edvel e que a equipa deve manter a cren\u00e7a at\u00e9 ao fim.<\/p>\n","protected":false},"excerpt":{"rendered":"<ul>\n<li>Derbi entre Sporting e Benfica terminou 1-2, com a vit\u00f3ria do Benfica.<\/li>\n<li>Rui Borges afirmou que a equipa come\u00e7ou bem, mas o Benfica aumentou a press\u00e3o e houve falha de pen\u00e1lti que mudou o jogo.<\/li>\n<li>Na segunda parte houve alguma intranquilidade, em parte devido \u00e0s escolhas do Benfica.<\/li>\n<li>O t\u00e9cnico admitiu cansa\u00e7o ap\u00f3s o duelo com o Arsenal, com quatro ou cinco jogadores a sentirem a quebra.<\/li>\n<li>A classifica\u00e7\u00e3o ficou mais dif\u00edcil, mas ainda \u00e9 matematicamente poss\u00edvel, e o Sporting mant\u00e9m a esperan\u00e7a enquanto houver vida.<\/li>\n<\/ul>\n","protected":false},"author":2,"featured_media":450513,"comment_status":"closed","ping_status":"closed","sticky":false,"template":"","format":"standard","meta":{"footnotes":""},"categories":[21,24],"tags":[4143,3852,1946,32,1885,1652],"class_list":["post-450511","post","type-post","status-publish","format-standard","has-post-thumbnail","hentry","category-desporto","category-futebol","tag-1-liga","tag-arsenal","tag-benfica","tag-futebol","tag-penalti","tag-sporting"],"yoast_head":"<!-- This site is optimized with the Yoast SEO plugin v27.2 - https:\/\/yoast.com\/product\/yoast-seo-wordpress\/ -->\n<title>Rui Borges satisfeito com a exibi\u00e7\u00e3o no d\u00e9rbi e com o desfecho para o Benfica - Portal Tela Portugal<\/title>\n<meta name=\"robots\" content=\"index, follow, max-snippet:-1, max-image-preview:large, max-video-preview:-1\" \/>\n<meta property=\"og:locale\" content=\"pt_PT\" \/>\n<meta property=\"og:type\" content=\"article\" \/>\n<meta property=\"og:title\" content=\"Rui Borges satisfeito com a exibi\u00e7\u00e3o no d\u00e9rbi e com o desfecho para o Benfica - Portal Tela Portugal\" \/>\n<meta property=\"og:description\" content=\"Derbi entre Sporting e Benfica terminou 1-2, com a vit\u00f3ria do Benfica. Rui Borges afirmou que a equipa come\u00e7ou bem, mas o Benfica aumentou a press\u00e3o e houve falha de pen\u00e1lti que mudou o jogo. Na segunda parte houve alguma intranquilidade, em parte devido \u00e0s escolhas do Benfica. O t\u00e9cnico admitiu cansa\u00e7o ap\u00f3s o duelo com o Arsenal, com quatro ou cinco jogadores a sentirem a quebra. A classifica\u00e7\u00e3o ficou mais dif\u00edcil, mas ainda \u00e9 matematicamente poss\u00edvel, e o Sporting mant\u00e9m a esperan\u00e7a enquanto houver vida.\" \/>\n<meta property=\"og:url\" content=\"https:\/\/portaltela.pt\/noticias\/2026\/04\/19\/rui-borges-satisfeito-com-a-exibicao-no-derbi-e-com-o-desfecho-para-o-benfica\/\" \/>\n<meta property=\"og:site_name\" content=\"Portal Tela Portugal\" \/>\n<meta property=\"article:published_time\" content=\"2026-04-19T22:50:00+00:00\" \/>\n<meta name=\"author\" content=\"Telinha\" \/>\n<meta name=\"twitter:card\" content=\"summary_large_image\" \/>\n<meta name=\"twitter:label1\" content=\"Escrito por\" \/>\n\t<meta name=\"twitter:data1\" content=\"Telinha\" \/>\n\t<meta name=\"twitter:label2\" content=\"Tempo estimado de leitura\" \/>\n\t<meta name=\"twitter:data2\" content=\"1 minuto\" \/>\n<script type=\"application\/ld+json\" class=\"yoast-schema-graph\">{\"@context\":\"https:\/\/schema.org\",\"@graph\":[{\"@type\":\"Article\",\"@id\":\"https:\/\/portaltela.pt\/noticias\/2026\/04\/19\/rui-borges-satisfeito-com-a-exibicao-no-derbi-e-com-o-desfecho-para-o-benfica\/#article\",\"isPartOf\":{\"@id\":\"https:\/\/portaltela.pt\/noticias\/2026\/04\/19\/rui-borges-satisfeito-com-a-exibicao-no-derbi-e-com-o-desfecho-para-o-benfica\/\"},\"author\":{\"name\":\"Telinha\",\"@id\":\"https:\/\/portaltela.pt\/#\/schema\/person\/c4278d4a6028830caff9ee44b42d32ed\"},\"headline\":\"Rui Borges satisfeito com a exibi\u00e7\u00e3o no d\u00e9rbi e com o desfecho para o Benfica\",\"datePublished\":\"2026-04-19T22:50:00+00:00\",\"mainEntityOfPage\":{\"@id\":\"https:\/\/portaltela.pt\/noticias\/2026\/04\/19\/rui-borges-satisfeito-com-a-exibicao-no-derbi-e-com-o-desfecho-para-o-benfica\/\"},\"wordCount\":139,\"image\":{\"@id\":\"https:\/\/portaltela.pt\/noticias\/2026\/04\/19\/rui-borges-satisfeito-com-a-exibicao-no-derbi-e-com-o-desfecho-para-o-benfica\/#primaryimage\"},\"thumbnailUrl\":\"https:\/\/portaltela.pt\/s.01k8rhncp4jt1\/2026\/04\/image-1170.jpg\",\"keywords\":[\"1. Liga\",\"Arsenal\",\"Benfica\",\"futebol\",\"pen\u00e1lti\",\"Sporting\"],\"articleSection\":[\"Desporto\",\"Futebol\"],\"inLanguage\":\"pt-PT\"},{\"@type\":\"WebPage\",\"@id\":\"https:\/\/portaltela.pt\/noticias\/2026\/04\/19\/rui-borges-satisfeito-com-a-exibicao-no-derbi-e-com-o-desfecho-para-o-benfica\/\",\"url\":\"https:\/\/portaltela.pt\/noticias\/2026\/04\/19\/rui-borges-satisfeito-com-a-exibicao-no-derbi-e-com-o-desfecho-para-o-benfica\/\",\"name\":\"Rui Borges satisfeito com a exibi\u00e7\u00e3o no d\u00e9rbi e com o desfecho para o Benfica - Portal Tela Portugal\",\"isPartOf\":{\"@id\":\"https:\/\/portaltela.pt\/#website\"},\"primaryImageOfPage\":{\"@id\":\"https:\/\/portaltela.pt\/noticias\/2026\/04\/19\/rui-borges-satisfeito-com-a-exibicao-no-derbi-e-com-o-desfecho-para-o-benfica\/#primaryimage\"},\"image\":{\"@id\":\"https:\/\/portaltela.pt\/noticias\/2026\/04\/19\/rui-borges-satisfeito-com-a-exibicao-no-derbi-e-com-o-desfecho-para-o-benfica\/#primaryimage\"},\"thumbnailUrl\":\"https:\/\/portaltela.pt\/s.01k8rhncp4jt1\/2026\/04\/image-1170.jpg\",\"datePublished\":\"2026-04-19T22:50:00+00:00\",\"author\":{\"@id\":\"https:\/\/portaltela.pt\/#\/schema\/person\/c4278d4a6028830caff9ee44b42d32ed\"},\"breadcrumb\":{\"@id\":\"https:\/\/portaltela.pt\/noticias\/2026\/04\/19\/rui-borges-satisfeito-com-a-exibicao-no-derbi-e-com-o-desfecho-para-o-benfica\/#breadcrumb\"},\"inLanguage\":\"pt-PT\",\"potentialAction\":[{\"@type\":\"ReadAction\",\"target\":[\"https:\/\/portaltela.pt\/noticias\/2026\/04\/19\/rui-borges-satisfeito-com-a-exibicao-no-derbi-e-com-o-desfecho-para-o-benfica\/\"]}]},{\"@type\":\"ImageObject\",\"inLanguage\":\"pt-PT\",\"@id\":\"https:\/\/portaltela.pt\/noticias\/2026\/04\/19\/rui-borges-satisfeito-com-a-exibicao-no-derbi-e-com-o-desfecho-para-o-benfica\/#primaryimage\",\"url\":\"https:\/\/portaltela.pt\/s.01k8rhncp4jt1\/2026\/04\/image-1170.jpg\",\"contentUrl\":\"https:\/\/portaltela.pt\/s.01k8rhncp4jt1\/2026\/04\/image-1170.jpg\",\"width\":796,\"height\":448,\"caption\":\"Foto: M\u00e1rio Vasa\"},{\"@type\":\"BreadcrumbList\",\"@id\":\"https:\/\/portaltela.pt\/noticias\/2026\/04\/19\/rui-borges-satisfeito-com-a-exibicao-no-derbi-e-com-o-desfecho-para-o-benfica\/#breadcrumb\",\"itemListElement\":[{\"@type\":\"ListItem\",\"position\":1,\"name\":\"In\u00edcio\",\"item\":\"https:\/\/portaltela.pt\/\"},{\"@type\":\"ListItem\",\"position\":2,\"name\":\"Rui Borges satisfeito com a exibi\u00e7\u00e3o no d\u00e9rbi e com o desfecho para o Benfica\"}]},{\"@type\":\"WebSite\",\"@id\":\"https:\/\/portaltela.pt\/#website\",\"url\":\"https:\/\/portaltela.pt\/\",\"name\":\"Portal Tela Portugal\",\"description\":\"\",\"potentialAction\":[{\"@type\":\"SearchAction\",\"target\":{\"@type\":\"EntryPoint\",\"urlTemplate\":\"https:\/\/portaltela.pt\/?s={search_term_string}\"},\"query-input\":{\"@type\":\"PropertyValueSpecification\",\"valueRequired\":true,\"valueName\":\"search_term_string\"}}],\"inLanguage\":\"pt-PT\"},{\"@type\":\"Person\",\"@id\":\"https:\/\/portaltela.pt\/#\/schema\/person\/c4278d4a6028830caff9ee44b42d32ed\",\"name\":\"Telinha\",\"image\":{\"@type\":\"ImageObject\",\"inLanguage\":\"pt-PT\",\"@id\":\"https:\/\/portaltela.pt\/s.01k8rhncp4jt1\/2025\/11\/talking-bot-125x125.png\",\"url\":\"https:\/\/portaltela.pt\/s.01k8rhncp4jt1\/2025\/11\/talking-bot-125x125.png\",\"contentUrl\":\"https:\/\/portaltela.pt\/s.01k8rhncp4jt1\/2025\/11\/talking-bot-125x125.png\",\"caption\":\"Telinha\"},\"sameAs\":[\"https:\/\/portaltela.pt\/\"],\"url\":\"https:\/\/portaltela.pt\/por\/367410592786\/\"}]}<\/script>\n<!-- \/ Yoast SEO plugin. -->","yoast_head_json":{"title":"Rui Borges satisfeito com a exibi\u00e7\u00e3o no d\u00e9rbi e com o desfecho para o Benfica - Portal Tela Portugal","robots":{"index":"index","follow":"follow","max-snippet":"max-snippet:-1","max-image-preview":"max-image-preview:large","max-video-preview":"max-video-preview:-1"},"og_locale":"pt_PT","og_type":"article","og_title":"Rui Borges satisfeito com a exibi\u00e7\u00e3o no d\u00e9rbi e com o desfecho para o Benfica - Portal Tela Portugal","og_description":"Derbi entre Sporting e Benfica terminou 1-2, com a vit\u00f3ria do Benfica. Rui Borges afirmou que a equipa come\u00e7ou bem, mas o Benfica aumentou a press\u00e3o e houve falha de pen\u00e1lti que mudou o jogo. Na segunda parte houve alguma intranquilidade, em parte devido \u00e0s escolhas do Benfica. O t\u00e9cnico admitiu cansa\u00e7o ap\u00f3s o duelo com o Arsenal, com quatro ou cinco jogadores a sentirem a quebra. A classifica\u00e7\u00e3o ficou mais dif\u00edcil, mas ainda \u00e9 matematicamente poss\u00edvel, e o Sporting mant\u00e9m a esperan\u00e7a enquanto houver vida.","og_url":"https:\/\/portaltela.pt\/noticias\/2026\/04\/19\/rui-borges-satisfeito-com-a-exibicao-no-derbi-e-com-o-desfecho-para-o-benfica\/","og_site_name":"Portal Tela Portugal","article_published_time":"2026-04-19T22:50:00+00:00","author":"Telinha","twitter_card":"summary_large_image","twitter_misc":{"Escrito por":"Telinha","Tempo estimado de leitura":"1 minuto"},"schema":{"@context":"https:\/\/schema.org","@graph":[{"@type":"Article","@id":"https:\/\/portaltela.pt\/noticias\/2026\/04\/19\/rui-borges-satisfeito-com-a-exibicao-no-derbi-e-com-o-desfecho-para-o-benfica\/#article","isPartOf":{"@id":"https:\/\/portaltela.pt\/noticias\/2026\/04\/19\/rui-borges-satisfeito-com-a-exibicao-no-derbi-e-com-o-desfecho-para-o-benfica\/"},"author":{"name":"Telinha","@id":"https:\/\/portaltela.pt\/#\/schema\/person\/c4278d4a6028830caff9ee44b42d32ed"},"headline":"Rui Borges satisfeito com a exibi\u00e7\u00e3o no d\u00e9rbi e com o desfecho para o Benfica","datePublished":"2026-04-19T22:50:00+00:00","mainEntityOfPage":{"@id":"https:\/\/portaltela.pt\/noticias\/2026\/04\/19\/rui-borges-satisfeito-com-a-exibicao-no-derbi-e-com-o-desfecho-para-o-benfica\/"},"wordCount":139,"image":{"@id":"https:\/\/portaltela.pt\/noticias\/2026\/04\/19\/rui-borges-satisfeito-com-a-exibicao-no-derbi-e-com-o-desfecho-para-o-benfica\/#primaryimage"},"thumbnailUrl":"https:\/\/portaltela.pt\/s.01k8rhncp4jt1\/2026\/04\/image-1170.jpg","keywords":["1. Liga","Arsenal","Benfica","futebol","pen\u00e1lti","Sporting"],"articleSection":["Desporto","Futebol"],"inLanguage":"pt-PT"},{"@type":"WebPage","@id":"https:\/\/portaltela.pt\/noticias\/2026\/04\/19\/rui-borges-satisfeito-com-a-exibicao-no-derbi-e-com-o-desfecho-para-o-benfica\/","url":"https:\/\/portaltela.pt\/noticias\/2026\/04\/19\/rui-borges-satisfeito-com-a-exibicao-no-derbi-e-com-o-desfecho-para-o-benfica\/","name":"Rui Borges satisfeito com a exibi\u00e7\u00e3o no d\u00e9rbi e com o desfecho para o Benfica - Portal Tela Portugal","isPartOf":{"@id":"https:\/\/portaltela.pt\/#website"},"primaryImageOfPage":{"@id":"https:\/\/portaltela.pt\/noticias\/2026\/04\/19\/rui-borges-satisfeito-com-a-exibicao-no-derbi-e-com-o-desfecho-para-o-benfica\/#primaryimage"},"image":{"@id":"https:\/\/portaltela.pt\/noticias\/2026\/04\/19\/rui-borges-satisfeito-com-a-exibicao-no-derbi-e-com-o-desfecho-para-o-benfica\/#primaryimage"},"thumbnailUrl":"https:\/\/portaltela.pt\/s.01k8rhncp4jt1\/2026\/04\/image-1170.jpg","datePublished":"2026-04-19T22:50:00+00:00","author":{"@id":"https:\/\/portaltela.pt\/#\/schema\/person\/c4278d4a6028830caff9ee44b42d32ed"},"breadcrumb":{"@id":"https:\/\/portaltela.pt\/noticias\/2026\/04\/19\/rui-borges-satisfeito-com-a-exibicao-no-derbi-e-com-o-desfecho-para-o-benfica\/#breadcrumb"},"inLanguage":"pt-PT","potentialAction":[{"@type":"ReadAction","target":["https:\/\/portaltela.pt\/noticias\/2026\/04\/19\/rui-borges-satisfeito-com-a-exibicao-no-derbi-e-com-o-desfecho-para-o-benfica\/"]}]},{"@type":"ImageObject","inLanguage":"pt-PT","@id":"https:\/\/portaltela.pt\/noticias\/2026\/04\/19\/rui-borges-satisfeito-com-a-exibicao-no-derbi-e-com-o-desfecho-para-o-benfica\/#primaryimage","url":"https:\/\/portaltela.pt\/s.01k8rhncp4jt1\/2026\/04\/image-1170.jpg","contentUrl":"https:\/\/portaltela.pt\/s.01k8rhncp4jt1\/2026\/04\/image-1170.jpg","width":796,"height":448,"caption":"Foto: M\u00e1rio Vasa"},{"@type":"BreadcrumbList","@id":"https:\/\/portaltela.pt\/noticias\/2026\/04\/19\/rui-borges-satisfeito-com-a-exibicao-no-derbi-e-com-o-desfecho-para-o-benfica\/#breadcrumb","itemListElement":[{"@type":"ListItem","position":1,"name":"In\u00edcio","item":"https:\/\/portaltela.pt\/"},{"@type":"ListItem","position":2,"name":"Rui Borges satisfeito com a exibi\u00e7\u00e3o no d\u00e9rbi e com o desfecho para o Benfica"}]},{"@type":"WebSite","@id":"https:\/\/portaltela.pt\/#website","url":"https:\/\/portaltela.pt\/","name":"Portal Tela Portugal","description":"","potentialAction":[{"@type":"SearchAction","target":{"@type":"EntryPoint","urlTemplate":"https:\/\/portaltela.pt\/?s={search_term_string}"},"query-input":{"@type":"PropertyValueSpecification","valueRequired":true,"valueName":"search_term_string"}}],"inLanguage":"pt-PT"},{"@type":"Person","@id":"https:\/\/portaltela.pt\/#\/schema\/person\/c4278d4a6028830caff9ee44b42d32ed","name":"Telinha","image":{"@type":"ImageObject","inLanguage":"pt-PT","@id":"https:\/\/portaltela.pt\/s.01k8rhncp4jt1\/2025\/11\/talking-bot-125x125.png","url":"https:\/\/portaltela.pt\/s.01k8rhncp4jt1\/2025\/11\/talking-bot-125x125.png","contentUrl":"https:\/\/portaltela.pt\/s.01k8rhncp4jt1\/2025\/11\/talking-bot-125x125.png","caption":"Telinha"},"sameAs":["https:\/\/portaltela.pt\/"],"url":"https:\/\/portaltela.pt\/por\/367410592786\/"}]}},"_links":{"self":[{"href":"https:\/\/portaltela.pt\/api\/wp\/v2\/posts\/450511","targetHints":{"allow":["GET"]}}],"collection":[{"href":"https:\/\/portaltela.pt\/api\/wp\/v2\/posts"}],"about":[{"href":"https:\/\/portaltela.pt\/api\/wp\/v2\/types\/post"}],"author":[{"embeddable":true,"href":"https:\/\/portaltela.pt\/api\/wp\/v2\/users\/2"}],"replies":[{"embeddable":true,"href":"https:\/\/portaltela.pt\/api\/wp\/v2\/comments?post=450511"}],"version-history":[{"count":0,"href":"https:\/\/portaltela.pt\/api\/wp\/v2\/posts\/450511\/revisions"}],"wp:featuredmedia":[{"embeddable":true,"href":"https:\/\/portaltela.pt\/api\/wp\/v2\/media\/450513"}],"wp:attachment":[{"href":"https:\/\/portaltela.pt\/api\/wp\/v2\/media?parent=450511"}],"wp:term":[{"taxonomy":"category","embeddable":true,"href":"https:\/\/portaltela.pt\/api\/wp\/v2\/categories?post=450511"},{"taxonomy":"post_tag","embeddable":true,"href":"https:\/\/portaltela.pt\/api\/wp\/v2\/tags?post=450511"}],"curies":[{"name":"wp","href":"https:\/\/api.w.org\/{rel}","templated":true}]}}