{"id":450507,"date":"2026-04-19T19:47:41","date_gmt":"2026-04-19T22:47:41","guid":{"rendered":"https:\/\/portaltela.pt\/noticias\/2026\/04\/19\/gil-dias-lamenta-perder-dois-pontos-com-penalti\/"},"modified":"2026-04-19T19:47:41","modified_gmt":"2026-04-19T22:47:41","slug":"gil-dias-lamenta-perder-dois-pontos-com-penalti","status":"publish","type":"post","link":"https:\/\/portaltela.pt\/desporto\/futebol\/2026\/04\/19\/gil-dias-lamenta-perder-dois-pontos-com-penalti\/","title":{"rendered":"Gil Dias lamenta perder dois pontos com pen\u00e1lti"},"content":{"rendered":"<p>Depois de um empate 2-2 entre Famalic\u00e3o e Sp. Braga, o golo de Ricardo Horta nos descontos ficou a marcar o resultado final. O encontro teve lugar com o desfecho aos 90&#8217;+7, numa jogada convertida no pen\u00e1lti.<\/p>\n<p>O Famalic\u00e3o chegou ao segundo golo na segunda parte, mas acabou por permitir a recupera\u00e7\u00e3o do Braga. A equipa foi dominante na primeira parte e conseguiu ampliar a vantagem, por\u00e9m baixou o bloco na etapa final, o que deu espa\u00e7o aos visitantes para chegar ao empate nos momentos finais.<\/p>\n<p>Gil Dias mostrou-se inconsol\u00e1vel com o desfecho, afirmando que sofrer no \u00faltimo lance \u00e9 frustrante. O extremo reconheceu que o jogo foi decidido por pen\u00e1lti, destacando a coragem da equipa, apesar do resultado, e refor\u00e7ando o foco no pr\u00f3ximo desafio.<\/p>\n<h3>Rea\u00e7\u00e3o de Gil Dias<\/h3>\n<p>O jogador salientou que a equipa respondeu bem a comum adversidade, reagindo ap\u00f3s sofrer golo cedo e mantendo o esp\u00edrito de luta. Refere ainda que o desempenho classifica-se pelo esfor\u00e7o cont\u00ednuo, n\u00e3o apenas pelo resultado.<\/p>\n<h3>An\u00e1lise do desempenho<\/h3>\n<p>Foi sublinhada a capacidade de dom\u00ednio na primeira parte e o ajuste defensivo na segunda. O Braga mostrou-se perigoso nos minutos finais, aproveitando o erro que originou o pen\u00e1lti e mudou o rumo do jogo. O Famalic\u00e3o continua a usar o ritmo alto para manter-se competitivo.<\/p>\n","protected":false},"excerpt":{"rendered":"<ul>\n<li>O Famalic\u00e3o empatou com o Sp. Braga (2-2) ap\u00f3s golo de Ricardo Horta nos descontos (90&#8217;+7).<\/li>\n<li>Gil Dias mostrou-se inconsol\u00e1vel, afirmando que foi mais uma vez pen\u00e1lti a decidir o resultado e que perderam dois pontos.<\/li>\n<li>O extremo disse que dominaram a primeira parte e chegaram ao segundo golo na segunda, mas recuaram e o Braga apertou o tempo todo.<\/li>\n<li>Sublinhou que sofreram no \u00faltimo minuto, mas a equipa \u00e9 de ra\u00e7a e reagiu, n\u00e3o correspondendo ao que se pretende.<\/li>\n<li>Sobre o advers\u00e1rio, disse que \u00e9 uma casa especial para ele, mas joga pelo Famalic\u00e3o e pretende manter o foco no clube, independentemente do rival.<\/li>\n<\/ul>\n","protected":false},"author":2,"featured_media":450508,"comment_status":"closed","ping_status":"closed","sticky":false,"template":"","format":"standard","meta":{"footnotes":""},"categories":[21,24],"tags":[4143,1396,32,1885,2616,2070],"class_list":["post-450507","post","type-post","status-publish","format-standard","has-post-thumbnail","hentry","category-desporto","category-futebol","tag-1-liga","tag-famalicao","tag-futebol","tag-penalti","tag-ricardo-horta","tag-sp-braga"],"yoast_head":"<!-- This site is optimized with the Yoast SEO plugin v27.2 - https:\/\/yoast.com\/product\/yoast-seo-wordpress\/ -->\n<title>Gil Dias lamenta perder dois pontos com pen\u00e1lti - Portal Tela Portugal<\/title>\n<meta name=\"robots\" content=\"index, follow, max-snippet:-1, max-image-preview:large, max-video-preview:-1\" \/>\n<meta property=\"og:locale\" content=\"pt_PT\" \/>\n<meta property=\"og:type\" content=\"article\" \/>\n<meta property=\"og:title\" content=\"Gil Dias lamenta perder dois pontos com pen\u00e1lti - Portal Tela Portugal\" \/>\n<meta property=\"og:description\" content=\"O Famalic\u00e3o empatou com o Sp. Braga (2-2) ap\u00f3s golo de Ricardo Horta nos descontos (90&#039;+7). Gil Dias mostrou-se inconsol\u00e1vel, afirmando que foi mais uma vez pen\u00e1lti a decidir o resultado e que perderam dois pontos. O extremo disse que dominaram a primeira parte e chegaram ao segundo golo na segunda, mas recuaram e o Braga apertou o tempo todo. Sublinhou que sofreram no \u00faltimo minuto, mas a equipa \u00e9 de ra\u00e7a e reagiu, n\u00e3o correspondendo ao que se pretende. Sobre o advers\u00e1rio, disse que \u00e9 uma casa especial para ele, mas joga pelo Famalic\u00e3o e pretende manter o foco no clube, independentemente do rival.\" \/>\n<meta property=\"og:url\" content=\"https:\/\/portaltela.pt\/noticias\/2026\/04\/19\/gil-dias-lamenta-perder-dois-pontos-com-penalti\/\" \/>\n<meta property=\"og:site_name\" content=\"Portal Tela Portugal\" \/>\n<meta property=\"article:published_time\" content=\"2026-04-19T22:47:41+00:00\" \/>\n<meta name=\"author\" content=\"Telinha\" \/>\n<meta name=\"twitter:card\" content=\"summary_large_image\" \/>\n<meta name=\"twitter:label1\" content=\"Escrito por\" \/>\n\t<meta name=\"twitter:data1\" content=\"Telinha\" \/>\n\t<meta name=\"twitter:label2\" content=\"Tempo estimado de leitura\" \/>\n\t<meta name=\"twitter:data2\" content=\"1 minuto\" \/>\n<script type=\"application\/ld+json\" class=\"yoast-schema-graph\">{\"@context\":\"https:\/\/schema.org\",\"@graph\":[{\"@type\":\"Article\",\"@id\":\"https:\/\/portaltela.pt\/noticias\/2026\/04\/19\/gil-dias-lamenta-perder-dois-pontos-com-penalti\/#article\",\"isPartOf\":{\"@id\":\"https:\/\/portaltela.pt\/noticias\/2026\/04\/19\/gil-dias-lamenta-perder-dois-pontos-com-penalti\/\"},\"author\":{\"name\":\"Telinha\",\"@id\":\"https:\/\/portaltela.pt\/#\/schema\/person\/c4278d4a6028830caff9ee44b42d32ed\"},\"headline\":\"Gil Dias lamenta perder dois pontos com pen\u00e1lti\",\"datePublished\":\"2026-04-19T22:47:41+00:00\",\"mainEntityOfPage\":{\"@id\":\"https:\/\/portaltela.pt\/noticias\/2026\/04\/19\/gil-dias-lamenta-perder-dois-pontos-com-penalti\/\"},\"wordCount\":241,\"image\":{\"@id\":\"https:\/\/portaltela.pt\/noticias\/2026\/04\/19\/gil-dias-lamenta-perder-dois-pontos-com-penalti\/#primaryimage\"},\"thumbnailUrl\":\"https:\/\/portaltela.pt\/s.01k8rhncp4jt1\/2026\/04\/img_920x518uu2026-04-19-23-33-32-2434199.jpg\",\"keywords\":[\"1. Liga\",\"Famalic\u00e3o\",\"futebol\",\"pen\u00e1lti\",\"Ricardo Horta\",\"Sp. Braga\"],\"articleSection\":[\"Desporto\",\"Futebol\"],\"inLanguage\":\"pt-PT\"},{\"@type\":\"WebPage\",\"@id\":\"https:\/\/portaltela.pt\/noticias\/2026\/04\/19\/gil-dias-lamenta-perder-dois-pontos-com-penalti\/\",\"url\":\"https:\/\/portaltela.pt\/noticias\/2026\/04\/19\/gil-dias-lamenta-perder-dois-pontos-com-penalti\/\",\"name\":\"Gil Dias lamenta perder dois pontos com pen\u00e1lti - Portal Tela Portugal\",\"isPartOf\":{\"@id\":\"https:\/\/portaltela.pt\/#website\"},\"primaryImageOfPage\":{\"@id\":\"https:\/\/portaltela.pt\/noticias\/2026\/04\/19\/gil-dias-lamenta-perder-dois-pontos-com-penalti\/#primaryimage\"},\"image\":{\"@id\":\"https:\/\/portaltela.pt\/noticias\/2026\/04\/19\/gil-dias-lamenta-perder-dois-pontos-com-penalti\/#primaryimage\"},\"thumbnailUrl\":\"https:\/\/portaltela.pt\/s.01k8rhncp4jt1\/2026\/04\/img_920x518uu2026-04-19-23-33-32-2434199.jpg\",\"datePublished\":\"2026-04-19T22:47:41+00:00\",\"author\":{\"@id\":\"https:\/\/portaltela.pt\/#\/schema\/person\/c4278d4a6028830caff9ee44b42d32ed\"},\"breadcrumb\":{\"@id\":\"https:\/\/portaltela.pt\/noticias\/2026\/04\/19\/gil-dias-lamenta-perder-dois-pontos-com-penalti\/#breadcrumb\"},\"inLanguage\":\"pt-PT\",\"potentialAction\":[{\"@type\":\"ReadAction\",\"target\":[\"https:\/\/portaltela.pt\/noticias\/2026\/04\/19\/gil-dias-lamenta-perder-dois-pontos-com-penalti\/\"]}]},{\"@type\":\"ImageObject\",\"inLanguage\":\"pt-PT\",\"@id\":\"https:\/\/portaltela.pt\/noticias\/2026\/04\/19\/gil-dias-lamenta-perder-dois-pontos-com-penalti\/#primaryimage\",\"url\":\"https:\/\/portaltela.pt\/s.01k8rhncp4jt1\/2026\/04\/img_920x518uu2026-04-19-23-33-32-2434199.jpg\",\"contentUrl\":\"https:\/\/portaltela.pt\/s.01k8rhncp4jt1\/2026\/04\/img_920x518uu2026-04-19-23-33-32-2434199.jpg\",\"width\":796,\"height\":448,\"caption\":\"Gil Dias em a\u00e7\u00e3o contra o Sp. Braga\"},{\"@type\":\"BreadcrumbList\",\"@id\":\"https:\/\/portaltela.pt\/noticias\/2026\/04\/19\/gil-dias-lamenta-perder-dois-pontos-com-penalti\/#breadcrumb\",\"itemListElement\":[{\"@type\":\"ListItem\",\"position\":1,\"name\":\"In\u00edcio\",\"item\":\"https:\/\/portaltela.pt\/\"},{\"@type\":\"ListItem\",\"position\":2,\"name\":\"Gil Dias lamenta perder dois pontos com pen\u00e1lti\"}]},{\"@type\":\"WebSite\",\"@id\":\"https:\/\/portaltela.pt\/#website\",\"url\":\"https:\/\/portaltela.pt\/\",\"name\":\"Portal Tela Portugal\",\"description\":\"\",\"potentialAction\":[{\"@type\":\"SearchAction\",\"target\":{\"@type\":\"EntryPoint\",\"urlTemplate\":\"https:\/\/portaltela.pt\/?s={search_term_string}\"},\"query-input\":{\"@type\":\"PropertyValueSpecification\",\"valueRequired\":true,\"valueName\":\"search_term_string\"}}],\"inLanguage\":\"pt-PT\"},{\"@type\":\"Person\",\"@id\":\"https:\/\/portaltela.pt\/#\/schema\/person\/c4278d4a6028830caff9ee44b42d32ed\",\"name\":\"Telinha\",\"image\":{\"@type\":\"ImageObject\",\"inLanguage\":\"pt-PT\",\"@id\":\"https:\/\/portaltela.pt\/s.01k8rhncp4jt1\/2025\/11\/talking-bot-125x125.png\",\"url\":\"https:\/\/portaltela.pt\/s.01k8rhncp4jt1\/2025\/11\/talking-bot-125x125.png\",\"contentUrl\":\"https:\/\/portaltela.pt\/s.01k8rhncp4jt1\/2025\/11\/talking-bot-125x125.png\",\"caption\":\"Telinha\"},\"sameAs\":[\"https:\/\/portaltela.pt\/\"],\"url\":\"https:\/\/portaltela.pt\/por\/367410592786\/\"}]}<\/script>\n<!-- \/ Yoast SEO plugin. -->","yoast_head_json":{"title":"Gil Dias lamenta perder dois pontos com pen\u00e1lti - Portal Tela Portugal","robots":{"index":"index","follow":"follow","max-snippet":"max-snippet:-1","max-image-preview":"max-image-preview:large","max-video-preview":"max-video-preview:-1"},"og_locale":"pt_PT","og_type":"article","og_title":"Gil Dias lamenta perder dois pontos com pen\u00e1lti - Portal Tela Portugal","og_description":"O Famalic\u00e3o empatou com o Sp. Braga (2-2) ap\u00f3s golo de Ricardo Horta nos descontos (90'+7). Gil Dias mostrou-se inconsol\u00e1vel, afirmando que foi mais uma vez pen\u00e1lti a decidir o resultado e que perderam dois pontos. O extremo disse que dominaram a primeira parte e chegaram ao segundo golo na segunda, mas recuaram e o Braga apertou o tempo todo. Sublinhou que sofreram no \u00faltimo minuto, mas a equipa \u00e9 de ra\u00e7a e reagiu, n\u00e3o correspondendo ao que se pretende. Sobre o advers\u00e1rio, disse que \u00e9 uma casa especial para ele, mas joga pelo Famalic\u00e3o e pretende manter o foco no clube, independentemente do rival.","og_url":"https:\/\/portaltela.pt\/noticias\/2026\/04\/19\/gil-dias-lamenta-perder-dois-pontos-com-penalti\/","og_site_name":"Portal Tela Portugal","article_published_time":"2026-04-19T22:47:41+00:00","author":"Telinha","twitter_card":"summary_large_image","twitter_misc":{"Escrito por":"Telinha","Tempo estimado de leitura":"1 minuto"},"schema":{"@context":"https:\/\/schema.org","@graph":[{"@type":"Article","@id":"https:\/\/portaltela.pt\/noticias\/2026\/04\/19\/gil-dias-lamenta-perder-dois-pontos-com-penalti\/#article","isPartOf":{"@id":"https:\/\/portaltela.pt\/noticias\/2026\/04\/19\/gil-dias-lamenta-perder-dois-pontos-com-penalti\/"},"author":{"name":"Telinha","@id":"https:\/\/portaltela.pt\/#\/schema\/person\/c4278d4a6028830caff9ee44b42d32ed"},"headline":"Gil Dias lamenta perder dois pontos com pen\u00e1lti","datePublished":"2026-04-19T22:47:41+00:00","mainEntityOfPage":{"@id":"https:\/\/portaltela.pt\/noticias\/2026\/04\/19\/gil-dias-lamenta-perder-dois-pontos-com-penalti\/"},"wordCount":241,"image":{"@id":"https:\/\/portaltela.pt\/noticias\/2026\/04\/19\/gil-dias-lamenta-perder-dois-pontos-com-penalti\/#primaryimage"},"thumbnailUrl":"https:\/\/portaltela.pt\/s.01k8rhncp4jt1\/2026\/04\/img_920x518uu2026-04-19-23-33-32-2434199.jpg","keywords":["1. Liga","Famalic\u00e3o","futebol","pen\u00e1lti","Ricardo Horta","Sp. Braga"],"articleSection":["Desporto","Futebol"],"inLanguage":"pt-PT"},{"@type":"WebPage","@id":"https:\/\/portaltela.pt\/noticias\/2026\/04\/19\/gil-dias-lamenta-perder-dois-pontos-com-penalti\/","url":"https:\/\/portaltela.pt\/noticias\/2026\/04\/19\/gil-dias-lamenta-perder-dois-pontos-com-penalti\/","name":"Gil Dias lamenta perder dois pontos com pen\u00e1lti - Portal Tela Portugal","isPartOf":{"@id":"https:\/\/portaltela.pt\/#website"},"primaryImageOfPage":{"@id":"https:\/\/portaltela.pt\/noticias\/2026\/04\/19\/gil-dias-lamenta-perder-dois-pontos-com-penalti\/#primaryimage"},"image":{"@id":"https:\/\/portaltela.pt\/noticias\/2026\/04\/19\/gil-dias-lamenta-perder-dois-pontos-com-penalti\/#primaryimage"},"thumbnailUrl":"https:\/\/portaltela.pt\/s.01k8rhncp4jt1\/2026\/04\/img_920x518uu2026-04-19-23-33-32-2434199.jpg","datePublished":"2026-04-19T22:47:41+00:00","author":{"@id":"https:\/\/portaltela.pt\/#\/schema\/person\/c4278d4a6028830caff9ee44b42d32ed"},"breadcrumb":{"@id":"https:\/\/portaltela.pt\/noticias\/2026\/04\/19\/gil-dias-lamenta-perder-dois-pontos-com-penalti\/#breadcrumb"},"inLanguage":"pt-PT","potentialAction":[{"@type":"ReadAction","target":["https:\/\/portaltela.pt\/noticias\/2026\/04\/19\/gil-dias-lamenta-perder-dois-pontos-com-penalti\/"]}]},{"@type":"ImageObject","inLanguage":"pt-PT","@id":"https:\/\/portaltela.pt\/noticias\/2026\/04\/19\/gil-dias-lamenta-perder-dois-pontos-com-penalti\/#primaryimage","url":"https:\/\/portaltela.pt\/s.01k8rhncp4jt1\/2026\/04\/img_920x518uu2026-04-19-23-33-32-2434199.jpg","contentUrl":"https:\/\/portaltela.pt\/s.01k8rhncp4jt1\/2026\/04\/img_920x518uu2026-04-19-23-33-32-2434199.jpg","width":796,"height":448,"caption":"Gil Dias em a\u00e7\u00e3o contra o Sp. Braga"},{"@type":"BreadcrumbList","@id":"https:\/\/portaltela.pt\/noticias\/2026\/04\/19\/gil-dias-lamenta-perder-dois-pontos-com-penalti\/#breadcrumb","itemListElement":[{"@type":"ListItem","position":1,"name":"In\u00edcio","item":"https:\/\/portaltela.pt\/"},{"@type":"ListItem","position":2,"name":"Gil Dias lamenta perder dois pontos com pen\u00e1lti"}]},{"@type":"WebSite","@id":"https:\/\/portaltela.pt\/#website","url":"https:\/\/portaltela.pt\/","name":"Portal Tela Portugal","description":"","potentialAction":[{"@type":"SearchAction","target":{"@type":"EntryPoint","urlTemplate":"https:\/\/portaltela.pt\/?s={search_term_string}"},"query-input":{"@type":"PropertyValueSpecification","valueRequired":true,"valueName":"search_term_string"}}],"inLanguage":"pt-PT"},{"@type":"Person","@id":"https:\/\/portaltela.pt\/#\/schema\/person\/c4278d4a6028830caff9ee44b42d32ed","name":"Telinha","image":{"@type":"ImageObject","inLanguage":"pt-PT","@id":"https:\/\/portaltela.pt\/s.01k8rhncp4jt1\/2025\/11\/talking-bot-125x125.png","url":"https:\/\/portaltela.pt\/s.01k8rhncp4jt1\/2025\/11\/talking-bot-125x125.png","contentUrl":"https:\/\/portaltela.pt\/s.01k8rhncp4jt1\/2025\/11\/talking-bot-125x125.png","caption":"Telinha"},"sameAs":["https:\/\/portaltela.pt\/"],"url":"https:\/\/portaltela.pt\/por\/367410592786\/"}]}},"_links":{"self":[{"href":"https:\/\/portaltela.pt\/api\/wp\/v2\/posts\/450507","targetHints":{"allow":["GET"]}}],"collection":[{"href":"https:\/\/portaltela.pt\/api\/wp\/v2\/posts"}],"about":[{"href":"https:\/\/portaltela.pt\/api\/wp\/v2\/types\/post"}],"author":[{"embeddable":true,"href":"https:\/\/portaltela.pt\/api\/wp\/v2\/users\/2"}],"replies":[{"embeddable":true,"href":"https:\/\/portaltela.pt\/api\/wp\/v2\/comments?post=450507"}],"version-history":[{"count":0,"href":"https:\/\/portaltela.pt\/api\/wp\/v2\/posts\/450507\/revisions"}],"wp:featuredmedia":[{"embeddable":true,"href":"https:\/\/portaltela.pt\/api\/wp\/v2\/media\/450508"}],"wp:attachment":[{"href":"https:\/\/portaltela.pt\/api\/wp\/v2\/media?parent=450507"}],"wp:term":[{"taxonomy":"category","embeddable":true,"href":"https:\/\/portaltela.pt\/api\/wp\/v2\/categories?post=450507"},{"taxonomy":"post_tag","embeddable":true,"href":"https:\/\/portaltela.pt\/api\/wp\/v2\/tags?post=450507"}],"curies":[{"name":"wp","href":"https:\/\/api.w.org\/{rel}","templated":true}]}}