{"id":450498,"date":"2026-04-19T19:37:36","date_gmt":"2026-04-19T22:37:36","guid":{"rendered":"https:\/\/portaltela.pt\/noticias\/2026\/04\/19\/academica-vence-belenenses-por-2-1-e-fica-no-segundo-lugar\/"},"modified":"2026-04-19T19:37:36","modified_gmt":"2026-04-19T22:37:36","slug":"academica-vence-belenenses-por-2-1-e-fica-no-segundo-lugar","status":"publish","type":"post","link":"https:\/\/portaltela.pt\/desporto\/futebol\/2026\/04\/19\/academica-vence-belenenses-por-2-1-e-fica-no-segundo-lugar\/","title":{"rendered":"Acad\u00e9mica vence Belenenses por 2-1 e fica no segundo lugar"},"content":{"rendered":"<p>A Acad\u00e9mica venceu o Belenenses por 2-1, em jogo da Liga 3, na fase de campe\u00e3o\/subida. A Briosa subiu ao 2.\u00ba lugar, ultrapassando precisamente o Restelo (3.\u00ba) com quatro jornadas para o fim.<\/p>\n<p>A equipa universit\u00e1ria marcou dois golos, enquanto o Belenenses fez um. A vit\u00f3ria coloca a Acad\u00e9mica \u00e0 frente do rival de Restelo na classifica\u00e7\u00e3o da fase de subida.<\/p>\n<p>Restam quatro jornadas para o t\u00e9rmino da fase, o que pode alterar novamente o top-5. A partir daqui, o desempenho nos pr\u00f3ximos encuentros determina o ranking final e o acesso direto \u00e0 promo\u00e7\u00e3o.<\/p>\n","protected":false},"excerpt":{"rendered":"<ul>\n<li>A Acad\u00e9mica venceu o Belenenses por 2-1.<\/li>\n<li>Com o resultado, a Acad\u00e9mica subiu ao 2.\u00ba lugar da fase de campe\u00e3o\/subida da Liga 3.<\/li>\n<li>O Belenenses ficou em 3.\u00ba lugar ap\u00f3s a derrota.<\/li>\n<li>A vit\u00f3ria coloca a Acad\u00e9mica a quatro jornadas do fim da fase.<\/li>\n<li>Ambas as equipas disputam a promo\u00e7\u00e3o direta na reta final da competi\u00e7\u00e3o.<\/li>\n<\/ul>\n","protected":false},"author":2,"featured_media":450499,"comment_status":"closed","ping_status":"closed","sticky":false,"template":"","format":"standard","meta":{"footnotes":""},"categories":[21,24],"tags":[3193,4925,152,32,1786,1628],"class_list":["post-450498","post","type-post","status-publish","format-standard","has-post-thumbnail","hentry","category-desporto","category-futebol","tag-academica","tag-belenenses","tag-desporto","tag-futebol","tag-liga","tag-promocoes"],"yoast_head":"<!-- This site is optimized with the Yoast SEO plugin v27.2 - https:\/\/yoast.com\/product\/yoast-seo-wordpress\/ -->\n<title>Acad\u00e9mica vence Belenenses por 2-1 e fica no segundo lugar - Portal Tela Portugal<\/title>\n<meta name=\"robots\" content=\"index, follow, max-snippet:-1, max-image-preview:large, max-video-preview:-1\" \/>\n<meta property=\"og:locale\" content=\"pt_PT\" \/>\n<meta property=\"og:type\" content=\"article\" \/>\n<meta property=\"og:title\" content=\"Acad\u00e9mica vence Belenenses por 2-1 e fica no segundo lugar - Portal Tela Portugal\" \/>\n<meta property=\"og:description\" content=\"A Acad\u00e9mica venceu o Belenenses por 2-1. Com o resultado, a Acad\u00e9mica subiu ao 2.\u00ba lugar da fase de campe\u00e3o\/subida da Liga 3. O Belenenses ficou em 3.\u00ba lugar ap\u00f3s a derrota. A vit\u00f3ria coloca a Acad\u00e9mica a quatro jornadas do fim da fase. Ambas as equipas disputam a promo\u00e7\u00e3o direta na reta final da competi\u00e7\u00e3o.\" \/>\n<meta property=\"og:url\" content=\"https:\/\/portaltela.pt\/noticias\/2026\/04\/19\/academica-vence-belenenses-por-2-1-e-fica-no-segundo-lugar\/\" \/>\n<meta property=\"og:site_name\" content=\"Portal Tela Portugal\" \/>\n<meta property=\"article:published_time\" content=\"2026-04-19T22:37:36+00:00\" \/>\n<meta name=\"author\" content=\"Telinha\" \/>\n<meta name=\"twitter:card\" content=\"summary_large_image\" \/>\n<meta name=\"twitter:label1\" content=\"Escrito por\" \/>\n\t<meta name=\"twitter:data1\" content=\"Telinha\" \/>\n<script type=\"application\/ld+json\" class=\"yoast-schema-graph\">{\"@context\":\"https:\/\/schema.org\",\"@graph\":[{\"@type\":\"Article\",\"@id\":\"https:\/\/portaltela.pt\/noticias\/2026\/04\/19\/academica-vence-belenenses-por-2-1-e-fica-no-segundo-lugar\/#article\",\"isPartOf\":{\"@id\":\"https:\/\/portaltela.pt\/noticias\/2026\/04\/19\/academica-vence-belenenses-por-2-1-e-fica-no-segundo-lugar\/\"},\"author\":{\"name\":\"Telinha\",\"@id\":\"https:\/\/portaltela.pt\/#\/schema\/person\/c4278d4a6028830caff9ee44b42d32ed\"},\"headline\":\"Acad\u00e9mica vence Belenenses por 2-1 e fica no segundo lugar\",\"datePublished\":\"2026-04-19T22:37:36+00:00\",\"mainEntityOfPage\":{\"@id\":\"https:\/\/portaltela.pt\/noticias\/2026\/04\/19\/academica-vence-belenenses-por-2-1-e-fica-no-segundo-lugar\/\"},\"wordCount\":110,\"image\":{\"@id\":\"https:\/\/portaltela.pt\/noticias\/2026\/04\/19\/academica-vence-belenenses-por-2-1-e-fica-no-segundo-lugar\/#primaryimage\"},\"thumbnailUrl\":\"https:\/\/portaltela.pt\/s.01k8rhncp4jt1\/2026\/04\/img_920x518uu2026-04-19-23-25-11-2434196.jpg\",\"keywords\":[\"Acad\u00e9mica\",\"Belenenses\",\"desporto\",\"futebol\",\"Liga\",\"promo\u00e7\u00f5es\"],\"articleSection\":[\"Desporto\",\"Futebol\"],\"inLanguage\":\"pt-PT\"},{\"@type\":\"WebPage\",\"@id\":\"https:\/\/portaltela.pt\/noticias\/2026\/04\/19\/academica-vence-belenenses-por-2-1-e-fica-no-segundo-lugar\/\",\"url\":\"https:\/\/portaltela.pt\/noticias\/2026\/04\/19\/academica-vence-belenenses-por-2-1-e-fica-no-segundo-lugar\/\",\"name\":\"Acad\u00e9mica vence Belenenses por 2-1 e fica no segundo lugar - Portal Tela Portugal\",\"isPartOf\":{\"@id\":\"https:\/\/portaltela.pt\/#website\"},\"primaryImageOfPage\":{\"@id\":\"https:\/\/portaltela.pt\/noticias\/2026\/04\/19\/academica-vence-belenenses-por-2-1-e-fica-no-segundo-lugar\/#primaryimage\"},\"image\":{\"@id\":\"https:\/\/portaltela.pt\/noticias\/2026\/04\/19\/academica-vence-belenenses-por-2-1-e-fica-no-segundo-lugar\/#primaryimage\"},\"thumbnailUrl\":\"https:\/\/portaltela.pt\/s.01k8rhncp4jt1\/2026\/04\/img_920x518uu2026-04-19-23-25-11-2434196.jpg\",\"datePublished\":\"2026-04-19T22:37:36+00:00\",\"author\":{\"@id\":\"https:\/\/portaltela.pt\/#\/schema\/person\/c4278d4a6028830caff9ee44b42d32ed\"},\"breadcrumb\":{\"@id\":\"https:\/\/portaltela.pt\/noticias\/2026\/04\/19\/academica-vence-belenenses-por-2-1-e-fica-no-segundo-lugar\/#breadcrumb\"},\"inLanguage\":\"pt-PT\",\"potentialAction\":[{\"@type\":\"ReadAction\",\"target\":[\"https:\/\/portaltela.pt\/noticias\/2026\/04\/19\/academica-vence-belenenses-por-2-1-e-fica-no-segundo-lugar\/\"]}]},{\"@type\":\"ImageObject\",\"inLanguage\":\"pt-PT\",\"@id\":\"https:\/\/portaltela.pt\/noticias\/2026\/04\/19\/academica-vence-belenenses-por-2-1-e-fica-no-segundo-lugar\/#primaryimage\",\"url\":\"https:\/\/portaltela.pt\/s.01k8rhncp4jt1\/2026\/04\/img_920x518uu2026-04-19-23-25-11-2434196.jpg\",\"contentUrl\":\"https:\/\/portaltela.pt\/s.01k8rhncp4jt1\/2026\/04\/img_920x518uu2026-04-19-23-25-11-2434196.jpg\",\"width\":796,\"height\":448,\"caption\":\"Beni fez o 2-0 para os estudantes\"},{\"@type\":\"BreadcrumbList\",\"@id\":\"https:\/\/portaltela.pt\/noticias\/2026\/04\/19\/academica-vence-belenenses-por-2-1-e-fica-no-segundo-lugar\/#breadcrumb\",\"itemListElement\":[{\"@type\":\"ListItem\",\"position\":1,\"name\":\"In\u00edcio\",\"item\":\"https:\/\/portaltela.pt\/\"},{\"@type\":\"ListItem\",\"position\":2,\"name\":\"Acad\u00e9mica vence Belenenses por 2-1 e fica no segundo lugar\"}]},{\"@type\":\"WebSite\",\"@id\":\"https:\/\/portaltela.pt\/#website\",\"url\":\"https:\/\/portaltela.pt\/\",\"name\":\"Portal Tela Portugal\",\"description\":\"\",\"potentialAction\":[{\"@type\":\"SearchAction\",\"target\":{\"@type\":\"EntryPoint\",\"urlTemplate\":\"https:\/\/portaltela.pt\/?s={search_term_string}\"},\"query-input\":{\"@type\":\"PropertyValueSpecification\",\"valueRequired\":true,\"valueName\":\"search_term_string\"}}],\"inLanguage\":\"pt-PT\"},{\"@type\":\"Person\",\"@id\":\"https:\/\/portaltela.pt\/#\/schema\/person\/c4278d4a6028830caff9ee44b42d32ed\",\"name\":\"Telinha\",\"image\":{\"@type\":\"ImageObject\",\"inLanguage\":\"pt-PT\",\"@id\":\"https:\/\/portaltela.pt\/s.01k8rhncp4jt1\/2025\/11\/talking-bot-125x125.png\",\"url\":\"https:\/\/portaltela.pt\/s.01k8rhncp4jt1\/2025\/11\/talking-bot-125x125.png\",\"contentUrl\":\"https:\/\/portaltela.pt\/s.01k8rhncp4jt1\/2025\/11\/talking-bot-125x125.png\",\"caption\":\"Telinha\"},\"sameAs\":[\"https:\/\/portaltela.pt\/\"],\"url\":\"https:\/\/portaltela.pt\/por\/367410592786\/\"}]}<\/script>\n<!-- \/ Yoast SEO plugin. -->","yoast_head_json":{"title":"Acad\u00e9mica vence Belenenses por 2-1 e fica no segundo lugar - Portal Tela Portugal","robots":{"index":"index","follow":"follow","max-snippet":"max-snippet:-1","max-image-preview":"max-image-preview:large","max-video-preview":"max-video-preview:-1"},"og_locale":"pt_PT","og_type":"article","og_title":"Acad\u00e9mica vence Belenenses por 2-1 e fica no segundo lugar - Portal Tela Portugal","og_description":"A Acad\u00e9mica venceu o Belenenses por 2-1. Com o resultado, a Acad\u00e9mica subiu ao 2.\u00ba lugar da fase de campe\u00e3o\/subida da Liga 3. O Belenenses ficou em 3.\u00ba lugar ap\u00f3s a derrota. A vit\u00f3ria coloca a Acad\u00e9mica a quatro jornadas do fim da fase. Ambas as equipas disputam a promo\u00e7\u00e3o direta na reta final da competi\u00e7\u00e3o.","og_url":"https:\/\/portaltela.pt\/noticias\/2026\/04\/19\/academica-vence-belenenses-por-2-1-e-fica-no-segundo-lugar\/","og_site_name":"Portal Tela Portugal","article_published_time":"2026-04-19T22:37:36+00:00","author":"Telinha","twitter_card":"summary_large_image","twitter_misc":{"Escrito por":"Telinha"},"schema":{"@context":"https:\/\/schema.org","@graph":[{"@type":"Article","@id":"https:\/\/portaltela.pt\/noticias\/2026\/04\/19\/academica-vence-belenenses-por-2-1-e-fica-no-segundo-lugar\/#article","isPartOf":{"@id":"https:\/\/portaltela.pt\/noticias\/2026\/04\/19\/academica-vence-belenenses-por-2-1-e-fica-no-segundo-lugar\/"},"author":{"name":"Telinha","@id":"https:\/\/portaltela.pt\/#\/schema\/person\/c4278d4a6028830caff9ee44b42d32ed"},"headline":"Acad\u00e9mica vence Belenenses por 2-1 e fica no segundo lugar","datePublished":"2026-04-19T22:37:36+00:00","mainEntityOfPage":{"@id":"https:\/\/portaltela.pt\/noticias\/2026\/04\/19\/academica-vence-belenenses-por-2-1-e-fica-no-segundo-lugar\/"},"wordCount":110,"image":{"@id":"https:\/\/portaltela.pt\/noticias\/2026\/04\/19\/academica-vence-belenenses-por-2-1-e-fica-no-segundo-lugar\/#primaryimage"},"thumbnailUrl":"https:\/\/portaltela.pt\/s.01k8rhncp4jt1\/2026\/04\/img_920x518uu2026-04-19-23-25-11-2434196.jpg","keywords":["Acad\u00e9mica","Belenenses","desporto","futebol","Liga","promo\u00e7\u00f5es"],"articleSection":["Desporto","Futebol"],"inLanguage":"pt-PT"},{"@type":"WebPage","@id":"https:\/\/portaltela.pt\/noticias\/2026\/04\/19\/academica-vence-belenenses-por-2-1-e-fica-no-segundo-lugar\/","url":"https:\/\/portaltela.pt\/noticias\/2026\/04\/19\/academica-vence-belenenses-por-2-1-e-fica-no-segundo-lugar\/","name":"Acad\u00e9mica vence Belenenses por 2-1 e fica no segundo lugar - Portal Tela Portugal","isPartOf":{"@id":"https:\/\/portaltela.pt\/#website"},"primaryImageOfPage":{"@id":"https:\/\/portaltela.pt\/noticias\/2026\/04\/19\/academica-vence-belenenses-por-2-1-e-fica-no-segundo-lugar\/#primaryimage"},"image":{"@id":"https:\/\/portaltela.pt\/noticias\/2026\/04\/19\/academica-vence-belenenses-por-2-1-e-fica-no-segundo-lugar\/#primaryimage"},"thumbnailUrl":"https:\/\/portaltela.pt\/s.01k8rhncp4jt1\/2026\/04\/img_920x518uu2026-04-19-23-25-11-2434196.jpg","datePublished":"2026-04-19T22:37:36+00:00","author":{"@id":"https:\/\/portaltela.pt\/#\/schema\/person\/c4278d4a6028830caff9ee44b42d32ed"},"breadcrumb":{"@id":"https:\/\/portaltela.pt\/noticias\/2026\/04\/19\/academica-vence-belenenses-por-2-1-e-fica-no-segundo-lugar\/#breadcrumb"},"inLanguage":"pt-PT","potentialAction":[{"@type":"ReadAction","target":["https:\/\/portaltela.pt\/noticias\/2026\/04\/19\/academica-vence-belenenses-por-2-1-e-fica-no-segundo-lugar\/"]}]},{"@type":"ImageObject","inLanguage":"pt-PT","@id":"https:\/\/portaltela.pt\/noticias\/2026\/04\/19\/academica-vence-belenenses-por-2-1-e-fica-no-segundo-lugar\/#primaryimage","url":"https:\/\/portaltela.pt\/s.01k8rhncp4jt1\/2026\/04\/img_920x518uu2026-04-19-23-25-11-2434196.jpg","contentUrl":"https:\/\/portaltela.pt\/s.01k8rhncp4jt1\/2026\/04\/img_920x518uu2026-04-19-23-25-11-2434196.jpg","width":796,"height":448,"caption":"Beni fez o 2-0 para os estudantes"},{"@type":"BreadcrumbList","@id":"https:\/\/portaltela.pt\/noticias\/2026\/04\/19\/academica-vence-belenenses-por-2-1-e-fica-no-segundo-lugar\/#breadcrumb","itemListElement":[{"@type":"ListItem","position":1,"name":"In\u00edcio","item":"https:\/\/portaltela.pt\/"},{"@type":"ListItem","position":2,"name":"Acad\u00e9mica vence Belenenses por 2-1 e fica no segundo lugar"}]},{"@type":"WebSite","@id":"https:\/\/portaltela.pt\/#website","url":"https:\/\/portaltela.pt\/","name":"Portal Tela Portugal","description":"","potentialAction":[{"@type":"SearchAction","target":{"@type":"EntryPoint","urlTemplate":"https:\/\/portaltela.pt\/?s={search_term_string}"},"query-input":{"@type":"PropertyValueSpecification","valueRequired":true,"valueName":"search_term_string"}}],"inLanguage":"pt-PT"},{"@type":"Person","@id":"https:\/\/portaltela.pt\/#\/schema\/person\/c4278d4a6028830caff9ee44b42d32ed","name":"Telinha","image":{"@type":"ImageObject","inLanguage":"pt-PT","@id":"https:\/\/portaltela.pt\/s.01k8rhncp4jt1\/2025\/11\/talking-bot-125x125.png","url":"https:\/\/portaltela.pt\/s.01k8rhncp4jt1\/2025\/11\/talking-bot-125x125.png","contentUrl":"https:\/\/portaltela.pt\/s.01k8rhncp4jt1\/2025\/11\/talking-bot-125x125.png","caption":"Telinha"},"sameAs":["https:\/\/portaltela.pt\/"],"url":"https:\/\/portaltela.pt\/por\/367410592786\/"}]}},"_links":{"self":[{"href":"https:\/\/portaltela.pt\/api\/wp\/v2\/posts\/450498","targetHints":{"allow":["GET"]}}],"collection":[{"href":"https:\/\/portaltela.pt\/api\/wp\/v2\/posts"}],"about":[{"href":"https:\/\/portaltela.pt\/api\/wp\/v2\/types\/post"}],"author":[{"embeddable":true,"href":"https:\/\/portaltela.pt\/api\/wp\/v2\/users\/2"}],"replies":[{"embeddable":true,"href":"https:\/\/portaltela.pt\/api\/wp\/v2\/comments?post=450498"}],"version-history":[{"count":0,"href":"https:\/\/portaltela.pt\/api\/wp\/v2\/posts\/450498\/revisions"}],"wp:featuredmedia":[{"embeddable":true,"href":"https:\/\/portaltela.pt\/api\/wp\/v2\/media\/450499"}],"wp:attachment":[{"href":"https:\/\/portaltela.pt\/api\/wp\/v2\/media?parent=450498"}],"wp:term":[{"taxonomy":"category","embeddable":true,"href":"https:\/\/portaltela.pt\/api\/wp\/v2\/categories?post=450498"},{"taxonomy":"post_tag","embeddable":true,"href":"https:\/\/portaltela.pt\/api\/wp\/v2\/tags?post=450498"}],"curies":[{"name":"wp","href":"https:\/\/api.w.org\/{rel}","templated":true}]}}