{"id":450495,"date":"2026-04-19T19:33:00","date_gmt":"2026-04-19T22:33:00","guid":{"rendered":"https:\/\/portaltela.pt\/noticias\/2026\/04\/19\/ricardo-horta-ve-o-empate-como-ponto-potencialmente-importante\/"},"modified":"2026-04-19T19:33:00","modified_gmt":"2026-04-19T22:33:00","slug":"ricardo-horta-ve-o-empate-como-ponto-potencialmente-importante","status":"publish","type":"post","link":"https:\/\/portaltela.pt\/desporto\/futebol\/2026\/04\/19\/ricardo-horta-ve-o-empate-como-ponto-potencialmente-importante\/","title":{"rendered":"Ricardo Horta v\u00ea o empate como ponto potencialmente importante"},"content":{"rendered":"<p>O Sp. Braga empatou 2-2 com o Famalic\u00e3o, em jogo da Liga, quando o capit\u00e3o Ricardo Horta marcou aos 90&#8217;+7 apenas de pen\u00e1lti, levando as bancadas a festa de conten\u00e7\u00e3o. O resultado surgiu numa \u00faltima carga de ra\u00e7a dos bracarenses, que j\u00e1 tinham chegado ao empate em momentos anteriores.<\/p>\n<p>No balan\u00e7o, Horta destacou a postura da equipa, que nunca deixou de lutar at\u00e9 ao fim. O capit\u00e3o reconheceu que o advers\u00e1rio criou situa\u00e7\u00f5es de perigo, especialmente junto aos m\u00e9dios, mas salientou que o conjunto manteve o plano e assegurou pelo menos um ponto.<\/p>\n<p>Desempenho e contexto<\/p>\n<p>A equipa universit\u00e1ria manteve a estrat\u00e9gia de evitar a passagem pela linha central do advers\u00e1rio, focando-se nos equil\u00edbrios defensivos e na transi\u00e7\u00e3o r\u00e1pida. O encontro seguiu com altern\u00e2ncias de dom\u00ednio, refletindo a qualidade de ambas as forma\u00e7\u00f5es.<\/p>\n<p>Desgaste e perspetivas futuras<\/p>\n<p>Apesar do esfor\u00e7o rotinado ap\u00f3s o duelo com o Betis, o Sp. Braga fez apenas quatro altera\u00e7\u00f5es, mantendo energia para enfrentar o pr\u00f3ximo desafio, contra o Casa Pia. A equipa continua na luta por uma posi\u00e7\u00e3o qualificat\u00f3ria, mantendo o foco no campeonato.<\/p>\n","protected":false},"excerpt":{"rendered":"<ul>\n<li>O Sp. Braga empatou 2-2 com o Famalic\u00e3o, com Ricardo Horta a apontar o golo do empate de pen\u00e1lti aos 90&#8217;+7.<\/li>\n<li>Horta ressalvou que o resultado \u00e9 um ponto que pode ser importante, destacando a luta at\u00e9 ao fim e a resili\u00eancia da equipa.<\/li>\n<li>A derrota n\u00e3o impediu a consist\u00eancia: o jogo com o Betis ficou na mem\u00f3ria, e o Braga manteve o foco no pr\u00f3ximo desafio.<\/li>\n<li>O clube fez quatro altera\u00e7\u00f5es, mantendo energia ap\u00f3s a vit\u00f3ria hist\u00f3rica frente ao Betis, tratando este jogo como uma final pela luta pelo quarto lugar.<\/li>\n<li>A estrat\u00e9gia passou por travar os m\u00e9dios advers\u00e1rios, evitar passes para essa zona e manter o foco no Casa Pia, no pr\u00f3ximo encontro.<\/li>\n<\/ul>\n","protected":false},"author":2,"featured_media":450497,"comment_status":"closed","ping_status":"closed","sticky":false,"template":"","format":"standard","meta":{"footnotes":""},"categories":[21,24],"tags":[4143,1207,5176,6511,32,2616],"class_list":["post-450495","post","type-post","status-publish","format-standard","has-post-thumbnail","hentry","category-desporto","category-futebol","tag-1-liga","tag-braga","tag-casa-pia","tag-empate","tag-futebol","tag-ricardo-horta"],"yoast_head":"<!-- This site is optimized with the Yoast SEO plugin v27.2 - https:\/\/yoast.com\/product\/yoast-seo-wordpress\/ -->\n<title>Ricardo Horta v\u00ea o empate como ponto potencialmente importante - Portal Tela Portugal<\/title>\n<meta name=\"robots\" content=\"index, follow, max-snippet:-1, max-image-preview:large, max-video-preview:-1\" \/>\n<meta property=\"og:locale\" content=\"pt_PT\" \/>\n<meta property=\"og:type\" content=\"article\" \/>\n<meta property=\"og:title\" content=\"Ricardo Horta v\u00ea o empate como ponto potencialmente importante - Portal Tela Portugal\" \/>\n<meta property=\"og:description\" content=\"O Sp. Braga empatou 2-2 com o Famalic\u00e3o, com Ricardo Horta a apontar o golo do empate de pen\u00e1lti aos 90&#039;+7. Horta ressalvou que o resultado \u00e9 um ponto que pode ser importante, destacando a luta at\u00e9 ao fim e a resili\u00eancia da equipa. A derrota n\u00e3o impediu a consist\u00eancia: o jogo com o Betis ficou na mem\u00f3ria, e o Braga manteve o foco no pr\u00f3ximo desafio. O clube fez quatro altera\u00e7\u00f5es, mantendo energia ap\u00f3s a vit\u00f3ria hist\u00f3rica frente ao Betis, tratando este jogo como uma final pela luta pelo quarto lugar. A estrat\u00e9gia passou por travar os m\u00e9dios advers\u00e1rios, evitar passes para essa zona e manter o foco no Casa Pia, no pr\u00f3ximo encontro.\" \/>\n<meta property=\"og:url\" content=\"https:\/\/portaltela.pt\/noticias\/2026\/04\/19\/ricardo-horta-ve-o-empate-como-ponto-potencialmente-importante\/\" \/>\n<meta property=\"og:site_name\" content=\"Portal Tela Portugal\" \/>\n<meta property=\"article:published_time\" content=\"2026-04-19T22:33:00+00:00\" \/>\n<meta name=\"author\" content=\"Telinha\" \/>\n<meta name=\"twitter:card\" content=\"summary_large_image\" \/>\n<meta name=\"twitter:label1\" content=\"Escrito por\" \/>\n\t<meta name=\"twitter:data1\" content=\"Telinha\" \/>\n\t<meta name=\"twitter:label2\" content=\"Tempo estimado de leitura\" \/>\n\t<meta name=\"twitter:data2\" content=\"1 minuto\" \/>\n<script type=\"application\/ld+json\" class=\"yoast-schema-graph\">{\"@context\":\"https:\/\/schema.org\",\"@graph\":[{\"@type\":\"Article\",\"@id\":\"https:\/\/portaltela.pt\/noticias\/2026\/04\/19\/ricardo-horta-ve-o-empate-como-ponto-potencialmente-importante\/#article\",\"isPartOf\":{\"@id\":\"https:\/\/portaltela.pt\/noticias\/2026\/04\/19\/ricardo-horta-ve-o-empate-como-ponto-potencialmente-importante\/\"},\"author\":{\"name\":\"Telinha\",\"@id\":\"https:\/\/portaltela.pt\/#\/schema\/person\/c4278d4a6028830caff9ee44b42d32ed\"},\"headline\":\"Ricardo Horta v\u00ea o empate como ponto potencialmente importante\",\"datePublished\":\"2026-04-19T22:33:00+00:00\",\"mainEntityOfPage\":{\"@id\":\"https:\/\/portaltela.pt\/noticias\/2026\/04\/19\/ricardo-horta-ve-o-empate-como-ponto-potencialmente-importante\/\"},\"wordCount\":212,\"image\":{\"@id\":\"https:\/\/portaltela.pt\/noticias\/2026\/04\/19\/ricardo-horta-ve-o-empate-como-ponto-potencialmente-importante\/#primaryimage\"},\"thumbnailUrl\":\"https:\/\/portaltela.pt\/s.01k8rhncp4jt1\/2026\/04\/img_920x518uu2026-04-19-23-30-01-2434197.jpg\",\"keywords\":[\"1. Liga\",\"Braga\",\"Casa Pia\",\"empate\",\"futebol\",\"Ricardo Horta\"],\"articleSection\":[\"Desporto\",\"Futebol\"],\"inLanguage\":\"pt-PT\"},{\"@type\":\"WebPage\",\"@id\":\"https:\/\/portaltela.pt\/noticias\/2026\/04\/19\/ricardo-horta-ve-o-empate-como-ponto-potencialmente-importante\/\",\"url\":\"https:\/\/portaltela.pt\/noticias\/2026\/04\/19\/ricardo-horta-ve-o-empate-como-ponto-potencialmente-importante\/\",\"name\":\"Ricardo Horta v\u00ea o empate como ponto potencialmente importante - Portal Tela Portugal\",\"isPartOf\":{\"@id\":\"https:\/\/portaltela.pt\/#website\"},\"primaryImageOfPage\":{\"@id\":\"https:\/\/portaltela.pt\/noticias\/2026\/04\/19\/ricardo-horta-ve-o-empate-como-ponto-potencialmente-importante\/#primaryimage\"},\"image\":{\"@id\":\"https:\/\/portaltela.pt\/noticias\/2026\/04\/19\/ricardo-horta-ve-o-empate-como-ponto-potencialmente-importante\/#primaryimage\"},\"thumbnailUrl\":\"https:\/\/portaltela.pt\/s.01k8rhncp4jt1\/2026\/04\/img_920x518uu2026-04-19-23-30-01-2434197.jpg\",\"datePublished\":\"2026-04-19T22:33:00+00:00\",\"author\":{\"@id\":\"https:\/\/portaltela.pt\/#\/schema\/person\/c4278d4a6028830caff9ee44b42d32ed\"},\"breadcrumb\":{\"@id\":\"https:\/\/portaltela.pt\/noticias\/2026\/04\/19\/ricardo-horta-ve-o-empate-como-ponto-potencialmente-importante\/#breadcrumb\"},\"inLanguage\":\"pt-PT\",\"potentialAction\":[{\"@type\":\"ReadAction\",\"target\":[\"https:\/\/portaltela.pt\/noticias\/2026\/04\/19\/ricardo-horta-ve-o-empate-como-ponto-potencialmente-importante\/\"]}]},{\"@type\":\"ImageObject\",\"inLanguage\":\"pt-PT\",\"@id\":\"https:\/\/portaltela.pt\/noticias\/2026\/04\/19\/ricardo-horta-ve-o-empate-como-ponto-potencialmente-importante\/#primaryimage\",\"url\":\"https:\/\/portaltela.pt\/s.01k8rhncp4jt1\/2026\/04\/img_920x518uu2026-04-19-23-30-01-2434197.jpg\",\"contentUrl\":\"https:\/\/portaltela.pt\/s.01k8rhncp4jt1\/2026\/04\/img_920x518uu2026-04-19-23-30-01-2434197.jpg\",\"width\":796,\"height\":448,\"caption\":\"O momento em que Ricardo Horta marca de pen\u00e1lti\"},{\"@type\":\"BreadcrumbList\",\"@id\":\"https:\/\/portaltela.pt\/noticias\/2026\/04\/19\/ricardo-horta-ve-o-empate-como-ponto-potencialmente-importante\/#breadcrumb\",\"itemListElement\":[{\"@type\":\"ListItem\",\"position\":1,\"name\":\"In\u00edcio\",\"item\":\"https:\/\/portaltela.pt\/\"},{\"@type\":\"ListItem\",\"position\":2,\"name\":\"Ricardo Horta v\u00ea o empate como ponto potencialmente importante\"}]},{\"@type\":\"WebSite\",\"@id\":\"https:\/\/portaltela.pt\/#website\",\"url\":\"https:\/\/portaltela.pt\/\",\"name\":\"Portal Tela Portugal\",\"description\":\"\",\"potentialAction\":[{\"@type\":\"SearchAction\",\"target\":{\"@type\":\"EntryPoint\",\"urlTemplate\":\"https:\/\/portaltela.pt\/?s={search_term_string}\"},\"query-input\":{\"@type\":\"PropertyValueSpecification\",\"valueRequired\":true,\"valueName\":\"search_term_string\"}}],\"inLanguage\":\"pt-PT\"},{\"@type\":\"Person\",\"@id\":\"https:\/\/portaltela.pt\/#\/schema\/person\/c4278d4a6028830caff9ee44b42d32ed\",\"name\":\"Telinha\",\"image\":{\"@type\":\"ImageObject\",\"inLanguage\":\"pt-PT\",\"@id\":\"https:\/\/portaltela.pt\/s.01k8rhncp4jt1\/2025\/11\/talking-bot-125x125.png\",\"url\":\"https:\/\/portaltela.pt\/s.01k8rhncp4jt1\/2025\/11\/talking-bot-125x125.png\",\"contentUrl\":\"https:\/\/portaltela.pt\/s.01k8rhncp4jt1\/2025\/11\/talking-bot-125x125.png\",\"caption\":\"Telinha\"},\"sameAs\":[\"https:\/\/portaltela.pt\/\"],\"url\":\"https:\/\/portaltela.pt\/por\/367410592786\/\"}]}<\/script>\n<!-- \/ Yoast SEO plugin. -->","yoast_head_json":{"title":"Ricardo Horta v\u00ea o empate como ponto potencialmente importante - Portal Tela Portugal","robots":{"index":"index","follow":"follow","max-snippet":"max-snippet:-1","max-image-preview":"max-image-preview:large","max-video-preview":"max-video-preview:-1"},"og_locale":"pt_PT","og_type":"article","og_title":"Ricardo Horta v\u00ea o empate como ponto potencialmente importante - Portal Tela Portugal","og_description":"O Sp. Braga empatou 2-2 com o Famalic\u00e3o, com Ricardo Horta a apontar o golo do empate de pen\u00e1lti aos 90'+7. Horta ressalvou que o resultado \u00e9 um ponto que pode ser importante, destacando a luta at\u00e9 ao fim e a resili\u00eancia da equipa. A derrota n\u00e3o impediu a consist\u00eancia: o jogo com o Betis ficou na mem\u00f3ria, e o Braga manteve o foco no pr\u00f3ximo desafio. O clube fez quatro altera\u00e7\u00f5es, mantendo energia ap\u00f3s a vit\u00f3ria hist\u00f3rica frente ao Betis, tratando este jogo como uma final pela luta pelo quarto lugar. A estrat\u00e9gia passou por travar os m\u00e9dios advers\u00e1rios, evitar passes para essa zona e manter o foco no Casa Pia, no pr\u00f3ximo encontro.","og_url":"https:\/\/portaltela.pt\/noticias\/2026\/04\/19\/ricardo-horta-ve-o-empate-como-ponto-potencialmente-importante\/","og_site_name":"Portal Tela Portugal","article_published_time":"2026-04-19T22:33:00+00:00","author":"Telinha","twitter_card":"summary_large_image","twitter_misc":{"Escrito por":"Telinha","Tempo estimado de leitura":"1 minuto"},"schema":{"@context":"https:\/\/schema.org","@graph":[{"@type":"Article","@id":"https:\/\/portaltela.pt\/noticias\/2026\/04\/19\/ricardo-horta-ve-o-empate-como-ponto-potencialmente-importante\/#article","isPartOf":{"@id":"https:\/\/portaltela.pt\/noticias\/2026\/04\/19\/ricardo-horta-ve-o-empate-como-ponto-potencialmente-importante\/"},"author":{"name":"Telinha","@id":"https:\/\/portaltela.pt\/#\/schema\/person\/c4278d4a6028830caff9ee44b42d32ed"},"headline":"Ricardo Horta v\u00ea o empate como ponto potencialmente importante","datePublished":"2026-04-19T22:33:00+00:00","mainEntityOfPage":{"@id":"https:\/\/portaltela.pt\/noticias\/2026\/04\/19\/ricardo-horta-ve-o-empate-como-ponto-potencialmente-importante\/"},"wordCount":212,"image":{"@id":"https:\/\/portaltela.pt\/noticias\/2026\/04\/19\/ricardo-horta-ve-o-empate-como-ponto-potencialmente-importante\/#primaryimage"},"thumbnailUrl":"https:\/\/portaltela.pt\/s.01k8rhncp4jt1\/2026\/04\/img_920x518uu2026-04-19-23-30-01-2434197.jpg","keywords":["1. Liga","Braga","Casa Pia","empate","futebol","Ricardo Horta"],"articleSection":["Desporto","Futebol"],"inLanguage":"pt-PT"},{"@type":"WebPage","@id":"https:\/\/portaltela.pt\/noticias\/2026\/04\/19\/ricardo-horta-ve-o-empate-como-ponto-potencialmente-importante\/","url":"https:\/\/portaltela.pt\/noticias\/2026\/04\/19\/ricardo-horta-ve-o-empate-como-ponto-potencialmente-importante\/","name":"Ricardo Horta v\u00ea o empate como ponto potencialmente importante - Portal Tela Portugal","isPartOf":{"@id":"https:\/\/portaltela.pt\/#website"},"primaryImageOfPage":{"@id":"https:\/\/portaltela.pt\/noticias\/2026\/04\/19\/ricardo-horta-ve-o-empate-como-ponto-potencialmente-importante\/#primaryimage"},"image":{"@id":"https:\/\/portaltela.pt\/noticias\/2026\/04\/19\/ricardo-horta-ve-o-empate-como-ponto-potencialmente-importante\/#primaryimage"},"thumbnailUrl":"https:\/\/portaltela.pt\/s.01k8rhncp4jt1\/2026\/04\/img_920x518uu2026-04-19-23-30-01-2434197.jpg","datePublished":"2026-04-19T22:33:00+00:00","author":{"@id":"https:\/\/portaltela.pt\/#\/schema\/person\/c4278d4a6028830caff9ee44b42d32ed"},"breadcrumb":{"@id":"https:\/\/portaltela.pt\/noticias\/2026\/04\/19\/ricardo-horta-ve-o-empate-como-ponto-potencialmente-importante\/#breadcrumb"},"inLanguage":"pt-PT","potentialAction":[{"@type":"ReadAction","target":["https:\/\/portaltela.pt\/noticias\/2026\/04\/19\/ricardo-horta-ve-o-empate-como-ponto-potencialmente-importante\/"]}]},{"@type":"ImageObject","inLanguage":"pt-PT","@id":"https:\/\/portaltela.pt\/noticias\/2026\/04\/19\/ricardo-horta-ve-o-empate-como-ponto-potencialmente-importante\/#primaryimage","url":"https:\/\/portaltela.pt\/s.01k8rhncp4jt1\/2026\/04\/img_920x518uu2026-04-19-23-30-01-2434197.jpg","contentUrl":"https:\/\/portaltela.pt\/s.01k8rhncp4jt1\/2026\/04\/img_920x518uu2026-04-19-23-30-01-2434197.jpg","width":796,"height":448,"caption":"O momento em que Ricardo Horta marca de pen\u00e1lti"},{"@type":"BreadcrumbList","@id":"https:\/\/portaltela.pt\/noticias\/2026\/04\/19\/ricardo-horta-ve-o-empate-como-ponto-potencialmente-importante\/#breadcrumb","itemListElement":[{"@type":"ListItem","position":1,"name":"In\u00edcio","item":"https:\/\/portaltela.pt\/"},{"@type":"ListItem","position":2,"name":"Ricardo Horta v\u00ea o empate como ponto potencialmente importante"}]},{"@type":"WebSite","@id":"https:\/\/portaltela.pt\/#website","url":"https:\/\/portaltela.pt\/","name":"Portal Tela Portugal","description":"","potentialAction":[{"@type":"SearchAction","target":{"@type":"EntryPoint","urlTemplate":"https:\/\/portaltela.pt\/?s={search_term_string}"},"query-input":{"@type":"PropertyValueSpecification","valueRequired":true,"valueName":"search_term_string"}}],"inLanguage":"pt-PT"},{"@type":"Person","@id":"https:\/\/portaltela.pt\/#\/schema\/person\/c4278d4a6028830caff9ee44b42d32ed","name":"Telinha","image":{"@type":"ImageObject","inLanguage":"pt-PT","@id":"https:\/\/portaltela.pt\/s.01k8rhncp4jt1\/2025\/11\/talking-bot-125x125.png","url":"https:\/\/portaltela.pt\/s.01k8rhncp4jt1\/2025\/11\/talking-bot-125x125.png","contentUrl":"https:\/\/portaltela.pt\/s.01k8rhncp4jt1\/2025\/11\/talking-bot-125x125.png","caption":"Telinha"},"sameAs":["https:\/\/portaltela.pt\/"],"url":"https:\/\/portaltela.pt\/por\/367410592786\/"}]}},"_links":{"self":[{"href":"https:\/\/portaltela.pt\/api\/wp\/v2\/posts\/450495","targetHints":{"allow":["GET"]}}],"collection":[{"href":"https:\/\/portaltela.pt\/api\/wp\/v2\/posts"}],"about":[{"href":"https:\/\/portaltela.pt\/api\/wp\/v2\/types\/post"}],"author":[{"embeddable":true,"href":"https:\/\/portaltela.pt\/api\/wp\/v2\/users\/2"}],"replies":[{"embeddable":true,"href":"https:\/\/portaltela.pt\/api\/wp\/v2\/comments?post=450495"}],"version-history":[{"count":0,"href":"https:\/\/portaltela.pt\/api\/wp\/v2\/posts\/450495\/revisions"}],"wp:featuredmedia":[{"embeddable":true,"href":"https:\/\/portaltela.pt\/api\/wp\/v2\/media\/450497"}],"wp:attachment":[{"href":"https:\/\/portaltela.pt\/api\/wp\/v2\/media?parent=450495"}],"wp:term":[{"taxonomy":"category","embeddable":true,"href":"https:\/\/portaltela.pt\/api\/wp\/v2\/categories?post=450495"},{"taxonomy":"post_tag","embeddable":true,"href":"https:\/\/portaltela.pt\/api\/wp\/v2\/tags?post=450495"}],"curies":[{"name":"wp","href":"https:\/\/api.w.org\/{rel}","templated":true}]}}