{"id":450494,"date":"2026-04-19T19:32:57","date_gmt":"2026-04-19T22:32:57","guid":{"rendered":"https:\/\/portaltela.pt\/noticias\/2026\/04\/19\/lendas-da-juventus-homenageiam-alex-manninger-antes-de-jogo-com-bolonha\/"},"modified":"2026-04-19T19:32:57","modified_gmt":"2026-04-19T22:32:57","slug":"lendas-da-juventus-homenageiam-alex-manninger-antes-de-jogo-com-bolonha","status":"publish","type":"post","link":"https:\/\/portaltela.pt\/desporto\/futebol\/2026\/04\/19\/lendas-da-juventus-homenageiam-alex-manninger-antes-de-jogo-com-bolonha\/","title":{"rendered":"Lendas da Juventus homenageiam Alex Manninger antes de jogo com Bolonha"},"content":{"rendered":"<p>Alex Manninger: homenagem de quatro lendas da Juventus antes do duelo com o Bolonha<\/p>\n<p>Alex Manninger, antigo guarda-redes da Juventus, morreu na quinta-feira aos 48 anos. Quatro emblemas bianconeri prestaram homenagem antes do encontro com o Bolonha, no domingo, em It\u00e1lia. O acto ocorreu no relvado da Allianz Arena, casa do Bayern, onde a equipa se preparava para a partida.<\/p>\n<p>Buffon, Barzagli, Bonucci e Chiellini subiram ao relvado com uma coroa de flores em mem\u00f3ria do antigo colega. A presen\u00e7a dos quatro jogadores destaca a liga\u00e7\u00e3o de Manninger ao clube e o reconhecimento pela sua carreira dentro da Juventus.<\/p>\n<p>Durante o aquecimento, Michele di Gregorio foi visto com uma camisola \u00e0s costas com o nome Manninger. A homenagem recebeu ainda a confirma\u00e7\u00e3o de apoio de outros membros da comunidade desportiva e f\u00e3s que acompanharam o encontro com o Bolonha.<\/p>\n","protected":false},"excerpt":{"rendered":"<ul>\n<li>Alex Manninger, antigo guarda-redes da Juventus, morreu na quinta-feira aos 48 anos.<\/li>\n<li>Quatro lendas da Juventus \u2014 Buffon, Barzagli, Bonucci e Chiellini \u2014 prestaram-lhe homenagem antes do jogo contra o Bolonha.<\/li>\n<li>Os quatro subiram ao relvado da Allianz Arena com uma coroa de flores em mem\u00f3ria de Manninger.<\/li>\n<li>Michele di Gregorio vestiu uma camisola com o nome de Manninger nas costas durante o aquecimento.<\/li>\n<li>O encontro entre Juventus e Bolonha decorreu neste domingo.<\/li>\n<\/ul>\n","protected":false},"author":2,"featured_media":450496,"comment_status":"closed","ping_status":"closed","sticky":false,"template":"","format":"standard","meta":{"footnotes":""},"categories":[21,24],"tags":[72,152,32,1857,5661],"class_list":["post-450494","post","type-post","status-publish","format-standard","has-post-thumbnail","hentry","category-desporto","category-futebol","tag-craques","tag-desporto","tag-futebol","tag-italia","tag-pessoas-publicas"],"yoast_head":"<!-- This site is optimized with the Yoast SEO plugin v27.2 - https:\/\/yoast.com\/product\/yoast-seo-wordpress\/ -->\n<title>Lendas da Juventus homenageiam Alex Manninger antes de jogo com Bolonha - Portal Tela Portugal<\/title>\n<meta name=\"robots\" content=\"index, follow, max-snippet:-1, max-image-preview:large, max-video-preview:-1\" \/>\n<meta property=\"og:locale\" content=\"pt_PT\" \/>\n<meta property=\"og:type\" content=\"article\" \/>\n<meta property=\"og:title\" content=\"Lendas da Juventus homenageiam Alex Manninger antes de jogo com Bolonha - Portal Tela Portugal\" \/>\n<meta property=\"og:description\" content=\"Alex Manninger, antigo guarda-redes da Juventus, morreu na quinta-feira aos 48 anos. Quatro lendas da Juventus \u2014 Buffon, Barzagli, Bonucci e Chiellini \u2014 prestaram-lhe homenagem antes do jogo contra o Bolonha. Os quatro subiram ao relvado da Allianz Arena com uma coroa de flores em mem\u00f3ria de Manninger. Michele di Gregorio vestiu uma camisola com o nome de Manninger nas costas durante o aquecimento. O encontro entre Juventus e Bolonha decorreu neste domingo.\" \/>\n<meta property=\"og:url\" content=\"https:\/\/portaltela.pt\/noticias\/2026\/04\/19\/lendas-da-juventus-homenageiam-alex-manninger-antes-de-jogo-com-bolonha\/\" \/>\n<meta property=\"og:site_name\" content=\"Portal Tela Portugal\" \/>\n<meta property=\"article:published_time\" content=\"2026-04-19T22:32:57+00:00\" \/>\n<meta name=\"author\" content=\"Telinha\" \/>\n<meta name=\"twitter:card\" content=\"summary_large_image\" \/>\n<meta name=\"twitter:label1\" content=\"Escrito por\" \/>\n\t<meta name=\"twitter:data1\" content=\"Telinha\" \/>\n\t<meta name=\"twitter:label2\" content=\"Tempo estimado de leitura\" \/>\n\t<meta name=\"twitter:data2\" content=\"1 minuto\" \/>\n<script type=\"application\/ld+json\" class=\"yoast-schema-graph\">{\"@context\":\"https:\/\/schema.org\",\"@graph\":[{\"@type\":\"Article\",\"@id\":\"https:\/\/portaltela.pt\/noticias\/2026\/04\/19\/lendas-da-juventus-homenageiam-alex-manninger-antes-de-jogo-com-bolonha\/#article\",\"isPartOf\":{\"@id\":\"https:\/\/portaltela.pt\/noticias\/2026\/04\/19\/lendas-da-juventus-homenageiam-alex-manninger-antes-de-jogo-com-bolonha\/\"},\"author\":{\"name\":\"Telinha\",\"@id\":\"https:\/\/portaltela.pt\/#\/schema\/person\/c4278d4a6028830caff9ee44b42d32ed\"},\"headline\":\"Lendas da Juventus homenageiam Alex Manninger antes de jogo com Bolonha\",\"datePublished\":\"2026-04-19T22:32:57+00:00\",\"mainEntityOfPage\":{\"@id\":\"https:\/\/portaltela.pt\/noticias\/2026\/04\/19\/lendas-da-juventus-homenageiam-alex-manninger-antes-de-jogo-com-bolonha\/\"},\"wordCount\":155,\"image\":{\"@id\":\"https:\/\/portaltela.pt\/noticias\/2026\/04\/19\/lendas-da-juventus-homenageiam-alex-manninger-antes-de-jogo-com-bolonha\/#primaryimage\"},\"thumbnailUrl\":\"https:\/\/portaltela.pt\/s.01k8rhncp4jt1\/2026\/04\/img_1200x721uu2026-04-19-22-58-01-2434187.jpg\",\"keywords\":[\"craques\",\"desporto\",\"futebol\",\"It\u00e1lia\",\"pessoas p\u00fablicas\"],\"articleSection\":[\"Desporto\",\"Futebol\"],\"inLanguage\":\"pt-PT\"},{\"@type\":\"WebPage\",\"@id\":\"https:\/\/portaltela.pt\/noticias\/2026\/04\/19\/lendas-da-juventus-homenageiam-alex-manninger-antes-de-jogo-com-bolonha\/\",\"url\":\"https:\/\/portaltela.pt\/noticias\/2026\/04\/19\/lendas-da-juventus-homenageiam-alex-manninger-antes-de-jogo-com-bolonha\/\",\"name\":\"Lendas da Juventus homenageiam Alex Manninger antes de jogo com Bolonha - Portal Tela Portugal\",\"isPartOf\":{\"@id\":\"https:\/\/portaltela.pt\/#website\"},\"primaryImageOfPage\":{\"@id\":\"https:\/\/portaltela.pt\/noticias\/2026\/04\/19\/lendas-da-juventus-homenageiam-alex-manninger-antes-de-jogo-com-bolonha\/#primaryimage\"},\"image\":{\"@id\":\"https:\/\/portaltela.pt\/noticias\/2026\/04\/19\/lendas-da-juventus-homenageiam-alex-manninger-antes-de-jogo-com-bolonha\/#primaryimage\"},\"thumbnailUrl\":\"https:\/\/portaltela.pt\/s.01k8rhncp4jt1\/2026\/04\/img_1200x721uu2026-04-19-22-58-01-2434187.jpg\",\"datePublished\":\"2026-04-19T22:32:57+00:00\",\"author\":{\"@id\":\"https:\/\/portaltela.pt\/#\/schema\/person\/c4278d4a6028830caff9ee44b42d32ed\"},\"breadcrumb\":{\"@id\":\"https:\/\/portaltela.pt\/noticias\/2026\/04\/19\/lendas-da-juventus-homenageiam-alex-manninger-antes-de-jogo-com-bolonha\/#breadcrumb\"},\"inLanguage\":\"pt-PT\",\"potentialAction\":[{\"@type\":\"ReadAction\",\"target\":[\"https:\/\/portaltela.pt\/noticias\/2026\/04\/19\/lendas-da-juventus-homenageiam-alex-manninger-antes-de-jogo-com-bolonha\/\"]}]},{\"@type\":\"ImageObject\",\"inLanguage\":\"pt-PT\",\"@id\":\"https:\/\/portaltela.pt\/noticias\/2026\/04\/19\/lendas-da-juventus-homenageiam-alex-manninger-antes-de-jogo-com-bolonha\/#primaryimage\",\"url\":\"https:\/\/portaltela.pt\/s.01k8rhncp4jt1\/2026\/04\/img_1200x721uu2026-04-19-22-58-01-2434187.jpg\",\"contentUrl\":\"https:\/\/portaltela.pt\/s.01k8rhncp4jt1\/2026\/04\/img_1200x721uu2026-04-19-22-58-01-2434187.jpg\",\"width\":796,\"height\":448,\"caption\":\"Lendas da Juventus prestaram homenagem a Alex Manninger antes do jogo com o Bolonha\"},{\"@type\":\"BreadcrumbList\",\"@id\":\"https:\/\/portaltela.pt\/noticias\/2026\/04\/19\/lendas-da-juventus-homenageiam-alex-manninger-antes-de-jogo-com-bolonha\/#breadcrumb\",\"itemListElement\":[{\"@type\":\"ListItem\",\"position\":1,\"name\":\"In\u00edcio\",\"item\":\"https:\/\/portaltela.pt\/\"},{\"@type\":\"ListItem\",\"position\":2,\"name\":\"Lendas da Juventus homenageiam Alex Manninger antes de jogo com Bolonha\"}]},{\"@type\":\"WebSite\",\"@id\":\"https:\/\/portaltela.pt\/#website\",\"url\":\"https:\/\/portaltela.pt\/\",\"name\":\"Portal Tela Portugal\",\"description\":\"\",\"potentialAction\":[{\"@type\":\"SearchAction\",\"target\":{\"@type\":\"EntryPoint\",\"urlTemplate\":\"https:\/\/portaltela.pt\/?s={search_term_string}\"},\"query-input\":{\"@type\":\"PropertyValueSpecification\",\"valueRequired\":true,\"valueName\":\"search_term_string\"}}],\"inLanguage\":\"pt-PT\"},{\"@type\":\"Person\",\"@id\":\"https:\/\/portaltela.pt\/#\/schema\/person\/c4278d4a6028830caff9ee44b42d32ed\",\"name\":\"Telinha\",\"image\":{\"@type\":\"ImageObject\",\"inLanguage\":\"pt-PT\",\"@id\":\"https:\/\/portaltela.pt\/s.01k8rhncp4jt1\/2025\/11\/talking-bot-125x125.png\",\"url\":\"https:\/\/portaltela.pt\/s.01k8rhncp4jt1\/2025\/11\/talking-bot-125x125.png\",\"contentUrl\":\"https:\/\/portaltela.pt\/s.01k8rhncp4jt1\/2025\/11\/talking-bot-125x125.png\",\"caption\":\"Telinha\"},\"sameAs\":[\"https:\/\/portaltela.pt\/\"],\"url\":\"https:\/\/portaltela.pt\/por\/367410592786\/\"}]}<\/script>\n<!-- \/ Yoast SEO plugin. -->","yoast_head_json":{"title":"Lendas da Juventus homenageiam Alex Manninger antes de jogo com Bolonha - Portal Tela Portugal","robots":{"index":"index","follow":"follow","max-snippet":"max-snippet:-1","max-image-preview":"max-image-preview:large","max-video-preview":"max-video-preview:-1"},"og_locale":"pt_PT","og_type":"article","og_title":"Lendas da Juventus homenageiam Alex Manninger antes de jogo com Bolonha - Portal Tela Portugal","og_description":"Alex Manninger, antigo guarda-redes da Juventus, morreu na quinta-feira aos 48 anos. Quatro lendas da Juventus \u2014 Buffon, Barzagli, Bonucci e Chiellini \u2014 prestaram-lhe homenagem antes do jogo contra o Bolonha. Os quatro subiram ao relvado da Allianz Arena com uma coroa de flores em mem\u00f3ria de Manninger. Michele di Gregorio vestiu uma camisola com o nome de Manninger nas costas durante o aquecimento. O encontro entre Juventus e Bolonha decorreu neste domingo.","og_url":"https:\/\/portaltela.pt\/noticias\/2026\/04\/19\/lendas-da-juventus-homenageiam-alex-manninger-antes-de-jogo-com-bolonha\/","og_site_name":"Portal Tela Portugal","article_published_time":"2026-04-19T22:32:57+00:00","author":"Telinha","twitter_card":"summary_large_image","twitter_misc":{"Escrito por":"Telinha","Tempo estimado de leitura":"1 minuto"},"schema":{"@context":"https:\/\/schema.org","@graph":[{"@type":"Article","@id":"https:\/\/portaltela.pt\/noticias\/2026\/04\/19\/lendas-da-juventus-homenageiam-alex-manninger-antes-de-jogo-com-bolonha\/#article","isPartOf":{"@id":"https:\/\/portaltela.pt\/noticias\/2026\/04\/19\/lendas-da-juventus-homenageiam-alex-manninger-antes-de-jogo-com-bolonha\/"},"author":{"name":"Telinha","@id":"https:\/\/portaltela.pt\/#\/schema\/person\/c4278d4a6028830caff9ee44b42d32ed"},"headline":"Lendas da Juventus homenageiam Alex Manninger antes de jogo com Bolonha","datePublished":"2026-04-19T22:32:57+00:00","mainEntityOfPage":{"@id":"https:\/\/portaltela.pt\/noticias\/2026\/04\/19\/lendas-da-juventus-homenageiam-alex-manninger-antes-de-jogo-com-bolonha\/"},"wordCount":155,"image":{"@id":"https:\/\/portaltela.pt\/noticias\/2026\/04\/19\/lendas-da-juventus-homenageiam-alex-manninger-antes-de-jogo-com-bolonha\/#primaryimage"},"thumbnailUrl":"https:\/\/portaltela.pt\/s.01k8rhncp4jt1\/2026\/04\/img_1200x721uu2026-04-19-22-58-01-2434187.jpg","keywords":["craques","desporto","futebol","It\u00e1lia","pessoas p\u00fablicas"],"articleSection":["Desporto","Futebol"],"inLanguage":"pt-PT"},{"@type":"WebPage","@id":"https:\/\/portaltela.pt\/noticias\/2026\/04\/19\/lendas-da-juventus-homenageiam-alex-manninger-antes-de-jogo-com-bolonha\/","url":"https:\/\/portaltela.pt\/noticias\/2026\/04\/19\/lendas-da-juventus-homenageiam-alex-manninger-antes-de-jogo-com-bolonha\/","name":"Lendas da Juventus homenageiam Alex Manninger antes de jogo com Bolonha - Portal Tela Portugal","isPartOf":{"@id":"https:\/\/portaltela.pt\/#website"},"primaryImageOfPage":{"@id":"https:\/\/portaltela.pt\/noticias\/2026\/04\/19\/lendas-da-juventus-homenageiam-alex-manninger-antes-de-jogo-com-bolonha\/#primaryimage"},"image":{"@id":"https:\/\/portaltela.pt\/noticias\/2026\/04\/19\/lendas-da-juventus-homenageiam-alex-manninger-antes-de-jogo-com-bolonha\/#primaryimage"},"thumbnailUrl":"https:\/\/portaltela.pt\/s.01k8rhncp4jt1\/2026\/04\/img_1200x721uu2026-04-19-22-58-01-2434187.jpg","datePublished":"2026-04-19T22:32:57+00:00","author":{"@id":"https:\/\/portaltela.pt\/#\/schema\/person\/c4278d4a6028830caff9ee44b42d32ed"},"breadcrumb":{"@id":"https:\/\/portaltela.pt\/noticias\/2026\/04\/19\/lendas-da-juventus-homenageiam-alex-manninger-antes-de-jogo-com-bolonha\/#breadcrumb"},"inLanguage":"pt-PT","potentialAction":[{"@type":"ReadAction","target":["https:\/\/portaltela.pt\/noticias\/2026\/04\/19\/lendas-da-juventus-homenageiam-alex-manninger-antes-de-jogo-com-bolonha\/"]}]},{"@type":"ImageObject","inLanguage":"pt-PT","@id":"https:\/\/portaltela.pt\/noticias\/2026\/04\/19\/lendas-da-juventus-homenageiam-alex-manninger-antes-de-jogo-com-bolonha\/#primaryimage","url":"https:\/\/portaltela.pt\/s.01k8rhncp4jt1\/2026\/04\/img_1200x721uu2026-04-19-22-58-01-2434187.jpg","contentUrl":"https:\/\/portaltela.pt\/s.01k8rhncp4jt1\/2026\/04\/img_1200x721uu2026-04-19-22-58-01-2434187.jpg","width":796,"height":448,"caption":"Lendas da Juventus prestaram homenagem a Alex Manninger antes do jogo com o Bolonha"},{"@type":"BreadcrumbList","@id":"https:\/\/portaltela.pt\/noticias\/2026\/04\/19\/lendas-da-juventus-homenageiam-alex-manninger-antes-de-jogo-com-bolonha\/#breadcrumb","itemListElement":[{"@type":"ListItem","position":1,"name":"In\u00edcio","item":"https:\/\/portaltela.pt\/"},{"@type":"ListItem","position":2,"name":"Lendas da Juventus homenageiam Alex Manninger antes de jogo com Bolonha"}]},{"@type":"WebSite","@id":"https:\/\/portaltela.pt\/#website","url":"https:\/\/portaltela.pt\/","name":"Portal Tela Portugal","description":"","potentialAction":[{"@type":"SearchAction","target":{"@type":"EntryPoint","urlTemplate":"https:\/\/portaltela.pt\/?s={search_term_string}"},"query-input":{"@type":"PropertyValueSpecification","valueRequired":true,"valueName":"search_term_string"}}],"inLanguage":"pt-PT"},{"@type":"Person","@id":"https:\/\/portaltela.pt\/#\/schema\/person\/c4278d4a6028830caff9ee44b42d32ed","name":"Telinha","image":{"@type":"ImageObject","inLanguage":"pt-PT","@id":"https:\/\/portaltela.pt\/s.01k8rhncp4jt1\/2025\/11\/talking-bot-125x125.png","url":"https:\/\/portaltela.pt\/s.01k8rhncp4jt1\/2025\/11\/talking-bot-125x125.png","contentUrl":"https:\/\/portaltela.pt\/s.01k8rhncp4jt1\/2025\/11\/talking-bot-125x125.png","caption":"Telinha"},"sameAs":["https:\/\/portaltela.pt\/"],"url":"https:\/\/portaltela.pt\/por\/367410592786\/"}]}},"_links":{"self":[{"href":"https:\/\/portaltela.pt\/api\/wp\/v2\/posts\/450494","targetHints":{"allow":["GET"]}}],"collection":[{"href":"https:\/\/portaltela.pt\/api\/wp\/v2\/posts"}],"about":[{"href":"https:\/\/portaltela.pt\/api\/wp\/v2\/types\/post"}],"author":[{"embeddable":true,"href":"https:\/\/portaltela.pt\/api\/wp\/v2\/users\/2"}],"replies":[{"embeddable":true,"href":"https:\/\/portaltela.pt\/api\/wp\/v2\/comments?post=450494"}],"version-history":[{"count":0,"href":"https:\/\/portaltela.pt\/api\/wp\/v2\/posts\/450494\/revisions"}],"wp:featuredmedia":[{"embeddable":true,"href":"https:\/\/portaltela.pt\/api\/wp\/v2\/media\/450496"}],"wp:attachment":[{"href":"https:\/\/portaltela.pt\/api\/wp\/v2\/media?parent=450494"}],"wp:term":[{"taxonomy":"category","embeddable":true,"href":"https:\/\/portaltela.pt\/api\/wp\/v2\/categories?post=450494"},{"taxonomy":"post_tag","embeddable":true,"href":"https:\/\/portaltela.pt\/api\/wp\/v2\/tags?post=450494"}],"curies":[{"name":"wp","href":"https:\/\/api.w.org\/{rel}","templated":true}]}}