{"id":450480,"date":"2026-04-19T19:17:32","date_gmt":"2026-04-19T22:17:32","guid":{"rendered":"https:\/\/portaltela.pt\/noticias\/2026\/04\/19\/gabri-veiga-comenta-corrida-ao-titulo-merecemos-depender-so-de-nos\/"},"modified":"2026-04-19T19:17:32","modified_gmt":"2026-04-19T22:17:32","slug":"gabri-veiga-comenta-corrida-ao-titulo-merecemos-depender-so-de-nos","status":"publish","type":"post","link":"https:\/\/portaltela.pt\/desporto\/futebol\/2026\/04\/19\/gabri-veiga-comenta-corrida-ao-titulo-merecemos-depender-so-de-nos\/","title":{"rendered":"Gabri Veiga comenta corrida ao t\u00edtulo: merecemos depender s\u00f3 de n\u00f3s"},"content":{"rendered":"<p>Foi perto de se cumprir o segundo tempo que o FC Porto abriu o marcador frente ao Tondela, num triunfo por 2-0. Gabri Veiga entrou aos 45 minutos e, aos 137 segundos, quebrou a resist\u00eancia advers\u00e1ria, ampliando a vantagem ap\u00f3s a entrada de Farioli. Desta forma, o resultado encerrou-se com a vit\u00f3ria portista na ronda da Liga.<\/p>\n<p>A rea\u00e7\u00e3o surgiu num momento em que o conjunto azul e branco dominava o ritmo, tendo criado mais ocasi\u00f5es para dilatar a margem. O triunfo permite ao Porto manter-se na rota do t\u00edtulo, num momento de aproxima\u00e7\u00e3o ao fim da \u00e9poca. O plantel destaca a import\u00e2ncia de manter o foco nas quatro finais que restam, incluindo a Ta\u00e7a.<\/p>\n<h3>Sobre o que aconteceu<\/h3>\n<p>O FC Porto garantiu os tr\u00eas pontos no (local a confirmar) com uma entrada direta no segundo tempo, chegando ao golo decisivo pouco depois do recome\u00e7o. A equipa mostrou uma resposta r\u00e1pida e seguiu a perseguir o objetivo de vencer o campeonato.<\/p>\n<h3>O que estiver envolvido<\/h3>\n<p>Gabri Veiga foi decisivo ao sair do banco e marcar, com o treinador Farioli a gerir a substitui\u00e7\u00e3o e o ritmo do encontro. O avan\u00e7ar da partida confirmou a posi\u00e7\u00e3o do plantel na corrida pela Liga.<\/p>\n<h3>Pormenores e pr\u00f3ximos passos<\/h3>\n<p>Al\u00e9m do triunfo, o Porto prepara-se para a Ta\u00e7a de Portugal, com o jogo da quarta-feira a constituir mais um desafio numa temporada j\u00e1 exigente. O grupo sabe que cada jogo pode fazer a diferen\u00e7a na classifica\u00e7\u00e3o final.<\/p>\n","protected":false},"excerpt":{"rendered":"<ul>\n<li>O FC Porto venceu o Tondela por 2-0, com Gabri Veiga a abrir o caminho logo no arranque do segundo tempo, aos 137 segundos em campo.<\/li>\n<li>Veiga foi lan\u00e7ado por Sergio Concei\u00e7\u00e3o? Not in text; o texto diz que foi lan\u00e7ado por Farioli ao intervalo. Ent\u00e3o: Veiga entrou ao intervalo e abriu caminho ao triunfo.<\/li>\n<li>O m\u00e9dio espanhol destacou a mudan\u00e7a de ritmo na equipa e a import\u00e2ncia de preparar o f\u00edsico para a fase final da \u00e9poca.<\/li>\n<li>Sobre as contas do t\u00edtulo, Veiga afirmou que n\u00e3o sabe nem quer saber; quer apenas terminar as quatro finais e o jogo da Ta\u00e7a da Portugal na quarta-feira.<\/li>\n<li>A equipa mant\u00e9m-se confiante de que o t\u00edtulo pode depender apenas de si, mantendo o foco nos pr\u00f3ximos jogos e no respeito aos advers\u00e1rios.<\/li>\n<\/ul>\n","protected":false},"author":2,"featured_media":450483,"comment_status":"closed","ping_status":"closed","sticky":false,"template":"","format":"standard","meta":{"footnotes":""},"categories":[21,24],"tags":[4143,2028,32,3154,982,1266],"class_list":["post-450480","post","type-post","status-publish","format-standard","has-post-thumbnail","hentry","category-desporto","category-futebol","tag-1-liga","tag-fc-porto","tag-futebol","tag-gabri-veiga","tag-porto","tag-taca-de-portugal"],"yoast_head":"<!-- This site is optimized with the Yoast SEO plugin v27.2 - https:\/\/yoast.com\/product\/yoast-seo-wordpress\/ -->\n<title>Gabri Veiga comenta corrida ao t\u00edtulo: merecemos depender s\u00f3 de n\u00f3s - Portal Tela Portugal<\/title>\n<meta name=\"robots\" content=\"index, follow, max-snippet:-1, max-image-preview:large, max-video-preview:-1\" \/>\n<meta property=\"og:locale\" content=\"pt_PT\" \/>\n<meta property=\"og:type\" content=\"article\" \/>\n<meta property=\"og:title\" content=\"Gabri Veiga comenta corrida ao t\u00edtulo: merecemos depender s\u00f3 de n\u00f3s - Portal Tela Portugal\" \/>\n<meta property=\"og:description\" content=\"O FC Porto venceu o Tondela por 2-0, com Gabri Veiga a abrir o caminho logo no arranque do segundo tempo, aos 137 segundos em campo. Veiga foi lan\u00e7ado por Sergio Concei\u00e7\u00e3o? Not in text; o texto diz que foi lan\u00e7ado por Farioli ao intervalo. Ent\u00e3o: Veiga entrou ao intervalo e abriu caminho ao triunfo. O m\u00e9dio espanhol destacou a mudan\u00e7a de ritmo na equipa e a import\u00e2ncia de preparar o f\u00edsico para a fase final da \u00e9poca. Sobre as contas do t\u00edtulo, Veiga afirmou que n\u00e3o sabe nem quer saber; quer apenas terminar as quatro finais e o jogo da Ta\u00e7a da Portugal na quarta-feira. A equipa mant\u00e9m-se confiante de que o t\u00edtulo pode depender apenas de si, mantendo o foco nos pr\u00f3ximos jogos e no respeito aos advers\u00e1rios.\" \/>\n<meta property=\"og:url\" content=\"https:\/\/portaltela.pt\/noticias\/2026\/04\/19\/gabri-veiga-comenta-corrida-ao-titulo-merecemos-depender-so-de-nos\/\" \/>\n<meta property=\"og:site_name\" content=\"Portal Tela Portugal\" \/>\n<meta property=\"article:published_time\" content=\"2026-04-19T22:17:32+00:00\" \/>\n<meta name=\"author\" content=\"Telinha\" \/>\n<meta name=\"twitter:card\" content=\"summary_large_image\" \/>\n<meta name=\"twitter:label1\" content=\"Escrito por\" \/>\n\t<meta name=\"twitter:data1\" content=\"Telinha\" \/>\n\t<meta name=\"twitter:label2\" content=\"Tempo estimado de leitura\" \/>\n\t<meta name=\"twitter:data2\" content=\"1 minuto\" \/>\n<script type=\"application\/ld+json\" class=\"yoast-schema-graph\">{\"@context\":\"https:\/\/schema.org\",\"@graph\":[{\"@type\":\"Article\",\"@id\":\"https:\/\/portaltela.pt\/noticias\/2026\/04\/19\/gabri-veiga-comenta-corrida-ao-titulo-merecemos-depender-so-de-nos\/#article\",\"isPartOf\":{\"@id\":\"https:\/\/portaltela.pt\/noticias\/2026\/04\/19\/gabri-veiga-comenta-corrida-ao-titulo-merecemos-depender-so-de-nos\/\"},\"author\":{\"name\":\"Telinha\",\"@id\":\"https:\/\/portaltela.pt\/#\/schema\/person\/c4278d4a6028830caff9ee44b42d32ed\"},\"headline\":\"Gabri Veiga comenta corrida ao t\u00edtulo: merecemos depender s\u00f3 de n\u00f3s\",\"datePublished\":\"2026-04-19T22:17:32+00:00\",\"mainEntityOfPage\":{\"@id\":\"https:\/\/portaltela.pt\/noticias\/2026\/04\/19\/gabri-veiga-comenta-corrida-ao-titulo-merecemos-depender-so-de-nos\/\"},\"wordCount\":275,\"image\":{\"@id\":\"https:\/\/portaltela.pt\/noticias\/2026\/04\/19\/gabri-veiga-comenta-corrida-ao-titulo-merecemos-depender-so-de-nos\/#primaryimage\"},\"thumbnailUrl\":\"https:\/\/portaltela.pt\/s.01k8rhncp4jt1\/2026\/04\/img_920x518uu2026-04-19-23-06-48-2434193-im-639122368243597795.jpg\",\"keywords\":[\"1. Liga\",\"FC Porto\",\"futebol\",\"Gabri Veiga\",\"Porto\",\"Ta\u00e7a de Portugal\"],\"articleSection\":[\"Desporto\",\"Futebol\"],\"inLanguage\":\"pt-PT\"},{\"@type\":\"WebPage\",\"@id\":\"https:\/\/portaltela.pt\/noticias\/2026\/04\/19\/gabri-veiga-comenta-corrida-ao-titulo-merecemos-depender-so-de-nos\/\",\"url\":\"https:\/\/portaltela.pt\/noticias\/2026\/04\/19\/gabri-veiga-comenta-corrida-ao-titulo-merecemos-depender-so-de-nos\/\",\"name\":\"Gabri Veiga comenta corrida ao t\u00edtulo: merecemos depender s\u00f3 de n\u00f3s - Portal Tela Portugal\",\"isPartOf\":{\"@id\":\"https:\/\/portaltela.pt\/#website\"},\"primaryImageOfPage\":{\"@id\":\"https:\/\/portaltela.pt\/noticias\/2026\/04\/19\/gabri-veiga-comenta-corrida-ao-titulo-merecemos-depender-so-de-nos\/#primaryimage\"},\"image\":{\"@id\":\"https:\/\/portaltela.pt\/noticias\/2026\/04\/19\/gabri-veiga-comenta-corrida-ao-titulo-merecemos-depender-so-de-nos\/#primaryimage\"},\"thumbnailUrl\":\"https:\/\/portaltela.pt\/s.01k8rhncp4jt1\/2026\/04\/img_920x518uu2026-04-19-23-06-48-2434193-im-639122368243597795.jpg\",\"datePublished\":\"2026-04-19T22:17:32+00:00\",\"author\":{\"@id\":\"https:\/\/portaltela.pt\/#\/schema\/person\/c4278d4a6028830caff9ee44b42d32ed\"},\"breadcrumb\":{\"@id\":\"https:\/\/portaltela.pt\/noticias\/2026\/04\/19\/gabri-veiga-comenta-corrida-ao-titulo-merecemos-depender-so-de-nos\/#breadcrumb\"},\"inLanguage\":\"pt-PT\",\"potentialAction\":[{\"@type\":\"ReadAction\",\"target\":[\"https:\/\/portaltela.pt\/noticias\/2026\/04\/19\/gabri-veiga-comenta-corrida-ao-titulo-merecemos-depender-so-de-nos\/\"]}]},{\"@type\":\"ImageObject\",\"inLanguage\":\"pt-PT\",\"@id\":\"https:\/\/portaltela.pt\/noticias\/2026\/04\/19\/gabri-veiga-comenta-corrida-ao-titulo-merecemos-depender-so-de-nos\/#primaryimage\",\"url\":\"https:\/\/portaltela.pt\/s.01k8rhncp4jt1\/2026\/04\/img_920x518uu2026-04-19-23-06-48-2434193-im-639122368243597795.jpg\",\"contentUrl\":\"https:\/\/portaltela.pt\/s.01k8rhncp4jt1\/2026\/04\/img_920x518uu2026-04-19-23-06-48-2434193-im-639122368243597795.jpg\",\"width\":796,\"height\":448,\"caption\":\"Gabri Veiga festeja\"},{\"@type\":\"BreadcrumbList\",\"@id\":\"https:\/\/portaltela.pt\/noticias\/2026\/04\/19\/gabri-veiga-comenta-corrida-ao-titulo-merecemos-depender-so-de-nos\/#breadcrumb\",\"itemListElement\":[{\"@type\":\"ListItem\",\"position\":1,\"name\":\"In\u00edcio\",\"item\":\"https:\/\/portaltela.pt\/\"},{\"@type\":\"ListItem\",\"position\":2,\"name\":\"Gabri Veiga comenta corrida ao t\u00edtulo: merecemos depender s\u00f3 de n\u00f3s\"}]},{\"@type\":\"WebSite\",\"@id\":\"https:\/\/portaltela.pt\/#website\",\"url\":\"https:\/\/portaltela.pt\/\",\"name\":\"Portal Tela Portugal\",\"description\":\"\",\"potentialAction\":[{\"@type\":\"SearchAction\",\"target\":{\"@type\":\"EntryPoint\",\"urlTemplate\":\"https:\/\/portaltela.pt\/?s={search_term_string}\"},\"query-input\":{\"@type\":\"PropertyValueSpecification\",\"valueRequired\":true,\"valueName\":\"search_term_string\"}}],\"inLanguage\":\"pt-PT\"},{\"@type\":\"Person\",\"@id\":\"https:\/\/portaltela.pt\/#\/schema\/person\/c4278d4a6028830caff9ee44b42d32ed\",\"name\":\"Telinha\",\"image\":{\"@type\":\"ImageObject\",\"inLanguage\":\"pt-PT\",\"@id\":\"https:\/\/portaltela.pt\/s.01k8rhncp4jt1\/2025\/11\/talking-bot-125x125.png\",\"url\":\"https:\/\/portaltela.pt\/s.01k8rhncp4jt1\/2025\/11\/talking-bot-125x125.png\",\"contentUrl\":\"https:\/\/portaltela.pt\/s.01k8rhncp4jt1\/2025\/11\/talking-bot-125x125.png\",\"caption\":\"Telinha\"},\"sameAs\":[\"https:\/\/portaltela.pt\/\"],\"url\":\"https:\/\/portaltela.pt\/por\/367410592786\/\"}]}<\/script>\n<!-- \/ Yoast SEO plugin. -->","yoast_head_json":{"title":"Gabri Veiga comenta corrida ao t\u00edtulo: merecemos depender s\u00f3 de n\u00f3s - Portal Tela Portugal","robots":{"index":"index","follow":"follow","max-snippet":"max-snippet:-1","max-image-preview":"max-image-preview:large","max-video-preview":"max-video-preview:-1"},"og_locale":"pt_PT","og_type":"article","og_title":"Gabri Veiga comenta corrida ao t\u00edtulo: merecemos depender s\u00f3 de n\u00f3s - Portal Tela Portugal","og_description":"O FC Porto venceu o Tondela por 2-0, com Gabri Veiga a abrir o caminho logo no arranque do segundo tempo, aos 137 segundos em campo. Veiga foi lan\u00e7ado por Sergio Concei\u00e7\u00e3o? Not in text; o texto diz que foi lan\u00e7ado por Farioli ao intervalo. Ent\u00e3o: Veiga entrou ao intervalo e abriu caminho ao triunfo. O m\u00e9dio espanhol destacou a mudan\u00e7a de ritmo na equipa e a import\u00e2ncia de preparar o f\u00edsico para a fase final da \u00e9poca. Sobre as contas do t\u00edtulo, Veiga afirmou que n\u00e3o sabe nem quer saber; quer apenas terminar as quatro finais e o jogo da Ta\u00e7a da Portugal na quarta-feira. A equipa mant\u00e9m-se confiante de que o t\u00edtulo pode depender apenas de si, mantendo o foco nos pr\u00f3ximos jogos e no respeito aos advers\u00e1rios.","og_url":"https:\/\/portaltela.pt\/noticias\/2026\/04\/19\/gabri-veiga-comenta-corrida-ao-titulo-merecemos-depender-so-de-nos\/","og_site_name":"Portal Tela Portugal","article_published_time":"2026-04-19T22:17:32+00:00","author":"Telinha","twitter_card":"summary_large_image","twitter_misc":{"Escrito por":"Telinha","Tempo estimado de leitura":"1 minuto"},"schema":{"@context":"https:\/\/schema.org","@graph":[{"@type":"Article","@id":"https:\/\/portaltela.pt\/noticias\/2026\/04\/19\/gabri-veiga-comenta-corrida-ao-titulo-merecemos-depender-so-de-nos\/#article","isPartOf":{"@id":"https:\/\/portaltela.pt\/noticias\/2026\/04\/19\/gabri-veiga-comenta-corrida-ao-titulo-merecemos-depender-so-de-nos\/"},"author":{"name":"Telinha","@id":"https:\/\/portaltela.pt\/#\/schema\/person\/c4278d4a6028830caff9ee44b42d32ed"},"headline":"Gabri Veiga comenta corrida ao t\u00edtulo: merecemos depender s\u00f3 de n\u00f3s","datePublished":"2026-04-19T22:17:32+00:00","mainEntityOfPage":{"@id":"https:\/\/portaltela.pt\/noticias\/2026\/04\/19\/gabri-veiga-comenta-corrida-ao-titulo-merecemos-depender-so-de-nos\/"},"wordCount":275,"image":{"@id":"https:\/\/portaltela.pt\/noticias\/2026\/04\/19\/gabri-veiga-comenta-corrida-ao-titulo-merecemos-depender-so-de-nos\/#primaryimage"},"thumbnailUrl":"https:\/\/portaltela.pt\/s.01k8rhncp4jt1\/2026\/04\/img_920x518uu2026-04-19-23-06-48-2434193-im-639122368243597795.jpg","keywords":["1. Liga","FC Porto","futebol","Gabri Veiga","Porto","Ta\u00e7a de Portugal"],"articleSection":["Desporto","Futebol"],"inLanguage":"pt-PT"},{"@type":"WebPage","@id":"https:\/\/portaltela.pt\/noticias\/2026\/04\/19\/gabri-veiga-comenta-corrida-ao-titulo-merecemos-depender-so-de-nos\/","url":"https:\/\/portaltela.pt\/noticias\/2026\/04\/19\/gabri-veiga-comenta-corrida-ao-titulo-merecemos-depender-so-de-nos\/","name":"Gabri Veiga comenta corrida ao t\u00edtulo: merecemos depender s\u00f3 de n\u00f3s - Portal Tela Portugal","isPartOf":{"@id":"https:\/\/portaltela.pt\/#website"},"primaryImageOfPage":{"@id":"https:\/\/portaltela.pt\/noticias\/2026\/04\/19\/gabri-veiga-comenta-corrida-ao-titulo-merecemos-depender-so-de-nos\/#primaryimage"},"image":{"@id":"https:\/\/portaltela.pt\/noticias\/2026\/04\/19\/gabri-veiga-comenta-corrida-ao-titulo-merecemos-depender-so-de-nos\/#primaryimage"},"thumbnailUrl":"https:\/\/portaltela.pt\/s.01k8rhncp4jt1\/2026\/04\/img_920x518uu2026-04-19-23-06-48-2434193-im-639122368243597795.jpg","datePublished":"2026-04-19T22:17:32+00:00","author":{"@id":"https:\/\/portaltela.pt\/#\/schema\/person\/c4278d4a6028830caff9ee44b42d32ed"},"breadcrumb":{"@id":"https:\/\/portaltela.pt\/noticias\/2026\/04\/19\/gabri-veiga-comenta-corrida-ao-titulo-merecemos-depender-so-de-nos\/#breadcrumb"},"inLanguage":"pt-PT","potentialAction":[{"@type":"ReadAction","target":["https:\/\/portaltela.pt\/noticias\/2026\/04\/19\/gabri-veiga-comenta-corrida-ao-titulo-merecemos-depender-so-de-nos\/"]}]},{"@type":"ImageObject","inLanguage":"pt-PT","@id":"https:\/\/portaltela.pt\/noticias\/2026\/04\/19\/gabri-veiga-comenta-corrida-ao-titulo-merecemos-depender-so-de-nos\/#primaryimage","url":"https:\/\/portaltela.pt\/s.01k8rhncp4jt1\/2026\/04\/img_920x518uu2026-04-19-23-06-48-2434193-im-639122368243597795.jpg","contentUrl":"https:\/\/portaltela.pt\/s.01k8rhncp4jt1\/2026\/04\/img_920x518uu2026-04-19-23-06-48-2434193-im-639122368243597795.jpg","width":796,"height":448,"caption":"Gabri Veiga festeja"},{"@type":"BreadcrumbList","@id":"https:\/\/portaltela.pt\/noticias\/2026\/04\/19\/gabri-veiga-comenta-corrida-ao-titulo-merecemos-depender-so-de-nos\/#breadcrumb","itemListElement":[{"@type":"ListItem","position":1,"name":"In\u00edcio","item":"https:\/\/portaltela.pt\/"},{"@type":"ListItem","position":2,"name":"Gabri Veiga comenta corrida ao t\u00edtulo: merecemos depender s\u00f3 de n\u00f3s"}]},{"@type":"WebSite","@id":"https:\/\/portaltela.pt\/#website","url":"https:\/\/portaltela.pt\/","name":"Portal Tela Portugal","description":"","potentialAction":[{"@type":"SearchAction","target":{"@type":"EntryPoint","urlTemplate":"https:\/\/portaltela.pt\/?s={search_term_string}"},"query-input":{"@type":"PropertyValueSpecification","valueRequired":true,"valueName":"search_term_string"}}],"inLanguage":"pt-PT"},{"@type":"Person","@id":"https:\/\/portaltela.pt\/#\/schema\/person\/c4278d4a6028830caff9ee44b42d32ed","name":"Telinha","image":{"@type":"ImageObject","inLanguage":"pt-PT","@id":"https:\/\/portaltela.pt\/s.01k8rhncp4jt1\/2025\/11\/talking-bot-125x125.png","url":"https:\/\/portaltela.pt\/s.01k8rhncp4jt1\/2025\/11\/talking-bot-125x125.png","contentUrl":"https:\/\/portaltela.pt\/s.01k8rhncp4jt1\/2025\/11\/talking-bot-125x125.png","caption":"Telinha"},"sameAs":["https:\/\/portaltela.pt\/"],"url":"https:\/\/portaltela.pt\/por\/367410592786\/"}]}},"_links":{"self":[{"href":"https:\/\/portaltela.pt\/api\/wp\/v2\/posts\/450480","targetHints":{"allow":["GET"]}}],"collection":[{"href":"https:\/\/portaltela.pt\/api\/wp\/v2\/posts"}],"about":[{"href":"https:\/\/portaltela.pt\/api\/wp\/v2\/types\/post"}],"author":[{"embeddable":true,"href":"https:\/\/portaltela.pt\/api\/wp\/v2\/users\/2"}],"replies":[{"embeddable":true,"href":"https:\/\/portaltela.pt\/api\/wp\/v2\/comments?post=450480"}],"version-history":[{"count":0,"href":"https:\/\/portaltela.pt\/api\/wp\/v2\/posts\/450480\/revisions"}],"wp:featuredmedia":[{"embeddable":true,"href":"https:\/\/portaltela.pt\/api\/wp\/v2\/media\/450483"}],"wp:attachment":[{"href":"https:\/\/portaltela.pt\/api\/wp\/v2\/media?parent=450480"}],"wp:term":[{"taxonomy":"category","embeddable":true,"href":"https:\/\/portaltela.pt\/api\/wp\/v2\/categories?post=450480"},{"taxonomy":"post_tag","embeddable":true,"href":"https:\/\/portaltela.pt\/api\/wp\/v2\/tags?post=450480"}],"curies":[{"name":"wp","href":"https:\/\/api.w.org\/{rel}","templated":true}]}}