{"id":450474,"date":"2026-04-19T18:52:42","date_gmt":"2026-04-19T21:52:42","guid":{"rendered":"https:\/\/portaltela.pt\/noticias\/2026\/04\/19\/festa-no-dragao-apos-o-apito-final-do-fc-porto-tondela\/"},"modified":"2026-04-19T18:52:42","modified_gmt":"2026-04-19T21:52:42","slug":"festa-no-dragao-apos-o-apito-final-do-fc-porto-tondela","status":"publish","type":"post","link":"https:\/\/portaltela.pt\/desporto\/futebol\/2026\/04\/19\/festa-no-dragao-apos-o-apito-final-do-fc-porto-tondela\/","title":{"rendered":"Festa no Drag\u00e3o ap\u00f3s o apito final do FC Porto-Tondela"},"content":{"rendered":"<p>O FC Porto venceu o Tondela no Est\u00e1dio do Drag\u00e3o, no \u00faltimo jogo da Liga. O triunfo, com o apito final, consolidou a lideran\u00e7a dos azuis e brancos na classifica\u00e7\u00e3o. A vit\u00f3ria foi determinada pelo golo de Froholdt, marcando o primeiro tento dele na competi\u00e7\u00e3o.<\/p>\n<p>Logo depois do apito final, a celebra\u00e7\u00e3o tomou conta do recinto; jogadores, corpo t\u00e9cnico e adeptos demonstraram alegria e entusiasmo pelo resultado. O ambiente refletiu a import\u00e2ncia da vit\u00f3ria para as aspira\u00e7\u00f5es do clube.<\/p>\n<p>A equipa portista refor\u00e7ou a dist\u00e2ncia para os concorrentes diretos e aproxima-se cada vez mais do t\u00edtulo. O clube confirmou a boa forma exibida ao longo da temporada, com a festa a prolongar-se at\u00e9 \u00e0s primeiras horas da manh\u00e3 no est\u00e1dio.<\/p>\n<h3>Golo de Froholdt e desfecho do encontro<\/h3>\n<p>Froholdt foi o autor do golo que definiu o marcador, concluindo a jogada que terminou em golo. O tento teve impacto direto na confian\u00e7a da equipa e na confian\u00e7a dos adeptos para as jornadas seguintes. O FC Porto segue com vantagem segura na Liga, mantendo o foco no objetivo.<\/p>\n<p>A vit\u00f3ria refor\u00e7a a perspetiva de conquista do campeonato, numa temporada em que o FC Porto tem mostrado consist\u00eancia ofensiva e solidez defensiva. Os pr\u00f3ximos encontros v\u00e3o continuar a ser observados de perto pelos adeptos e pela imprensa.<\/p>\n","protected":false},"excerpt":{"rendered":"<ul>\n<li>O FC Porto venceu o Tondela no Est\u00e1dio do Drag\u00e3o, mantendo a lideran\u00e7a da Liga.<\/li>\n<li>A vit\u00f3ria gerou festa entre jogadores, treinadores e adeptos ap\u00f3s o apito final.<\/li>\n<li>Froholdt marcou o golo que fechou o resultado, o seu primeiro na Liga.<\/li>\n<li>A celebra\u00e7\u00e3o continuou at\u00e9 \u00e0s primeiras horas da manh\u00e3, refletindo o orgulho do clube.<\/li>\n<li>A vit\u00f3ria refor\u00e7a as perspetivas de conquista do t\u00edtulo pelo FC Porto.<\/li>\n<\/ul>\n","protected":false},"author":2,"featured_media":450475,"comment_status":"closed","ping_status":"closed","sticky":false,"template":"","format":"standard","meta":{"footnotes":""},"categories":[21,24],"tags":[4143,2028,5468,32,982,1005],"class_list":["post-450474","post","type-post","status-publish","format-standard","has-post-thumbnail","hentry","category-desporto","category-futebol","tag-1-liga","tag-fc-porto","tag-festa","tag-futebol","tag-porto","tag-tondela"],"yoast_head":"<!-- This site is optimized with the Yoast SEO plugin v27.2 - https:\/\/yoast.com\/product\/yoast-seo-wordpress\/ -->\n<title>Festa no Drag\u00e3o ap\u00f3s o apito final do FC Porto-Tondela - Portal Tela Portugal<\/title>\n<meta name=\"robots\" content=\"index, follow, max-snippet:-1, max-image-preview:large, max-video-preview:-1\" \/>\n<meta property=\"og:locale\" content=\"pt_PT\" \/>\n<meta property=\"og:type\" content=\"article\" \/>\n<meta property=\"og:title\" content=\"Festa no Drag\u00e3o ap\u00f3s o apito final do FC Porto-Tondela - Portal Tela Portugal\" \/>\n<meta property=\"og:description\" content=\"O FC Porto venceu o Tondela no Est\u00e1dio do Drag\u00e3o, mantendo a lideran\u00e7a da Liga. A vit\u00f3ria gerou festa entre jogadores, treinadores e adeptos ap\u00f3s o apito final. Froholdt marcou o golo que fechou o resultado, o seu primeiro na Liga. A celebra\u00e7\u00e3o continuou at\u00e9 \u00e0s primeiras horas da manh\u00e3, refletindo o orgulho do clube. A vit\u00f3ria refor\u00e7a as perspetivas de conquista do t\u00edtulo pelo FC Porto.\" \/>\n<meta property=\"og:url\" content=\"https:\/\/portaltela.pt\/noticias\/2026\/04\/19\/festa-no-dragao-apos-o-apito-final-do-fc-porto-tondela\/\" \/>\n<meta property=\"og:site_name\" content=\"Portal Tela Portugal\" \/>\n<meta property=\"article:published_time\" content=\"2026-04-19T21:52:42+00:00\" \/>\n<meta name=\"author\" content=\"Telinha\" \/>\n<meta name=\"twitter:card\" content=\"summary_large_image\" \/>\n<meta name=\"twitter:label1\" content=\"Escrito por\" \/>\n\t<meta name=\"twitter:data1\" content=\"Telinha\" \/>\n\t<meta name=\"twitter:label2\" content=\"Tempo estimado de leitura\" \/>\n\t<meta name=\"twitter:data2\" content=\"1 minuto\" \/>\n<script type=\"application\/ld+json\" class=\"yoast-schema-graph\">{\"@context\":\"https:\/\/schema.org\",\"@graph\":[{\"@type\":\"Article\",\"@id\":\"https:\/\/portaltela.pt\/noticias\/2026\/04\/19\/festa-no-dragao-apos-o-apito-final-do-fc-porto-tondela\/#article\",\"isPartOf\":{\"@id\":\"https:\/\/portaltela.pt\/noticias\/2026\/04\/19\/festa-no-dragao-apos-o-apito-final-do-fc-porto-tondela\/\"},\"author\":{\"name\":\"Telinha\",\"@id\":\"https:\/\/portaltela.pt\/#\/schema\/person\/c4278d4a6028830caff9ee44b42d32ed\"},\"headline\":\"Festa no Drag\u00e3o ap\u00f3s o apito final do FC Porto-Tondela\",\"datePublished\":\"2026-04-19T21:52:42+00:00\",\"mainEntityOfPage\":{\"@id\":\"https:\/\/portaltela.pt\/noticias\/2026\/04\/19\/festa-no-dragao-apos-o-apito-final-do-fc-porto-tondela\/\"},\"wordCount\":248,\"image\":{\"@id\":\"https:\/\/portaltela.pt\/noticias\/2026\/04\/19\/festa-no-dragao-apos-o-apito-final-do-fc-porto-tondela\/#primaryimage\"},\"thumbnailUrl\":\"https:\/\/portaltela.pt\/s.01k8rhncp4jt1\/2026\/04\/img_1200x721uu2026-04-19-22-37-05-2434176.jpg\",\"keywords\":[\"1. Liga\",\"FC Porto\",\"festa\",\"futebol\",\"Porto\",\"Tondela\"],\"articleSection\":[\"Desporto\",\"Futebol\"],\"inLanguage\":\"pt-PT\"},{\"@type\":\"WebPage\",\"@id\":\"https:\/\/portaltela.pt\/noticias\/2026\/04\/19\/festa-no-dragao-apos-o-apito-final-do-fc-porto-tondela\/\",\"url\":\"https:\/\/portaltela.pt\/noticias\/2026\/04\/19\/festa-no-dragao-apos-o-apito-final-do-fc-porto-tondela\/\",\"name\":\"Festa no Drag\u00e3o ap\u00f3s o apito final do FC Porto-Tondela - Portal Tela Portugal\",\"isPartOf\":{\"@id\":\"https:\/\/portaltela.pt\/#website\"},\"primaryImageOfPage\":{\"@id\":\"https:\/\/portaltela.pt\/noticias\/2026\/04\/19\/festa-no-dragao-apos-o-apito-final-do-fc-porto-tondela\/#primaryimage\"},\"image\":{\"@id\":\"https:\/\/portaltela.pt\/noticias\/2026\/04\/19\/festa-no-dragao-apos-o-apito-final-do-fc-porto-tondela\/#primaryimage\"},\"thumbnailUrl\":\"https:\/\/portaltela.pt\/s.01k8rhncp4jt1\/2026\/04\/img_1200x721uu2026-04-19-22-37-05-2434176.jpg\",\"datePublished\":\"2026-04-19T21:52:42+00:00\",\"author\":{\"@id\":\"https:\/\/portaltela.pt\/#\/schema\/person\/c4278d4a6028830caff9ee44b42d32ed\"},\"breadcrumb\":{\"@id\":\"https:\/\/portaltela.pt\/noticias\/2026\/04\/19\/festa-no-dragao-apos-o-apito-final-do-fc-porto-tondela\/#breadcrumb\"},\"inLanguage\":\"pt-PT\",\"potentialAction\":[{\"@type\":\"ReadAction\",\"target\":[\"https:\/\/portaltela.pt\/noticias\/2026\/04\/19\/festa-no-dragao-apos-o-apito-final-do-fc-porto-tondela\/\"]}]},{\"@type\":\"ImageObject\",\"inLanguage\":\"pt-PT\",\"@id\":\"https:\/\/portaltela.pt\/noticias\/2026\/04\/19\/festa-no-dragao-apos-o-apito-final-do-fc-porto-tondela\/#primaryimage\",\"url\":\"https:\/\/portaltela.pt\/s.01k8rhncp4jt1\/2026\/04\/img_1200x721uu2026-04-19-22-37-05-2434176.jpg\",\"contentUrl\":\"https:\/\/portaltela.pt\/s.01k8rhncp4jt1\/2026\/04\/img_1200x721uu2026-04-19-22-37-05-2434176.jpg\",\"width\":796,\"height\":448,\"caption\":\"Forma\u00e7\u00e3o portista cada vez mais perto do t\u00edtulo\"},{\"@type\":\"BreadcrumbList\",\"@id\":\"https:\/\/portaltela.pt\/noticias\/2026\/04\/19\/festa-no-dragao-apos-o-apito-final-do-fc-porto-tondela\/#breadcrumb\",\"itemListElement\":[{\"@type\":\"ListItem\",\"position\":1,\"name\":\"In\u00edcio\",\"item\":\"https:\/\/portaltela.pt\/\"},{\"@type\":\"ListItem\",\"position\":2,\"name\":\"Festa no Drag\u00e3o ap\u00f3s o apito final do FC Porto-Tondela\"}]},{\"@type\":\"WebSite\",\"@id\":\"https:\/\/portaltela.pt\/#website\",\"url\":\"https:\/\/portaltela.pt\/\",\"name\":\"Portal Tela Portugal\",\"description\":\"\",\"potentialAction\":[{\"@type\":\"SearchAction\",\"target\":{\"@type\":\"EntryPoint\",\"urlTemplate\":\"https:\/\/portaltela.pt\/?s={search_term_string}\"},\"query-input\":{\"@type\":\"PropertyValueSpecification\",\"valueRequired\":true,\"valueName\":\"search_term_string\"}}],\"inLanguage\":\"pt-PT\"},{\"@type\":\"Person\",\"@id\":\"https:\/\/portaltela.pt\/#\/schema\/person\/c4278d4a6028830caff9ee44b42d32ed\",\"name\":\"Telinha\",\"image\":{\"@type\":\"ImageObject\",\"inLanguage\":\"pt-PT\",\"@id\":\"https:\/\/portaltela.pt\/s.01k8rhncp4jt1\/2025\/11\/talking-bot-125x125.png\",\"url\":\"https:\/\/portaltela.pt\/s.01k8rhncp4jt1\/2025\/11\/talking-bot-125x125.png\",\"contentUrl\":\"https:\/\/portaltela.pt\/s.01k8rhncp4jt1\/2025\/11\/talking-bot-125x125.png\",\"caption\":\"Telinha\"},\"sameAs\":[\"https:\/\/portaltela.pt\/\"],\"url\":\"https:\/\/portaltela.pt\/por\/367410592786\/\"}]}<\/script>\n<!-- \/ Yoast SEO plugin. -->","yoast_head_json":{"title":"Festa no Drag\u00e3o ap\u00f3s o apito final do FC Porto-Tondela - Portal Tela Portugal","robots":{"index":"index","follow":"follow","max-snippet":"max-snippet:-1","max-image-preview":"max-image-preview:large","max-video-preview":"max-video-preview:-1"},"og_locale":"pt_PT","og_type":"article","og_title":"Festa no Drag\u00e3o ap\u00f3s o apito final do FC Porto-Tondela - Portal Tela Portugal","og_description":"O FC Porto venceu o Tondela no Est\u00e1dio do Drag\u00e3o, mantendo a lideran\u00e7a da Liga. A vit\u00f3ria gerou festa entre jogadores, treinadores e adeptos ap\u00f3s o apito final. Froholdt marcou o golo que fechou o resultado, o seu primeiro na Liga. A celebra\u00e7\u00e3o continuou at\u00e9 \u00e0s primeiras horas da manh\u00e3, refletindo o orgulho do clube. A vit\u00f3ria refor\u00e7a as perspetivas de conquista do t\u00edtulo pelo FC Porto.","og_url":"https:\/\/portaltela.pt\/noticias\/2026\/04\/19\/festa-no-dragao-apos-o-apito-final-do-fc-porto-tondela\/","og_site_name":"Portal Tela Portugal","article_published_time":"2026-04-19T21:52:42+00:00","author":"Telinha","twitter_card":"summary_large_image","twitter_misc":{"Escrito por":"Telinha","Tempo estimado de leitura":"1 minuto"},"schema":{"@context":"https:\/\/schema.org","@graph":[{"@type":"Article","@id":"https:\/\/portaltela.pt\/noticias\/2026\/04\/19\/festa-no-dragao-apos-o-apito-final-do-fc-porto-tondela\/#article","isPartOf":{"@id":"https:\/\/portaltela.pt\/noticias\/2026\/04\/19\/festa-no-dragao-apos-o-apito-final-do-fc-porto-tondela\/"},"author":{"name":"Telinha","@id":"https:\/\/portaltela.pt\/#\/schema\/person\/c4278d4a6028830caff9ee44b42d32ed"},"headline":"Festa no Drag\u00e3o ap\u00f3s o apito final do FC Porto-Tondela","datePublished":"2026-04-19T21:52:42+00:00","mainEntityOfPage":{"@id":"https:\/\/portaltela.pt\/noticias\/2026\/04\/19\/festa-no-dragao-apos-o-apito-final-do-fc-porto-tondela\/"},"wordCount":248,"image":{"@id":"https:\/\/portaltela.pt\/noticias\/2026\/04\/19\/festa-no-dragao-apos-o-apito-final-do-fc-porto-tondela\/#primaryimage"},"thumbnailUrl":"https:\/\/portaltela.pt\/s.01k8rhncp4jt1\/2026\/04\/img_1200x721uu2026-04-19-22-37-05-2434176.jpg","keywords":["1. Liga","FC Porto","festa","futebol","Porto","Tondela"],"articleSection":["Desporto","Futebol"],"inLanguage":"pt-PT"},{"@type":"WebPage","@id":"https:\/\/portaltela.pt\/noticias\/2026\/04\/19\/festa-no-dragao-apos-o-apito-final-do-fc-porto-tondela\/","url":"https:\/\/portaltela.pt\/noticias\/2026\/04\/19\/festa-no-dragao-apos-o-apito-final-do-fc-porto-tondela\/","name":"Festa no Drag\u00e3o ap\u00f3s o apito final do FC Porto-Tondela - Portal Tela Portugal","isPartOf":{"@id":"https:\/\/portaltela.pt\/#website"},"primaryImageOfPage":{"@id":"https:\/\/portaltela.pt\/noticias\/2026\/04\/19\/festa-no-dragao-apos-o-apito-final-do-fc-porto-tondela\/#primaryimage"},"image":{"@id":"https:\/\/portaltela.pt\/noticias\/2026\/04\/19\/festa-no-dragao-apos-o-apito-final-do-fc-porto-tondela\/#primaryimage"},"thumbnailUrl":"https:\/\/portaltela.pt\/s.01k8rhncp4jt1\/2026\/04\/img_1200x721uu2026-04-19-22-37-05-2434176.jpg","datePublished":"2026-04-19T21:52:42+00:00","author":{"@id":"https:\/\/portaltela.pt\/#\/schema\/person\/c4278d4a6028830caff9ee44b42d32ed"},"breadcrumb":{"@id":"https:\/\/portaltela.pt\/noticias\/2026\/04\/19\/festa-no-dragao-apos-o-apito-final-do-fc-porto-tondela\/#breadcrumb"},"inLanguage":"pt-PT","potentialAction":[{"@type":"ReadAction","target":["https:\/\/portaltela.pt\/noticias\/2026\/04\/19\/festa-no-dragao-apos-o-apito-final-do-fc-porto-tondela\/"]}]},{"@type":"ImageObject","inLanguage":"pt-PT","@id":"https:\/\/portaltela.pt\/noticias\/2026\/04\/19\/festa-no-dragao-apos-o-apito-final-do-fc-porto-tondela\/#primaryimage","url":"https:\/\/portaltela.pt\/s.01k8rhncp4jt1\/2026\/04\/img_1200x721uu2026-04-19-22-37-05-2434176.jpg","contentUrl":"https:\/\/portaltela.pt\/s.01k8rhncp4jt1\/2026\/04\/img_1200x721uu2026-04-19-22-37-05-2434176.jpg","width":796,"height":448,"caption":"Forma\u00e7\u00e3o portista cada vez mais perto do t\u00edtulo"},{"@type":"BreadcrumbList","@id":"https:\/\/portaltela.pt\/noticias\/2026\/04\/19\/festa-no-dragao-apos-o-apito-final-do-fc-porto-tondela\/#breadcrumb","itemListElement":[{"@type":"ListItem","position":1,"name":"In\u00edcio","item":"https:\/\/portaltela.pt\/"},{"@type":"ListItem","position":2,"name":"Festa no Drag\u00e3o ap\u00f3s o apito final do FC Porto-Tondela"}]},{"@type":"WebSite","@id":"https:\/\/portaltela.pt\/#website","url":"https:\/\/portaltela.pt\/","name":"Portal Tela Portugal","description":"","potentialAction":[{"@type":"SearchAction","target":{"@type":"EntryPoint","urlTemplate":"https:\/\/portaltela.pt\/?s={search_term_string}"},"query-input":{"@type":"PropertyValueSpecification","valueRequired":true,"valueName":"search_term_string"}}],"inLanguage":"pt-PT"},{"@type":"Person","@id":"https:\/\/portaltela.pt\/#\/schema\/person\/c4278d4a6028830caff9ee44b42d32ed","name":"Telinha","image":{"@type":"ImageObject","inLanguage":"pt-PT","@id":"https:\/\/portaltela.pt\/s.01k8rhncp4jt1\/2025\/11\/talking-bot-125x125.png","url":"https:\/\/portaltela.pt\/s.01k8rhncp4jt1\/2025\/11\/talking-bot-125x125.png","contentUrl":"https:\/\/portaltela.pt\/s.01k8rhncp4jt1\/2025\/11\/talking-bot-125x125.png","caption":"Telinha"},"sameAs":["https:\/\/portaltela.pt\/"],"url":"https:\/\/portaltela.pt\/por\/367410592786\/"}]}},"_links":{"self":[{"href":"https:\/\/portaltela.pt\/api\/wp\/v2\/posts\/450474","targetHints":{"allow":["GET"]}}],"collection":[{"href":"https:\/\/portaltela.pt\/api\/wp\/v2\/posts"}],"about":[{"href":"https:\/\/portaltela.pt\/api\/wp\/v2\/types\/post"}],"author":[{"embeddable":true,"href":"https:\/\/portaltela.pt\/api\/wp\/v2\/users\/2"}],"replies":[{"embeddable":true,"href":"https:\/\/portaltela.pt\/api\/wp\/v2\/comments?post=450474"}],"version-history":[{"count":0,"href":"https:\/\/portaltela.pt\/api\/wp\/v2\/posts\/450474\/revisions"}],"wp:featuredmedia":[{"embeddable":true,"href":"https:\/\/portaltela.pt\/api\/wp\/v2\/media\/450475"}],"wp:attachment":[{"href":"https:\/\/portaltela.pt\/api\/wp\/v2\/media?parent=450474"}],"wp:term":[{"taxonomy":"category","embeddable":true,"href":"https:\/\/portaltela.pt\/api\/wp\/v2\/categories?post=450474"},{"taxonomy":"post_tag","embeddable":true,"href":"https:\/\/portaltela.pt\/api\/wp\/v2\/tags?post=450474"}],"curies":[{"name":"wp","href":"https:\/\/api.w.org\/{rel}","templated":true}]}}