{"id":450463,"date":"2026-04-19T18:48:09","date_gmt":"2026-04-19T21:48:09","guid":{"rendered":"https:\/\/portaltela.pt\/noticias\/2026\/04\/19\/braga-empata-com-o-famalicao-com-penalti-no-ultimo-suspiro\/"},"modified":"2026-04-19T18:48:09","modified_gmt":"2026-04-19T21:48:09","slug":"braga-empata-com-o-famalicao-com-penalti-no-ultimo-suspiro","status":"publish","type":"post","link":"https:\/\/portaltela.pt\/desporto\/futebol\/2026\/04\/19\/braga-empata-com-o-famalicao-com-penalti-no-ultimo-suspiro\/","title":{"rendered":"Braga empata com o Famalic\u00e3o com pen\u00e1lti no \u00faltimo suspiro"},"content":{"rendered":"<p>O Braga empatou 2-2 com o Famalic\u00e3o na Pedreira, com um pen\u00e1lti desperdi\u00e7ado no \u00faltimo suspiro. O golo de Ricardo Horta aos 90+8 minutos garantiu ao time de Braga um ponto frente aos famalenses.<\/p>\n<p>O encontro iniciou com vantagem bracarense, que abriu o marcador aos dois minutos por interm\u00e9dio de Fran Navarro. Na primeira parte, o Famalic\u00e3o empatou pela defesa advers\u00e1ria numa jogada de Gil Dias aos 40 minutos, finalizando com um remate certeiro.<\/p>\n<p>Na segunda metade, o Famalic\u00e3o passou a liderar o marcador em contra-ataque bem estruturado, com Rafa Soares a finalizar ao segundo poste para o 2-1. O jogo parecia definido, mas nos descontos surgiu o pen\u00e1lti a favor do Braga.<\/p>\n<p>No derradeiro minuto, o capit\u00e3o <strong>Ricardo Horta<\/strong> n\u00e3o falhou, convertendo a grande penalidade com tranquilidade para empatar. O Braga soma 53 pontos, enquanto o Famalic\u00e3o fica com 48, mantendo uma dist\u00e2ncia de dois pontos para o Gil Vicente na luta pela quinta posi\u00e7\u00e3o europeia.<\/p>\n","protected":false},"excerpt":{"rendered":"<ul>\n<li>O Braga empatou com o Famalic\u00e3o, 2-2, na Pedreira, com um pen\u00e1lti de Ricardo Horta no tempo de compensa\u00e7\u00e3o (90+8).<\/li>\n<li>Fran Navarro adiantou o Braga aos dois minutos, na conclus\u00e3o de uma jogada r\u00e1pida.<\/li>\n<li>O Famalic\u00e3o empatou aos 40 minutos, com golo de Gil Dias ap\u00f3s uma boa tabelinha.<\/li>\n<li>Na segunda parte, Rafa Soares fez a segunda arrancada para a reviravolta do Braga, ao segundo poste.<\/li>\n<li>No final, o Braga soma 53 pontos; o Famalic\u00e3o fica com 48, mantendo dois pontos de vantagem sobre o Gil Vicente na luta por quinto lugar europeu.<\/li>\n<\/ul>\n","protected":false},"author":2,"featured_media":450472,"comment_status":"closed","ping_status":"closed","sticky":false,"template":"","format":"standard","meta":{"footnotes":""},"categories":[21,24],"tags":[4143,4059,1207,32,1829,1885],"class_list":["post-450463","post","type-post","status-publish","format-standard","has-post-thumbnail","hentry","category-desporto","category-futebol","tag-1-liga","tag-1-a-liga","tag-braga","tag-futebol","tag-gil-vicente","tag-penalti"],"yoast_head":"<!-- This site is optimized with the Yoast SEO plugin v27.2 - https:\/\/yoast.com\/product\/yoast-seo-wordpress\/ -->\n<title>Braga empata com o Famalic\u00e3o com pen\u00e1lti no \u00faltimo suspiro - Portal Tela Portugal<\/title>\n<meta name=\"robots\" content=\"index, follow, max-snippet:-1, max-image-preview:large, max-video-preview:-1\" \/>\n<meta property=\"og:locale\" content=\"pt_PT\" \/>\n<meta property=\"og:type\" content=\"article\" \/>\n<meta property=\"og:title\" content=\"Braga empata com o Famalic\u00e3o com pen\u00e1lti no \u00faltimo suspiro - Portal Tela Portugal\" \/>\n<meta property=\"og:description\" content=\"O Braga empatou com o Famalic\u00e3o, 2-2, na Pedreira, com um pen\u00e1lti de Ricardo Horta no tempo de compensa\u00e7\u00e3o (90+8). Fran Navarro adiantou o Braga aos dois minutos, na conclus\u00e3o de uma jogada r\u00e1pida. O Famalic\u00e3o empatou aos 40 minutos, com golo de Gil Dias ap\u00f3s uma boa tabelinha. Na segunda parte, Rafa Soares fez a segunda arrancada para a reviravolta do Braga, ao segundo poste. No final, o Braga soma 53 pontos; o Famalic\u00e3o fica com 48, mantendo dois pontos de vantagem sobre o Gil Vicente na luta por quinto lugar europeu.\" \/>\n<meta property=\"og:url\" content=\"https:\/\/portaltela.pt\/noticias\/2026\/04\/19\/braga-empata-com-o-famalicao-com-penalti-no-ultimo-suspiro\/\" \/>\n<meta property=\"og:site_name\" content=\"Portal Tela Portugal\" \/>\n<meta property=\"article:published_time\" content=\"2026-04-19T21:48:09+00:00\" \/>\n<meta name=\"author\" content=\"Telinha\" \/>\n<meta name=\"twitter:card\" content=\"summary_large_image\" \/>\n<meta name=\"twitter:label1\" content=\"Escrito por\" \/>\n\t<meta name=\"twitter:data1\" content=\"Telinha\" \/>\n\t<meta name=\"twitter:label2\" content=\"Tempo estimado de leitura\" \/>\n\t<meta name=\"twitter:data2\" content=\"1 minuto\" \/>\n<script type=\"application\/ld+json\" class=\"yoast-schema-graph\">{\"@context\":\"https:\/\/schema.org\",\"@graph\":[{\"@type\":\"Article\",\"@id\":\"https:\/\/portaltela.pt\/noticias\/2026\/04\/19\/braga-empata-com-o-famalicao-com-penalti-no-ultimo-suspiro\/#article\",\"isPartOf\":{\"@id\":\"https:\/\/portaltela.pt\/noticias\/2026\/04\/19\/braga-empata-com-o-famalicao-com-penalti-no-ultimo-suspiro\/\"},\"author\":{\"name\":\"Telinha\",\"@id\":\"https:\/\/portaltela.pt\/#\/schema\/person\/c4278d4a6028830caff9ee44b42d32ed\"},\"headline\":\"Braga empata com o Famalic\u00e3o com pen\u00e1lti no \u00faltimo suspiro\",\"datePublished\":\"2026-04-19T21:48:09+00:00\",\"mainEntityOfPage\":{\"@id\":\"https:\/\/portaltela.pt\/noticias\/2026\/04\/19\/braga-empata-com-o-famalicao-com-penalti-no-ultimo-suspiro\/\"},\"wordCount\":178,\"image\":{\"@id\":\"https:\/\/portaltela.pt\/noticias\/2026\/04\/19\/braga-empata-com-o-famalicao-com-penalti-no-ultimo-suspiro\/#primaryimage\"},\"thumbnailUrl\":\"https:\/\/portaltela.pt\/s.01k8rhncp4jt1\/2026\/04\/image-1169.jpg\",\"keywords\":[\"1. Liga\",\"1.\u00aa Liga\",\"Braga\",\"futebol\",\"Gil Vicente\",\"pen\u00e1lti\"],\"articleSection\":[\"Desporto\",\"Futebol\"],\"inLanguage\":\"pt-PT\"},{\"@type\":\"WebPage\",\"@id\":\"https:\/\/portaltela.pt\/noticias\/2026\/04\/19\/braga-empata-com-o-famalicao-com-penalti-no-ultimo-suspiro\/\",\"url\":\"https:\/\/portaltela.pt\/noticias\/2026\/04\/19\/braga-empata-com-o-famalicao-com-penalti-no-ultimo-suspiro\/\",\"name\":\"Braga empata com o Famalic\u00e3o com pen\u00e1lti no \u00faltimo suspiro - Portal Tela Portugal\",\"isPartOf\":{\"@id\":\"https:\/\/portaltela.pt\/#website\"},\"primaryImageOfPage\":{\"@id\":\"https:\/\/portaltela.pt\/noticias\/2026\/04\/19\/braga-empata-com-o-famalicao-com-penalti-no-ultimo-suspiro\/#primaryimage\"},\"image\":{\"@id\":\"https:\/\/portaltela.pt\/noticias\/2026\/04\/19\/braga-empata-com-o-famalicao-com-penalti-no-ultimo-suspiro\/#primaryimage\"},\"thumbnailUrl\":\"https:\/\/portaltela.pt\/s.01k8rhncp4jt1\/2026\/04\/image-1169.jpg\",\"datePublished\":\"2026-04-19T21:48:09+00:00\",\"author\":{\"@id\":\"https:\/\/portaltela.pt\/#\/schema\/person\/c4278d4a6028830caff9ee44b42d32ed\"},\"breadcrumb\":{\"@id\":\"https:\/\/portaltela.pt\/noticias\/2026\/04\/19\/braga-empata-com-o-famalicao-com-penalti-no-ultimo-suspiro\/#breadcrumb\"},\"inLanguage\":\"pt-PT\",\"potentialAction\":[{\"@type\":\"ReadAction\",\"target\":[\"https:\/\/portaltela.pt\/noticias\/2026\/04\/19\/braga-empata-com-o-famalicao-com-penalti-no-ultimo-suspiro\/\"]}]},{\"@type\":\"ImageObject\",\"inLanguage\":\"pt-PT\",\"@id\":\"https:\/\/portaltela.pt\/noticias\/2026\/04\/19\/braga-empata-com-o-famalicao-com-penalti-no-ultimo-suspiro\/#primaryimage\",\"url\":\"https:\/\/portaltela.pt\/s.01k8rhncp4jt1\/2026\/04\/image-1169.jpg\",\"contentUrl\":\"https:\/\/portaltela.pt\/s.01k8rhncp4jt1\/2026\/04\/image-1169.jpg\",\"width\":796,\"height\":448,\"caption\":\"Capit\u00e3o Horta resgatou um ponto no \u00faltimo minuto da partida\"},{\"@type\":\"BreadcrumbList\",\"@id\":\"https:\/\/portaltela.pt\/noticias\/2026\/04\/19\/braga-empata-com-o-famalicao-com-penalti-no-ultimo-suspiro\/#breadcrumb\",\"itemListElement\":[{\"@type\":\"ListItem\",\"position\":1,\"name\":\"In\u00edcio\",\"item\":\"https:\/\/portaltela.pt\/\"},{\"@type\":\"ListItem\",\"position\":2,\"name\":\"Braga empata com o Famalic\u00e3o com pen\u00e1lti no \u00faltimo suspiro\"}]},{\"@type\":\"WebSite\",\"@id\":\"https:\/\/portaltela.pt\/#website\",\"url\":\"https:\/\/portaltela.pt\/\",\"name\":\"Portal Tela Portugal\",\"description\":\"\",\"potentialAction\":[{\"@type\":\"SearchAction\",\"target\":{\"@type\":\"EntryPoint\",\"urlTemplate\":\"https:\/\/portaltela.pt\/?s={search_term_string}\"},\"query-input\":{\"@type\":\"PropertyValueSpecification\",\"valueRequired\":true,\"valueName\":\"search_term_string\"}}],\"inLanguage\":\"pt-PT\"},{\"@type\":\"Person\",\"@id\":\"https:\/\/portaltela.pt\/#\/schema\/person\/c4278d4a6028830caff9ee44b42d32ed\",\"name\":\"Telinha\",\"image\":{\"@type\":\"ImageObject\",\"inLanguage\":\"pt-PT\",\"@id\":\"https:\/\/portaltela.pt\/s.01k8rhncp4jt1\/2025\/11\/talking-bot-125x125.png\",\"url\":\"https:\/\/portaltela.pt\/s.01k8rhncp4jt1\/2025\/11\/talking-bot-125x125.png\",\"contentUrl\":\"https:\/\/portaltela.pt\/s.01k8rhncp4jt1\/2025\/11\/talking-bot-125x125.png\",\"caption\":\"Telinha\"},\"sameAs\":[\"https:\/\/portaltela.pt\/\"],\"url\":\"https:\/\/portaltela.pt\/por\/367410592786\/\"}]}<\/script>\n<!-- \/ Yoast SEO plugin. -->","yoast_head_json":{"title":"Braga empata com o Famalic\u00e3o com pen\u00e1lti no \u00faltimo suspiro - Portal Tela Portugal","robots":{"index":"index","follow":"follow","max-snippet":"max-snippet:-1","max-image-preview":"max-image-preview:large","max-video-preview":"max-video-preview:-1"},"og_locale":"pt_PT","og_type":"article","og_title":"Braga empata com o Famalic\u00e3o com pen\u00e1lti no \u00faltimo suspiro - Portal Tela Portugal","og_description":"O Braga empatou com o Famalic\u00e3o, 2-2, na Pedreira, com um pen\u00e1lti de Ricardo Horta no tempo de compensa\u00e7\u00e3o (90+8). Fran Navarro adiantou o Braga aos dois minutos, na conclus\u00e3o de uma jogada r\u00e1pida. O Famalic\u00e3o empatou aos 40 minutos, com golo de Gil Dias ap\u00f3s uma boa tabelinha. Na segunda parte, Rafa Soares fez a segunda arrancada para a reviravolta do Braga, ao segundo poste. No final, o Braga soma 53 pontos; o Famalic\u00e3o fica com 48, mantendo dois pontos de vantagem sobre o Gil Vicente na luta por quinto lugar europeu.","og_url":"https:\/\/portaltela.pt\/noticias\/2026\/04\/19\/braga-empata-com-o-famalicao-com-penalti-no-ultimo-suspiro\/","og_site_name":"Portal Tela Portugal","article_published_time":"2026-04-19T21:48:09+00:00","author":"Telinha","twitter_card":"summary_large_image","twitter_misc":{"Escrito por":"Telinha","Tempo estimado de leitura":"1 minuto"},"schema":{"@context":"https:\/\/schema.org","@graph":[{"@type":"Article","@id":"https:\/\/portaltela.pt\/noticias\/2026\/04\/19\/braga-empata-com-o-famalicao-com-penalti-no-ultimo-suspiro\/#article","isPartOf":{"@id":"https:\/\/portaltela.pt\/noticias\/2026\/04\/19\/braga-empata-com-o-famalicao-com-penalti-no-ultimo-suspiro\/"},"author":{"name":"Telinha","@id":"https:\/\/portaltela.pt\/#\/schema\/person\/c4278d4a6028830caff9ee44b42d32ed"},"headline":"Braga empata com o Famalic\u00e3o com pen\u00e1lti no \u00faltimo suspiro","datePublished":"2026-04-19T21:48:09+00:00","mainEntityOfPage":{"@id":"https:\/\/portaltela.pt\/noticias\/2026\/04\/19\/braga-empata-com-o-famalicao-com-penalti-no-ultimo-suspiro\/"},"wordCount":178,"image":{"@id":"https:\/\/portaltela.pt\/noticias\/2026\/04\/19\/braga-empata-com-o-famalicao-com-penalti-no-ultimo-suspiro\/#primaryimage"},"thumbnailUrl":"https:\/\/portaltela.pt\/s.01k8rhncp4jt1\/2026\/04\/image-1169.jpg","keywords":["1. Liga","1.\u00aa Liga","Braga","futebol","Gil Vicente","pen\u00e1lti"],"articleSection":["Desporto","Futebol"],"inLanguage":"pt-PT"},{"@type":"WebPage","@id":"https:\/\/portaltela.pt\/noticias\/2026\/04\/19\/braga-empata-com-o-famalicao-com-penalti-no-ultimo-suspiro\/","url":"https:\/\/portaltela.pt\/noticias\/2026\/04\/19\/braga-empata-com-o-famalicao-com-penalti-no-ultimo-suspiro\/","name":"Braga empata com o Famalic\u00e3o com pen\u00e1lti no \u00faltimo suspiro - Portal Tela Portugal","isPartOf":{"@id":"https:\/\/portaltela.pt\/#website"},"primaryImageOfPage":{"@id":"https:\/\/portaltela.pt\/noticias\/2026\/04\/19\/braga-empata-com-o-famalicao-com-penalti-no-ultimo-suspiro\/#primaryimage"},"image":{"@id":"https:\/\/portaltela.pt\/noticias\/2026\/04\/19\/braga-empata-com-o-famalicao-com-penalti-no-ultimo-suspiro\/#primaryimage"},"thumbnailUrl":"https:\/\/portaltela.pt\/s.01k8rhncp4jt1\/2026\/04\/image-1169.jpg","datePublished":"2026-04-19T21:48:09+00:00","author":{"@id":"https:\/\/portaltela.pt\/#\/schema\/person\/c4278d4a6028830caff9ee44b42d32ed"},"breadcrumb":{"@id":"https:\/\/portaltela.pt\/noticias\/2026\/04\/19\/braga-empata-com-o-famalicao-com-penalti-no-ultimo-suspiro\/#breadcrumb"},"inLanguage":"pt-PT","potentialAction":[{"@type":"ReadAction","target":["https:\/\/portaltela.pt\/noticias\/2026\/04\/19\/braga-empata-com-o-famalicao-com-penalti-no-ultimo-suspiro\/"]}]},{"@type":"ImageObject","inLanguage":"pt-PT","@id":"https:\/\/portaltela.pt\/noticias\/2026\/04\/19\/braga-empata-com-o-famalicao-com-penalti-no-ultimo-suspiro\/#primaryimage","url":"https:\/\/portaltela.pt\/s.01k8rhncp4jt1\/2026\/04\/image-1169.jpg","contentUrl":"https:\/\/portaltela.pt\/s.01k8rhncp4jt1\/2026\/04\/image-1169.jpg","width":796,"height":448,"caption":"Capit\u00e3o Horta resgatou um ponto no \u00faltimo minuto da partida"},{"@type":"BreadcrumbList","@id":"https:\/\/portaltela.pt\/noticias\/2026\/04\/19\/braga-empata-com-o-famalicao-com-penalti-no-ultimo-suspiro\/#breadcrumb","itemListElement":[{"@type":"ListItem","position":1,"name":"In\u00edcio","item":"https:\/\/portaltela.pt\/"},{"@type":"ListItem","position":2,"name":"Braga empata com o Famalic\u00e3o com pen\u00e1lti no \u00faltimo suspiro"}]},{"@type":"WebSite","@id":"https:\/\/portaltela.pt\/#website","url":"https:\/\/portaltela.pt\/","name":"Portal Tela Portugal","description":"","potentialAction":[{"@type":"SearchAction","target":{"@type":"EntryPoint","urlTemplate":"https:\/\/portaltela.pt\/?s={search_term_string}"},"query-input":{"@type":"PropertyValueSpecification","valueRequired":true,"valueName":"search_term_string"}}],"inLanguage":"pt-PT"},{"@type":"Person","@id":"https:\/\/portaltela.pt\/#\/schema\/person\/c4278d4a6028830caff9ee44b42d32ed","name":"Telinha","image":{"@type":"ImageObject","inLanguage":"pt-PT","@id":"https:\/\/portaltela.pt\/s.01k8rhncp4jt1\/2025\/11\/talking-bot-125x125.png","url":"https:\/\/portaltela.pt\/s.01k8rhncp4jt1\/2025\/11\/talking-bot-125x125.png","contentUrl":"https:\/\/portaltela.pt\/s.01k8rhncp4jt1\/2025\/11\/talking-bot-125x125.png","caption":"Telinha"},"sameAs":["https:\/\/portaltela.pt\/"],"url":"https:\/\/portaltela.pt\/por\/367410592786\/"}]}},"_links":{"self":[{"href":"https:\/\/portaltela.pt\/api\/wp\/v2\/posts\/450463","targetHints":{"allow":["GET"]}}],"collection":[{"href":"https:\/\/portaltela.pt\/api\/wp\/v2\/posts"}],"about":[{"href":"https:\/\/portaltela.pt\/api\/wp\/v2\/types\/post"}],"author":[{"embeddable":true,"href":"https:\/\/portaltela.pt\/api\/wp\/v2\/users\/2"}],"replies":[{"embeddable":true,"href":"https:\/\/portaltela.pt\/api\/wp\/v2\/comments?post=450463"}],"version-history":[{"count":0,"href":"https:\/\/portaltela.pt\/api\/wp\/v2\/posts\/450463\/revisions"}],"wp:featuredmedia":[{"embeddable":true,"href":"https:\/\/portaltela.pt\/api\/wp\/v2\/media\/450472"}],"wp:attachment":[{"href":"https:\/\/portaltela.pt\/api\/wp\/v2\/media?parent=450463"}],"wp:term":[{"taxonomy":"category","embeddable":true,"href":"https:\/\/portaltela.pt\/api\/wp\/v2\/categories?post=450463"},{"taxonomy":"post_tag","embeddable":true,"href":"https:\/\/portaltela.pt\/api\/wp\/v2\/tags?post=450463"}],"curies":[{"name":"wp","href":"https:\/\/api.w.org\/{rel}","templated":true}]}}