{"id":450440,"date":"2026-04-19T18:32:41","date_gmt":"2026-04-19T21:32:41","guid":{"rendered":"https:\/\/portaltela.pt\/noticias\/2026\/04\/19\/penaltis-a-favor-de-sporting-e-benfica-foram-bem-assinalados\/"},"modified":"2026-04-19T18:32:41","modified_gmt":"2026-04-19T21:32:41","slug":"penaltis-a-favor-de-sporting-e-benfica-foram-bem-assinalados","status":"publish","type":"post","link":"https:\/\/portaltela.pt\/desporto\/futebol\/2026\/04\/19\/penaltis-a-favor-de-sporting-e-benfica-foram-bem-assinalados\/","title":{"rendered":"Pen\u00e1ltis a favor de Sporting e Benfica foram bem assinalados"},"content":{"rendered":"<p>O pen\u00e1lti assinalado a favor do Benfica foi um dos pontos centrais do encontro entre Sporting e Benfica, empatado por 1-2. O \u00e1rbitro Jo\u00e3o Pinheiro contou com o aux\u00edlio do VAR para confirmar alguns lances pol\u00e9micos, incluindo a decis\u00e3o sobre o pen\u00e1lti nos minutos iniciais. O que se passou no terreno manteve a imprensa atenta ao estilo de atua\u00e7\u00e3o da equipa de arbitragem.<\/p>\n<p>Aursnes cometeu uma infrac\u00e7\u00e3o sobre Trinc\u00e3o aos 14 minutos, com o VAR a intervir prontamente. O toque ocorreu dentro da \u00e1rea, resultando num pen\u00e1lti que foi apontado a favor do Benfica. O lance exigiu uma decis\u00e3o r\u00e1pida e fundamentada, revisada pelo video\u00e1rbitro.<\/p>\n<p>Aos 25 minutos, Morita praticou o movimento de bra\u00e7o acima da cabe\u00e7a, em posi\u00e7\u00e3o de costas para a bola. O \u00e1rbitro manteve o crit\u00e9rio de penalidade, assinalando o pen\u00e1lti a favor do Benfica com base na volumetria do corpo do jogador.<\/p>\n<p>Quaresma n\u00e3o foi alvo de falta aos 31 minutos, segundo a decis\u00e3o do \u00e1rbitro, que avaliou o lance e optou pela aus\u00eancia de penalidade. A leitura inicial n\u00e3o sofreu altera\u00e7\u00e3o com o recurso ao VAR.<\/p>\n<p>Hjulmand protestou aos 37 minutos ap\u00f3s um lance com Morita; o capit\u00e3o do Sporting recebeu cart\u00e3o amarelo pela forma como reagiu ao \u00e1rbitro, sem que tenha havido falta assinalada.<\/p>\n<p>No tempo de compensa\u00e7\u00e3o, aos 90+3 minutos, o lance foi anulado por posi\u00e7\u00e3o de fora de jogo de Rafael Nel, decis\u00e3o bem ajuizada pelo auxiliar, com confirma\u00e7\u00e3o do VAR.<\/p>\n<p>O ex-\u00e1rbitro Paulo Pereira comentou que Jo\u00e3o Pinheiro permitiu protestos excessivos durante a partida, mantendo uma gest\u00e3o de conten\u00e7\u00e3o que gerou controv\u00e9rsia. O VAR, por outro lado, foi percepcionado como eficiente na avalia\u00e7\u00e3o do pen\u00e1lti cometido sobre Trinc\u00e3o.<\/p>\n","protected":false},"excerpt":{"rendered":"<ul>\n<li>Paulo Pereira, ex-\u00e1rbitro, diz que Jo\u00e3o Pinheiro permitiu protestos no Sporting-Benfica (1-2) e que o VAR ajudou na avalia\u00e7\u00e3o do pen\u00e1lti do Sporting.<\/li>\n<li>Aos 14 minutos, Aursnes pisa Trinc\u00e3o; houve pen\u00e1lti com boa interven\u00e7\u00e3o do VAR.<\/li>\n<li>Aos 25 minutos, Morita saltou com o bra\u00e7o acima da cabe\u00e7a; pen\u00e1lti a favor do Benfica por volumetria.<\/li>\n<li>Aos 31 minutos, n\u00e3o houve pen\u00e1lti sobre Quaresma; \u00e1rbitro acertou.<\/li>\n<li>Aos 37 minutos, Hjulmand viu amarelo ap\u00f3s protestos; aos 90+3 o golo foi anulado por fora de jogo, segundo o VAR.<\/li>\n<\/ul>\n","protected":false},"author":2,"featured_media":450442,"comment_status":"closed","ping_status":"closed","sticky":false,"template":"","format":"standard","meta":{"footnotes":""},"categories":[21,24],"tags":[1336,6920,1946,32,1652,1185],"class_list":["post-450440","post","type-post","status-publish","format-standard","has-post-thumbnail","hentry","category-desporto","category-futebol","tag-arbitro","tag-arbitros","tag-benfica","tag-futebol","tag-sporting","tag-var"],"yoast_head":"<!-- This site is optimized with the Yoast SEO plugin v27.2 - https:\/\/yoast.com\/product\/yoast-seo-wordpress\/ -->\n<title>Pen\u00e1ltis a favor de Sporting e Benfica foram bem assinalados - Portal Tela Portugal<\/title>\n<meta name=\"robots\" content=\"index, follow, max-snippet:-1, max-image-preview:large, max-video-preview:-1\" \/>\n<meta property=\"og:locale\" content=\"pt_PT\" \/>\n<meta property=\"og:type\" content=\"article\" \/>\n<meta property=\"og:title\" content=\"Pen\u00e1ltis a favor de Sporting e Benfica foram bem assinalados - Portal Tela Portugal\" \/>\n<meta property=\"og:description\" content=\"Paulo Pereira, ex-\u00e1rbitro, diz que Jo\u00e3o Pinheiro permitiu protestos no Sporting-Benfica (1-2) e que o VAR ajudou na avalia\u00e7\u00e3o do pen\u00e1lti do Sporting. Aos 14 minutos, Aursnes pisa Trinc\u00e3o; houve pen\u00e1lti com boa interven\u00e7\u00e3o do VAR. Aos 25 minutos, Morita saltou com o bra\u00e7o acima da cabe\u00e7a; pen\u00e1lti a favor do Benfica por volumetria. Aos 31 minutos, n\u00e3o houve pen\u00e1lti sobre Quaresma; \u00e1rbitro acertou. Aos 37 minutos, Hjulmand viu amarelo ap\u00f3s protestos; aos 90+3 o golo foi anulado por fora de jogo, segundo o VAR.\" \/>\n<meta property=\"og:url\" content=\"https:\/\/portaltela.pt\/noticias\/2026\/04\/19\/penaltis-a-favor-de-sporting-e-benfica-foram-bem-assinalados\/\" \/>\n<meta property=\"og:site_name\" content=\"Portal Tela Portugal\" \/>\n<meta property=\"article:published_time\" content=\"2026-04-19T21:32:41+00:00\" \/>\n<meta name=\"author\" content=\"Telinha\" \/>\n<meta name=\"twitter:card\" content=\"summary_large_image\" \/>\n<meta name=\"twitter:label1\" content=\"Escrito por\" \/>\n\t<meta name=\"twitter:data1\" content=\"Telinha\" \/>\n\t<meta name=\"twitter:label2\" content=\"Tempo estimado de leitura\" \/>\n\t<meta name=\"twitter:data2\" content=\"2 minutos\" \/>\n<script type=\"application\/ld+json\" class=\"yoast-schema-graph\">{\"@context\":\"https:\/\/schema.org\",\"@graph\":[{\"@type\":\"Article\",\"@id\":\"https:\/\/portaltela.pt\/noticias\/2026\/04\/19\/penaltis-a-favor-de-sporting-e-benfica-foram-bem-assinalados\/#article\",\"isPartOf\":{\"@id\":\"https:\/\/portaltela.pt\/noticias\/2026\/04\/19\/penaltis-a-favor-de-sporting-e-benfica-foram-bem-assinalados\/\"},\"author\":{\"name\":\"Telinha\",\"@id\":\"https:\/\/portaltela.pt\/#\/schema\/person\/c4278d4a6028830caff9ee44b42d32ed\"},\"headline\":\"Pen\u00e1ltis a favor de Sporting e Benfica foram bem assinalados\",\"datePublished\":\"2026-04-19T21:32:41+00:00\",\"mainEntityOfPage\":{\"@id\":\"https:\/\/portaltela.pt\/noticias\/2026\/04\/19\/penaltis-a-favor-de-sporting-e-benfica-foram-bem-assinalados\/\"},\"wordCount\":321,\"image\":{\"@id\":\"https:\/\/portaltela.pt\/noticias\/2026\/04\/19\/penaltis-a-favor-de-sporting-e-benfica-foram-bem-assinalados\/#primaryimage\"},\"thumbnailUrl\":\"https:\/\/portaltela.pt\/s.01k8rhncp4jt1\/2026\/04\/02fa64d8-bdaa-4562-b0e7-2ef2762721b7_1200x675.jpg\",\"keywords\":[\"\u00e1rbitro\",\"\u00e1rbitros\",\"Benfica\",\"futebol\",\"Sporting\",\"VAR\"],\"articleSection\":[\"Desporto\",\"Futebol\"],\"inLanguage\":\"pt-PT\"},{\"@type\":\"WebPage\",\"@id\":\"https:\/\/portaltela.pt\/noticias\/2026\/04\/19\/penaltis-a-favor-de-sporting-e-benfica-foram-bem-assinalados\/\",\"url\":\"https:\/\/portaltela.pt\/noticias\/2026\/04\/19\/penaltis-a-favor-de-sporting-e-benfica-foram-bem-assinalados\/\",\"name\":\"Pen\u00e1ltis a favor de Sporting e Benfica foram bem assinalados - Portal Tela Portugal\",\"isPartOf\":{\"@id\":\"https:\/\/portaltela.pt\/#website\"},\"primaryImageOfPage\":{\"@id\":\"https:\/\/portaltela.pt\/noticias\/2026\/04\/19\/penaltis-a-favor-de-sporting-e-benfica-foram-bem-assinalados\/#primaryimage\"},\"image\":{\"@id\":\"https:\/\/portaltela.pt\/noticias\/2026\/04\/19\/penaltis-a-favor-de-sporting-e-benfica-foram-bem-assinalados\/#primaryimage\"},\"thumbnailUrl\":\"https:\/\/portaltela.pt\/s.01k8rhncp4jt1\/2026\/04\/02fa64d8-bdaa-4562-b0e7-2ef2762721b7_1200x675.jpg\",\"datePublished\":\"2026-04-19T21:32:41+00:00\",\"author\":{\"@id\":\"https:\/\/portaltela.pt\/#\/schema\/person\/c4278d4a6028830caff9ee44b42d32ed\"},\"breadcrumb\":{\"@id\":\"https:\/\/portaltela.pt\/noticias\/2026\/04\/19\/penaltis-a-favor-de-sporting-e-benfica-foram-bem-assinalados\/#breadcrumb\"},\"inLanguage\":\"pt-PT\",\"potentialAction\":[{\"@type\":\"ReadAction\",\"target\":[\"https:\/\/portaltela.pt\/noticias\/2026\/04\/19\/penaltis-a-favor-de-sporting-e-benfica-foram-bem-assinalados\/\"]}]},{\"@type\":\"ImageObject\",\"inLanguage\":\"pt-PT\",\"@id\":\"https:\/\/portaltela.pt\/noticias\/2026\/04\/19\/penaltis-a-favor-de-sporting-e-benfica-foram-bem-assinalados\/#primaryimage\",\"url\":\"https:\/\/portaltela.pt\/s.01k8rhncp4jt1\/2026\/04\/02fa64d8-bdaa-4562-b0e7-2ef2762721b7_1200x675.jpg\",\"contentUrl\":\"https:\/\/portaltela.pt\/s.01k8rhncp4jt1\/2026\/04\/02fa64d8-bdaa-4562-b0e7-2ef2762721b7_1200x675.jpg\",\"width\":796,\"height\":448,\"caption\":\"Schjelderup marcou o pen\u00e1lti benfiquista\"},{\"@type\":\"BreadcrumbList\",\"@id\":\"https:\/\/portaltela.pt\/noticias\/2026\/04\/19\/penaltis-a-favor-de-sporting-e-benfica-foram-bem-assinalados\/#breadcrumb\",\"itemListElement\":[{\"@type\":\"ListItem\",\"position\":1,\"name\":\"In\u00edcio\",\"item\":\"https:\/\/portaltela.pt\/\"},{\"@type\":\"ListItem\",\"position\":2,\"name\":\"Pen\u00e1ltis a favor de Sporting e Benfica foram bem assinalados\"}]},{\"@type\":\"WebSite\",\"@id\":\"https:\/\/portaltela.pt\/#website\",\"url\":\"https:\/\/portaltela.pt\/\",\"name\":\"Portal Tela Portugal\",\"description\":\"\",\"potentialAction\":[{\"@type\":\"SearchAction\",\"target\":{\"@type\":\"EntryPoint\",\"urlTemplate\":\"https:\/\/portaltela.pt\/?s={search_term_string}\"},\"query-input\":{\"@type\":\"PropertyValueSpecification\",\"valueRequired\":true,\"valueName\":\"search_term_string\"}}],\"inLanguage\":\"pt-PT\"},{\"@type\":\"Person\",\"@id\":\"https:\/\/portaltela.pt\/#\/schema\/person\/c4278d4a6028830caff9ee44b42d32ed\",\"name\":\"Telinha\",\"image\":{\"@type\":\"ImageObject\",\"inLanguage\":\"pt-PT\",\"@id\":\"https:\/\/portaltela.pt\/s.01k8rhncp4jt1\/2025\/11\/talking-bot-125x125.png\",\"url\":\"https:\/\/portaltela.pt\/s.01k8rhncp4jt1\/2025\/11\/talking-bot-125x125.png\",\"contentUrl\":\"https:\/\/portaltela.pt\/s.01k8rhncp4jt1\/2025\/11\/talking-bot-125x125.png\",\"caption\":\"Telinha\"},\"sameAs\":[\"https:\/\/portaltela.pt\/\"],\"url\":\"https:\/\/portaltela.pt\/por\/367410592786\/\"}]}<\/script>\n<!-- \/ Yoast SEO plugin. -->","yoast_head_json":{"title":"Pen\u00e1ltis a favor de Sporting e Benfica foram bem assinalados - Portal Tela Portugal","robots":{"index":"index","follow":"follow","max-snippet":"max-snippet:-1","max-image-preview":"max-image-preview:large","max-video-preview":"max-video-preview:-1"},"og_locale":"pt_PT","og_type":"article","og_title":"Pen\u00e1ltis a favor de Sporting e Benfica foram bem assinalados - Portal Tela Portugal","og_description":"Paulo Pereira, ex-\u00e1rbitro, diz que Jo\u00e3o Pinheiro permitiu protestos no Sporting-Benfica (1-2) e que o VAR ajudou na avalia\u00e7\u00e3o do pen\u00e1lti do Sporting. Aos 14 minutos, Aursnes pisa Trinc\u00e3o; houve pen\u00e1lti com boa interven\u00e7\u00e3o do VAR. Aos 25 minutos, Morita saltou com o bra\u00e7o acima da cabe\u00e7a; pen\u00e1lti a favor do Benfica por volumetria. Aos 31 minutos, n\u00e3o houve pen\u00e1lti sobre Quaresma; \u00e1rbitro acertou. Aos 37 minutos, Hjulmand viu amarelo ap\u00f3s protestos; aos 90+3 o golo foi anulado por fora de jogo, segundo o VAR.","og_url":"https:\/\/portaltela.pt\/noticias\/2026\/04\/19\/penaltis-a-favor-de-sporting-e-benfica-foram-bem-assinalados\/","og_site_name":"Portal Tela Portugal","article_published_time":"2026-04-19T21:32:41+00:00","author":"Telinha","twitter_card":"summary_large_image","twitter_misc":{"Escrito por":"Telinha","Tempo estimado de leitura":"2 minutos"},"schema":{"@context":"https:\/\/schema.org","@graph":[{"@type":"Article","@id":"https:\/\/portaltela.pt\/noticias\/2026\/04\/19\/penaltis-a-favor-de-sporting-e-benfica-foram-bem-assinalados\/#article","isPartOf":{"@id":"https:\/\/portaltela.pt\/noticias\/2026\/04\/19\/penaltis-a-favor-de-sporting-e-benfica-foram-bem-assinalados\/"},"author":{"name":"Telinha","@id":"https:\/\/portaltela.pt\/#\/schema\/person\/c4278d4a6028830caff9ee44b42d32ed"},"headline":"Pen\u00e1ltis a favor de Sporting e Benfica foram bem assinalados","datePublished":"2026-04-19T21:32:41+00:00","mainEntityOfPage":{"@id":"https:\/\/portaltela.pt\/noticias\/2026\/04\/19\/penaltis-a-favor-de-sporting-e-benfica-foram-bem-assinalados\/"},"wordCount":321,"image":{"@id":"https:\/\/portaltela.pt\/noticias\/2026\/04\/19\/penaltis-a-favor-de-sporting-e-benfica-foram-bem-assinalados\/#primaryimage"},"thumbnailUrl":"https:\/\/portaltela.pt\/s.01k8rhncp4jt1\/2026\/04\/02fa64d8-bdaa-4562-b0e7-2ef2762721b7_1200x675.jpg","keywords":["\u00e1rbitro","\u00e1rbitros","Benfica","futebol","Sporting","VAR"],"articleSection":["Desporto","Futebol"],"inLanguage":"pt-PT"},{"@type":"WebPage","@id":"https:\/\/portaltela.pt\/noticias\/2026\/04\/19\/penaltis-a-favor-de-sporting-e-benfica-foram-bem-assinalados\/","url":"https:\/\/portaltela.pt\/noticias\/2026\/04\/19\/penaltis-a-favor-de-sporting-e-benfica-foram-bem-assinalados\/","name":"Pen\u00e1ltis a favor de Sporting e Benfica foram bem assinalados - Portal Tela Portugal","isPartOf":{"@id":"https:\/\/portaltela.pt\/#website"},"primaryImageOfPage":{"@id":"https:\/\/portaltela.pt\/noticias\/2026\/04\/19\/penaltis-a-favor-de-sporting-e-benfica-foram-bem-assinalados\/#primaryimage"},"image":{"@id":"https:\/\/portaltela.pt\/noticias\/2026\/04\/19\/penaltis-a-favor-de-sporting-e-benfica-foram-bem-assinalados\/#primaryimage"},"thumbnailUrl":"https:\/\/portaltela.pt\/s.01k8rhncp4jt1\/2026\/04\/02fa64d8-bdaa-4562-b0e7-2ef2762721b7_1200x675.jpg","datePublished":"2026-04-19T21:32:41+00:00","author":{"@id":"https:\/\/portaltela.pt\/#\/schema\/person\/c4278d4a6028830caff9ee44b42d32ed"},"breadcrumb":{"@id":"https:\/\/portaltela.pt\/noticias\/2026\/04\/19\/penaltis-a-favor-de-sporting-e-benfica-foram-bem-assinalados\/#breadcrumb"},"inLanguage":"pt-PT","potentialAction":[{"@type":"ReadAction","target":["https:\/\/portaltela.pt\/noticias\/2026\/04\/19\/penaltis-a-favor-de-sporting-e-benfica-foram-bem-assinalados\/"]}]},{"@type":"ImageObject","inLanguage":"pt-PT","@id":"https:\/\/portaltela.pt\/noticias\/2026\/04\/19\/penaltis-a-favor-de-sporting-e-benfica-foram-bem-assinalados\/#primaryimage","url":"https:\/\/portaltela.pt\/s.01k8rhncp4jt1\/2026\/04\/02fa64d8-bdaa-4562-b0e7-2ef2762721b7_1200x675.jpg","contentUrl":"https:\/\/portaltela.pt\/s.01k8rhncp4jt1\/2026\/04\/02fa64d8-bdaa-4562-b0e7-2ef2762721b7_1200x675.jpg","width":796,"height":448,"caption":"Schjelderup marcou o pen\u00e1lti benfiquista"},{"@type":"BreadcrumbList","@id":"https:\/\/portaltela.pt\/noticias\/2026\/04\/19\/penaltis-a-favor-de-sporting-e-benfica-foram-bem-assinalados\/#breadcrumb","itemListElement":[{"@type":"ListItem","position":1,"name":"In\u00edcio","item":"https:\/\/portaltela.pt\/"},{"@type":"ListItem","position":2,"name":"Pen\u00e1ltis a favor de Sporting e Benfica foram bem assinalados"}]},{"@type":"WebSite","@id":"https:\/\/portaltela.pt\/#website","url":"https:\/\/portaltela.pt\/","name":"Portal Tela Portugal","description":"","potentialAction":[{"@type":"SearchAction","target":{"@type":"EntryPoint","urlTemplate":"https:\/\/portaltela.pt\/?s={search_term_string}"},"query-input":{"@type":"PropertyValueSpecification","valueRequired":true,"valueName":"search_term_string"}}],"inLanguage":"pt-PT"},{"@type":"Person","@id":"https:\/\/portaltela.pt\/#\/schema\/person\/c4278d4a6028830caff9ee44b42d32ed","name":"Telinha","image":{"@type":"ImageObject","inLanguage":"pt-PT","@id":"https:\/\/portaltela.pt\/s.01k8rhncp4jt1\/2025\/11\/talking-bot-125x125.png","url":"https:\/\/portaltela.pt\/s.01k8rhncp4jt1\/2025\/11\/talking-bot-125x125.png","contentUrl":"https:\/\/portaltela.pt\/s.01k8rhncp4jt1\/2025\/11\/talking-bot-125x125.png","caption":"Telinha"},"sameAs":["https:\/\/portaltela.pt\/"],"url":"https:\/\/portaltela.pt\/por\/367410592786\/"}]}},"_links":{"self":[{"href":"https:\/\/portaltela.pt\/api\/wp\/v2\/posts\/450440","targetHints":{"allow":["GET"]}}],"collection":[{"href":"https:\/\/portaltela.pt\/api\/wp\/v2\/posts"}],"about":[{"href":"https:\/\/portaltela.pt\/api\/wp\/v2\/types\/post"}],"author":[{"embeddable":true,"href":"https:\/\/portaltela.pt\/api\/wp\/v2\/users\/2"}],"replies":[{"embeddable":true,"href":"https:\/\/portaltela.pt\/api\/wp\/v2\/comments?post=450440"}],"version-history":[{"count":0,"href":"https:\/\/portaltela.pt\/api\/wp\/v2\/posts\/450440\/revisions"}],"wp:featuredmedia":[{"embeddable":true,"href":"https:\/\/portaltela.pt\/api\/wp\/v2\/media\/450442"}],"wp:attachment":[{"href":"https:\/\/portaltela.pt\/api\/wp\/v2\/media?parent=450440"}],"wp:term":[{"taxonomy":"category","embeddable":true,"href":"https:\/\/portaltela.pt\/api\/wp\/v2\/categories?post=450440"},{"taxonomy":"post_tag","embeddable":true,"href":"https:\/\/portaltela.pt\/api\/wp\/v2\/tags?post=450440"}],"curies":[{"name":"wp","href":"https:\/\/api.w.org\/{rel}","templated":true}]}}