{"id":450412,"date":"2026-04-19T17:47:44","date_gmt":"2026-04-19T20:47:44","guid":{"rendered":"https:\/\/portaltela.pt\/noticias\/2026\/04\/19\/otavio-marca-na-estreia-pelo-paris-fc\/"},"modified":"2026-04-19T17:47:44","modified_gmt":"2026-04-19T20:47:44","slug":"otavio-marca-na-estreia-pelo-paris-fc","status":"publish","type":"post","link":"https:\/\/portaltela.pt\/desporto\/futebol\/2026\/04\/19\/otavio-marca-na-estreia-pelo-paris-fc\/","title":{"rendered":"Ot\u00e1vio marca na estreia pelo Paris FC"},"content":{"rendered":"<p>Ot\u00e1vio estreou-se a marcar pelo Paris FC, numa vit\u00f3ria por 3-1 frente ao Metz, em jogo da Liga francesa. O brasileiro de 23 anos surgiu assistido por Immobile e, pela primeira vez desde 3 de fevereiro de 2025, voltou a festejar golo.<\/p>\n<p>A balan\u00e7a do encontro confirmou o triunfo do Paris FC frente a uma equipa do Metz que est\u00e1 perto da zona de despromo\u00e7\u00e3o. A vit\u00f3ria amplia as perspetivas da equipa na tabela e mant\u00e9m a equipa no curso desejado para a reta final da \u00e9poca.<\/p>\n<h3>Desempenho de Ot\u00e1vio<\/h3>\n<p>O ex-central do FC Porto confirmou o impacto pretendido pelo Paris FC, ao marcar o segundo golo e consolidar a vantagem. O jogador chegou \u00e0 equipa francesa na temporada e j\u00e1 soma contributos importantes para o plantel.<\/p>\n<p>A atua\u00e7\u00e3o de Immobile ao fornecer a assist\u00eancia que abriu o caminho ao golo de Ot\u00e1vio foi determinante para o desenrolar da partida. O Paris FC soma pontos importantes na consolida\u00e7\u00e3o de estrat\u00e9gias ofensivas.<\/p>\n","protected":false},"excerpt":{"rendered":"<ul>\n<li>Ot\u00e1vio, antigo defesa-central do FC Porto, estreou-se a marcar pelo Paris FC.<\/li>\n<li>A equipa venceu o Metz por 3-1, num jogo em que o advers\u00e1rio aparece quase despromovido.<\/li>\n<li>O golo foi assistido por Immobile.<\/li>\n<li>O brasileiro, de 23 anos, n\u00e3o marcava desde 3 de fevereiro de 2025, quando faturou pelo FC Porto frente ao Rio Ave.<\/li>\n<li>A vit\u00f3ria volta a colocar o Paris FC na disputa pela manuten\u00e7\u00e3o na liga.<\/li>\n<\/ul>\n","protected":false},"author":2,"featured_media":450414,"comment_status":"closed","ping_status":"closed","sticky":false,"template":"","format":"standard","meta":{"footnotes":""},"categories":[21,24],"tags":[7902,8295,7755,7907,8146,9075],"class_list":["post-450412","post","type-post","status-publish","format-standard","has-post-thumbnail","hentry","category-desporto","category-futebol","tag-_desporto","tag-_franca","tag-_futebol","tag-_futebol-internacional","tag-_jogadores","tag-_ligue"],"yoast_head":"<!-- This site is optimized with the Yoast SEO plugin v27.2 - https:\/\/yoast.com\/product\/yoast-seo-wordpress\/ -->\n<title>Ot\u00e1vio marca na estreia pelo Paris FC - Portal Tela Portugal<\/title>\n<meta name=\"robots\" content=\"index, follow, max-snippet:-1, max-image-preview:large, max-video-preview:-1\" \/>\n<meta property=\"og:locale\" content=\"pt_PT\" \/>\n<meta property=\"og:type\" content=\"article\" \/>\n<meta property=\"og:title\" content=\"Ot\u00e1vio marca na estreia pelo Paris FC - Portal Tela Portugal\" \/>\n<meta property=\"og:description\" content=\"Ot\u00e1vio, antigo defesa-central do FC Porto, estreou-se a marcar pelo Paris FC. A equipa venceu o Metz por 3-1, num jogo em que o advers\u00e1rio aparece quase despromovido. O golo foi assistido por Immobile. O brasileiro, de 23 anos, n\u00e3o marcava desde 3 de fevereiro de 2025, quando faturou pelo FC Porto frente ao Rio Ave. A vit\u00f3ria volta a colocar o Paris FC na disputa pela manuten\u00e7\u00e3o na liga.\" \/>\n<meta property=\"og:url\" content=\"https:\/\/portaltela.pt\/noticias\/2026\/04\/19\/otavio-marca-na-estreia-pelo-paris-fc\/\" \/>\n<meta property=\"og:site_name\" content=\"Portal Tela Portugal\" \/>\n<meta property=\"article:published_time\" content=\"2026-04-19T20:47:44+00:00\" \/>\n<meta name=\"author\" content=\"Telinha\" \/>\n<meta name=\"twitter:card\" content=\"summary_large_image\" \/>\n<meta name=\"twitter:label1\" content=\"Escrito por\" \/>\n\t<meta name=\"twitter:data1\" content=\"Telinha\" \/>\n\t<meta name=\"twitter:label2\" content=\"Tempo estimado de leitura\" \/>\n\t<meta name=\"twitter:data2\" content=\"1 minuto\" \/>\n<script type=\"application\/ld+json\" class=\"yoast-schema-graph\">{\"@context\":\"https:\/\/schema.org\",\"@graph\":[{\"@type\":\"Article\",\"@id\":\"https:\/\/portaltela.pt\/noticias\/2026\/04\/19\/otavio-marca-na-estreia-pelo-paris-fc\/#article\",\"isPartOf\":{\"@id\":\"https:\/\/portaltela.pt\/noticias\/2026\/04\/19\/otavio-marca-na-estreia-pelo-paris-fc\/\"},\"author\":{\"name\":\"Telinha\",\"@id\":\"https:\/\/portaltela.pt\/#\/schema\/person\/c4278d4a6028830caff9ee44b42d32ed\"},\"headline\":\"Ot\u00e1vio marca na estreia pelo Paris FC\",\"datePublished\":\"2026-04-19T20:47:44+00:00\",\"mainEntityOfPage\":{\"@id\":\"https:\/\/portaltela.pt\/noticias\/2026\/04\/19\/otavio-marca-na-estreia-pelo-paris-fc\/\"},\"wordCount\":177,\"image\":{\"@id\":\"https:\/\/portaltela.pt\/noticias\/2026\/04\/19\/otavio-marca-na-estreia-pelo-paris-fc\/#primaryimage\"},\"thumbnailUrl\":\"https:\/\/portaltela.pt\/s.01k8rhncp4jt1\/2026\/04\/img_920x518uu2025-07-23-17-09-54-2378752.jpg\",\"keywords\":[\"_desporto\",\"_Fran\u00e7a\",\"_futebol\",\"_futebol internacional\",\"_jogadores\",\"_Ligue\"],\"articleSection\":[\"Desporto\",\"Futebol\"],\"inLanguage\":\"pt-PT\"},{\"@type\":\"WebPage\",\"@id\":\"https:\/\/portaltela.pt\/noticias\/2026\/04\/19\/otavio-marca-na-estreia-pelo-paris-fc\/\",\"url\":\"https:\/\/portaltela.pt\/noticias\/2026\/04\/19\/otavio-marca-na-estreia-pelo-paris-fc\/\",\"name\":\"Ot\u00e1vio marca na estreia pelo Paris FC - Portal Tela Portugal\",\"isPartOf\":{\"@id\":\"https:\/\/portaltela.pt\/#website\"},\"primaryImageOfPage\":{\"@id\":\"https:\/\/portaltela.pt\/noticias\/2026\/04\/19\/otavio-marca-na-estreia-pelo-paris-fc\/#primaryimage\"},\"image\":{\"@id\":\"https:\/\/portaltela.pt\/noticias\/2026\/04\/19\/otavio-marca-na-estreia-pelo-paris-fc\/#primaryimage\"},\"thumbnailUrl\":\"https:\/\/portaltela.pt\/s.01k8rhncp4jt1\/2026\/04\/img_920x518uu2025-07-23-17-09-54-2378752.jpg\",\"datePublished\":\"2026-04-19T20:47:44+00:00\",\"author\":{\"@id\":\"https:\/\/portaltela.pt\/#\/schema\/person\/c4278d4a6028830caff9ee44b42d32ed\"},\"breadcrumb\":{\"@id\":\"https:\/\/portaltela.pt\/noticias\/2026\/04\/19\/otavio-marca-na-estreia-pelo-paris-fc\/#breadcrumb\"},\"inLanguage\":\"pt-PT\",\"potentialAction\":[{\"@type\":\"ReadAction\",\"target\":[\"https:\/\/portaltela.pt\/noticias\/2026\/04\/19\/otavio-marca-na-estreia-pelo-paris-fc\/\"]}]},{\"@type\":\"ImageObject\",\"inLanguage\":\"pt-PT\",\"@id\":\"https:\/\/portaltela.pt\/noticias\/2026\/04\/19\/otavio-marca-na-estreia-pelo-paris-fc\/#primaryimage\",\"url\":\"https:\/\/portaltela.pt\/s.01k8rhncp4jt1\/2026\/04\/img_920x518uu2025-07-23-17-09-54-2378752.jpg\",\"contentUrl\":\"https:\/\/portaltela.pt\/s.01k8rhncp4jt1\/2026\/04\/img_920x518uu2025-07-23-17-09-54-2378752.jpg\",\"width\":796,\"height\":448,\"caption\":\"Ot\u00e1vio \u00e9 um dos trunfos do Paris FC\"},{\"@type\":\"BreadcrumbList\",\"@id\":\"https:\/\/portaltela.pt\/noticias\/2026\/04\/19\/otavio-marca-na-estreia-pelo-paris-fc\/#breadcrumb\",\"itemListElement\":[{\"@type\":\"ListItem\",\"position\":1,\"name\":\"In\u00edcio\",\"item\":\"https:\/\/portaltela.pt\/\"},{\"@type\":\"ListItem\",\"position\":2,\"name\":\"Ot\u00e1vio marca na estreia pelo Paris FC\"}]},{\"@type\":\"WebSite\",\"@id\":\"https:\/\/portaltela.pt\/#website\",\"url\":\"https:\/\/portaltela.pt\/\",\"name\":\"Portal Tela Portugal\",\"description\":\"\",\"potentialAction\":[{\"@type\":\"SearchAction\",\"target\":{\"@type\":\"EntryPoint\",\"urlTemplate\":\"https:\/\/portaltela.pt\/?s={search_term_string}\"},\"query-input\":{\"@type\":\"PropertyValueSpecification\",\"valueRequired\":true,\"valueName\":\"search_term_string\"}}],\"inLanguage\":\"pt-PT\"},{\"@type\":\"Person\",\"@id\":\"https:\/\/portaltela.pt\/#\/schema\/person\/c4278d4a6028830caff9ee44b42d32ed\",\"name\":\"Telinha\",\"image\":{\"@type\":\"ImageObject\",\"inLanguage\":\"pt-PT\",\"@id\":\"https:\/\/portaltela.pt\/s.01k8rhncp4jt1\/2025\/11\/talking-bot-125x125.png\",\"url\":\"https:\/\/portaltela.pt\/s.01k8rhncp4jt1\/2025\/11\/talking-bot-125x125.png\",\"contentUrl\":\"https:\/\/portaltela.pt\/s.01k8rhncp4jt1\/2025\/11\/talking-bot-125x125.png\",\"caption\":\"Telinha\"},\"sameAs\":[\"https:\/\/portaltela.pt\/\"],\"url\":\"https:\/\/portaltela.pt\/por\/367410592786\/\"}]}<\/script>\n<!-- \/ Yoast SEO plugin. -->","yoast_head_json":{"title":"Ot\u00e1vio marca na estreia pelo Paris FC - Portal Tela Portugal","robots":{"index":"index","follow":"follow","max-snippet":"max-snippet:-1","max-image-preview":"max-image-preview:large","max-video-preview":"max-video-preview:-1"},"og_locale":"pt_PT","og_type":"article","og_title":"Ot\u00e1vio marca na estreia pelo Paris FC - Portal Tela Portugal","og_description":"Ot\u00e1vio, antigo defesa-central do FC Porto, estreou-se a marcar pelo Paris FC. A equipa venceu o Metz por 3-1, num jogo em que o advers\u00e1rio aparece quase despromovido. O golo foi assistido por Immobile. O brasileiro, de 23 anos, n\u00e3o marcava desde 3 de fevereiro de 2025, quando faturou pelo FC Porto frente ao Rio Ave. A vit\u00f3ria volta a colocar o Paris FC na disputa pela manuten\u00e7\u00e3o na liga.","og_url":"https:\/\/portaltela.pt\/noticias\/2026\/04\/19\/otavio-marca-na-estreia-pelo-paris-fc\/","og_site_name":"Portal Tela Portugal","article_published_time":"2026-04-19T20:47:44+00:00","author":"Telinha","twitter_card":"summary_large_image","twitter_misc":{"Escrito por":"Telinha","Tempo estimado de leitura":"1 minuto"},"schema":{"@context":"https:\/\/schema.org","@graph":[{"@type":"Article","@id":"https:\/\/portaltela.pt\/noticias\/2026\/04\/19\/otavio-marca-na-estreia-pelo-paris-fc\/#article","isPartOf":{"@id":"https:\/\/portaltela.pt\/noticias\/2026\/04\/19\/otavio-marca-na-estreia-pelo-paris-fc\/"},"author":{"name":"Telinha","@id":"https:\/\/portaltela.pt\/#\/schema\/person\/c4278d4a6028830caff9ee44b42d32ed"},"headline":"Ot\u00e1vio marca na estreia pelo Paris FC","datePublished":"2026-04-19T20:47:44+00:00","mainEntityOfPage":{"@id":"https:\/\/portaltela.pt\/noticias\/2026\/04\/19\/otavio-marca-na-estreia-pelo-paris-fc\/"},"wordCount":177,"image":{"@id":"https:\/\/portaltela.pt\/noticias\/2026\/04\/19\/otavio-marca-na-estreia-pelo-paris-fc\/#primaryimage"},"thumbnailUrl":"https:\/\/portaltela.pt\/s.01k8rhncp4jt1\/2026\/04\/img_920x518uu2025-07-23-17-09-54-2378752.jpg","keywords":["_desporto","_Fran\u00e7a","_futebol","_futebol internacional","_jogadores","_Ligue"],"articleSection":["Desporto","Futebol"],"inLanguage":"pt-PT"},{"@type":"WebPage","@id":"https:\/\/portaltela.pt\/noticias\/2026\/04\/19\/otavio-marca-na-estreia-pelo-paris-fc\/","url":"https:\/\/portaltela.pt\/noticias\/2026\/04\/19\/otavio-marca-na-estreia-pelo-paris-fc\/","name":"Ot\u00e1vio marca na estreia pelo Paris FC - Portal Tela Portugal","isPartOf":{"@id":"https:\/\/portaltela.pt\/#website"},"primaryImageOfPage":{"@id":"https:\/\/portaltela.pt\/noticias\/2026\/04\/19\/otavio-marca-na-estreia-pelo-paris-fc\/#primaryimage"},"image":{"@id":"https:\/\/portaltela.pt\/noticias\/2026\/04\/19\/otavio-marca-na-estreia-pelo-paris-fc\/#primaryimage"},"thumbnailUrl":"https:\/\/portaltela.pt\/s.01k8rhncp4jt1\/2026\/04\/img_920x518uu2025-07-23-17-09-54-2378752.jpg","datePublished":"2026-04-19T20:47:44+00:00","author":{"@id":"https:\/\/portaltela.pt\/#\/schema\/person\/c4278d4a6028830caff9ee44b42d32ed"},"breadcrumb":{"@id":"https:\/\/portaltela.pt\/noticias\/2026\/04\/19\/otavio-marca-na-estreia-pelo-paris-fc\/#breadcrumb"},"inLanguage":"pt-PT","potentialAction":[{"@type":"ReadAction","target":["https:\/\/portaltela.pt\/noticias\/2026\/04\/19\/otavio-marca-na-estreia-pelo-paris-fc\/"]}]},{"@type":"ImageObject","inLanguage":"pt-PT","@id":"https:\/\/portaltela.pt\/noticias\/2026\/04\/19\/otavio-marca-na-estreia-pelo-paris-fc\/#primaryimage","url":"https:\/\/portaltela.pt\/s.01k8rhncp4jt1\/2026\/04\/img_920x518uu2025-07-23-17-09-54-2378752.jpg","contentUrl":"https:\/\/portaltela.pt\/s.01k8rhncp4jt1\/2026\/04\/img_920x518uu2025-07-23-17-09-54-2378752.jpg","width":796,"height":448,"caption":"Ot\u00e1vio \u00e9 um dos trunfos do Paris FC"},{"@type":"BreadcrumbList","@id":"https:\/\/portaltela.pt\/noticias\/2026\/04\/19\/otavio-marca-na-estreia-pelo-paris-fc\/#breadcrumb","itemListElement":[{"@type":"ListItem","position":1,"name":"In\u00edcio","item":"https:\/\/portaltela.pt\/"},{"@type":"ListItem","position":2,"name":"Ot\u00e1vio marca na estreia pelo Paris FC"}]},{"@type":"WebSite","@id":"https:\/\/portaltela.pt\/#website","url":"https:\/\/portaltela.pt\/","name":"Portal Tela Portugal","description":"","potentialAction":[{"@type":"SearchAction","target":{"@type":"EntryPoint","urlTemplate":"https:\/\/portaltela.pt\/?s={search_term_string}"},"query-input":{"@type":"PropertyValueSpecification","valueRequired":true,"valueName":"search_term_string"}}],"inLanguage":"pt-PT"},{"@type":"Person","@id":"https:\/\/portaltela.pt\/#\/schema\/person\/c4278d4a6028830caff9ee44b42d32ed","name":"Telinha","image":{"@type":"ImageObject","inLanguage":"pt-PT","@id":"https:\/\/portaltela.pt\/s.01k8rhncp4jt1\/2025\/11\/talking-bot-125x125.png","url":"https:\/\/portaltela.pt\/s.01k8rhncp4jt1\/2025\/11\/talking-bot-125x125.png","contentUrl":"https:\/\/portaltela.pt\/s.01k8rhncp4jt1\/2025\/11\/talking-bot-125x125.png","caption":"Telinha"},"sameAs":["https:\/\/portaltela.pt\/"],"url":"https:\/\/portaltela.pt\/por\/367410592786\/"}]}},"_links":{"self":[{"href":"https:\/\/portaltela.pt\/api\/wp\/v2\/posts\/450412","targetHints":{"allow":["GET"]}}],"collection":[{"href":"https:\/\/portaltela.pt\/api\/wp\/v2\/posts"}],"about":[{"href":"https:\/\/portaltela.pt\/api\/wp\/v2\/types\/post"}],"author":[{"embeddable":true,"href":"https:\/\/portaltela.pt\/api\/wp\/v2\/users\/2"}],"replies":[{"embeddable":true,"href":"https:\/\/portaltela.pt\/api\/wp\/v2\/comments?post=450412"}],"version-history":[{"count":0,"href":"https:\/\/portaltela.pt\/api\/wp\/v2\/posts\/450412\/revisions"}],"wp:featuredmedia":[{"embeddable":true,"href":"https:\/\/portaltela.pt\/api\/wp\/v2\/media\/450414"}],"wp:attachment":[{"href":"https:\/\/portaltela.pt\/api\/wp\/v2\/media?parent=450412"}],"wp:term":[{"taxonomy":"category","embeddable":true,"href":"https:\/\/portaltela.pt\/api\/wp\/v2\/categories?post=450412"},{"taxonomy":"post_tag","embeddable":true,"href":"https:\/\/portaltela.pt\/api\/wp\/v2\/tags?post=450412"}],"curies":[{"name":"wp","href":"https:\/\/api.w.org\/{rel}","templated":true}]}}