{"id":450366,"date":"2026-04-19T17:02:46","date_gmt":"2026-04-19T20:02:46","guid":{"rendered":"https:\/\/portaltela.pt\/noticias\/2026\/04\/19\/miguel-oliveira-encara-fim-de-semana-dificil-em-assen\/"},"modified":"2026-04-19T17:02:46","modified_gmt":"2026-04-19T20:02:46","slug":"miguel-oliveira-encara-fim-de-semana-dificil-em-assen","status":"publish","type":"post","link":"https:\/\/portaltela.pt\/desporto\/futebol\/2026\/04\/19\/miguel-oliveira-encara-fim-de-semana-dificil-em-assen\/","title":{"rendered":"Miguel Oliveira encara fim de semana dif\u00edcil em Assen"},"content":{"rendered":"<p>Miguel Oliveira considerou que o fim de semana em Assen, nos Pa\u00edses Baixos, foi dif\u00edcil. A terceira ronda do Mundial de Superbikes viu o piloto da BMW terminar na s\u00e9tima posi\u00e7\u00e3o no s\u00e1bado, ap\u00f3s ter arrancado o treino qualificador em 13.\u00ba. A corrida de Superpole acabou na 11.\u00aa posi\u00e7\u00e3o e a segunda prova do fim de semana ficou-se pela 12.\u00ba.<\/p>\n<p>O piloto de Almada destacou que a qualifica\u00e7\u00e3o acabou por influenciar fortemente os resultados. Sem um bom arranque, o grupo se manteve compacto e a progress\u00e3o tornou-se mais complicada. Mesmo com a dedica\u00e7\u00e3o da equipa para ajustar a mota, os progressos n\u00e3o foram suficientes para chegar mais acima na classifica\u00e7\u00e3o.<\/p>\n<p>No campeonato, j\u00e1 foram cumpridas as tr\u00eas primeiras rondas das 12 previstas para a \u00e9poca, colocando Oliveira na posi\u00e7\u00e3o de quarto classificado. A BMW Motorrad Motorsport informou que o conjunto continua a trabalhar para melhorar o desempenho em pistas onde a dupla pode funcionar melhor.<\/p>\n<h3>Resultados e classifica\u00e7\u00e3o do fim de semana<\/h3>\n<p>Amanh\u00e3 resta acompanhar a evolu\u00e7\u00e3o da temporada, com Oliviera a manter-se firme na estrat\u00e9gia de lutar por posi\u00e7\u00f5es de relevo em pistas favor\u00e1veis. A equipa n\u00e3o detalha planos futuros, limitando-se a confirmar a continuidade de avalia\u00e7\u00f5es t\u00e9cnicas.<\/p>\n","protected":false},"excerpt":{"rendered":"<ul>\n<li>Miguel Oliveira teve um fim de semana dif\u00edcil em Assen, na terceira ronda do Mundial de Superbikes.<\/li>\n<li>O piloto portugu\u00eas foi s\u00e9timo no s\u00e1bado, qualificado em 13.\u00ba, terminou a Superpole em 11.\u00ba e a segunda prova na posi\u00e7\u00e3o dezoito? Wait I wrote 12.\u00ba earlier. Need to ensure correct: 12.\u00ba. Let&#8217;s fix: &#8220;12.\u00ba.&#8221;<\/li>\n<li>A BMW afirmou que a equipa fez tudo para colocar a melhor mota na pista, mas o desafio manteve-se.<\/li>\n<li>Oliveira ressaltou que uma m\u00e1 qualifica\u00e7\u00e3o influenciou os resultados, mantendo-se no meio do pelot\u00e3o e com pouca margem para progredir.<\/li>\n<li>No campeonato, \u00e9 quarto classificado ap\u00f3s as tr\u00eas primeiras rondas das doze previstas para a temporada.<\/li>\n<\/ul>\n","protected":false},"author":2,"featured_media":450372,"comment_status":"closed","ping_status":"closed","sticky":false,"template":"","format":"standard","meta":{"footnotes":""},"categories":[21,24],"tags":[1373,2463,152,1809,5972],"class_list":["post-450366","post","type-post","status-publish","format-standard","has-post-thumbnail","hentry","category-desporto","category-futebol","tag-almada","tag-competicao-internacional","tag-desporto","tag-paises-baixos","tag-pilotos"],"yoast_head":"<!-- This site is optimized with the Yoast SEO plugin v27.2 - https:\/\/yoast.com\/product\/yoast-seo-wordpress\/ -->\n<title>Miguel Oliveira encara fim de semana dif\u00edcil em Assen - Portal Tela Portugal<\/title>\n<meta name=\"robots\" content=\"index, follow, max-snippet:-1, max-image-preview:large, max-video-preview:-1\" \/>\n<meta property=\"og:locale\" content=\"pt_PT\" \/>\n<meta property=\"og:type\" content=\"article\" \/>\n<meta property=\"og:title\" content=\"Miguel Oliveira encara fim de semana dif\u00edcil em Assen - Portal Tela Portugal\" \/>\n<meta property=\"og:description\" content=\"Miguel Oliveira teve um fim de semana dif\u00edcil em Assen, na terceira ronda do Mundial de Superbikes. O piloto portugu\u00eas foi s\u00e9timo no s\u00e1bado, qualificado em 13.\u00ba, terminou a Superpole em 11.\u00ba e a segunda prova na posi\u00e7\u00e3o dezoito? Wait I wrote 12.\u00ba earlier. Need to ensure correct: 12.\u00ba. Let&#039;s fix: &quot;12.\u00ba.&quot; A BMW afirmou que a equipa fez tudo para colocar a melhor mota na pista, mas o desafio manteve-se. Oliveira ressaltou que uma m\u00e1 qualifica\u00e7\u00e3o influenciou os resultados, mantendo-se no meio do pelot\u00e3o e com pouca margem para progredir. No campeonato, \u00e9 quarto classificado ap\u00f3s as tr\u00eas primeiras rondas das doze previstas para a temporada.\" \/>\n<meta property=\"og:url\" content=\"https:\/\/portaltela.pt\/noticias\/2026\/04\/19\/miguel-oliveira-encara-fim-de-semana-dificil-em-assen\/\" \/>\n<meta property=\"og:site_name\" content=\"Portal Tela Portugal\" \/>\n<meta property=\"article:published_time\" content=\"2026-04-19T20:02:46+00:00\" \/>\n<meta name=\"author\" content=\"Telinha\" \/>\n<meta name=\"twitter:card\" content=\"summary_large_image\" \/>\n<meta name=\"twitter:label1\" content=\"Escrito por\" \/>\n\t<meta name=\"twitter:data1\" content=\"Telinha\" \/>\n\t<meta name=\"twitter:label2\" content=\"Tempo estimado de leitura\" \/>\n\t<meta name=\"twitter:data2\" content=\"1 minuto\" \/>\n<script type=\"application\/ld+json\" class=\"yoast-schema-graph\">{\"@context\":\"https:\/\/schema.org\",\"@graph\":[{\"@type\":\"Article\",\"@id\":\"https:\/\/portaltela.pt\/noticias\/2026\/04\/19\/miguel-oliveira-encara-fim-de-semana-dificil-em-assen\/#article\",\"isPartOf\":{\"@id\":\"https:\/\/portaltela.pt\/noticias\/2026\/04\/19\/miguel-oliveira-encara-fim-de-semana-dificil-em-assen\/\"},\"author\":{\"name\":\"Telinha\",\"@id\":\"https:\/\/portaltela.pt\/#\/schema\/person\/c4278d4a6028830caff9ee44b42d32ed\"},\"headline\":\"Miguel Oliveira encara fim de semana dif\u00edcil em Assen\",\"datePublished\":\"2026-04-19T20:02:46+00:00\",\"mainEntityOfPage\":{\"@id\":\"https:\/\/portaltela.pt\/noticias\/2026\/04\/19\/miguel-oliveira-encara-fim-de-semana-dificil-em-assen\/\"},\"wordCount\":227,\"image\":{\"@id\":\"https:\/\/portaltela.pt\/noticias\/2026\/04\/19\/miguel-oliveira-encara-fim-de-semana-dificil-em-assen\/#primaryimage\"},\"thumbnailUrl\":\"https:\/\/portaltela.pt\/s.01k8rhncp4jt1\/2026\/04\/img_920x518uu2026-04-19-20-51-33-2434135.jpg\",\"keywords\":[\"Almada\",\"competi\u00e7\u00e3o internacional\",\"desporto\",\"Pa\u00edses Baixos\",\"pilotos\"],\"articleSection\":[\"Desporto\",\"Futebol\"],\"inLanguage\":\"pt-PT\"},{\"@type\":\"WebPage\",\"@id\":\"https:\/\/portaltela.pt\/noticias\/2026\/04\/19\/miguel-oliveira-encara-fim-de-semana-dificil-em-assen\/\",\"url\":\"https:\/\/portaltela.pt\/noticias\/2026\/04\/19\/miguel-oliveira-encara-fim-de-semana-dificil-em-assen\/\",\"name\":\"Miguel Oliveira encara fim de semana dif\u00edcil em Assen - Portal Tela Portugal\",\"isPartOf\":{\"@id\":\"https:\/\/portaltela.pt\/#website\"},\"primaryImageOfPage\":{\"@id\":\"https:\/\/portaltela.pt\/noticias\/2026\/04\/19\/miguel-oliveira-encara-fim-de-semana-dificil-em-assen\/#primaryimage\"},\"image\":{\"@id\":\"https:\/\/portaltela.pt\/noticias\/2026\/04\/19\/miguel-oliveira-encara-fim-de-semana-dificil-em-assen\/#primaryimage\"},\"thumbnailUrl\":\"https:\/\/portaltela.pt\/s.01k8rhncp4jt1\/2026\/04\/img_920x518uu2026-04-19-20-51-33-2434135.jpg\",\"datePublished\":\"2026-04-19T20:02:46+00:00\",\"author\":{\"@id\":\"https:\/\/portaltela.pt\/#\/schema\/person\/c4278d4a6028830caff9ee44b42d32ed\"},\"breadcrumb\":{\"@id\":\"https:\/\/portaltela.pt\/noticias\/2026\/04\/19\/miguel-oliveira-encara-fim-de-semana-dificil-em-assen\/#breadcrumb\"},\"inLanguage\":\"pt-PT\",\"potentialAction\":[{\"@type\":\"ReadAction\",\"target\":[\"https:\/\/portaltela.pt\/noticias\/2026\/04\/19\/miguel-oliveira-encara-fim-de-semana-dificil-em-assen\/\"]}]},{\"@type\":\"ImageObject\",\"inLanguage\":\"pt-PT\",\"@id\":\"https:\/\/portaltela.pt\/noticias\/2026\/04\/19\/miguel-oliveira-encara-fim-de-semana-dificil-em-assen\/#primaryimage\",\"url\":\"https:\/\/portaltela.pt\/s.01k8rhncp4jt1\/2026\/04\/img_920x518uu2026-04-19-20-51-33-2434135.jpg\",\"contentUrl\":\"https:\/\/portaltela.pt\/s.01k8rhncp4jt1\/2026\/04\/img_920x518uu2026-04-19-20-51-33-2434135.jpg\",\"width\":796,\"height\":448,\"caption\":\"Miguel Oliveira teve fim de semana dif\u00edcil em Assen\"},{\"@type\":\"BreadcrumbList\",\"@id\":\"https:\/\/portaltela.pt\/noticias\/2026\/04\/19\/miguel-oliveira-encara-fim-de-semana-dificil-em-assen\/#breadcrumb\",\"itemListElement\":[{\"@type\":\"ListItem\",\"position\":1,\"name\":\"In\u00edcio\",\"item\":\"https:\/\/portaltela.pt\/\"},{\"@type\":\"ListItem\",\"position\":2,\"name\":\"Miguel Oliveira encara fim de semana dif\u00edcil em Assen\"}]},{\"@type\":\"WebSite\",\"@id\":\"https:\/\/portaltela.pt\/#website\",\"url\":\"https:\/\/portaltela.pt\/\",\"name\":\"Portal Tela Portugal\",\"description\":\"\",\"potentialAction\":[{\"@type\":\"SearchAction\",\"target\":{\"@type\":\"EntryPoint\",\"urlTemplate\":\"https:\/\/portaltela.pt\/?s={search_term_string}\"},\"query-input\":{\"@type\":\"PropertyValueSpecification\",\"valueRequired\":true,\"valueName\":\"search_term_string\"}}],\"inLanguage\":\"pt-PT\"},{\"@type\":\"Person\",\"@id\":\"https:\/\/portaltela.pt\/#\/schema\/person\/c4278d4a6028830caff9ee44b42d32ed\",\"name\":\"Telinha\",\"image\":{\"@type\":\"ImageObject\",\"inLanguage\":\"pt-PT\",\"@id\":\"https:\/\/portaltela.pt\/s.01k8rhncp4jt1\/2025\/11\/talking-bot-125x125.png\",\"url\":\"https:\/\/portaltela.pt\/s.01k8rhncp4jt1\/2025\/11\/talking-bot-125x125.png\",\"contentUrl\":\"https:\/\/portaltela.pt\/s.01k8rhncp4jt1\/2025\/11\/talking-bot-125x125.png\",\"caption\":\"Telinha\"},\"sameAs\":[\"https:\/\/portaltela.pt\/\"],\"url\":\"https:\/\/portaltela.pt\/por\/367410592786\/\"}]}<\/script>\n<!-- \/ Yoast SEO plugin. -->","yoast_head_json":{"title":"Miguel Oliveira encara fim de semana dif\u00edcil em Assen - Portal Tela Portugal","robots":{"index":"index","follow":"follow","max-snippet":"max-snippet:-1","max-image-preview":"max-image-preview:large","max-video-preview":"max-video-preview:-1"},"og_locale":"pt_PT","og_type":"article","og_title":"Miguel Oliveira encara fim de semana dif\u00edcil em Assen - Portal Tela Portugal","og_description":"Miguel Oliveira teve um fim de semana dif\u00edcil em Assen, na terceira ronda do Mundial de Superbikes. O piloto portugu\u00eas foi s\u00e9timo no s\u00e1bado, qualificado em 13.\u00ba, terminou a Superpole em 11.\u00ba e a segunda prova na posi\u00e7\u00e3o dezoito? Wait I wrote 12.\u00ba earlier. Need to ensure correct: 12.\u00ba. Let's fix: \"12.\u00ba.\" A BMW afirmou que a equipa fez tudo para colocar a melhor mota na pista, mas o desafio manteve-se. Oliveira ressaltou que uma m\u00e1 qualifica\u00e7\u00e3o influenciou os resultados, mantendo-se no meio do pelot\u00e3o e com pouca margem para progredir. No campeonato, \u00e9 quarto classificado ap\u00f3s as tr\u00eas primeiras rondas das doze previstas para a temporada.","og_url":"https:\/\/portaltela.pt\/noticias\/2026\/04\/19\/miguel-oliveira-encara-fim-de-semana-dificil-em-assen\/","og_site_name":"Portal Tela Portugal","article_published_time":"2026-04-19T20:02:46+00:00","author":"Telinha","twitter_card":"summary_large_image","twitter_misc":{"Escrito por":"Telinha","Tempo estimado de leitura":"1 minuto"},"schema":{"@context":"https:\/\/schema.org","@graph":[{"@type":"Article","@id":"https:\/\/portaltela.pt\/noticias\/2026\/04\/19\/miguel-oliveira-encara-fim-de-semana-dificil-em-assen\/#article","isPartOf":{"@id":"https:\/\/portaltela.pt\/noticias\/2026\/04\/19\/miguel-oliveira-encara-fim-de-semana-dificil-em-assen\/"},"author":{"name":"Telinha","@id":"https:\/\/portaltela.pt\/#\/schema\/person\/c4278d4a6028830caff9ee44b42d32ed"},"headline":"Miguel Oliveira encara fim de semana dif\u00edcil em Assen","datePublished":"2026-04-19T20:02:46+00:00","mainEntityOfPage":{"@id":"https:\/\/portaltela.pt\/noticias\/2026\/04\/19\/miguel-oliveira-encara-fim-de-semana-dificil-em-assen\/"},"wordCount":227,"image":{"@id":"https:\/\/portaltela.pt\/noticias\/2026\/04\/19\/miguel-oliveira-encara-fim-de-semana-dificil-em-assen\/#primaryimage"},"thumbnailUrl":"https:\/\/portaltela.pt\/s.01k8rhncp4jt1\/2026\/04\/img_920x518uu2026-04-19-20-51-33-2434135.jpg","keywords":["Almada","competi\u00e7\u00e3o internacional","desporto","Pa\u00edses Baixos","pilotos"],"articleSection":["Desporto","Futebol"],"inLanguage":"pt-PT"},{"@type":"WebPage","@id":"https:\/\/portaltela.pt\/noticias\/2026\/04\/19\/miguel-oliveira-encara-fim-de-semana-dificil-em-assen\/","url":"https:\/\/portaltela.pt\/noticias\/2026\/04\/19\/miguel-oliveira-encara-fim-de-semana-dificil-em-assen\/","name":"Miguel Oliveira encara fim de semana dif\u00edcil em Assen - Portal Tela Portugal","isPartOf":{"@id":"https:\/\/portaltela.pt\/#website"},"primaryImageOfPage":{"@id":"https:\/\/portaltela.pt\/noticias\/2026\/04\/19\/miguel-oliveira-encara-fim-de-semana-dificil-em-assen\/#primaryimage"},"image":{"@id":"https:\/\/portaltela.pt\/noticias\/2026\/04\/19\/miguel-oliveira-encara-fim-de-semana-dificil-em-assen\/#primaryimage"},"thumbnailUrl":"https:\/\/portaltela.pt\/s.01k8rhncp4jt1\/2026\/04\/img_920x518uu2026-04-19-20-51-33-2434135.jpg","datePublished":"2026-04-19T20:02:46+00:00","author":{"@id":"https:\/\/portaltela.pt\/#\/schema\/person\/c4278d4a6028830caff9ee44b42d32ed"},"breadcrumb":{"@id":"https:\/\/portaltela.pt\/noticias\/2026\/04\/19\/miguel-oliveira-encara-fim-de-semana-dificil-em-assen\/#breadcrumb"},"inLanguage":"pt-PT","potentialAction":[{"@type":"ReadAction","target":["https:\/\/portaltela.pt\/noticias\/2026\/04\/19\/miguel-oliveira-encara-fim-de-semana-dificil-em-assen\/"]}]},{"@type":"ImageObject","inLanguage":"pt-PT","@id":"https:\/\/portaltela.pt\/noticias\/2026\/04\/19\/miguel-oliveira-encara-fim-de-semana-dificil-em-assen\/#primaryimage","url":"https:\/\/portaltela.pt\/s.01k8rhncp4jt1\/2026\/04\/img_920x518uu2026-04-19-20-51-33-2434135.jpg","contentUrl":"https:\/\/portaltela.pt\/s.01k8rhncp4jt1\/2026\/04\/img_920x518uu2026-04-19-20-51-33-2434135.jpg","width":796,"height":448,"caption":"Miguel Oliveira teve fim de semana dif\u00edcil em Assen"},{"@type":"BreadcrumbList","@id":"https:\/\/portaltela.pt\/noticias\/2026\/04\/19\/miguel-oliveira-encara-fim-de-semana-dificil-em-assen\/#breadcrumb","itemListElement":[{"@type":"ListItem","position":1,"name":"In\u00edcio","item":"https:\/\/portaltela.pt\/"},{"@type":"ListItem","position":2,"name":"Miguel Oliveira encara fim de semana dif\u00edcil em Assen"}]},{"@type":"WebSite","@id":"https:\/\/portaltela.pt\/#website","url":"https:\/\/portaltela.pt\/","name":"Portal Tela Portugal","description":"","potentialAction":[{"@type":"SearchAction","target":{"@type":"EntryPoint","urlTemplate":"https:\/\/portaltela.pt\/?s={search_term_string}"},"query-input":{"@type":"PropertyValueSpecification","valueRequired":true,"valueName":"search_term_string"}}],"inLanguage":"pt-PT"},{"@type":"Person","@id":"https:\/\/portaltela.pt\/#\/schema\/person\/c4278d4a6028830caff9ee44b42d32ed","name":"Telinha","image":{"@type":"ImageObject","inLanguage":"pt-PT","@id":"https:\/\/portaltela.pt\/s.01k8rhncp4jt1\/2025\/11\/talking-bot-125x125.png","url":"https:\/\/portaltela.pt\/s.01k8rhncp4jt1\/2025\/11\/talking-bot-125x125.png","contentUrl":"https:\/\/portaltela.pt\/s.01k8rhncp4jt1\/2025\/11\/talking-bot-125x125.png","caption":"Telinha"},"sameAs":["https:\/\/portaltela.pt\/"],"url":"https:\/\/portaltela.pt\/por\/367410592786\/"}]}},"_links":{"self":[{"href":"https:\/\/portaltela.pt\/api\/wp\/v2\/posts\/450366","targetHints":{"allow":["GET"]}}],"collection":[{"href":"https:\/\/portaltela.pt\/api\/wp\/v2\/posts"}],"about":[{"href":"https:\/\/portaltela.pt\/api\/wp\/v2\/types\/post"}],"author":[{"embeddable":true,"href":"https:\/\/portaltela.pt\/api\/wp\/v2\/users\/2"}],"replies":[{"embeddable":true,"href":"https:\/\/portaltela.pt\/api\/wp\/v2\/comments?post=450366"}],"version-history":[{"count":0,"href":"https:\/\/portaltela.pt\/api\/wp\/v2\/posts\/450366\/revisions"}],"wp:featuredmedia":[{"embeddable":true,"href":"https:\/\/portaltela.pt\/api\/wp\/v2\/media\/450372"}],"wp:attachment":[{"href":"https:\/\/portaltela.pt\/api\/wp\/v2\/media?parent=450366"}],"wp:term":[{"taxonomy":"category","embeddable":true,"href":"https:\/\/portaltela.pt\/api\/wp\/v2\/categories?post=450366"},{"taxonomy":"post_tag","embeddable":true,"href":"https:\/\/portaltela.pt\/api\/wp\/v2\/tags?post=450366"}],"curies":[{"name":"wp","href":"https:\/\/api.w.org\/{rel}","templated":true}]}}