{"id":450326,"date":"2026-04-19T16:33:18","date_gmt":"2026-04-19T19:33:18","guid":{"rendered":"https:\/\/portaltela.pt\/noticias\/2026\/04\/19\/reacao-de-mourinho-ao-golo-de-rafa-quem-procurava-o-tecnico-do-benfica\/"},"modified":"2026-04-19T16:33:18","modified_gmt":"2026-04-19T19:33:18","slug":"reacao-de-mourinho-ao-golo-de-rafa-quem-procurava-o-tecnico-do-benfica","status":"publish","type":"post","link":"https:\/\/portaltela.pt\/desporto\/futebol\/2026\/04\/19\/reacao-de-mourinho-ao-golo-de-rafa-quem-procurava-o-tecnico-do-benfica\/","title":{"rendered":"Rea\u00e7\u00e3o de Mourinho ao golo de Rafa: quem procurava o t\u00e9cnico do Benfica?"},"content":{"rendered":"<p>O golo de Rafa desencadeou momentos de confus\u00e3o no banco do Benfica, durante a partida. O incidente ocorreu logo ap\u00f3s o tento, num cen\u00e1rio marcado pela movimenta\u00e7\u00e3o dos jogadores da equipa e pela express\u00e3o de surpresa entre alguns membros da comitiva t\u00e9cnica.<\/p>\n<p>Jos\u00e9 Mourinho esteve envolvido na sequ\u00eancia, sendo visto a percorrer o banco com abafo de aten\u00e7\u00e3o, aparentemente \u00e0 procura de Enzo Barrenechea. A cena chamou a aten\u00e7\u00e3o de quem acompanhava o desenrolar do jogo.<\/p>\n<p>A opera\u00e7\u00e3o de busca ter\u00e1 sido motivada pela necessidade de comunica\u00e7\u00e3o entre o t\u00e9cnico e o jogador, num momento de rea\u00e7\u00e3o ao golo. O epis\u00f3dio desenrolou-se junto \u00e0s bancadas de suplentes e n\u00e3o houve descri\u00e7\u00e3o de a\u00e7\u00f5es adicionais que alterassem o desenvolvimento da partida.<\/p>\n<h3>Rea\u00e7\u00e3o no banco<\/h3>\n<p>Entre os elementos presentes, o foco manteve-se na interven\u00e7\u00e3o de Mourinho e na tentativa de estabelecer contacto com Barrenechea. O epis\u00f3dio refletiu a intensidade habitual de um encontro competitivo, sem que haja informa\u00e7\u00f5es oficiais sobre consequ\u00eancias diretas para os jogadores ou para a equipa.<\/p>\n<p>O est\u00e1dio manteve-se atento ao desenrolar do jogo, com o p\u00fablico acompanhando as jogadas seguintes e o elenco t\u00e9cnico a reorganizar esquemas para o per\u00edodo seguinte. N\u00e3o foram reveladas declara\u00e7\u00f5es oficiais sobre o incidente.<\/p>\n","protected":false},"excerpt":{"rendered":"<ul>\n<li>O golo de Rafa ocorreu e gerou confus\u00e3o junto do banco do Benfica.<\/li>\n<li>Jos\u00e9 Mourinho estava \u00e0 procura de Enzo Barrenechea no momento do lance.<\/li>\n<li>O epis\u00f3dio aconteceu perto do banco encarnado, logo ap\u00f3s o golo.<\/li>\n<li>N\u00e3o h\u00e1 detalhes sobre consequ\u00eancias imediatas ou a\u00e7\u00f5es subsequentes no epis\u00f3dio.<\/li>\n<\/ul>\n","protected":false},"author":2,"featured_media":450329,"comment_status":"closed","ping_status":"closed","sticky":false,"template":"","format":"standard","meta":{"footnotes":""},"categories":[21,24],"tags":[1946,5326,5847,32,2138],"class_list":["post-450326","post","type-post","status-publish","format-standard","has-post-thumbnail","hentry","category-desporto","category-futebol","tag-benfica","tag-comunicacao-social","tag-enzo-barrenechea","tag-futebol","tag-jose-mourinho"],"yoast_head":"<!-- This site is optimized with the Yoast SEO plugin v27.2 - https:\/\/yoast.com\/product\/yoast-seo-wordpress\/ -->\n<title>Rea\u00e7\u00e3o de Mourinho ao golo de Rafa: quem procurava o t\u00e9cnico do Benfica? - Portal Tela Portugal<\/title>\n<meta name=\"robots\" content=\"index, follow, max-snippet:-1, max-image-preview:large, max-video-preview:-1\" \/>\n<meta property=\"og:locale\" content=\"pt_PT\" \/>\n<meta property=\"og:type\" content=\"article\" \/>\n<meta property=\"og:title\" content=\"Rea\u00e7\u00e3o de Mourinho ao golo de Rafa: quem procurava o t\u00e9cnico do Benfica? - Portal Tela Portugal\" \/>\n<meta property=\"og:description\" content=\"O golo de Rafa ocorreu e gerou confus\u00e3o junto do banco do Benfica. Jos\u00e9 Mourinho estava \u00e0 procura de Enzo Barrenechea no momento do lance. O epis\u00f3dio aconteceu perto do banco encarnado, logo ap\u00f3s o golo. N\u00e3o h\u00e1 detalhes sobre consequ\u00eancias imediatas ou a\u00e7\u00f5es subsequentes no epis\u00f3dio.\" \/>\n<meta property=\"og:url\" content=\"https:\/\/portaltela.pt\/noticias\/2026\/04\/19\/reacao-de-mourinho-ao-golo-de-rafa-quem-procurava-o-tecnico-do-benfica\/\" \/>\n<meta property=\"og:site_name\" content=\"Portal Tela Portugal\" \/>\n<meta property=\"article:published_time\" content=\"2026-04-19T19:33:18+00:00\" \/>\n<meta name=\"author\" content=\"Telinha\" \/>\n<meta name=\"twitter:card\" content=\"summary_large_image\" \/>\n<meta name=\"twitter:label1\" content=\"Escrito por\" \/>\n\t<meta name=\"twitter:data1\" content=\"Telinha\" \/>\n\t<meta name=\"twitter:label2\" content=\"Tempo estimado de leitura\" \/>\n\t<meta name=\"twitter:data2\" content=\"1 minuto\" \/>\n<script type=\"application\/ld+json\" class=\"yoast-schema-graph\">{\"@context\":\"https:\/\/schema.org\",\"@graph\":[{\"@type\":\"Article\",\"@id\":\"https:\/\/portaltela.pt\/noticias\/2026\/04\/19\/reacao-de-mourinho-ao-golo-de-rafa-quem-procurava-o-tecnico-do-benfica\/#article\",\"isPartOf\":{\"@id\":\"https:\/\/portaltela.pt\/noticias\/2026\/04\/19\/reacao-de-mourinho-ao-golo-de-rafa-quem-procurava-o-tecnico-do-benfica\/\"},\"author\":{\"name\":\"Telinha\",\"@id\":\"https:\/\/portaltela.pt\/#\/schema\/person\/c4278d4a6028830caff9ee44b42d32ed\"},\"headline\":\"Rea\u00e7\u00e3o de Mourinho ao golo de Rafa: quem procurava o t\u00e9cnico do Benfica?\",\"datePublished\":\"2026-04-19T19:33:18+00:00\",\"mainEntityOfPage\":{\"@id\":\"https:\/\/portaltela.pt\/noticias\/2026\/04\/19\/reacao-de-mourinho-ao-golo-de-rafa-quem-procurava-o-tecnico-do-benfica\/\"},\"wordCount\":243,\"image\":{\"@id\":\"https:\/\/portaltela.pt\/noticias\/2026\/04\/19\/reacao-de-mourinho-ao-golo-de-rafa-quem-procurava-o-tecnico-do-benfica\/#primaryimage\"},\"thumbnailUrl\":\"https:\/\/portaltela.pt\/s.01k8rhncp4jt1\/2026\/04\/img_1200x721uu2026-04-19-20-18-07-2434113.jpg\",\"keywords\":[\"Benfica\",\"comunica\u00e7\u00e3o social\",\"Enzo Barrenechea\",\"futebol\",\"Jos\u00e9 Mourinho\"],\"articleSection\":[\"Desporto\",\"Futebol\"],\"inLanguage\":\"pt-PT\"},{\"@type\":\"WebPage\",\"@id\":\"https:\/\/portaltela.pt\/noticias\/2026\/04\/19\/reacao-de-mourinho-ao-golo-de-rafa-quem-procurava-o-tecnico-do-benfica\/\",\"url\":\"https:\/\/portaltela.pt\/noticias\/2026\/04\/19\/reacao-de-mourinho-ao-golo-de-rafa-quem-procurava-o-tecnico-do-benfica\/\",\"name\":\"Rea\u00e7\u00e3o de Mourinho ao golo de Rafa: quem procurava o t\u00e9cnico do Benfica? - Portal Tela Portugal\",\"isPartOf\":{\"@id\":\"https:\/\/portaltela.pt\/#website\"},\"primaryImageOfPage\":{\"@id\":\"https:\/\/portaltela.pt\/noticias\/2026\/04\/19\/reacao-de-mourinho-ao-golo-de-rafa-quem-procurava-o-tecnico-do-benfica\/#primaryimage\"},\"image\":{\"@id\":\"https:\/\/portaltela.pt\/noticias\/2026\/04\/19\/reacao-de-mourinho-ao-golo-de-rafa-quem-procurava-o-tecnico-do-benfica\/#primaryimage\"},\"thumbnailUrl\":\"https:\/\/portaltela.pt\/s.01k8rhncp4jt1\/2026\/04\/img_1200x721uu2026-04-19-20-18-07-2434113.jpg\",\"datePublished\":\"2026-04-19T19:33:18+00:00\",\"author\":{\"@id\":\"https:\/\/portaltela.pt\/#\/schema\/person\/c4278d4a6028830caff9ee44b42d32ed\"},\"breadcrumb\":{\"@id\":\"https:\/\/portaltela.pt\/noticias\/2026\/04\/19\/reacao-de-mourinho-ao-golo-de-rafa-quem-procurava-o-tecnico-do-benfica\/#breadcrumb\"},\"inLanguage\":\"pt-PT\",\"potentialAction\":[{\"@type\":\"ReadAction\",\"target\":[\"https:\/\/portaltela.pt\/noticias\/2026\/04\/19\/reacao-de-mourinho-ao-golo-de-rafa-quem-procurava-o-tecnico-do-benfica\/\"]}]},{\"@type\":\"ImageObject\",\"inLanguage\":\"pt-PT\",\"@id\":\"https:\/\/portaltela.pt\/noticias\/2026\/04\/19\/reacao-de-mourinho-ao-golo-de-rafa-quem-procurava-o-tecnico-do-benfica\/#primaryimage\",\"url\":\"https:\/\/portaltela.pt\/s.01k8rhncp4jt1\/2026\/04\/img_1200x721uu2026-04-19-20-18-07-2434113.jpg\",\"contentUrl\":\"https:\/\/portaltela.pt\/s.01k8rhncp4jt1\/2026\/04\/img_1200x721uu2026-04-19-20-18-07-2434113.jpg\",\"width\":796,\"height\":448,\"caption\":\"A rea\u00e7\u00e3o de Mourinho ao golo de Rafa: t\u00e9cnico do Benfica estava \u00e0 procura de quem?\"},{\"@type\":\"BreadcrumbList\",\"@id\":\"https:\/\/portaltela.pt\/noticias\/2026\/04\/19\/reacao-de-mourinho-ao-golo-de-rafa-quem-procurava-o-tecnico-do-benfica\/#breadcrumb\",\"itemListElement\":[{\"@type\":\"ListItem\",\"position\":1,\"name\":\"In\u00edcio\",\"item\":\"https:\/\/portaltela.pt\/\"},{\"@type\":\"ListItem\",\"position\":2,\"name\":\"Rea\u00e7\u00e3o de Mourinho ao golo de Rafa: quem procurava o t\u00e9cnico do Benfica?\"}]},{\"@type\":\"WebSite\",\"@id\":\"https:\/\/portaltela.pt\/#website\",\"url\":\"https:\/\/portaltela.pt\/\",\"name\":\"Portal Tela Portugal\",\"description\":\"\",\"potentialAction\":[{\"@type\":\"SearchAction\",\"target\":{\"@type\":\"EntryPoint\",\"urlTemplate\":\"https:\/\/portaltela.pt\/?s={search_term_string}\"},\"query-input\":{\"@type\":\"PropertyValueSpecification\",\"valueRequired\":true,\"valueName\":\"search_term_string\"}}],\"inLanguage\":\"pt-PT\"},{\"@type\":\"Person\",\"@id\":\"https:\/\/portaltela.pt\/#\/schema\/person\/c4278d4a6028830caff9ee44b42d32ed\",\"name\":\"Telinha\",\"image\":{\"@type\":\"ImageObject\",\"inLanguage\":\"pt-PT\",\"@id\":\"https:\/\/portaltela.pt\/s.01k8rhncp4jt1\/2025\/11\/talking-bot-125x125.png\",\"url\":\"https:\/\/portaltela.pt\/s.01k8rhncp4jt1\/2025\/11\/talking-bot-125x125.png\",\"contentUrl\":\"https:\/\/portaltela.pt\/s.01k8rhncp4jt1\/2025\/11\/talking-bot-125x125.png\",\"caption\":\"Telinha\"},\"sameAs\":[\"https:\/\/portaltela.pt\/\"],\"url\":\"https:\/\/portaltela.pt\/por\/367410592786\/\"}]}<\/script>\n<!-- \/ Yoast SEO plugin. -->","yoast_head_json":{"title":"Rea\u00e7\u00e3o de Mourinho ao golo de Rafa: quem procurava o t\u00e9cnico do Benfica? - Portal Tela Portugal","robots":{"index":"index","follow":"follow","max-snippet":"max-snippet:-1","max-image-preview":"max-image-preview:large","max-video-preview":"max-video-preview:-1"},"og_locale":"pt_PT","og_type":"article","og_title":"Rea\u00e7\u00e3o de Mourinho ao golo de Rafa: quem procurava o t\u00e9cnico do Benfica? - Portal Tela Portugal","og_description":"O golo de Rafa ocorreu e gerou confus\u00e3o junto do banco do Benfica. Jos\u00e9 Mourinho estava \u00e0 procura de Enzo Barrenechea no momento do lance. O epis\u00f3dio aconteceu perto do banco encarnado, logo ap\u00f3s o golo. N\u00e3o h\u00e1 detalhes sobre consequ\u00eancias imediatas ou a\u00e7\u00f5es subsequentes no epis\u00f3dio.","og_url":"https:\/\/portaltela.pt\/noticias\/2026\/04\/19\/reacao-de-mourinho-ao-golo-de-rafa-quem-procurava-o-tecnico-do-benfica\/","og_site_name":"Portal Tela Portugal","article_published_time":"2026-04-19T19:33:18+00:00","author":"Telinha","twitter_card":"summary_large_image","twitter_misc":{"Escrito por":"Telinha","Tempo estimado de leitura":"1 minuto"},"schema":{"@context":"https:\/\/schema.org","@graph":[{"@type":"Article","@id":"https:\/\/portaltela.pt\/noticias\/2026\/04\/19\/reacao-de-mourinho-ao-golo-de-rafa-quem-procurava-o-tecnico-do-benfica\/#article","isPartOf":{"@id":"https:\/\/portaltela.pt\/noticias\/2026\/04\/19\/reacao-de-mourinho-ao-golo-de-rafa-quem-procurava-o-tecnico-do-benfica\/"},"author":{"name":"Telinha","@id":"https:\/\/portaltela.pt\/#\/schema\/person\/c4278d4a6028830caff9ee44b42d32ed"},"headline":"Rea\u00e7\u00e3o de Mourinho ao golo de Rafa: quem procurava o t\u00e9cnico do Benfica?","datePublished":"2026-04-19T19:33:18+00:00","mainEntityOfPage":{"@id":"https:\/\/portaltela.pt\/noticias\/2026\/04\/19\/reacao-de-mourinho-ao-golo-de-rafa-quem-procurava-o-tecnico-do-benfica\/"},"wordCount":243,"image":{"@id":"https:\/\/portaltela.pt\/noticias\/2026\/04\/19\/reacao-de-mourinho-ao-golo-de-rafa-quem-procurava-o-tecnico-do-benfica\/#primaryimage"},"thumbnailUrl":"https:\/\/portaltela.pt\/s.01k8rhncp4jt1\/2026\/04\/img_1200x721uu2026-04-19-20-18-07-2434113.jpg","keywords":["Benfica","comunica\u00e7\u00e3o social","Enzo Barrenechea","futebol","Jos\u00e9 Mourinho"],"articleSection":["Desporto","Futebol"],"inLanguage":"pt-PT"},{"@type":"WebPage","@id":"https:\/\/portaltela.pt\/noticias\/2026\/04\/19\/reacao-de-mourinho-ao-golo-de-rafa-quem-procurava-o-tecnico-do-benfica\/","url":"https:\/\/portaltela.pt\/noticias\/2026\/04\/19\/reacao-de-mourinho-ao-golo-de-rafa-quem-procurava-o-tecnico-do-benfica\/","name":"Rea\u00e7\u00e3o de Mourinho ao golo de Rafa: quem procurava o t\u00e9cnico do Benfica? - Portal Tela Portugal","isPartOf":{"@id":"https:\/\/portaltela.pt\/#website"},"primaryImageOfPage":{"@id":"https:\/\/portaltela.pt\/noticias\/2026\/04\/19\/reacao-de-mourinho-ao-golo-de-rafa-quem-procurava-o-tecnico-do-benfica\/#primaryimage"},"image":{"@id":"https:\/\/portaltela.pt\/noticias\/2026\/04\/19\/reacao-de-mourinho-ao-golo-de-rafa-quem-procurava-o-tecnico-do-benfica\/#primaryimage"},"thumbnailUrl":"https:\/\/portaltela.pt\/s.01k8rhncp4jt1\/2026\/04\/img_1200x721uu2026-04-19-20-18-07-2434113.jpg","datePublished":"2026-04-19T19:33:18+00:00","author":{"@id":"https:\/\/portaltela.pt\/#\/schema\/person\/c4278d4a6028830caff9ee44b42d32ed"},"breadcrumb":{"@id":"https:\/\/portaltela.pt\/noticias\/2026\/04\/19\/reacao-de-mourinho-ao-golo-de-rafa-quem-procurava-o-tecnico-do-benfica\/#breadcrumb"},"inLanguage":"pt-PT","potentialAction":[{"@type":"ReadAction","target":["https:\/\/portaltela.pt\/noticias\/2026\/04\/19\/reacao-de-mourinho-ao-golo-de-rafa-quem-procurava-o-tecnico-do-benfica\/"]}]},{"@type":"ImageObject","inLanguage":"pt-PT","@id":"https:\/\/portaltela.pt\/noticias\/2026\/04\/19\/reacao-de-mourinho-ao-golo-de-rafa-quem-procurava-o-tecnico-do-benfica\/#primaryimage","url":"https:\/\/portaltela.pt\/s.01k8rhncp4jt1\/2026\/04\/img_1200x721uu2026-04-19-20-18-07-2434113.jpg","contentUrl":"https:\/\/portaltela.pt\/s.01k8rhncp4jt1\/2026\/04\/img_1200x721uu2026-04-19-20-18-07-2434113.jpg","width":796,"height":448,"caption":"A rea\u00e7\u00e3o de Mourinho ao golo de Rafa: t\u00e9cnico do Benfica estava \u00e0 procura de quem?"},{"@type":"BreadcrumbList","@id":"https:\/\/portaltela.pt\/noticias\/2026\/04\/19\/reacao-de-mourinho-ao-golo-de-rafa-quem-procurava-o-tecnico-do-benfica\/#breadcrumb","itemListElement":[{"@type":"ListItem","position":1,"name":"In\u00edcio","item":"https:\/\/portaltela.pt\/"},{"@type":"ListItem","position":2,"name":"Rea\u00e7\u00e3o de Mourinho ao golo de Rafa: quem procurava o t\u00e9cnico do Benfica?"}]},{"@type":"WebSite","@id":"https:\/\/portaltela.pt\/#website","url":"https:\/\/portaltela.pt\/","name":"Portal Tela Portugal","description":"","potentialAction":[{"@type":"SearchAction","target":{"@type":"EntryPoint","urlTemplate":"https:\/\/portaltela.pt\/?s={search_term_string}"},"query-input":{"@type":"PropertyValueSpecification","valueRequired":true,"valueName":"search_term_string"}}],"inLanguage":"pt-PT"},{"@type":"Person","@id":"https:\/\/portaltela.pt\/#\/schema\/person\/c4278d4a6028830caff9ee44b42d32ed","name":"Telinha","image":{"@type":"ImageObject","inLanguage":"pt-PT","@id":"https:\/\/portaltela.pt\/s.01k8rhncp4jt1\/2025\/11\/talking-bot-125x125.png","url":"https:\/\/portaltela.pt\/s.01k8rhncp4jt1\/2025\/11\/talking-bot-125x125.png","contentUrl":"https:\/\/portaltela.pt\/s.01k8rhncp4jt1\/2025\/11\/talking-bot-125x125.png","caption":"Telinha"},"sameAs":["https:\/\/portaltela.pt\/"],"url":"https:\/\/portaltela.pt\/por\/367410592786\/"}]}},"_links":{"self":[{"href":"https:\/\/portaltela.pt\/api\/wp\/v2\/posts\/450326","targetHints":{"allow":["GET"]}}],"collection":[{"href":"https:\/\/portaltela.pt\/api\/wp\/v2\/posts"}],"about":[{"href":"https:\/\/portaltela.pt\/api\/wp\/v2\/types\/post"}],"author":[{"embeddable":true,"href":"https:\/\/portaltela.pt\/api\/wp\/v2\/users\/2"}],"replies":[{"embeddable":true,"href":"https:\/\/portaltela.pt\/api\/wp\/v2\/comments?post=450326"}],"version-history":[{"count":0,"href":"https:\/\/portaltela.pt\/api\/wp\/v2\/posts\/450326\/revisions"}],"wp:featuredmedia":[{"embeddable":true,"href":"https:\/\/portaltela.pt\/api\/wp\/v2\/media\/450329"}],"wp:attachment":[{"href":"https:\/\/portaltela.pt\/api\/wp\/v2\/media?parent=450326"}],"wp:term":[{"taxonomy":"category","embeddable":true,"href":"https:\/\/portaltela.pt\/api\/wp\/v2\/categories?post=450326"},{"taxonomy":"post_tag","embeddable":true,"href":"https:\/\/portaltela.pt\/api\/wp\/v2\/tags?post=450326"}],"curies":[{"name":"wp","href":"https:\/\/api.w.org\/{rel}","templated":true}]}}