{"id":450296,"date":"2026-04-19T16:17:23","date_gmt":"2026-04-19T19:17:23","guid":{"rendered":"https:\/\/portaltela.pt\/noticias\/2026\/04\/19\/federacao-e-liga-felicitam-raphael-guerreiro-pelo-titulo-com-o-bayern\/"},"modified":"2026-04-19T16:17:23","modified_gmt":"2026-04-19T19:17:23","slug":"federacao-e-liga-felicitam-raphael-guerreiro-pelo-titulo-com-o-bayern","status":"publish","type":"post","link":"https:\/\/portaltela.pt\/desporto\/futebol\/2026\/04\/19\/federacao-e-liga-felicitam-raphael-guerreiro-pelo-titulo-com-o-bayern\/","title":{"rendered":"Federa\u00e7\u00e3o e Liga felicitam Raphael Guerreiro pelo t\u00edtulo com o Bayern"},"content":{"rendered":"<p>A Federa\u00e7\u00e3o Portuguesa de Futebol e a Liga de Clubes felicitaram Raphael Guerreiro pela conquista do t\u00edtulo com o Bayern.<\/p>\n<p>A confirma\u00e7\u00e3o chegou atrav\u00e9s de comunicado conjunto divulgado pelas duas entidades, sem entrar em detalhes adicionais.<\/p>\n<p>Guerreiro \u00e9 citado pela expressa valoriza\u00e7\u00e3o do feito e pela representa\u00e7\u00e3o do futebol portugu\u00eas no panorama internacional.<\/p>\n<p>A comunica\u00e7\u00e3o n\u00e3o detalha datas, modos de entrega do trof\u00e9u ou coment\u00e1rios individuais, mantendo o foco no reconhecimento oficial.<\/p>\n","protected":false},"excerpt":{"rendered":"<ul>\n<li>A Federa\u00e7\u00e3o e a Liga de clubes felicitaram Raphael Guerreiro pelo t\u00edtulo conquistado pelo Bayern.<\/li>\n<li>O reconhecimento \u00e9 dirigido ao jogador pela sua participa\u00e7\u00e3o na equipa b\u00e1vara.<\/li>\n<li>O comunicado destaca a import\u00e2ncia do t\u00edtulo para o clube e para o jogador.<\/li>\n<li>N\u00e3o foram divulgados detalhes adicionais no texto dispon\u00edvel.<\/li>\n<\/ul>\n","protected":false},"author":2,"featured_media":450297,"comment_status":"closed","ping_status":"closed","sticky":false,"template":"","format":"standard","meta":{"footnotes":""},"categories":[21,24],"tags":[1603,32,3338,1014,2057],"class_list":["post-450296","post","type-post","status-publish","format-standard","has-post-thumbnail","hentry","category-desporto","category-futebol","tag-alemanha","tag-futebol","tag-futebol-internacional","tag-portugal","tag-selecao-nacional"],"yoast_head":"<!-- This site is optimized with the Yoast SEO plugin v27.2 - https:\/\/yoast.com\/product\/yoast-seo-wordpress\/ -->\n<title>Federa\u00e7\u00e3o e Liga felicitam Raphael Guerreiro pelo t\u00edtulo com o Bayern - Portal Tela Portugal<\/title>\n<meta name=\"robots\" content=\"index, follow, max-snippet:-1, max-image-preview:large, max-video-preview:-1\" \/>\n<meta property=\"og:locale\" content=\"pt_PT\" \/>\n<meta property=\"og:type\" content=\"article\" \/>\n<meta property=\"og:title\" content=\"Federa\u00e7\u00e3o e Liga felicitam Raphael Guerreiro pelo t\u00edtulo com o Bayern - Portal Tela Portugal\" \/>\n<meta property=\"og:description\" content=\"A Federa\u00e7\u00e3o e a Liga de clubes felicitaram Raphael Guerreiro pelo t\u00edtulo conquistado pelo Bayern. O reconhecimento \u00e9 dirigido ao jogador pela sua participa\u00e7\u00e3o na equipa b\u00e1vara. O comunicado destaca a import\u00e2ncia do t\u00edtulo para o clube e para o jogador. N\u00e3o foram divulgados detalhes adicionais no texto dispon\u00edvel.\" \/>\n<meta property=\"og:url\" content=\"https:\/\/portaltela.pt\/noticias\/2026\/04\/19\/federacao-e-liga-felicitam-raphael-guerreiro-pelo-titulo-com-o-bayern\/\" \/>\n<meta property=\"og:site_name\" content=\"Portal Tela Portugal\" \/>\n<meta property=\"article:published_time\" content=\"2026-04-19T19:17:23+00:00\" \/>\n<meta name=\"author\" content=\"Telinha\" \/>\n<meta name=\"twitter:card\" content=\"summary_large_image\" \/>\n<meta name=\"twitter:label1\" content=\"Escrito por\" \/>\n\t<meta name=\"twitter:data1\" content=\"Telinha\" \/>\n<script type=\"application\/ld+json\" class=\"yoast-schema-graph\">{\"@context\":\"https:\/\/schema.org\",\"@graph\":[{\"@type\":\"Article\",\"@id\":\"https:\/\/portaltela.pt\/noticias\/2026\/04\/19\/federacao-e-liga-felicitam-raphael-guerreiro-pelo-titulo-com-o-bayern\/#article\",\"isPartOf\":{\"@id\":\"https:\/\/portaltela.pt\/noticias\/2026\/04\/19\/federacao-e-liga-felicitam-raphael-guerreiro-pelo-titulo-com-o-bayern\/\"},\"author\":{\"name\":\"Telinha\",\"@id\":\"https:\/\/portaltela.pt\/#\/schema\/person\/c4278d4a6028830caff9ee44b42d32ed\"},\"headline\":\"Federa\u00e7\u00e3o e Liga felicitam Raphael Guerreiro pelo t\u00edtulo com o Bayern\",\"datePublished\":\"2026-04-19T19:17:23+00:00\",\"mainEntityOfPage\":{\"@id\":\"https:\/\/portaltela.pt\/noticias\/2026\/04\/19\/federacao-e-liga-felicitam-raphael-guerreiro-pelo-titulo-com-o-bayern\/\"},\"wordCount\":95,\"image\":{\"@id\":\"https:\/\/portaltela.pt\/noticias\/2026\/04\/19\/federacao-e-liga-felicitam-raphael-guerreiro-pelo-titulo-com-o-bayern\/#primaryimage\"},\"thumbnailUrl\":\"https:\/\/portaltela.pt\/s.01k8rhncp4jt1\/2026\/04\/CACHE_780X1200_ANALOG_WATERMARKED_46958875_18006776000077.jpg\",\"keywords\":[\"Alemanha\",\"futebol\",\"futebol internacional\",\"Portugal\",\"Sele\u00e7\u00e3o Nacional\"],\"articleSection\":[\"Desporto\",\"Futebol\"],\"inLanguage\":\"pt-PT\"},{\"@type\":\"WebPage\",\"@id\":\"https:\/\/portaltela.pt\/noticias\/2026\/04\/19\/federacao-e-liga-felicitam-raphael-guerreiro-pelo-titulo-com-o-bayern\/\",\"url\":\"https:\/\/portaltela.pt\/noticias\/2026\/04\/19\/federacao-e-liga-felicitam-raphael-guerreiro-pelo-titulo-com-o-bayern\/\",\"name\":\"Federa\u00e7\u00e3o e Liga felicitam Raphael Guerreiro pelo t\u00edtulo com o Bayern - Portal Tela Portugal\",\"isPartOf\":{\"@id\":\"https:\/\/portaltela.pt\/#website\"},\"primaryImageOfPage\":{\"@id\":\"https:\/\/portaltela.pt\/noticias\/2026\/04\/19\/federacao-e-liga-felicitam-raphael-guerreiro-pelo-titulo-com-o-bayern\/#primaryimage\"},\"image\":{\"@id\":\"https:\/\/portaltela.pt\/noticias\/2026\/04\/19\/federacao-e-liga-felicitam-raphael-guerreiro-pelo-titulo-com-o-bayern\/#primaryimage\"},\"thumbnailUrl\":\"https:\/\/portaltela.pt\/s.01k8rhncp4jt1\/2026\/04\/CACHE_780X1200_ANALOG_WATERMARKED_46958875_18006776000077.jpg\",\"datePublished\":\"2026-04-19T19:17:23+00:00\",\"author\":{\"@id\":\"https:\/\/portaltela.pt\/#\/schema\/person\/c4278d4a6028830caff9ee44b42d32ed\"},\"breadcrumb\":{\"@id\":\"https:\/\/portaltela.pt\/noticias\/2026\/04\/19\/federacao-e-liga-felicitam-raphael-guerreiro-pelo-titulo-com-o-bayern\/#breadcrumb\"},\"inLanguage\":\"pt-PT\",\"potentialAction\":[{\"@type\":\"ReadAction\",\"target\":[\"https:\/\/portaltela.pt\/noticias\/2026\/04\/19\/federacao-e-liga-felicitam-raphael-guerreiro-pelo-titulo-com-o-bayern\/\"]}]},{\"@type\":\"ImageObject\",\"inLanguage\":\"pt-PT\",\"@id\":\"https:\/\/portaltela.pt\/noticias\/2026\/04\/19\/federacao-e-liga-felicitam-raphael-guerreiro-pelo-titulo-com-o-bayern\/#primaryimage\",\"url\":\"https:\/\/portaltela.pt\/s.01k8rhncp4jt1\/2026\/04\/CACHE_780X1200_ANALOG_WATERMARKED_46958875_18006776000077.jpg\",\"contentUrl\":\"https:\/\/portaltela.pt\/s.01k8rhncp4jt1\/2026\/04\/CACHE_780X1200_ANALOG_WATERMARKED_46958875_18006776000077.jpg\",\"width\":796,\"height\":448,\"caption\":\"Federa\u00e7\u00e3o e Liga de clubes felicitam Raphael Guerreiro pelo t\u00edtulo pelo Bayern\"},{\"@type\":\"BreadcrumbList\",\"@id\":\"https:\/\/portaltela.pt\/noticias\/2026\/04\/19\/federacao-e-liga-felicitam-raphael-guerreiro-pelo-titulo-com-o-bayern\/#breadcrumb\",\"itemListElement\":[{\"@type\":\"ListItem\",\"position\":1,\"name\":\"In\u00edcio\",\"item\":\"https:\/\/portaltela.pt\/\"},{\"@type\":\"ListItem\",\"position\":2,\"name\":\"Federa\u00e7\u00e3o e Liga felicitam Raphael Guerreiro pelo t\u00edtulo com o Bayern\"}]},{\"@type\":\"WebSite\",\"@id\":\"https:\/\/portaltela.pt\/#website\",\"url\":\"https:\/\/portaltela.pt\/\",\"name\":\"Portal Tela Portugal\",\"description\":\"\",\"potentialAction\":[{\"@type\":\"SearchAction\",\"target\":{\"@type\":\"EntryPoint\",\"urlTemplate\":\"https:\/\/portaltela.pt\/?s={search_term_string}\"},\"query-input\":{\"@type\":\"PropertyValueSpecification\",\"valueRequired\":true,\"valueName\":\"search_term_string\"}}],\"inLanguage\":\"pt-PT\"},{\"@type\":\"Person\",\"@id\":\"https:\/\/portaltela.pt\/#\/schema\/person\/c4278d4a6028830caff9ee44b42d32ed\",\"name\":\"Telinha\",\"image\":{\"@type\":\"ImageObject\",\"inLanguage\":\"pt-PT\",\"@id\":\"https:\/\/portaltela.pt\/s.01k8rhncp4jt1\/2025\/11\/talking-bot-125x125.png\",\"url\":\"https:\/\/portaltela.pt\/s.01k8rhncp4jt1\/2025\/11\/talking-bot-125x125.png\",\"contentUrl\":\"https:\/\/portaltela.pt\/s.01k8rhncp4jt1\/2025\/11\/talking-bot-125x125.png\",\"caption\":\"Telinha\"},\"sameAs\":[\"https:\/\/portaltela.pt\/\"],\"url\":\"https:\/\/portaltela.pt\/por\/367410592786\/\"}]}<\/script>\n<!-- \/ Yoast SEO plugin. -->","yoast_head_json":{"title":"Federa\u00e7\u00e3o e Liga felicitam Raphael Guerreiro pelo t\u00edtulo com o Bayern - Portal Tela Portugal","robots":{"index":"index","follow":"follow","max-snippet":"max-snippet:-1","max-image-preview":"max-image-preview:large","max-video-preview":"max-video-preview:-1"},"og_locale":"pt_PT","og_type":"article","og_title":"Federa\u00e7\u00e3o e Liga felicitam Raphael Guerreiro pelo t\u00edtulo com o Bayern - Portal Tela Portugal","og_description":"A Federa\u00e7\u00e3o e a Liga de clubes felicitaram Raphael Guerreiro pelo t\u00edtulo conquistado pelo Bayern. O reconhecimento \u00e9 dirigido ao jogador pela sua participa\u00e7\u00e3o na equipa b\u00e1vara. O comunicado destaca a import\u00e2ncia do t\u00edtulo para o clube e para o jogador. N\u00e3o foram divulgados detalhes adicionais no texto dispon\u00edvel.","og_url":"https:\/\/portaltela.pt\/noticias\/2026\/04\/19\/federacao-e-liga-felicitam-raphael-guerreiro-pelo-titulo-com-o-bayern\/","og_site_name":"Portal Tela Portugal","article_published_time":"2026-04-19T19:17:23+00:00","author":"Telinha","twitter_card":"summary_large_image","twitter_misc":{"Escrito por":"Telinha"},"schema":{"@context":"https:\/\/schema.org","@graph":[{"@type":"Article","@id":"https:\/\/portaltela.pt\/noticias\/2026\/04\/19\/federacao-e-liga-felicitam-raphael-guerreiro-pelo-titulo-com-o-bayern\/#article","isPartOf":{"@id":"https:\/\/portaltela.pt\/noticias\/2026\/04\/19\/federacao-e-liga-felicitam-raphael-guerreiro-pelo-titulo-com-o-bayern\/"},"author":{"name":"Telinha","@id":"https:\/\/portaltela.pt\/#\/schema\/person\/c4278d4a6028830caff9ee44b42d32ed"},"headline":"Federa\u00e7\u00e3o e Liga felicitam Raphael Guerreiro pelo t\u00edtulo com o Bayern","datePublished":"2026-04-19T19:17:23+00:00","mainEntityOfPage":{"@id":"https:\/\/portaltela.pt\/noticias\/2026\/04\/19\/federacao-e-liga-felicitam-raphael-guerreiro-pelo-titulo-com-o-bayern\/"},"wordCount":95,"image":{"@id":"https:\/\/portaltela.pt\/noticias\/2026\/04\/19\/federacao-e-liga-felicitam-raphael-guerreiro-pelo-titulo-com-o-bayern\/#primaryimage"},"thumbnailUrl":"https:\/\/portaltela.pt\/s.01k8rhncp4jt1\/2026\/04\/CACHE_780X1200_ANALOG_WATERMARKED_46958875_18006776000077.jpg","keywords":["Alemanha","futebol","futebol internacional","Portugal","Sele\u00e7\u00e3o Nacional"],"articleSection":["Desporto","Futebol"],"inLanguage":"pt-PT"},{"@type":"WebPage","@id":"https:\/\/portaltela.pt\/noticias\/2026\/04\/19\/federacao-e-liga-felicitam-raphael-guerreiro-pelo-titulo-com-o-bayern\/","url":"https:\/\/portaltela.pt\/noticias\/2026\/04\/19\/federacao-e-liga-felicitam-raphael-guerreiro-pelo-titulo-com-o-bayern\/","name":"Federa\u00e7\u00e3o e Liga felicitam Raphael Guerreiro pelo t\u00edtulo com o Bayern - Portal Tela Portugal","isPartOf":{"@id":"https:\/\/portaltela.pt\/#website"},"primaryImageOfPage":{"@id":"https:\/\/portaltela.pt\/noticias\/2026\/04\/19\/federacao-e-liga-felicitam-raphael-guerreiro-pelo-titulo-com-o-bayern\/#primaryimage"},"image":{"@id":"https:\/\/portaltela.pt\/noticias\/2026\/04\/19\/federacao-e-liga-felicitam-raphael-guerreiro-pelo-titulo-com-o-bayern\/#primaryimage"},"thumbnailUrl":"https:\/\/portaltela.pt\/s.01k8rhncp4jt1\/2026\/04\/CACHE_780X1200_ANALOG_WATERMARKED_46958875_18006776000077.jpg","datePublished":"2026-04-19T19:17:23+00:00","author":{"@id":"https:\/\/portaltela.pt\/#\/schema\/person\/c4278d4a6028830caff9ee44b42d32ed"},"breadcrumb":{"@id":"https:\/\/portaltela.pt\/noticias\/2026\/04\/19\/federacao-e-liga-felicitam-raphael-guerreiro-pelo-titulo-com-o-bayern\/#breadcrumb"},"inLanguage":"pt-PT","potentialAction":[{"@type":"ReadAction","target":["https:\/\/portaltela.pt\/noticias\/2026\/04\/19\/federacao-e-liga-felicitam-raphael-guerreiro-pelo-titulo-com-o-bayern\/"]}]},{"@type":"ImageObject","inLanguage":"pt-PT","@id":"https:\/\/portaltela.pt\/noticias\/2026\/04\/19\/federacao-e-liga-felicitam-raphael-guerreiro-pelo-titulo-com-o-bayern\/#primaryimage","url":"https:\/\/portaltela.pt\/s.01k8rhncp4jt1\/2026\/04\/CACHE_780X1200_ANALOG_WATERMARKED_46958875_18006776000077.jpg","contentUrl":"https:\/\/portaltela.pt\/s.01k8rhncp4jt1\/2026\/04\/CACHE_780X1200_ANALOG_WATERMARKED_46958875_18006776000077.jpg","width":796,"height":448,"caption":"Federa\u00e7\u00e3o e Liga de clubes felicitam Raphael Guerreiro pelo t\u00edtulo pelo Bayern"},{"@type":"BreadcrumbList","@id":"https:\/\/portaltela.pt\/noticias\/2026\/04\/19\/federacao-e-liga-felicitam-raphael-guerreiro-pelo-titulo-com-o-bayern\/#breadcrumb","itemListElement":[{"@type":"ListItem","position":1,"name":"In\u00edcio","item":"https:\/\/portaltela.pt\/"},{"@type":"ListItem","position":2,"name":"Federa\u00e7\u00e3o e Liga felicitam Raphael Guerreiro pelo t\u00edtulo com o Bayern"}]},{"@type":"WebSite","@id":"https:\/\/portaltela.pt\/#website","url":"https:\/\/portaltela.pt\/","name":"Portal Tela Portugal","description":"","potentialAction":[{"@type":"SearchAction","target":{"@type":"EntryPoint","urlTemplate":"https:\/\/portaltela.pt\/?s={search_term_string}"},"query-input":{"@type":"PropertyValueSpecification","valueRequired":true,"valueName":"search_term_string"}}],"inLanguage":"pt-PT"},{"@type":"Person","@id":"https:\/\/portaltela.pt\/#\/schema\/person\/c4278d4a6028830caff9ee44b42d32ed","name":"Telinha","image":{"@type":"ImageObject","inLanguage":"pt-PT","@id":"https:\/\/portaltela.pt\/s.01k8rhncp4jt1\/2025\/11\/talking-bot-125x125.png","url":"https:\/\/portaltela.pt\/s.01k8rhncp4jt1\/2025\/11\/talking-bot-125x125.png","contentUrl":"https:\/\/portaltela.pt\/s.01k8rhncp4jt1\/2025\/11\/talking-bot-125x125.png","caption":"Telinha"},"sameAs":["https:\/\/portaltela.pt\/"],"url":"https:\/\/portaltela.pt\/por\/367410592786\/"}]}},"_links":{"self":[{"href":"https:\/\/portaltela.pt\/api\/wp\/v2\/posts\/450296","targetHints":{"allow":["GET"]}}],"collection":[{"href":"https:\/\/portaltela.pt\/api\/wp\/v2\/posts"}],"about":[{"href":"https:\/\/portaltela.pt\/api\/wp\/v2\/types\/post"}],"author":[{"embeddable":true,"href":"https:\/\/portaltela.pt\/api\/wp\/v2\/users\/2"}],"replies":[{"embeddable":true,"href":"https:\/\/portaltela.pt\/api\/wp\/v2\/comments?post=450296"}],"version-history":[{"count":0,"href":"https:\/\/portaltela.pt\/api\/wp\/v2\/posts\/450296\/revisions"}],"wp:featuredmedia":[{"embeddable":true,"href":"https:\/\/portaltela.pt\/api\/wp\/v2\/media\/450297"}],"wp:attachment":[{"href":"https:\/\/portaltela.pt\/api\/wp\/v2\/media?parent=450296"}],"wp:term":[{"taxonomy":"category","embeddable":true,"href":"https:\/\/portaltela.pt\/api\/wp\/v2\/categories?post=450296"},{"taxonomy":"post_tag","embeddable":true,"href":"https:\/\/portaltela.pt\/api\/wp\/v2\/tags?post=450296"}],"curies":[{"name":"wp","href":"https:\/\/api.w.org\/{rel}","templated":true}]}}