{"id":450276,"date":"2026-04-19T15:47:54","date_gmt":"2026-04-19T18:47:54","guid":{"rendered":"https:\/\/portaltela.pt\/noticias\/2026\/04\/19\/felix-da-costa-fica-em-4-o-nos-seis-horas-de-imola-toyota-vence\/"},"modified":"2026-04-19T15:47:54","modified_gmt":"2026-04-19T18:47:54","slug":"felix-da-costa-fica-em-4-o-nos-seis-horas-de-imola-toyota-vence","status":"publish","type":"post","link":"https:\/\/portaltela.pt\/desporto\/futebol\/2026\/04\/19\/felix-da-costa-fica-em-4-o-nos-seis-horas-de-imola-toyota-vence\/","title":{"rendered":"F\u00e9lix da Costa fica em 4.\u00ba nos Seis Horas de Imola, Toyota vence"},"content":{"rendered":"<p>Ant\u00f3nio F\u00e9lix da Costa estreou-se pela Alpine, ao lado de Charles Milesi e Ferdinand Habsburg, na 1.\u00aa corrida do Mundial de Resist\u00eancia. As Seis Horas de Imola, em It\u00e1lia, ficaram marcadas pela 4.\u00aa posi\u00e7\u00e3o na categoria Hypercar.<\/p>\n<p>Partindo do 7.\u00ba posto, a Alpine foi recuperando terreno e chegou a ocupar o 3.\u00ba lugar durante o andamento. A Ford, Ferrari e Toyota mostraram maior performance, sagrando-se a Toyota Racing vencedora da etapa e fechando o p\u00f3dio, com a Ferrari no 2.\u00ba posto.<\/p>\n<p>O piloto portugu\u00eas, de 34 anos, elogiou o equil\u00edbrio do carro e a pilotagem, destacando a intensidade das batalhas na pista e o desempenho do advers\u00e1rio direto da Toyota. Felix da Costa adianta que o 4.\u00ba lugar \u00e9 um come\u00e7o promissor para o campeonato.<\/p>\n<h3>Pr\u00f3ximas provas<\/h3>\n<p>A pr\u00f3xima ronda ocorre em Spa-Francorchamps, B\u00e9lgica, de 7 a 9 de maio, antes das 24 Horas de Le Mans, de 10 a 14 de junho, evento decisivo do Mundial de Resist\u00eancia. A Alpine pretende manter-se competitivo.<\/p>\n","protected":false},"excerpt":{"rendered":"<ul>\n<li>Ant\u00f3nio F\u00e9lix da Costa estreou-se pela Alpine, acompanhando os compatriotas Charles Milesi e Ferdinand Habsburg, na primeira corrida do Campeonato do Mundo de Resist\u00eancia.<\/li>\n<li>Seis Horas de Imola terminou com o Alpine no 4.\u00ba lugar da categoria Hypercar, com a Toyota Racing a vencer e a Ferrari a ficar no 2.\u00ba posto.<\/li>\n<li>Partindo do 7.\u00ba lugar, a equipa recuperou posi\u00e7\u00f5es e chegou a rodar no 3.\u00ba lugar, mas a Toyota acabou por manter a dianteira.<\/li>\n<li>F\u00e9lix da Costa disse ter sido uma corrida perto da perfei\u00e7\u00e3o e destacou o 4.\u00ba lugar como um bom come\u00e7o, elogiando as batalhas com o Toyota de De Vries.<\/li>\n<li>Depois de Imola seguem-se as Seis Horas de Spa-Francorchamps (7 a 9 de maio) e as 24 Horas de Le Mans (10 a 14 de junho).<\/li>\n<\/ul>\n","protected":false},"author":2,"featured_media":450280,"comment_status":"closed","ping_status":"closed","sticky":false,"template":"","format":"standard","meta":{"footnotes":""},"categories":[21,24],"tags":[2371,3504,152,2681,1857,1014],"class_list":["post-450276","post","type-post","status-publish","format-standard","has-post-thumbnail","hentry","category-desporto","category-futebol","tag-automoveis","tag-corridas","tag-desporto","tag-desporto-internacional","tag-italia","tag-portugal"],"yoast_head":"<!-- This site is optimized with the Yoast SEO plugin v27.2 - https:\/\/yoast.com\/product\/yoast-seo-wordpress\/ -->\n<title>F\u00e9lix da Costa fica em 4.\u00ba nos Seis Horas de Imola, Toyota vence - Portal Tela Portugal<\/title>\n<meta name=\"robots\" content=\"index, follow, max-snippet:-1, max-image-preview:large, max-video-preview:-1\" \/>\n<meta property=\"og:locale\" content=\"pt_PT\" \/>\n<meta property=\"og:type\" content=\"article\" \/>\n<meta property=\"og:title\" content=\"F\u00e9lix da Costa fica em 4.\u00ba nos Seis Horas de Imola, Toyota vence - Portal Tela Portugal\" \/>\n<meta property=\"og:description\" content=\"Ant\u00f3nio F\u00e9lix da Costa estreou-se pela Alpine, acompanhando os compatriotas Charles Milesi e Ferdinand Habsburg, na primeira corrida do Campeonato do Mundo de Resist\u00eancia. Seis Horas de Imola terminou com o Alpine no 4.\u00ba lugar da categoria Hypercar, com a Toyota Racing a vencer e a Ferrari a ficar no 2.\u00ba posto. Partindo do 7.\u00ba lugar, a equipa recuperou posi\u00e7\u00f5es e chegou a rodar no 3.\u00ba lugar, mas a Toyota acabou por manter a dianteira. F\u00e9lix da Costa disse ter sido uma corrida perto da perfei\u00e7\u00e3o e destacou o 4.\u00ba lugar como um bom come\u00e7o, elogiando as batalhas com o Toyota de De Vries. Depois de Imola seguem-se as Seis Horas de Spa-Francorchamps (7 a 9 de maio) e as 24 Horas de Le Mans (10 a 14 de junho).\" \/>\n<meta property=\"og:url\" content=\"https:\/\/portaltela.pt\/noticias\/2026\/04\/19\/felix-da-costa-fica-em-4-o-nos-seis-horas-de-imola-toyota-vence\/\" \/>\n<meta property=\"og:site_name\" content=\"Portal Tela Portugal\" \/>\n<meta property=\"article:published_time\" content=\"2026-04-19T18:47:54+00:00\" \/>\n<meta name=\"author\" content=\"Telinha\" \/>\n<meta name=\"twitter:card\" content=\"summary_large_image\" \/>\n<meta name=\"twitter:label1\" content=\"Escrito por\" \/>\n\t<meta name=\"twitter:data1\" content=\"Telinha\" \/>\n\t<meta name=\"twitter:label2\" content=\"Tempo estimado de leitura\" \/>\n\t<meta name=\"twitter:data2\" content=\"1 minuto\" \/>\n<script type=\"application\/ld+json\" class=\"yoast-schema-graph\">{\"@context\":\"https:\/\/schema.org\",\"@graph\":[{\"@type\":\"Article\",\"@id\":\"https:\/\/portaltela.pt\/noticias\/2026\/04\/19\/felix-da-costa-fica-em-4-o-nos-seis-horas-de-imola-toyota-vence\/#article\",\"isPartOf\":{\"@id\":\"https:\/\/portaltela.pt\/noticias\/2026\/04\/19\/felix-da-costa-fica-em-4-o-nos-seis-horas-de-imola-toyota-vence\/\"},\"author\":{\"name\":\"Telinha\",\"@id\":\"https:\/\/portaltela.pt\/#\/schema\/person\/c4278d4a6028830caff9ee44b42d32ed\"},\"headline\":\"F\u00e9lix da Costa fica em 4.\u00ba nos Seis Horas de Imola, Toyota vence\",\"datePublished\":\"2026-04-19T18:47:54+00:00\",\"mainEntityOfPage\":{\"@id\":\"https:\/\/portaltela.pt\/noticias\/2026\/04\/19\/felix-da-costa-fica-em-4-o-nos-seis-horas-de-imola-toyota-vence\/\"},\"wordCount\":178,\"image\":{\"@id\":\"https:\/\/portaltela.pt\/noticias\/2026\/04\/19\/felix-da-costa-fica-em-4-o-nos-seis-horas-de-imola-toyota-vence\/#primaryimage\"},\"thumbnailUrl\":\"https:\/\/portaltela.pt\/s.01k8rhncp4jt1\/2026\/04\/img_920x518uu2026-04-19-19-37-55-2434099-im-639122243045856827.jpg\",\"keywords\":[\"Autom\u00f3veis\",\"corridas\",\"desporto\",\"desporto internacional\",\"It\u00e1lia\",\"Portugal\"],\"articleSection\":[\"Desporto\",\"Futebol\"],\"inLanguage\":\"pt-PT\"},{\"@type\":\"WebPage\",\"@id\":\"https:\/\/portaltela.pt\/noticias\/2026\/04\/19\/felix-da-costa-fica-em-4-o-nos-seis-horas-de-imola-toyota-vence\/\",\"url\":\"https:\/\/portaltela.pt\/noticias\/2026\/04\/19\/felix-da-costa-fica-em-4-o-nos-seis-horas-de-imola-toyota-vence\/\",\"name\":\"F\u00e9lix da Costa fica em 4.\u00ba nos Seis Horas de Imola, Toyota vence - Portal Tela Portugal\",\"isPartOf\":{\"@id\":\"https:\/\/portaltela.pt\/#website\"},\"primaryImageOfPage\":{\"@id\":\"https:\/\/portaltela.pt\/noticias\/2026\/04\/19\/felix-da-costa-fica-em-4-o-nos-seis-horas-de-imola-toyota-vence\/#primaryimage\"},\"image\":{\"@id\":\"https:\/\/portaltela.pt\/noticias\/2026\/04\/19\/felix-da-costa-fica-em-4-o-nos-seis-horas-de-imola-toyota-vence\/#primaryimage\"},\"thumbnailUrl\":\"https:\/\/portaltela.pt\/s.01k8rhncp4jt1\/2026\/04\/img_920x518uu2026-04-19-19-37-55-2434099-im-639122243045856827.jpg\",\"datePublished\":\"2026-04-19T18:47:54+00:00\",\"author\":{\"@id\":\"https:\/\/portaltela.pt\/#\/schema\/person\/c4278d4a6028830caff9ee44b42d32ed\"},\"breadcrumb\":{\"@id\":\"https:\/\/portaltela.pt\/noticias\/2026\/04\/19\/felix-da-costa-fica-em-4-o-nos-seis-horas-de-imola-toyota-vence\/#breadcrumb\"},\"inLanguage\":\"pt-PT\",\"potentialAction\":[{\"@type\":\"ReadAction\",\"target\":[\"https:\/\/portaltela.pt\/noticias\/2026\/04\/19\/felix-da-costa-fica-em-4-o-nos-seis-horas-de-imola-toyota-vence\/\"]}]},{\"@type\":\"ImageObject\",\"inLanguage\":\"pt-PT\",\"@id\":\"https:\/\/portaltela.pt\/noticias\/2026\/04\/19\/felix-da-costa-fica-em-4-o-nos-seis-horas-de-imola-toyota-vence\/#primaryimage\",\"url\":\"https:\/\/portaltela.pt\/s.01k8rhncp4jt1\/2026\/04\/img_920x518uu2026-04-19-19-37-55-2434099-im-639122243045856827.jpg\",\"contentUrl\":\"https:\/\/portaltela.pt\/s.01k8rhncp4jt1\/2026\/04\/img_920x518uu2026-04-19-19-37-55-2434099-im-639122243045856827.jpg\",\"width\":796,\"height\":448,\"caption\":\"F\u00e9lix da Costa ao volante do Alpine\"},{\"@type\":\"BreadcrumbList\",\"@id\":\"https:\/\/portaltela.pt\/noticias\/2026\/04\/19\/felix-da-costa-fica-em-4-o-nos-seis-horas-de-imola-toyota-vence\/#breadcrumb\",\"itemListElement\":[{\"@type\":\"ListItem\",\"position\":1,\"name\":\"In\u00edcio\",\"item\":\"https:\/\/portaltela.pt\/\"},{\"@type\":\"ListItem\",\"position\":2,\"name\":\"F\u00e9lix da Costa fica em 4.\u00ba nos Seis Horas de Imola, Toyota vence\"}]},{\"@type\":\"WebSite\",\"@id\":\"https:\/\/portaltela.pt\/#website\",\"url\":\"https:\/\/portaltela.pt\/\",\"name\":\"Portal Tela Portugal\",\"description\":\"\",\"potentialAction\":[{\"@type\":\"SearchAction\",\"target\":{\"@type\":\"EntryPoint\",\"urlTemplate\":\"https:\/\/portaltela.pt\/?s={search_term_string}\"},\"query-input\":{\"@type\":\"PropertyValueSpecification\",\"valueRequired\":true,\"valueName\":\"search_term_string\"}}],\"inLanguage\":\"pt-PT\"},{\"@type\":\"Person\",\"@id\":\"https:\/\/portaltela.pt\/#\/schema\/person\/c4278d4a6028830caff9ee44b42d32ed\",\"name\":\"Telinha\",\"image\":{\"@type\":\"ImageObject\",\"inLanguage\":\"pt-PT\",\"@id\":\"https:\/\/portaltela.pt\/s.01k8rhncp4jt1\/2025\/11\/talking-bot-125x125.png\",\"url\":\"https:\/\/portaltela.pt\/s.01k8rhncp4jt1\/2025\/11\/talking-bot-125x125.png\",\"contentUrl\":\"https:\/\/portaltela.pt\/s.01k8rhncp4jt1\/2025\/11\/talking-bot-125x125.png\",\"caption\":\"Telinha\"},\"sameAs\":[\"https:\/\/portaltela.pt\/\"],\"url\":\"https:\/\/portaltela.pt\/por\/367410592786\/\"}]}<\/script>\n<!-- \/ Yoast SEO plugin. -->","yoast_head_json":{"title":"F\u00e9lix da Costa fica em 4.\u00ba nos Seis Horas de Imola, Toyota vence - Portal Tela Portugal","robots":{"index":"index","follow":"follow","max-snippet":"max-snippet:-1","max-image-preview":"max-image-preview:large","max-video-preview":"max-video-preview:-1"},"og_locale":"pt_PT","og_type":"article","og_title":"F\u00e9lix da Costa fica em 4.\u00ba nos Seis Horas de Imola, Toyota vence - Portal Tela Portugal","og_description":"Ant\u00f3nio F\u00e9lix da Costa estreou-se pela Alpine, acompanhando os compatriotas Charles Milesi e Ferdinand Habsburg, na primeira corrida do Campeonato do Mundo de Resist\u00eancia. Seis Horas de Imola terminou com o Alpine no 4.\u00ba lugar da categoria Hypercar, com a Toyota Racing a vencer e a Ferrari a ficar no 2.\u00ba posto. Partindo do 7.\u00ba lugar, a equipa recuperou posi\u00e7\u00f5es e chegou a rodar no 3.\u00ba lugar, mas a Toyota acabou por manter a dianteira. F\u00e9lix da Costa disse ter sido uma corrida perto da perfei\u00e7\u00e3o e destacou o 4.\u00ba lugar como um bom come\u00e7o, elogiando as batalhas com o Toyota de De Vries. Depois de Imola seguem-se as Seis Horas de Spa-Francorchamps (7 a 9 de maio) e as 24 Horas de Le Mans (10 a 14 de junho).","og_url":"https:\/\/portaltela.pt\/noticias\/2026\/04\/19\/felix-da-costa-fica-em-4-o-nos-seis-horas-de-imola-toyota-vence\/","og_site_name":"Portal Tela Portugal","article_published_time":"2026-04-19T18:47:54+00:00","author":"Telinha","twitter_card":"summary_large_image","twitter_misc":{"Escrito por":"Telinha","Tempo estimado de leitura":"1 minuto"},"schema":{"@context":"https:\/\/schema.org","@graph":[{"@type":"Article","@id":"https:\/\/portaltela.pt\/noticias\/2026\/04\/19\/felix-da-costa-fica-em-4-o-nos-seis-horas-de-imola-toyota-vence\/#article","isPartOf":{"@id":"https:\/\/portaltela.pt\/noticias\/2026\/04\/19\/felix-da-costa-fica-em-4-o-nos-seis-horas-de-imola-toyota-vence\/"},"author":{"name":"Telinha","@id":"https:\/\/portaltela.pt\/#\/schema\/person\/c4278d4a6028830caff9ee44b42d32ed"},"headline":"F\u00e9lix da Costa fica em 4.\u00ba nos Seis Horas de Imola, Toyota vence","datePublished":"2026-04-19T18:47:54+00:00","mainEntityOfPage":{"@id":"https:\/\/portaltela.pt\/noticias\/2026\/04\/19\/felix-da-costa-fica-em-4-o-nos-seis-horas-de-imola-toyota-vence\/"},"wordCount":178,"image":{"@id":"https:\/\/portaltela.pt\/noticias\/2026\/04\/19\/felix-da-costa-fica-em-4-o-nos-seis-horas-de-imola-toyota-vence\/#primaryimage"},"thumbnailUrl":"https:\/\/portaltela.pt\/s.01k8rhncp4jt1\/2026\/04\/img_920x518uu2026-04-19-19-37-55-2434099-im-639122243045856827.jpg","keywords":["Autom\u00f3veis","corridas","desporto","desporto internacional","It\u00e1lia","Portugal"],"articleSection":["Desporto","Futebol"],"inLanguage":"pt-PT"},{"@type":"WebPage","@id":"https:\/\/portaltela.pt\/noticias\/2026\/04\/19\/felix-da-costa-fica-em-4-o-nos-seis-horas-de-imola-toyota-vence\/","url":"https:\/\/portaltela.pt\/noticias\/2026\/04\/19\/felix-da-costa-fica-em-4-o-nos-seis-horas-de-imola-toyota-vence\/","name":"F\u00e9lix da Costa fica em 4.\u00ba nos Seis Horas de Imola, Toyota vence - Portal Tela Portugal","isPartOf":{"@id":"https:\/\/portaltela.pt\/#website"},"primaryImageOfPage":{"@id":"https:\/\/portaltela.pt\/noticias\/2026\/04\/19\/felix-da-costa-fica-em-4-o-nos-seis-horas-de-imola-toyota-vence\/#primaryimage"},"image":{"@id":"https:\/\/portaltela.pt\/noticias\/2026\/04\/19\/felix-da-costa-fica-em-4-o-nos-seis-horas-de-imola-toyota-vence\/#primaryimage"},"thumbnailUrl":"https:\/\/portaltela.pt\/s.01k8rhncp4jt1\/2026\/04\/img_920x518uu2026-04-19-19-37-55-2434099-im-639122243045856827.jpg","datePublished":"2026-04-19T18:47:54+00:00","author":{"@id":"https:\/\/portaltela.pt\/#\/schema\/person\/c4278d4a6028830caff9ee44b42d32ed"},"breadcrumb":{"@id":"https:\/\/portaltela.pt\/noticias\/2026\/04\/19\/felix-da-costa-fica-em-4-o-nos-seis-horas-de-imola-toyota-vence\/#breadcrumb"},"inLanguage":"pt-PT","potentialAction":[{"@type":"ReadAction","target":["https:\/\/portaltela.pt\/noticias\/2026\/04\/19\/felix-da-costa-fica-em-4-o-nos-seis-horas-de-imola-toyota-vence\/"]}]},{"@type":"ImageObject","inLanguage":"pt-PT","@id":"https:\/\/portaltela.pt\/noticias\/2026\/04\/19\/felix-da-costa-fica-em-4-o-nos-seis-horas-de-imola-toyota-vence\/#primaryimage","url":"https:\/\/portaltela.pt\/s.01k8rhncp4jt1\/2026\/04\/img_920x518uu2026-04-19-19-37-55-2434099-im-639122243045856827.jpg","contentUrl":"https:\/\/portaltela.pt\/s.01k8rhncp4jt1\/2026\/04\/img_920x518uu2026-04-19-19-37-55-2434099-im-639122243045856827.jpg","width":796,"height":448,"caption":"F\u00e9lix da Costa ao volante do Alpine"},{"@type":"BreadcrumbList","@id":"https:\/\/portaltela.pt\/noticias\/2026\/04\/19\/felix-da-costa-fica-em-4-o-nos-seis-horas-de-imola-toyota-vence\/#breadcrumb","itemListElement":[{"@type":"ListItem","position":1,"name":"In\u00edcio","item":"https:\/\/portaltela.pt\/"},{"@type":"ListItem","position":2,"name":"F\u00e9lix da Costa fica em 4.\u00ba nos Seis Horas de Imola, Toyota vence"}]},{"@type":"WebSite","@id":"https:\/\/portaltela.pt\/#website","url":"https:\/\/portaltela.pt\/","name":"Portal Tela Portugal","description":"","potentialAction":[{"@type":"SearchAction","target":{"@type":"EntryPoint","urlTemplate":"https:\/\/portaltela.pt\/?s={search_term_string}"},"query-input":{"@type":"PropertyValueSpecification","valueRequired":true,"valueName":"search_term_string"}}],"inLanguage":"pt-PT"},{"@type":"Person","@id":"https:\/\/portaltela.pt\/#\/schema\/person\/c4278d4a6028830caff9ee44b42d32ed","name":"Telinha","image":{"@type":"ImageObject","inLanguage":"pt-PT","@id":"https:\/\/portaltela.pt\/s.01k8rhncp4jt1\/2025\/11\/talking-bot-125x125.png","url":"https:\/\/portaltela.pt\/s.01k8rhncp4jt1\/2025\/11\/talking-bot-125x125.png","contentUrl":"https:\/\/portaltela.pt\/s.01k8rhncp4jt1\/2025\/11\/talking-bot-125x125.png","caption":"Telinha"},"sameAs":["https:\/\/portaltela.pt\/"],"url":"https:\/\/portaltela.pt\/por\/367410592786\/"}]}},"_links":{"self":[{"href":"https:\/\/portaltela.pt\/api\/wp\/v2\/posts\/450276","targetHints":{"allow":["GET"]}}],"collection":[{"href":"https:\/\/portaltela.pt\/api\/wp\/v2\/posts"}],"about":[{"href":"https:\/\/portaltela.pt\/api\/wp\/v2\/types\/post"}],"author":[{"embeddable":true,"href":"https:\/\/portaltela.pt\/api\/wp\/v2\/users\/2"}],"replies":[{"embeddable":true,"href":"https:\/\/portaltela.pt\/api\/wp\/v2\/comments?post=450276"}],"version-history":[{"count":0,"href":"https:\/\/portaltela.pt\/api\/wp\/v2\/posts\/450276\/revisions"}],"wp:featuredmedia":[{"embeddable":true,"href":"https:\/\/portaltela.pt\/api\/wp\/v2\/media\/450280"}],"wp:attachment":[{"href":"https:\/\/portaltela.pt\/api\/wp\/v2\/media?parent=450276"}],"wp:term":[{"taxonomy":"category","embeddable":true,"href":"https:\/\/portaltela.pt\/api\/wp\/v2\/categories?post=450276"},{"taxonomy":"post_tag","embeddable":true,"href":"https:\/\/portaltela.pt\/api\/wp\/v2\/tags?post=450276"}],"curies":[{"name":"wp","href":"https:\/\/api.w.org\/{rel}","templated":true}]}}