{"id":450274,"date":"2026-04-19T15:47:52","date_gmt":"2026-04-19T18:47:52","guid":{"rendered":"https:\/\/portaltela.pt\/noticias\/2026\/04\/19\/carro-despista-se-num-rali-em-cordoba-e-nao-atinge-a-assistencia\/"},"modified":"2026-04-19T15:47:52","modified_gmt":"2026-04-19T18:47:52","slug":"carro-despista-se-num-rali-em-cordoba-e-nao-atinge-a-assistencia","status":"publish","type":"post","link":"https:\/\/portaltela.pt\/desporto\/futebol\/2026\/04\/19\/carro-despista-se-num-rali-em-cordoba-e-nao-atinge-a-assistencia\/","title":{"rendered":"Carro despista-se num rali em C\u00f3rdoba e n\u00e3o atinge a assist\u00eancia"},"content":{"rendered":"<p>Durante o rali de C\u00f3rdoba, em Espanha, ocorreu um despiste de um carro que capotou e voou na dire\u00e7\u00e3o da assist\u00eancia, sem que ningu\u00e9m tenha sido atingido pela colis\u00e3o. Tr\u00eas ocupantes das viaturas ficaram feridos.<\/p>\n<p>O incidente gerou momentos de p\u00e2nico entre os presentes na prova, com o ve\u00edculo a ganhar altura antes de aterrizar perto da zona de apoio da corrida. As causas do despiste ainda n\u00e3o foram detalhadas.<\/p>\n<p>As tr\u00eas pessoas envolvidas foram identificadas como ocupantes das viaturas envolvidas no acidente e foram encaminhadas para avalia\u00e7\u00e3o m\u00e9dica. N\u00e3o houve relatos de ferimentos graves at\u00e9 ao momento inicial.<\/p>\n","protected":false},"excerpt":{"rendered":"<ul>\n<li>O rali de C\u00f3rdoba, em Espanha, teve um despiste de um carro que capotou e seguiu na dire\u00e7\u00e3o da assist\u00eancia.<\/li>\n<li>Por milagre, n\u00e3o atingiu ningu\u00e9m, mas tr\u00eas ocupantes das viaturas ficaram feridos.<\/li>\n<li>O incidente gerou momentos de p\u00e2nico entre os presentes.<\/li>\n<li>N\u00e3o h\u00e1 ainda detalhes oficiais sobre as causas do despiste.<\/li>\n<\/ul>\n","protected":false},"author":2,"featured_media":450279,"comment_status":"closed","ping_status":"closed","sticky":false,"template":"","format":"standard","meta":{"footnotes":""},"categories":[21,24],"tags":[5487,4169,2189,3449,6699],"class_list":["post-450274","post","type-post","status-publish","format-standard","has-post-thumbnail","hentry","category-desporto","category-futebol","tag-acidente","tag-acidente-rodoviario","tag-espana","tag-feridos","tag-viaturas"],"yoast_head":"<!-- This site is optimized with the Yoast SEO plugin v27.2 - https:\/\/yoast.com\/product\/yoast-seo-wordpress\/ -->\n<title>Carro despista-se num rali em C\u00f3rdoba e n\u00e3o atinge a assist\u00eancia - Portal Tela Portugal<\/title>\n<meta name=\"robots\" content=\"index, follow, max-snippet:-1, max-image-preview:large, max-video-preview:-1\" \/>\n<meta property=\"og:locale\" content=\"pt_PT\" \/>\n<meta property=\"og:type\" content=\"article\" \/>\n<meta property=\"og:title\" content=\"Carro despista-se num rali em C\u00f3rdoba e n\u00e3o atinge a assist\u00eancia - Portal Tela Portugal\" \/>\n<meta property=\"og:description\" content=\"O rali de C\u00f3rdoba, em Espanha, teve um despiste de um carro que capotou e seguiu na dire\u00e7\u00e3o da assist\u00eancia. Por milagre, n\u00e3o atingiu ningu\u00e9m, mas tr\u00eas ocupantes das viaturas ficaram feridos. O incidente gerou momentos de p\u00e2nico entre os presentes. N\u00e3o h\u00e1 ainda detalhes oficiais sobre as causas do despiste.\" \/>\n<meta property=\"og:url\" content=\"https:\/\/portaltela.pt\/noticias\/2026\/04\/19\/carro-despista-se-num-rali-em-cordoba-e-nao-atinge-a-assistencia\/\" \/>\n<meta property=\"og:site_name\" content=\"Portal Tela Portugal\" \/>\n<meta property=\"article:published_time\" content=\"2026-04-19T18:47:52+00:00\" \/>\n<meta name=\"author\" content=\"Telinha\" \/>\n<meta name=\"twitter:card\" content=\"summary_large_image\" \/>\n<meta name=\"twitter:label1\" content=\"Escrito por\" \/>\n\t<meta name=\"twitter:data1\" content=\"Telinha\" \/>\n\t<meta name=\"twitter:label2\" content=\"Tempo estimado de leitura\" \/>\n\t<meta name=\"twitter:data2\" content=\"1 minuto\" \/>\n<script type=\"application\/ld+json\" class=\"yoast-schema-graph\">{\"@context\":\"https:\/\/schema.org\",\"@graph\":[{\"@type\":\"Article\",\"@id\":\"https:\/\/portaltela.pt\/noticias\/2026\/04\/19\/carro-despista-se-num-rali-em-cordoba-e-nao-atinge-a-assistencia\/#article\",\"isPartOf\":{\"@id\":\"https:\/\/portaltela.pt\/noticias\/2026\/04\/19\/carro-despista-se-num-rali-em-cordoba-e-nao-atinge-a-assistencia\/\"},\"author\":{\"name\":\"Telinha\",\"@id\":\"https:\/\/portaltela.pt\/#\/schema\/person\/c4278d4a6028830caff9ee44b42d32ed\"},\"headline\":\"Carro despista-se num rali em C\u00f3rdoba e n\u00e3o atinge a assist\u00eancia\",\"datePublished\":\"2026-04-19T18:47:52+00:00\",\"mainEntityOfPage\":{\"@id\":\"https:\/\/portaltela.pt\/noticias\/2026\/04\/19\/carro-despista-se-num-rali-em-cordoba-e-nao-atinge-a-assistencia\/\"},\"wordCount\":126,\"image\":{\"@id\":\"https:\/\/portaltela.pt\/noticias\/2026\/04\/19\/carro-despista-se-num-rali-em-cordoba-e-nao-atinge-a-assistencia\/#primaryimage\"},\"thumbnailUrl\":\"https:\/\/portaltela.pt\/s.01k8rhncp4jt1\/2026\/04\/img_1200x721uu2026-04-19-19-42-07-2434100.jpg\",\"keywords\":[\"acidente\",\"acidente rodovi\u00e1rio\",\"Espa\u00f1a\",\"feridos\",\"viaturas\"],\"articleSection\":[\"Desporto\",\"Futebol\"],\"inLanguage\":\"pt-PT\"},{\"@type\":\"WebPage\",\"@id\":\"https:\/\/portaltela.pt\/noticias\/2026\/04\/19\/carro-despista-se-num-rali-em-cordoba-e-nao-atinge-a-assistencia\/\",\"url\":\"https:\/\/portaltela.pt\/noticias\/2026\/04\/19\/carro-despista-se-num-rali-em-cordoba-e-nao-atinge-a-assistencia\/\",\"name\":\"Carro despista-se num rali em C\u00f3rdoba e n\u00e3o atinge a assist\u00eancia - Portal Tela Portugal\",\"isPartOf\":{\"@id\":\"https:\/\/portaltela.pt\/#website\"},\"primaryImageOfPage\":{\"@id\":\"https:\/\/portaltela.pt\/noticias\/2026\/04\/19\/carro-despista-se-num-rali-em-cordoba-e-nao-atinge-a-assistencia\/#primaryimage\"},\"image\":{\"@id\":\"https:\/\/portaltela.pt\/noticias\/2026\/04\/19\/carro-despista-se-num-rali-em-cordoba-e-nao-atinge-a-assistencia\/#primaryimage\"},\"thumbnailUrl\":\"https:\/\/portaltela.pt\/s.01k8rhncp4jt1\/2026\/04\/img_1200x721uu2026-04-19-19-42-07-2434100.jpg\",\"datePublished\":\"2026-04-19T18:47:52+00:00\",\"author\":{\"@id\":\"https:\/\/portaltela.pt\/#\/schema\/person\/c4278d4a6028830caff9ee44b42d32ed\"},\"breadcrumb\":{\"@id\":\"https:\/\/portaltela.pt\/noticias\/2026\/04\/19\/carro-despista-se-num-rali-em-cordoba-e-nao-atinge-a-assistencia\/#breadcrumb\"},\"inLanguage\":\"pt-PT\",\"potentialAction\":[{\"@type\":\"ReadAction\",\"target\":[\"https:\/\/portaltela.pt\/noticias\/2026\/04\/19\/carro-despista-se-num-rali-em-cordoba-e-nao-atinge-a-assistencia\/\"]}]},{\"@type\":\"ImageObject\",\"inLanguage\":\"pt-PT\",\"@id\":\"https:\/\/portaltela.pt\/noticias\/2026\/04\/19\/carro-despista-se-num-rali-em-cordoba-e-nao-atinge-a-assistencia\/#primaryimage\",\"url\":\"https:\/\/portaltela.pt\/s.01k8rhncp4jt1\/2026\/04\/img_1200x721uu2026-04-19-19-42-07-2434100.jpg\",\"contentUrl\":\"https:\/\/portaltela.pt\/s.01k8rhncp4jt1\/2026\/04\/img_1200x721uu2026-04-19-19-42-07-2434100.jpg\",\"width\":796,\"height\":448,\"caption\":\"Durante o rali de C\u00f3rdoba, em Espanha, viveram-se momentos de enorme p\u00e2nico com o despiste de um carro que capotou e voou na dire\u00e7\u00e3o da assist\u00eancia. Quase que por milagre, n\u00e3o acertou em ningu\u00e9m, mas os tr\u00eas ocupantes das viaturas ficaram com ferimentos.\"},{\"@type\":\"BreadcrumbList\",\"@id\":\"https:\/\/portaltela.pt\/noticias\/2026\/04\/19\/carro-despista-se-num-rali-em-cordoba-e-nao-atinge-a-assistencia\/#breadcrumb\",\"itemListElement\":[{\"@type\":\"ListItem\",\"position\":1,\"name\":\"In\u00edcio\",\"item\":\"https:\/\/portaltela.pt\/\"},{\"@type\":\"ListItem\",\"position\":2,\"name\":\"Carro despista-se num rali em C\u00f3rdoba e n\u00e3o atinge a assist\u00eancia\"}]},{\"@type\":\"WebSite\",\"@id\":\"https:\/\/portaltela.pt\/#website\",\"url\":\"https:\/\/portaltela.pt\/\",\"name\":\"Portal Tela Portugal\",\"description\":\"\",\"potentialAction\":[{\"@type\":\"SearchAction\",\"target\":{\"@type\":\"EntryPoint\",\"urlTemplate\":\"https:\/\/portaltela.pt\/?s={search_term_string}\"},\"query-input\":{\"@type\":\"PropertyValueSpecification\",\"valueRequired\":true,\"valueName\":\"search_term_string\"}}],\"inLanguage\":\"pt-PT\"},{\"@type\":\"Person\",\"@id\":\"https:\/\/portaltela.pt\/#\/schema\/person\/c4278d4a6028830caff9ee44b42d32ed\",\"name\":\"Telinha\",\"image\":{\"@type\":\"ImageObject\",\"inLanguage\":\"pt-PT\",\"@id\":\"https:\/\/portaltela.pt\/s.01k8rhncp4jt1\/2025\/11\/talking-bot-125x125.png\",\"url\":\"https:\/\/portaltela.pt\/s.01k8rhncp4jt1\/2025\/11\/talking-bot-125x125.png\",\"contentUrl\":\"https:\/\/portaltela.pt\/s.01k8rhncp4jt1\/2025\/11\/talking-bot-125x125.png\",\"caption\":\"Telinha\"},\"sameAs\":[\"https:\/\/portaltela.pt\/\"],\"url\":\"https:\/\/portaltela.pt\/por\/367410592786\/\"}]}<\/script>\n<!-- \/ Yoast SEO plugin. -->","yoast_head_json":{"title":"Carro despista-se num rali em C\u00f3rdoba e n\u00e3o atinge a assist\u00eancia - Portal Tela Portugal","robots":{"index":"index","follow":"follow","max-snippet":"max-snippet:-1","max-image-preview":"max-image-preview:large","max-video-preview":"max-video-preview:-1"},"og_locale":"pt_PT","og_type":"article","og_title":"Carro despista-se num rali em C\u00f3rdoba e n\u00e3o atinge a assist\u00eancia - Portal Tela Portugal","og_description":"O rali de C\u00f3rdoba, em Espanha, teve um despiste de um carro que capotou e seguiu na dire\u00e7\u00e3o da assist\u00eancia. Por milagre, n\u00e3o atingiu ningu\u00e9m, mas tr\u00eas ocupantes das viaturas ficaram feridos. O incidente gerou momentos de p\u00e2nico entre os presentes. N\u00e3o h\u00e1 ainda detalhes oficiais sobre as causas do despiste.","og_url":"https:\/\/portaltela.pt\/noticias\/2026\/04\/19\/carro-despista-se-num-rali-em-cordoba-e-nao-atinge-a-assistencia\/","og_site_name":"Portal Tela Portugal","article_published_time":"2026-04-19T18:47:52+00:00","author":"Telinha","twitter_card":"summary_large_image","twitter_misc":{"Escrito por":"Telinha","Tempo estimado de leitura":"1 minuto"},"schema":{"@context":"https:\/\/schema.org","@graph":[{"@type":"Article","@id":"https:\/\/portaltela.pt\/noticias\/2026\/04\/19\/carro-despista-se-num-rali-em-cordoba-e-nao-atinge-a-assistencia\/#article","isPartOf":{"@id":"https:\/\/portaltela.pt\/noticias\/2026\/04\/19\/carro-despista-se-num-rali-em-cordoba-e-nao-atinge-a-assistencia\/"},"author":{"name":"Telinha","@id":"https:\/\/portaltela.pt\/#\/schema\/person\/c4278d4a6028830caff9ee44b42d32ed"},"headline":"Carro despista-se num rali em C\u00f3rdoba e n\u00e3o atinge a assist\u00eancia","datePublished":"2026-04-19T18:47:52+00:00","mainEntityOfPage":{"@id":"https:\/\/portaltela.pt\/noticias\/2026\/04\/19\/carro-despista-se-num-rali-em-cordoba-e-nao-atinge-a-assistencia\/"},"wordCount":126,"image":{"@id":"https:\/\/portaltela.pt\/noticias\/2026\/04\/19\/carro-despista-se-num-rali-em-cordoba-e-nao-atinge-a-assistencia\/#primaryimage"},"thumbnailUrl":"https:\/\/portaltela.pt\/s.01k8rhncp4jt1\/2026\/04\/img_1200x721uu2026-04-19-19-42-07-2434100.jpg","keywords":["acidente","acidente rodovi\u00e1rio","Espa\u00f1a","feridos","viaturas"],"articleSection":["Desporto","Futebol"],"inLanguage":"pt-PT"},{"@type":"WebPage","@id":"https:\/\/portaltela.pt\/noticias\/2026\/04\/19\/carro-despista-se-num-rali-em-cordoba-e-nao-atinge-a-assistencia\/","url":"https:\/\/portaltela.pt\/noticias\/2026\/04\/19\/carro-despista-se-num-rali-em-cordoba-e-nao-atinge-a-assistencia\/","name":"Carro despista-se num rali em C\u00f3rdoba e n\u00e3o atinge a assist\u00eancia - Portal Tela Portugal","isPartOf":{"@id":"https:\/\/portaltela.pt\/#website"},"primaryImageOfPage":{"@id":"https:\/\/portaltela.pt\/noticias\/2026\/04\/19\/carro-despista-se-num-rali-em-cordoba-e-nao-atinge-a-assistencia\/#primaryimage"},"image":{"@id":"https:\/\/portaltela.pt\/noticias\/2026\/04\/19\/carro-despista-se-num-rali-em-cordoba-e-nao-atinge-a-assistencia\/#primaryimage"},"thumbnailUrl":"https:\/\/portaltela.pt\/s.01k8rhncp4jt1\/2026\/04\/img_1200x721uu2026-04-19-19-42-07-2434100.jpg","datePublished":"2026-04-19T18:47:52+00:00","author":{"@id":"https:\/\/portaltela.pt\/#\/schema\/person\/c4278d4a6028830caff9ee44b42d32ed"},"breadcrumb":{"@id":"https:\/\/portaltela.pt\/noticias\/2026\/04\/19\/carro-despista-se-num-rali-em-cordoba-e-nao-atinge-a-assistencia\/#breadcrumb"},"inLanguage":"pt-PT","potentialAction":[{"@type":"ReadAction","target":["https:\/\/portaltela.pt\/noticias\/2026\/04\/19\/carro-despista-se-num-rali-em-cordoba-e-nao-atinge-a-assistencia\/"]}]},{"@type":"ImageObject","inLanguage":"pt-PT","@id":"https:\/\/portaltela.pt\/noticias\/2026\/04\/19\/carro-despista-se-num-rali-em-cordoba-e-nao-atinge-a-assistencia\/#primaryimage","url":"https:\/\/portaltela.pt\/s.01k8rhncp4jt1\/2026\/04\/img_1200x721uu2026-04-19-19-42-07-2434100.jpg","contentUrl":"https:\/\/portaltela.pt\/s.01k8rhncp4jt1\/2026\/04\/img_1200x721uu2026-04-19-19-42-07-2434100.jpg","width":796,"height":448,"caption":"Durante o rali de C\u00f3rdoba, em Espanha, viveram-se momentos de enorme p\u00e2nico com o despiste de um carro que capotou e voou na dire\u00e7\u00e3o da assist\u00eancia. Quase que por milagre, n\u00e3o acertou em ningu\u00e9m, mas os tr\u00eas ocupantes das viaturas ficaram com ferimentos."},{"@type":"BreadcrumbList","@id":"https:\/\/portaltela.pt\/noticias\/2026\/04\/19\/carro-despista-se-num-rali-em-cordoba-e-nao-atinge-a-assistencia\/#breadcrumb","itemListElement":[{"@type":"ListItem","position":1,"name":"In\u00edcio","item":"https:\/\/portaltela.pt\/"},{"@type":"ListItem","position":2,"name":"Carro despista-se num rali em C\u00f3rdoba e n\u00e3o atinge a assist\u00eancia"}]},{"@type":"WebSite","@id":"https:\/\/portaltela.pt\/#website","url":"https:\/\/portaltela.pt\/","name":"Portal Tela Portugal","description":"","potentialAction":[{"@type":"SearchAction","target":{"@type":"EntryPoint","urlTemplate":"https:\/\/portaltela.pt\/?s={search_term_string}"},"query-input":{"@type":"PropertyValueSpecification","valueRequired":true,"valueName":"search_term_string"}}],"inLanguage":"pt-PT"},{"@type":"Person","@id":"https:\/\/portaltela.pt\/#\/schema\/person\/c4278d4a6028830caff9ee44b42d32ed","name":"Telinha","image":{"@type":"ImageObject","inLanguage":"pt-PT","@id":"https:\/\/portaltela.pt\/s.01k8rhncp4jt1\/2025\/11\/talking-bot-125x125.png","url":"https:\/\/portaltela.pt\/s.01k8rhncp4jt1\/2025\/11\/talking-bot-125x125.png","contentUrl":"https:\/\/portaltela.pt\/s.01k8rhncp4jt1\/2025\/11\/talking-bot-125x125.png","caption":"Telinha"},"sameAs":["https:\/\/portaltela.pt\/"],"url":"https:\/\/portaltela.pt\/por\/367410592786\/"}]}},"_links":{"self":[{"href":"https:\/\/portaltela.pt\/api\/wp\/v2\/posts\/450274","targetHints":{"allow":["GET"]}}],"collection":[{"href":"https:\/\/portaltela.pt\/api\/wp\/v2\/posts"}],"about":[{"href":"https:\/\/portaltela.pt\/api\/wp\/v2\/types\/post"}],"author":[{"embeddable":true,"href":"https:\/\/portaltela.pt\/api\/wp\/v2\/users\/2"}],"replies":[{"embeddable":true,"href":"https:\/\/portaltela.pt\/api\/wp\/v2\/comments?post=450274"}],"version-history":[{"count":0,"href":"https:\/\/portaltela.pt\/api\/wp\/v2\/posts\/450274\/revisions"}],"wp:featuredmedia":[{"embeddable":true,"href":"https:\/\/portaltela.pt\/api\/wp\/v2\/media\/450279"}],"wp:attachment":[{"href":"https:\/\/portaltela.pt\/api\/wp\/v2\/media?parent=450274"}],"wp:term":[{"taxonomy":"category","embeddable":true,"href":"https:\/\/portaltela.pt\/api\/wp\/v2\/categories?post=450274"},{"taxonomy":"post_tag","embeddable":true,"href":"https:\/\/portaltela.pt\/api\/wp\/v2\/tags?post=450274"}],"curies":[{"name":"wp","href":"https:\/\/api.w.org\/{rel}","templated":true}]}}