{"id":450255,"date":"2026-04-19T15:32:55","date_gmt":"2026-04-19T18:32:55","guid":{"rendered":"https:\/\/portaltela.pt\/noticias\/2026\/04\/19\/vitor-pinto-afirma-que-penalti-a-favor-do-sporting-devia-ter-sido-repetido\/"},"modified":"2026-04-19T15:32:55","modified_gmt":"2026-04-19T18:32:55","slug":"vitor-pinto-afirma-que-penalti-a-favor-do-sporting-devia-ter-sido-repetido","status":"publish","type":"post","link":"https:\/\/portaltela.pt\/desporto\/futebol\/2026\/04\/19\/vitor-pinto-afirma-que-penalti-a-favor-do-sporting-devia-ter-sido-repetido\/","title":{"rendered":"V\u00edtor Pinto afirma que pen\u00e1lti a favor do Sporting devia ter sido repetido"},"content":{"rendered":"<p>O subdiretor do Record, V\u00edtor Pinto, afirmou que as regras s\u00e3o claras e que openalti a favor do Sporting devia ter sido repetido, considerando o erro grosseiro. A interven\u00e7\u00e3o de Schjelderup no d\u00e9rbi Sporting-Benfica \u00e9 apresentada como irregular e a decis\u00e3o do \u00e1rbitro Jo\u00e3o Pinheiro \u00e9 questionada.<\/p>\n<p>Segundo pen\u00e1lti para o Benfica: bola bateu no bra\u00e7o de Morita e o \u00e1rbitro manteve a marca\u00e7\u00e3o, com Schjelderup a converter. A situa\u00e7\u00e3o gerou controv\u00e9rsia distributiva no est\u00e1dio e no recorte de an\u00e1lises.<\/p>\n<p>Pol\u00e9mica no d\u00e9rbi: Jo\u00e3o Pinheiro decidiu manter o pen\u00e1lti para o Sporting ap\u00f3s consulta ao VAR. A jogada ocorreu perto da \u00e1rea e levou o clube leonino a exigir uma repeti\u00e7\u00e3o da cobran\u00e7a.<\/p>\n<p>Trubin defende: o guarda-redes russo brilhou ao defender o pen\u00e1lti de Su\u00e1rez. O Sporting pediu a repeti\u00e7\u00e3o da cobran\u00e7a por alegada invas\u00e3o de \u00e1rea de Schjelderup, o que n\u00e3o foi considerado pelo \u00e1rbitro.<\/p>\n<h3>Regra e interven\u00e7\u00e3o de Schjelderup<\/h3>\n<ul>\n<li>A leitura das regras \u00e9 contestada por representantes da imprensa desportiva, que apontam para falha no crit\u00e9rio de avalia\u00e7\u00e3o da jogada.<\/li>\n<li>A situa\u00e7\u00e3o envolve o impacto de uma interven\u00e7\u00e3o de Schjelderup no momento da conclus\u00e3o, segundo a an\u00e1lise publicada.<\/li>\n<\/ul>\n<h3>Controv\u00e9rsia de penalties e VAR<\/h3>\n<ul>\n<li>A equipa do Sporting sustenta que houve erro na leitura do VAR e que uma repeti\u00e7\u00e3o seria justa.<\/li>\n<li>As tens\u00f5es entre equipas elevam o foco sobre as interpreta\u00e7\u00f5es do \u00e1rbitro e da equipa de v\u00eddeo.<\/li>\n<\/ul>\n","protected":false},"excerpt":{"rendered":"<ul>\n<li>V\u00edtor Pinto, subdiretor do Record, afirmou que as regras s\u00e3o claras e que o pen\u00e1lti a favor do Sporting devia ter sido repetido, consideredo erro grosseiro.<\/li>\n<li>A interven\u00e7\u00e3o de Schjelderup no Sporting-Benfica \u00e9 irregular, e a decis\u00e3o do \u00e1rbitro Jo\u00e3o Pinheiro foi incorreta, segundo Pinto.<\/li>\n<li>Houve segundo pen\u00e1lti para o Benfica: bola foi ao bra\u00e7o de Morita e Schjelderup apontou a marca.<\/li>\n<li>Pol\u00e9mica no d\u00e9rbi: Jo\u00e3o Pinheiro assinala pen\u00e1lti para o Sporting ap\u00f3s consulta ao VAR.<\/li>\n<li>Trubin defende o pen\u00e1lti de Su\u00e1rez; o Sporting pediu repeti\u00e7\u00e3o da cobran\u00e7a por invas\u00e3o de \u00e1rea de Schjelderup.<\/li>\n<\/ul>\n","protected":false},"author":2,"featured_media":450262,"comment_status":"closed","ping_status":"closed","sticky":false,"template":"","format":"standard","meta":{"footnotes":""},"categories":[21,24],"tags":[8566,8639,1336,32,1885,1185],"class_list":["post-450255","post","type-post","status-publish","format-standard","has-post-thumbnail","hentry","category-desporto","category-futebol","tag-_benfica","tag-_sporting","tag-arbitro","tag-futebol","tag-penalti","tag-var"],"yoast_head":"<!-- This site is optimized with the Yoast SEO plugin v27.2 - https:\/\/yoast.com\/product\/yoast-seo-wordpress\/ -->\n<title>V\u00edtor Pinto afirma que pen\u00e1lti a favor do Sporting devia ter sido repetido - Portal Tela Portugal<\/title>\n<meta name=\"robots\" content=\"index, follow, max-snippet:-1, max-image-preview:large, max-video-preview:-1\" \/>\n<meta property=\"og:locale\" content=\"pt_PT\" \/>\n<meta property=\"og:type\" content=\"article\" \/>\n<meta property=\"og:title\" content=\"V\u00edtor Pinto afirma que pen\u00e1lti a favor do Sporting devia ter sido repetido - Portal Tela Portugal\" \/>\n<meta property=\"og:description\" content=\"V\u00edtor Pinto, subdiretor do Record, afirmou que as regras s\u00e3o claras e que o pen\u00e1lti a favor do Sporting devia ter sido repetido, consideredo erro grosseiro. A interven\u00e7\u00e3o de Schjelderup no Sporting-Benfica \u00e9 irregular, e a decis\u00e3o do \u00e1rbitro Jo\u00e3o Pinheiro foi incorreta, segundo Pinto. Houve segundo pen\u00e1lti para o Benfica: bola foi ao bra\u00e7o de Morita e Schjelderup apontou a marca. Pol\u00e9mica no d\u00e9rbi: Jo\u00e3o Pinheiro assinala pen\u00e1lti para o Sporting ap\u00f3s consulta ao VAR. Trubin defende o pen\u00e1lti de Su\u00e1rez; o Sporting pediu repeti\u00e7\u00e3o da cobran\u00e7a por invas\u00e3o de \u00e1rea de Schjelderup.\" \/>\n<meta property=\"og:url\" content=\"https:\/\/portaltela.pt\/noticias\/2026\/04\/19\/vitor-pinto-afirma-que-penalti-a-favor-do-sporting-devia-ter-sido-repetido\/\" \/>\n<meta property=\"og:site_name\" content=\"Portal Tela Portugal\" \/>\n<meta property=\"article:published_time\" content=\"2026-04-19T18:32:55+00:00\" \/>\n<meta name=\"author\" content=\"Telinha\" \/>\n<meta name=\"twitter:card\" content=\"summary_large_image\" \/>\n<meta name=\"twitter:label1\" content=\"Escrito por\" \/>\n\t<meta name=\"twitter:data1\" content=\"Telinha\" \/>\n\t<meta name=\"twitter:label2\" content=\"Tempo estimado de leitura\" \/>\n\t<meta name=\"twitter:data2\" content=\"1 minuto\" \/>\n<script type=\"application\/ld+json\" class=\"yoast-schema-graph\">{\"@context\":\"https:\/\/schema.org\",\"@graph\":[{\"@type\":\"Article\",\"@id\":\"https:\/\/portaltela.pt\/noticias\/2026\/04\/19\/vitor-pinto-afirma-que-penalti-a-favor-do-sporting-devia-ter-sido-repetido\/#article\",\"isPartOf\":{\"@id\":\"https:\/\/portaltela.pt\/noticias\/2026\/04\/19\/vitor-pinto-afirma-que-penalti-a-favor-do-sporting-devia-ter-sido-repetido\/\"},\"author\":{\"name\":\"Telinha\",\"@id\":\"https:\/\/portaltela.pt\/#\/schema\/person\/c4278d4a6028830caff9ee44b42d32ed\"},\"headline\":\"V\u00edtor Pinto afirma que pen\u00e1lti a favor do Sporting devia ter sido repetido\",\"datePublished\":\"2026-04-19T18:32:55+00:00\",\"mainEntityOfPage\":{\"@id\":\"https:\/\/portaltela.pt\/noticias\/2026\/04\/19\/vitor-pinto-afirma-que-penalti-a-favor-do-sporting-devia-ter-sido-repetido\/\"},\"wordCount\":280,\"image\":{\"@id\":\"https:\/\/portaltela.pt\/noticias\/2026\/04\/19\/vitor-pinto-afirma-que-penalti-a-favor-do-sporting-devia-ter-sido-repetido\/#primaryimage\"},\"thumbnailUrl\":\"https:\/\/portaltela.pt\/s.01k8rhncp4jt1\/2026\/04\/img_1200x721uu2026-04-19-19-20-00-2434097.jpg\",\"keywords\":[\"_Benfica\",\"_Sporting\",\"\u00e1rbitro\",\"futebol\",\"pen\u00e1lti\",\"VAR\"],\"articleSection\":[\"Desporto\",\"Futebol\"],\"inLanguage\":\"pt-PT\"},{\"@type\":\"WebPage\",\"@id\":\"https:\/\/portaltela.pt\/noticias\/2026\/04\/19\/vitor-pinto-afirma-que-penalti-a-favor-do-sporting-devia-ter-sido-repetido\/\",\"url\":\"https:\/\/portaltela.pt\/noticias\/2026\/04\/19\/vitor-pinto-afirma-que-penalti-a-favor-do-sporting-devia-ter-sido-repetido\/\",\"name\":\"V\u00edtor Pinto afirma que pen\u00e1lti a favor do Sporting devia ter sido repetido - Portal Tela Portugal\",\"isPartOf\":{\"@id\":\"https:\/\/portaltela.pt\/#website\"},\"primaryImageOfPage\":{\"@id\":\"https:\/\/portaltela.pt\/noticias\/2026\/04\/19\/vitor-pinto-afirma-que-penalti-a-favor-do-sporting-devia-ter-sido-repetido\/#primaryimage\"},\"image\":{\"@id\":\"https:\/\/portaltela.pt\/noticias\/2026\/04\/19\/vitor-pinto-afirma-que-penalti-a-favor-do-sporting-devia-ter-sido-repetido\/#primaryimage\"},\"thumbnailUrl\":\"https:\/\/portaltela.pt\/s.01k8rhncp4jt1\/2026\/04\/img_1200x721uu2026-04-19-19-20-00-2434097.jpg\",\"datePublished\":\"2026-04-19T18:32:55+00:00\",\"author\":{\"@id\":\"https:\/\/portaltela.pt\/#\/schema\/person\/c4278d4a6028830caff9ee44b42d32ed\"},\"breadcrumb\":{\"@id\":\"https:\/\/portaltela.pt\/noticias\/2026\/04\/19\/vitor-pinto-afirma-que-penalti-a-favor-do-sporting-devia-ter-sido-repetido\/#breadcrumb\"},\"inLanguage\":\"pt-PT\",\"potentialAction\":[{\"@type\":\"ReadAction\",\"target\":[\"https:\/\/portaltela.pt\/noticias\/2026\/04\/19\/vitor-pinto-afirma-que-penalti-a-favor-do-sporting-devia-ter-sido-repetido\/\"]}]},{\"@type\":\"ImageObject\",\"inLanguage\":\"pt-PT\",\"@id\":\"https:\/\/portaltela.pt\/noticias\/2026\/04\/19\/vitor-pinto-afirma-que-penalti-a-favor-do-sporting-devia-ter-sido-repetido\/#primaryimage\",\"url\":\"https:\/\/portaltela.pt\/s.01k8rhncp4jt1\/2026\/04\/img_1200x721uu2026-04-19-19-20-00-2434097.jpg\",\"contentUrl\":\"https:\/\/portaltela.pt\/s.01k8rhncp4jt1\/2026\/04\/img_1200x721uu2026-04-19-19-20-00-2434097.jpg\",\"width\":796,\"height\":448,\"caption\":\"V\u00edtor Pinto: \u00abAs regras s\u00e3o claras e o pen\u00e1lti a favor do Sporting devia ter sido repetido. \u00c9 um erro grosseiro\u00bb\"},{\"@type\":\"BreadcrumbList\",\"@id\":\"https:\/\/portaltela.pt\/noticias\/2026\/04\/19\/vitor-pinto-afirma-que-penalti-a-favor-do-sporting-devia-ter-sido-repetido\/#breadcrumb\",\"itemListElement\":[{\"@type\":\"ListItem\",\"position\":1,\"name\":\"In\u00edcio\",\"item\":\"https:\/\/portaltela.pt\/\"},{\"@type\":\"ListItem\",\"position\":2,\"name\":\"V\u00edtor Pinto afirma que pen\u00e1lti a favor do Sporting devia ter sido repetido\"}]},{\"@type\":\"WebSite\",\"@id\":\"https:\/\/portaltela.pt\/#website\",\"url\":\"https:\/\/portaltela.pt\/\",\"name\":\"Portal Tela Portugal\",\"description\":\"\",\"potentialAction\":[{\"@type\":\"SearchAction\",\"target\":{\"@type\":\"EntryPoint\",\"urlTemplate\":\"https:\/\/portaltela.pt\/?s={search_term_string}\"},\"query-input\":{\"@type\":\"PropertyValueSpecification\",\"valueRequired\":true,\"valueName\":\"search_term_string\"}}],\"inLanguage\":\"pt-PT\"},{\"@type\":\"Person\",\"@id\":\"https:\/\/portaltela.pt\/#\/schema\/person\/c4278d4a6028830caff9ee44b42d32ed\",\"name\":\"Telinha\",\"image\":{\"@type\":\"ImageObject\",\"inLanguage\":\"pt-PT\",\"@id\":\"https:\/\/portaltela.pt\/s.01k8rhncp4jt1\/2025\/11\/talking-bot-125x125.png\",\"url\":\"https:\/\/portaltela.pt\/s.01k8rhncp4jt1\/2025\/11\/talking-bot-125x125.png\",\"contentUrl\":\"https:\/\/portaltela.pt\/s.01k8rhncp4jt1\/2025\/11\/talking-bot-125x125.png\",\"caption\":\"Telinha\"},\"sameAs\":[\"https:\/\/portaltela.pt\/\"],\"url\":\"https:\/\/portaltela.pt\/por\/367410592786\/\"}]}<\/script>\n<!-- \/ Yoast SEO plugin. -->","yoast_head_json":{"title":"V\u00edtor Pinto afirma que pen\u00e1lti a favor do Sporting devia ter sido repetido - Portal Tela Portugal","robots":{"index":"index","follow":"follow","max-snippet":"max-snippet:-1","max-image-preview":"max-image-preview:large","max-video-preview":"max-video-preview:-1"},"og_locale":"pt_PT","og_type":"article","og_title":"V\u00edtor Pinto afirma que pen\u00e1lti a favor do Sporting devia ter sido repetido - Portal Tela Portugal","og_description":"V\u00edtor Pinto, subdiretor do Record, afirmou que as regras s\u00e3o claras e que o pen\u00e1lti a favor do Sporting devia ter sido repetido, consideredo erro grosseiro. A interven\u00e7\u00e3o de Schjelderup no Sporting-Benfica \u00e9 irregular, e a decis\u00e3o do \u00e1rbitro Jo\u00e3o Pinheiro foi incorreta, segundo Pinto. Houve segundo pen\u00e1lti para o Benfica: bola foi ao bra\u00e7o de Morita e Schjelderup apontou a marca. Pol\u00e9mica no d\u00e9rbi: Jo\u00e3o Pinheiro assinala pen\u00e1lti para o Sporting ap\u00f3s consulta ao VAR. Trubin defende o pen\u00e1lti de Su\u00e1rez; o Sporting pediu repeti\u00e7\u00e3o da cobran\u00e7a por invas\u00e3o de \u00e1rea de Schjelderup.","og_url":"https:\/\/portaltela.pt\/noticias\/2026\/04\/19\/vitor-pinto-afirma-que-penalti-a-favor-do-sporting-devia-ter-sido-repetido\/","og_site_name":"Portal Tela Portugal","article_published_time":"2026-04-19T18:32:55+00:00","author":"Telinha","twitter_card":"summary_large_image","twitter_misc":{"Escrito por":"Telinha","Tempo estimado de leitura":"1 minuto"},"schema":{"@context":"https:\/\/schema.org","@graph":[{"@type":"Article","@id":"https:\/\/portaltela.pt\/noticias\/2026\/04\/19\/vitor-pinto-afirma-que-penalti-a-favor-do-sporting-devia-ter-sido-repetido\/#article","isPartOf":{"@id":"https:\/\/portaltela.pt\/noticias\/2026\/04\/19\/vitor-pinto-afirma-que-penalti-a-favor-do-sporting-devia-ter-sido-repetido\/"},"author":{"name":"Telinha","@id":"https:\/\/portaltela.pt\/#\/schema\/person\/c4278d4a6028830caff9ee44b42d32ed"},"headline":"V\u00edtor Pinto afirma que pen\u00e1lti a favor do Sporting devia ter sido repetido","datePublished":"2026-04-19T18:32:55+00:00","mainEntityOfPage":{"@id":"https:\/\/portaltela.pt\/noticias\/2026\/04\/19\/vitor-pinto-afirma-que-penalti-a-favor-do-sporting-devia-ter-sido-repetido\/"},"wordCount":280,"image":{"@id":"https:\/\/portaltela.pt\/noticias\/2026\/04\/19\/vitor-pinto-afirma-que-penalti-a-favor-do-sporting-devia-ter-sido-repetido\/#primaryimage"},"thumbnailUrl":"https:\/\/portaltela.pt\/s.01k8rhncp4jt1\/2026\/04\/img_1200x721uu2026-04-19-19-20-00-2434097.jpg","keywords":["_Benfica","_Sporting","\u00e1rbitro","futebol","pen\u00e1lti","VAR"],"articleSection":["Desporto","Futebol"],"inLanguage":"pt-PT"},{"@type":"WebPage","@id":"https:\/\/portaltela.pt\/noticias\/2026\/04\/19\/vitor-pinto-afirma-que-penalti-a-favor-do-sporting-devia-ter-sido-repetido\/","url":"https:\/\/portaltela.pt\/noticias\/2026\/04\/19\/vitor-pinto-afirma-que-penalti-a-favor-do-sporting-devia-ter-sido-repetido\/","name":"V\u00edtor Pinto afirma que pen\u00e1lti a favor do Sporting devia ter sido repetido - Portal Tela Portugal","isPartOf":{"@id":"https:\/\/portaltela.pt\/#website"},"primaryImageOfPage":{"@id":"https:\/\/portaltela.pt\/noticias\/2026\/04\/19\/vitor-pinto-afirma-que-penalti-a-favor-do-sporting-devia-ter-sido-repetido\/#primaryimage"},"image":{"@id":"https:\/\/portaltela.pt\/noticias\/2026\/04\/19\/vitor-pinto-afirma-que-penalti-a-favor-do-sporting-devia-ter-sido-repetido\/#primaryimage"},"thumbnailUrl":"https:\/\/portaltela.pt\/s.01k8rhncp4jt1\/2026\/04\/img_1200x721uu2026-04-19-19-20-00-2434097.jpg","datePublished":"2026-04-19T18:32:55+00:00","author":{"@id":"https:\/\/portaltela.pt\/#\/schema\/person\/c4278d4a6028830caff9ee44b42d32ed"},"breadcrumb":{"@id":"https:\/\/portaltela.pt\/noticias\/2026\/04\/19\/vitor-pinto-afirma-que-penalti-a-favor-do-sporting-devia-ter-sido-repetido\/#breadcrumb"},"inLanguage":"pt-PT","potentialAction":[{"@type":"ReadAction","target":["https:\/\/portaltela.pt\/noticias\/2026\/04\/19\/vitor-pinto-afirma-que-penalti-a-favor-do-sporting-devia-ter-sido-repetido\/"]}]},{"@type":"ImageObject","inLanguage":"pt-PT","@id":"https:\/\/portaltela.pt\/noticias\/2026\/04\/19\/vitor-pinto-afirma-que-penalti-a-favor-do-sporting-devia-ter-sido-repetido\/#primaryimage","url":"https:\/\/portaltela.pt\/s.01k8rhncp4jt1\/2026\/04\/img_1200x721uu2026-04-19-19-20-00-2434097.jpg","contentUrl":"https:\/\/portaltela.pt\/s.01k8rhncp4jt1\/2026\/04\/img_1200x721uu2026-04-19-19-20-00-2434097.jpg","width":796,"height":448,"caption":"V\u00edtor Pinto: \u00abAs regras s\u00e3o claras e o pen\u00e1lti a favor do Sporting devia ter sido repetido. \u00c9 um erro grosseiro\u00bb"},{"@type":"BreadcrumbList","@id":"https:\/\/portaltela.pt\/noticias\/2026\/04\/19\/vitor-pinto-afirma-que-penalti-a-favor-do-sporting-devia-ter-sido-repetido\/#breadcrumb","itemListElement":[{"@type":"ListItem","position":1,"name":"In\u00edcio","item":"https:\/\/portaltela.pt\/"},{"@type":"ListItem","position":2,"name":"V\u00edtor Pinto afirma que pen\u00e1lti a favor do Sporting devia ter sido repetido"}]},{"@type":"WebSite","@id":"https:\/\/portaltela.pt\/#website","url":"https:\/\/portaltela.pt\/","name":"Portal Tela Portugal","description":"","potentialAction":[{"@type":"SearchAction","target":{"@type":"EntryPoint","urlTemplate":"https:\/\/portaltela.pt\/?s={search_term_string}"},"query-input":{"@type":"PropertyValueSpecification","valueRequired":true,"valueName":"search_term_string"}}],"inLanguage":"pt-PT"},{"@type":"Person","@id":"https:\/\/portaltela.pt\/#\/schema\/person\/c4278d4a6028830caff9ee44b42d32ed","name":"Telinha","image":{"@type":"ImageObject","inLanguage":"pt-PT","@id":"https:\/\/portaltela.pt\/s.01k8rhncp4jt1\/2025\/11\/talking-bot-125x125.png","url":"https:\/\/portaltela.pt\/s.01k8rhncp4jt1\/2025\/11\/talking-bot-125x125.png","contentUrl":"https:\/\/portaltela.pt\/s.01k8rhncp4jt1\/2025\/11\/talking-bot-125x125.png","caption":"Telinha"},"sameAs":["https:\/\/portaltela.pt\/"],"url":"https:\/\/portaltela.pt\/por\/367410592786\/"}]}},"_links":{"self":[{"href":"https:\/\/portaltela.pt\/api\/wp\/v2\/posts\/450255","targetHints":{"allow":["GET"]}}],"collection":[{"href":"https:\/\/portaltela.pt\/api\/wp\/v2\/posts"}],"about":[{"href":"https:\/\/portaltela.pt\/api\/wp\/v2\/types\/post"}],"author":[{"embeddable":true,"href":"https:\/\/portaltela.pt\/api\/wp\/v2\/users\/2"}],"replies":[{"embeddable":true,"href":"https:\/\/portaltela.pt\/api\/wp\/v2\/comments?post=450255"}],"version-history":[{"count":0,"href":"https:\/\/portaltela.pt\/api\/wp\/v2\/posts\/450255\/revisions"}],"wp:featuredmedia":[{"embeddable":true,"href":"https:\/\/portaltela.pt\/api\/wp\/v2\/media\/450262"}],"wp:attachment":[{"href":"https:\/\/portaltela.pt\/api\/wp\/v2\/media?parent=450255"}],"wp:term":[{"taxonomy":"category","embeddable":true,"href":"https:\/\/portaltela.pt\/api\/wp\/v2\/categories?post=450255"},{"taxonomy":"post_tag","embeddable":true,"href":"https:\/\/portaltela.pt\/api\/wp\/v2\/tags?post=450255"}],"curies":[{"name":"wp","href":"https:\/\/api.w.org\/{rel}","templated":true}]}}