{"id":450174,"date":"2026-04-19T14:17:49","date_gmt":"2026-04-19T17:17:49","guid":{"rendered":"https:\/\/portaltela.pt\/noticias\/2026\/04\/19\/pequena-ilha-caribenha-torna-se-gigante-no-futebol\/"},"modified":"2026-04-19T14:17:49","modified_gmt":"2026-04-19T17:17:49","slug":"pequena-ilha-caribenha-torna-se-gigante-no-futebol","status":"publish","type":"post","link":"https:\/\/portaltela.pt\/desporto\/futebol\/2026\/04\/19\/pequena-ilha-caribenha-torna-se-gigante-no-futebol\/","title":{"rendered":"Pequena ilha caribenha torna-se gigante no futebol"},"content":{"rendered":"<p>A min\u00fascula ilha caribenha de Cura\u00e7ao v\u00ea no futebol o passage para o crescimento tur\u00edstico. O territ\u00f3rio, que depende administrativamente dos Pa\u00edses Baixos, est\u00e1 a ganhar notoriedade pela combina\u00e7\u00e3o de praias e est\u00e1dios que atraem visitantes.<\/p>\n<p>No primeiro trimestre deste ano, o turismo subiu 13%, representando entre 35% e 40% da receita total da ilha. Autores oficiais indicam que o setor beneficia de fluxos est\u00e1veis e de novas infraestruturas.<\/p>\n<p>Em 2025, aproximadamente 1,5 milh\u00f5es de pessoas devem visitar Cura\u00e7ao, com hot\u00e9is e empreendimentos residenciais em expans\u00e3o para acompanhar a procura crescente. Esta transforma\u00e7\u00e3o vem acompanhada de investimentos locais.<\/p>\n<h3>Onda Azul e o impacto do futebol<\/h3>\n<p>A sele\u00e7\u00e3o nacional, apelidada de Onda Azul, nunca disputou um Mundial. Foi sorteada num grupo que inclui Alemanha, Costa do Marfim e Equador, o que aumenta a visibilidade internacional da ilha.<\/p>\n<p>Rovien Petronilia, residente de Willemstad, afirma que Cura\u00e7ao \u00e9 uma pequena ilha com grandes sonhos, resumindo o esp\u00edrito de um territ\u00f3rio com ambi\u00e7\u00f5es globais. O turismo surge como motor de desenvolvimento e refer\u00eancia.<\/p>\n","protected":false},"excerpt":{"rendered":"<ul>\n<li>O futebol colocou Cura\u00e7ao no mapa mundial e impulsiona o turismo na ilha caribenha.<\/li>\n<li>No primeiro trimestre, o turismo cresceu 13% e representa entre 35% e 40% da receita total.<\/li>\n<li>Em 2025, cerca de 1,5 milh\u00e3o de pessoas visitaram Cura\u00e7ao, com expans\u00e3o de hot\u00e9is e empreendimentos residenciais.<\/li>\n<li>A sele\u00e7\u00e3o nacional, que nunca participou numa Copa do Mundo, \u00e9 conhecida como \u201cOnda Azul\u201d e ficou no mesmo grupo que Alemanha, Costa do Marfim e Equador.<\/li>\n<li>O primeiro-ministro Gilmar Pisas afirma que o fluxo de visitantes vai aumentar; Rovien Petronilia, residente de Willemstad, descreve a ilha como pequena com grandes sonhos.<\/li>\n<\/ul>\n","protected":false},"author":2,"featured_media":450187,"comment_status":"closed","ping_status":"closed","sticky":false,"template":"","format":"standard","meta":{"footnotes":""},"categories":[21,24],"tags":[190,32,3338,1809,2057,169],"class_list":["post-450174","post","type-post","status-publish","format-standard","has-post-thumbnail","hentry","category-desporto","category-futebol","tag-desenvolvimento-economico","tag-futebol","tag-futebol-internacional","tag-paises-baixos","tag-selecao-nacional","tag-turismo"],"yoast_head":"<!-- This site is optimized with the Yoast SEO plugin v27.2 - https:\/\/yoast.com\/product\/yoast-seo-wordpress\/ -->\n<title>Pequena ilha caribenha torna-se gigante no futebol - Portal Tela Portugal<\/title>\n<meta name=\"robots\" content=\"index, follow, max-snippet:-1, max-image-preview:large, max-video-preview:-1\" \/>\n<meta property=\"og:locale\" content=\"pt_PT\" \/>\n<meta property=\"og:type\" content=\"article\" \/>\n<meta property=\"og:title\" content=\"Pequena ilha caribenha torna-se gigante no futebol - Portal Tela Portugal\" \/>\n<meta property=\"og:description\" content=\"O futebol colocou Cura\u00e7ao no mapa mundial e impulsiona o turismo na ilha caribenha. No primeiro trimestre, o turismo cresceu 13% e representa entre 35% e 40% da receita total. Em 2025, cerca de 1,5 milh\u00e3o de pessoas visitaram Cura\u00e7ao, com expans\u00e3o de hot\u00e9is e empreendimentos residenciais. A sele\u00e7\u00e3o nacional, que nunca participou numa Copa do Mundo, \u00e9 conhecida como \u201cOnda Azul\u201d e ficou no mesmo grupo que Alemanha, Costa do Marfim e Equador. O primeiro-ministro Gilmar Pisas afirma que o fluxo de visitantes vai aumentar; Rovien Petronilia, residente de Willemstad, descreve a ilha como pequena com grandes sonhos.\" \/>\n<meta property=\"og:url\" content=\"https:\/\/portaltela.pt\/noticias\/2026\/04\/19\/pequena-ilha-caribenha-torna-se-gigante-no-futebol\/\" \/>\n<meta property=\"og:site_name\" content=\"Portal Tela Portugal\" \/>\n<meta property=\"article:published_time\" content=\"2026-04-19T17:17:49+00:00\" \/>\n<meta name=\"author\" content=\"Telinha\" \/>\n<meta name=\"twitter:card\" content=\"summary_large_image\" \/>\n<meta name=\"twitter:label1\" content=\"Escrito por\" \/>\n\t<meta name=\"twitter:data1\" content=\"Telinha\" \/>\n\t<meta name=\"twitter:label2\" content=\"Tempo estimado de leitura\" \/>\n\t<meta name=\"twitter:data2\" content=\"1 minuto\" \/>\n<script type=\"application\/ld+json\" class=\"yoast-schema-graph\">{\"@context\":\"https:\/\/schema.org\",\"@graph\":[{\"@type\":\"Article\",\"@id\":\"https:\/\/portaltela.pt\/noticias\/2026\/04\/19\/pequena-ilha-caribenha-torna-se-gigante-no-futebol\/#article\",\"isPartOf\":{\"@id\":\"https:\/\/portaltela.pt\/noticias\/2026\/04\/19\/pequena-ilha-caribenha-torna-se-gigante-no-futebol\/\"},\"author\":{\"name\":\"Telinha\",\"@id\":\"https:\/\/portaltela.pt\/#\/schema\/person\/c4278d4a6028830caff9ee44b42d32ed\"},\"headline\":\"Pequena ilha caribenha torna-se gigante no futebol\",\"datePublished\":\"2026-04-19T17:17:49+00:00\",\"mainEntityOfPage\":{\"@id\":\"https:\/\/portaltela.pt\/noticias\/2026\/04\/19\/pequena-ilha-caribenha-torna-se-gigante-no-futebol\/\"},\"wordCount\":189,\"image\":{\"@id\":\"https:\/\/portaltela.pt\/noticias\/2026\/04\/19\/pequena-ilha-caribenha-torna-se-gigante-no-futebol\/#primaryimage\"},\"thumbnailUrl\":\"https:\/\/portaltela.pt\/s.01k8rhncp4jt1\/2026\/04\/image-1150.jpg\",\"keywords\":[\"Desenvolvimento econ\u00f3mico\",\"futebol\",\"futebol internacional\",\"Pa\u00edses Baixos\",\"Sele\u00e7\u00e3o Nacional\",\"turismo\"],\"articleSection\":[\"Desporto\",\"Futebol\"],\"inLanguage\":\"pt-PT\"},{\"@type\":\"WebPage\",\"@id\":\"https:\/\/portaltela.pt\/noticias\/2026\/04\/19\/pequena-ilha-caribenha-torna-se-gigante-no-futebol\/\",\"url\":\"https:\/\/portaltela.pt\/noticias\/2026\/04\/19\/pequena-ilha-caribenha-torna-se-gigante-no-futebol\/\",\"name\":\"Pequena ilha caribenha torna-se gigante no futebol - Portal Tela Portugal\",\"isPartOf\":{\"@id\":\"https:\/\/portaltela.pt\/#website\"},\"primaryImageOfPage\":{\"@id\":\"https:\/\/portaltela.pt\/noticias\/2026\/04\/19\/pequena-ilha-caribenha-torna-se-gigante-no-futebol\/#primaryimage\"},\"image\":{\"@id\":\"https:\/\/portaltela.pt\/noticias\/2026\/04\/19\/pequena-ilha-caribenha-torna-se-gigante-no-futebol\/#primaryimage\"},\"thumbnailUrl\":\"https:\/\/portaltela.pt\/s.01k8rhncp4jt1\/2026\/04\/image-1150.jpg\",\"datePublished\":\"2026-04-19T17:17:49+00:00\",\"author\":{\"@id\":\"https:\/\/portaltela.pt\/#\/schema\/person\/c4278d4a6028830caff9ee44b42d32ed\"},\"breadcrumb\":{\"@id\":\"https:\/\/portaltela.pt\/noticias\/2026\/04\/19\/pequena-ilha-caribenha-torna-se-gigante-no-futebol\/#breadcrumb\"},\"inLanguage\":\"pt-PT\",\"potentialAction\":[{\"@type\":\"ReadAction\",\"target\":[\"https:\/\/portaltela.pt\/noticias\/2026\/04\/19\/pequena-ilha-caribenha-torna-se-gigante-no-futebol\/\"]}]},{\"@type\":\"ImageObject\",\"inLanguage\":\"pt-PT\",\"@id\":\"https:\/\/portaltela.pt\/noticias\/2026\/04\/19\/pequena-ilha-caribenha-torna-se-gigante-no-futebol\/#primaryimage\",\"url\":\"https:\/\/portaltela.pt\/s.01k8rhncp4jt1\/2026\/04\/image-1150.jpg\",\"contentUrl\":\"https:\/\/portaltela.pt\/s.01k8rhncp4jt1\/2026\/04\/image-1150.jpg\",\"width\":796,\"height\":448,\"caption\":\"O colorido de Cura\u00e7au tem atra\u00eddo cada vez mais visitantes\"},{\"@type\":\"BreadcrumbList\",\"@id\":\"https:\/\/portaltela.pt\/noticias\/2026\/04\/19\/pequena-ilha-caribenha-torna-se-gigante-no-futebol\/#breadcrumb\",\"itemListElement\":[{\"@type\":\"ListItem\",\"position\":1,\"name\":\"In\u00edcio\",\"item\":\"https:\/\/portaltela.pt\/\"},{\"@type\":\"ListItem\",\"position\":2,\"name\":\"Pequena ilha caribenha torna-se gigante no futebol\"}]},{\"@type\":\"WebSite\",\"@id\":\"https:\/\/portaltela.pt\/#website\",\"url\":\"https:\/\/portaltela.pt\/\",\"name\":\"Portal Tela Portugal\",\"description\":\"\",\"potentialAction\":[{\"@type\":\"SearchAction\",\"target\":{\"@type\":\"EntryPoint\",\"urlTemplate\":\"https:\/\/portaltela.pt\/?s={search_term_string}\"},\"query-input\":{\"@type\":\"PropertyValueSpecification\",\"valueRequired\":true,\"valueName\":\"search_term_string\"}}],\"inLanguage\":\"pt-PT\"},{\"@type\":\"Person\",\"@id\":\"https:\/\/portaltela.pt\/#\/schema\/person\/c4278d4a6028830caff9ee44b42d32ed\",\"name\":\"Telinha\",\"image\":{\"@type\":\"ImageObject\",\"inLanguage\":\"pt-PT\",\"@id\":\"https:\/\/portaltela.pt\/s.01k8rhncp4jt1\/2025\/11\/talking-bot-125x125.png\",\"url\":\"https:\/\/portaltela.pt\/s.01k8rhncp4jt1\/2025\/11\/talking-bot-125x125.png\",\"contentUrl\":\"https:\/\/portaltela.pt\/s.01k8rhncp4jt1\/2025\/11\/talking-bot-125x125.png\",\"caption\":\"Telinha\"},\"sameAs\":[\"https:\/\/portaltela.pt\/\"],\"url\":\"https:\/\/portaltela.pt\/por\/367410592786\/\"}]}<\/script>\n<!-- \/ Yoast SEO plugin. -->","yoast_head_json":{"title":"Pequena ilha caribenha torna-se gigante no futebol - Portal Tela Portugal","robots":{"index":"index","follow":"follow","max-snippet":"max-snippet:-1","max-image-preview":"max-image-preview:large","max-video-preview":"max-video-preview:-1"},"og_locale":"pt_PT","og_type":"article","og_title":"Pequena ilha caribenha torna-se gigante no futebol - Portal Tela Portugal","og_description":"O futebol colocou Cura\u00e7ao no mapa mundial e impulsiona o turismo na ilha caribenha. No primeiro trimestre, o turismo cresceu 13% e representa entre 35% e 40% da receita total. Em 2025, cerca de 1,5 milh\u00e3o de pessoas visitaram Cura\u00e7ao, com expans\u00e3o de hot\u00e9is e empreendimentos residenciais. A sele\u00e7\u00e3o nacional, que nunca participou numa Copa do Mundo, \u00e9 conhecida como \u201cOnda Azul\u201d e ficou no mesmo grupo que Alemanha, Costa do Marfim e Equador. O primeiro-ministro Gilmar Pisas afirma que o fluxo de visitantes vai aumentar; Rovien Petronilia, residente de Willemstad, descreve a ilha como pequena com grandes sonhos.","og_url":"https:\/\/portaltela.pt\/noticias\/2026\/04\/19\/pequena-ilha-caribenha-torna-se-gigante-no-futebol\/","og_site_name":"Portal Tela Portugal","article_published_time":"2026-04-19T17:17:49+00:00","author":"Telinha","twitter_card":"summary_large_image","twitter_misc":{"Escrito por":"Telinha","Tempo estimado de leitura":"1 minuto"},"schema":{"@context":"https:\/\/schema.org","@graph":[{"@type":"Article","@id":"https:\/\/portaltela.pt\/noticias\/2026\/04\/19\/pequena-ilha-caribenha-torna-se-gigante-no-futebol\/#article","isPartOf":{"@id":"https:\/\/portaltela.pt\/noticias\/2026\/04\/19\/pequena-ilha-caribenha-torna-se-gigante-no-futebol\/"},"author":{"name":"Telinha","@id":"https:\/\/portaltela.pt\/#\/schema\/person\/c4278d4a6028830caff9ee44b42d32ed"},"headline":"Pequena ilha caribenha torna-se gigante no futebol","datePublished":"2026-04-19T17:17:49+00:00","mainEntityOfPage":{"@id":"https:\/\/portaltela.pt\/noticias\/2026\/04\/19\/pequena-ilha-caribenha-torna-se-gigante-no-futebol\/"},"wordCount":189,"image":{"@id":"https:\/\/portaltela.pt\/noticias\/2026\/04\/19\/pequena-ilha-caribenha-torna-se-gigante-no-futebol\/#primaryimage"},"thumbnailUrl":"https:\/\/portaltela.pt\/s.01k8rhncp4jt1\/2026\/04\/image-1150.jpg","keywords":["Desenvolvimento econ\u00f3mico","futebol","futebol internacional","Pa\u00edses Baixos","Sele\u00e7\u00e3o Nacional","turismo"],"articleSection":["Desporto","Futebol"],"inLanguage":"pt-PT"},{"@type":"WebPage","@id":"https:\/\/portaltela.pt\/noticias\/2026\/04\/19\/pequena-ilha-caribenha-torna-se-gigante-no-futebol\/","url":"https:\/\/portaltela.pt\/noticias\/2026\/04\/19\/pequena-ilha-caribenha-torna-se-gigante-no-futebol\/","name":"Pequena ilha caribenha torna-se gigante no futebol - Portal Tela Portugal","isPartOf":{"@id":"https:\/\/portaltela.pt\/#website"},"primaryImageOfPage":{"@id":"https:\/\/portaltela.pt\/noticias\/2026\/04\/19\/pequena-ilha-caribenha-torna-se-gigante-no-futebol\/#primaryimage"},"image":{"@id":"https:\/\/portaltela.pt\/noticias\/2026\/04\/19\/pequena-ilha-caribenha-torna-se-gigante-no-futebol\/#primaryimage"},"thumbnailUrl":"https:\/\/portaltela.pt\/s.01k8rhncp4jt1\/2026\/04\/image-1150.jpg","datePublished":"2026-04-19T17:17:49+00:00","author":{"@id":"https:\/\/portaltela.pt\/#\/schema\/person\/c4278d4a6028830caff9ee44b42d32ed"},"breadcrumb":{"@id":"https:\/\/portaltela.pt\/noticias\/2026\/04\/19\/pequena-ilha-caribenha-torna-se-gigante-no-futebol\/#breadcrumb"},"inLanguage":"pt-PT","potentialAction":[{"@type":"ReadAction","target":["https:\/\/portaltela.pt\/noticias\/2026\/04\/19\/pequena-ilha-caribenha-torna-se-gigante-no-futebol\/"]}]},{"@type":"ImageObject","inLanguage":"pt-PT","@id":"https:\/\/portaltela.pt\/noticias\/2026\/04\/19\/pequena-ilha-caribenha-torna-se-gigante-no-futebol\/#primaryimage","url":"https:\/\/portaltela.pt\/s.01k8rhncp4jt1\/2026\/04\/image-1150.jpg","contentUrl":"https:\/\/portaltela.pt\/s.01k8rhncp4jt1\/2026\/04\/image-1150.jpg","width":796,"height":448,"caption":"O colorido de Cura\u00e7au tem atra\u00eddo cada vez mais visitantes"},{"@type":"BreadcrumbList","@id":"https:\/\/portaltela.pt\/noticias\/2026\/04\/19\/pequena-ilha-caribenha-torna-se-gigante-no-futebol\/#breadcrumb","itemListElement":[{"@type":"ListItem","position":1,"name":"In\u00edcio","item":"https:\/\/portaltela.pt\/"},{"@type":"ListItem","position":2,"name":"Pequena ilha caribenha torna-se gigante no futebol"}]},{"@type":"WebSite","@id":"https:\/\/portaltela.pt\/#website","url":"https:\/\/portaltela.pt\/","name":"Portal Tela Portugal","description":"","potentialAction":[{"@type":"SearchAction","target":{"@type":"EntryPoint","urlTemplate":"https:\/\/portaltela.pt\/?s={search_term_string}"},"query-input":{"@type":"PropertyValueSpecification","valueRequired":true,"valueName":"search_term_string"}}],"inLanguage":"pt-PT"},{"@type":"Person","@id":"https:\/\/portaltela.pt\/#\/schema\/person\/c4278d4a6028830caff9ee44b42d32ed","name":"Telinha","image":{"@type":"ImageObject","inLanguage":"pt-PT","@id":"https:\/\/portaltela.pt\/s.01k8rhncp4jt1\/2025\/11\/talking-bot-125x125.png","url":"https:\/\/portaltela.pt\/s.01k8rhncp4jt1\/2025\/11\/talking-bot-125x125.png","contentUrl":"https:\/\/portaltela.pt\/s.01k8rhncp4jt1\/2025\/11\/talking-bot-125x125.png","caption":"Telinha"},"sameAs":["https:\/\/portaltela.pt\/"],"url":"https:\/\/portaltela.pt\/por\/367410592786\/"}]}},"_links":{"self":[{"href":"https:\/\/portaltela.pt\/api\/wp\/v2\/posts\/450174","targetHints":{"allow":["GET"]}}],"collection":[{"href":"https:\/\/portaltela.pt\/api\/wp\/v2\/posts"}],"about":[{"href":"https:\/\/portaltela.pt\/api\/wp\/v2\/types\/post"}],"author":[{"embeddable":true,"href":"https:\/\/portaltela.pt\/api\/wp\/v2\/users\/2"}],"replies":[{"embeddable":true,"href":"https:\/\/portaltela.pt\/api\/wp\/v2\/comments?post=450174"}],"version-history":[{"count":0,"href":"https:\/\/portaltela.pt\/api\/wp\/v2\/posts\/450174\/revisions"}],"wp:featuredmedia":[{"embeddable":true,"href":"https:\/\/portaltela.pt\/api\/wp\/v2\/media\/450187"}],"wp:attachment":[{"href":"https:\/\/portaltela.pt\/api\/wp\/v2\/media?parent=450174"}],"wp:term":[{"taxonomy":"category","embeddable":true,"href":"https:\/\/portaltela.pt\/api\/wp\/v2\/categories?post=450174"},{"taxonomy":"post_tag","embeddable":true,"href":"https:\/\/portaltela.pt\/api\/wp\/v2\/tags?post=450174"}],"curies":[{"name":"wp","href":"https:\/\/api.w.org\/{rel}","templated":true}]}}