{"id":450170,"date":"2026-04-19T12:21:00","date_gmt":"2026-04-19T15:21:00","guid":{"rendered":"https:\/\/portaltela.pt\/noticias\/2026\/04\/19\/trump-anuncia-negociacoes-com-o-irao-na-proxima-segunda-no-paquistao\/"},"modified":"2026-04-19T12:21:00","modified_gmt":"2026-04-19T15:21:00","slug":"trump-anuncia-negociacoes-com-o-irao-na-proxima-segunda-no-paquistao","status":"publish","type":"post","link":"https:\/\/portaltela.pt\/noticias\/politica\/2026\/04\/19\/trump-anuncia-negociacoes-com-o-irao-na-proxima-segunda-no-paquistao\/","title":{"rendered":"Trump anuncia negocia\u00e7\u00f5es com o Ir\u00e3o na pr\u00f3xima segunda, no Paquist\u00e3o"},"content":{"rendered":"<p>Donald Trump anunciou que haver\u00e1 conversa\u00e7\u00f5es com o Ir\u00e3o na segunda-feira, durante uma visita ao Paquist\u00e3o, sem detalhar a agenda ou o formato das negocia\u00e7\u00f5es.<\/p>\n<p>Os interlocutores indicados s\u00e3o o Governo dos EUA e representantes do Ir\u00e3o. N\u00e3o foram divulgados detalhes sobre o conte\u00fado ou o objetivo das conversa\u00e7\u00f5es.<\/p>\n<p>A data \u00e9 pr\u00f3xima, segunda-feira, e o Paquist\u00e3o \u00e9 o pa\u00eds onde ocorre o an\u00fancio. O motivo das negocia\u00e7\u00f5es n\u00e3o foi especificado pela imprensa ou pelas fontes oficiais dispon\u00edveis.<\/p>\n","protected":false},"excerpt":{"rendered":"<ul>\n<li>Donald Trump anunciou conversa\u00e7\u00f5es com o Ir\u00e3o.<\/li>\n<li>As negocia\u00e7\u00f5es est\u00e3o marcadas para segunda-feira.<\/li>\n<li>O Paquist\u00e3o \u00e9 indicado como local onde decorrer\u00e3o as conversa\u00e7\u00f5es.<\/li>\n<li>O conte\u00fado completo da not\u00edcia est\u00e1 dispon\u00edvel apenas para subscritores.<\/li>\n<li>N\u00e3o foram fornecidos detalhes adicionais no material dispon\u00edvel.<\/li>\n<\/ul>\n","protected":false},"author":2,"featured_media":450179,"comment_status":"closed","ping_status":"closed","sticky":false,"template":"","format":"standard","meta":{"footnotes":""},"categories":[6912,5],"tags":[1600,3327,3897,3743,5698,27],"class_list":["post-450170","post","type-post","status-publish","format-standard","has-post-thumbnail","hentry","category-internacionais","category-politica","tag-estados-unidos","tag-iran","tag-negociacoes","tag-paquistao","tag-politica-internacional","tag-relacoes-internacionais"],"yoast_head":"<!-- This site is optimized with the Yoast SEO plugin v27.2 - https:\/\/yoast.com\/product\/yoast-seo-wordpress\/ -->\n<title>Trump anuncia negocia\u00e7\u00f5es com o Ir\u00e3o na pr\u00f3xima segunda, no Paquist\u00e3o - Portal Tela Portugal<\/title>\n<meta name=\"robots\" content=\"index, follow, max-snippet:-1, max-image-preview:large, max-video-preview:-1\" \/>\n<meta property=\"og:locale\" content=\"pt_PT\" \/>\n<meta property=\"og:type\" content=\"article\" \/>\n<meta property=\"og:title\" content=\"Trump anuncia negocia\u00e7\u00f5es com o Ir\u00e3o na pr\u00f3xima segunda, no Paquist\u00e3o - Portal Tela Portugal\" \/>\n<meta property=\"og:description\" content=\"Donald Trump anunciou conversa\u00e7\u00f5es com o Ir\u00e3o. As negocia\u00e7\u00f5es est\u00e3o marcadas para segunda-feira. O Paquist\u00e3o \u00e9 indicado como local onde decorrer\u00e3o as conversa\u00e7\u00f5es. O conte\u00fado completo da not\u00edcia est\u00e1 dispon\u00edvel apenas para subscritores. N\u00e3o foram fornecidos detalhes adicionais no material dispon\u00edvel.\" \/>\n<meta property=\"og:url\" content=\"https:\/\/portaltela.pt\/noticias\/2026\/04\/19\/trump-anuncia-negociacoes-com-o-irao-na-proxima-segunda-no-paquistao\/\" \/>\n<meta property=\"og:site_name\" content=\"Portal Tela Portugal\" \/>\n<meta property=\"article:published_time\" content=\"2026-04-19T15:21:00+00:00\" \/>\n<meta name=\"author\" content=\"Telinha\" \/>\n<meta name=\"twitter:card\" content=\"summary_large_image\" \/>\n<meta name=\"twitter:label1\" content=\"Escrito por\" \/>\n\t<meta name=\"twitter:data1\" content=\"Telinha\" \/>\n<script type=\"application\/ld+json\" class=\"yoast-schema-graph\">{\"@context\":\"https:\/\/schema.org\",\"@graph\":[{\"@type\":\"Article\",\"@id\":\"https:\/\/portaltela.pt\/noticias\/2026\/04\/19\/trump-anuncia-negociacoes-com-o-irao-na-proxima-segunda-no-paquistao\/#article\",\"isPartOf\":{\"@id\":\"https:\/\/portaltela.pt\/noticias\/2026\/04\/19\/trump-anuncia-negociacoes-com-o-irao-na-proxima-segunda-no-paquistao\/\"},\"author\":{\"name\":\"Telinha\",\"@id\":\"https:\/\/portaltela.pt\/#\/schema\/person\/c4278d4a6028830caff9ee44b42d32ed\"},\"headline\":\"Trump anuncia negocia\u00e7\u00f5es com o Ir\u00e3o na pr\u00f3xima segunda, no Paquist\u00e3o\",\"datePublished\":\"2026-04-19T15:21:00+00:00\",\"mainEntityOfPage\":{\"@id\":\"https:\/\/portaltela.pt\/noticias\/2026\/04\/19\/trump-anuncia-negociacoes-com-o-irao-na-proxima-segunda-no-paquistao\/\"},\"wordCount\":107,\"image\":{\"@id\":\"https:\/\/portaltela.pt\/noticias\/2026\/04\/19\/trump-anuncia-negociacoes-com-o-irao-na-proxima-segunda-no-paquistao\/#primaryimage\"},\"thumbnailUrl\":\"https:\/\/portaltela.pt\/s.01k8rhncp4jt1\/2026\/04\/CACHE_780X1200_ANALOG_WATERMARKED_46953626_903720824000077-1.jpg\",\"keywords\":[\"Estados Unidos\",\"\u00cdr\u00e1n\",\"negocia\u00e7\u00f5es\",\"Paquist\u00e3o\",\"pol\u00edtica internacional\",\"rela\u00e7\u00f5es internacionais\"],\"articleSection\":[\"Internacionais\",\"Pol\u00edtica\"],\"inLanguage\":\"pt-PT\"},{\"@type\":\"WebPage\",\"@id\":\"https:\/\/portaltela.pt\/noticias\/2026\/04\/19\/trump-anuncia-negociacoes-com-o-irao-na-proxima-segunda-no-paquistao\/\",\"url\":\"https:\/\/portaltela.pt\/noticias\/2026\/04\/19\/trump-anuncia-negociacoes-com-o-irao-na-proxima-segunda-no-paquistao\/\",\"name\":\"Trump anuncia negocia\u00e7\u00f5es com o Ir\u00e3o na pr\u00f3xima segunda, no Paquist\u00e3o - Portal Tela Portugal\",\"isPartOf\":{\"@id\":\"https:\/\/portaltela.pt\/#website\"},\"primaryImageOfPage\":{\"@id\":\"https:\/\/portaltela.pt\/noticias\/2026\/04\/19\/trump-anuncia-negociacoes-com-o-irao-na-proxima-segunda-no-paquistao\/#primaryimage\"},\"image\":{\"@id\":\"https:\/\/portaltela.pt\/noticias\/2026\/04\/19\/trump-anuncia-negociacoes-com-o-irao-na-proxima-segunda-no-paquistao\/#primaryimage\"},\"thumbnailUrl\":\"https:\/\/portaltela.pt\/s.01k8rhncp4jt1\/2026\/04\/CACHE_780X1200_ANALOG_WATERMARKED_46953626_903720824000077-1.jpg\",\"datePublished\":\"2026-04-19T15:21:00+00:00\",\"author\":{\"@id\":\"https:\/\/portaltela.pt\/#\/schema\/person\/c4278d4a6028830caff9ee44b42d32ed\"},\"breadcrumb\":{\"@id\":\"https:\/\/portaltela.pt\/noticias\/2026\/04\/19\/trump-anuncia-negociacoes-com-o-irao-na-proxima-segunda-no-paquistao\/#breadcrumb\"},\"inLanguage\":\"pt-PT\",\"potentialAction\":[{\"@type\":\"ReadAction\",\"target\":[\"https:\/\/portaltela.pt\/noticias\/2026\/04\/19\/trump-anuncia-negociacoes-com-o-irao-na-proxima-segunda-no-paquistao\/\"]}]},{\"@type\":\"ImageObject\",\"inLanguage\":\"pt-PT\",\"@id\":\"https:\/\/portaltela.pt\/noticias\/2026\/04\/19\/trump-anuncia-negociacoes-com-o-irao-na-proxima-segunda-no-paquistao\/#primaryimage\",\"url\":\"https:\/\/portaltela.pt\/s.01k8rhncp4jt1\/2026\/04\/CACHE_780X1200_ANALOG_WATERMARKED_46953626_903720824000077-1.jpg\",\"contentUrl\":\"https:\/\/portaltela.pt\/s.01k8rhncp4jt1\/2026\/04\/CACHE_780X1200_ANALOG_WATERMARKED_46953626_903720824000077-1.jpg\",\"width\":796,\"height\":448,\"caption\":\"Trump anuncia conversa\u00e7\u00f5es com Ir\u00e3o na segunda-feira no Paquist\u00e3o\"},{\"@type\":\"BreadcrumbList\",\"@id\":\"https:\/\/portaltela.pt\/noticias\/2026\/04\/19\/trump-anuncia-negociacoes-com-o-irao-na-proxima-segunda-no-paquistao\/#breadcrumb\",\"itemListElement\":[{\"@type\":\"ListItem\",\"position\":1,\"name\":\"In\u00edcio\",\"item\":\"https:\/\/portaltela.pt\/\"},{\"@type\":\"ListItem\",\"position\":2,\"name\":\"Trump anuncia negocia\u00e7\u00f5es com o Ir\u00e3o na pr\u00f3xima segunda, no Paquist\u00e3o\"}]},{\"@type\":\"WebSite\",\"@id\":\"https:\/\/portaltela.pt\/#website\",\"url\":\"https:\/\/portaltela.pt\/\",\"name\":\"Portal Tela Portugal\",\"description\":\"\",\"potentialAction\":[{\"@type\":\"SearchAction\",\"target\":{\"@type\":\"EntryPoint\",\"urlTemplate\":\"https:\/\/portaltela.pt\/?s={search_term_string}\"},\"query-input\":{\"@type\":\"PropertyValueSpecification\",\"valueRequired\":true,\"valueName\":\"search_term_string\"}}],\"inLanguage\":\"pt-PT\"},{\"@type\":\"Person\",\"@id\":\"https:\/\/portaltela.pt\/#\/schema\/person\/c4278d4a6028830caff9ee44b42d32ed\",\"name\":\"Telinha\",\"image\":{\"@type\":\"ImageObject\",\"inLanguage\":\"pt-PT\",\"@id\":\"https:\/\/portaltela.pt\/s.01k8rhncp4jt1\/2025\/11\/talking-bot-125x125.png\",\"url\":\"https:\/\/portaltela.pt\/s.01k8rhncp4jt1\/2025\/11\/talking-bot-125x125.png\",\"contentUrl\":\"https:\/\/portaltela.pt\/s.01k8rhncp4jt1\/2025\/11\/talking-bot-125x125.png\",\"caption\":\"Telinha\"},\"sameAs\":[\"https:\/\/portaltela.pt\/\"],\"url\":\"https:\/\/portaltela.pt\/por\/367410592786\/\"}]}<\/script>\n<!-- \/ Yoast SEO plugin. -->","yoast_head_json":{"title":"Trump anuncia negocia\u00e7\u00f5es com o Ir\u00e3o na pr\u00f3xima segunda, no Paquist\u00e3o - Portal Tela Portugal","robots":{"index":"index","follow":"follow","max-snippet":"max-snippet:-1","max-image-preview":"max-image-preview:large","max-video-preview":"max-video-preview:-1"},"og_locale":"pt_PT","og_type":"article","og_title":"Trump anuncia negocia\u00e7\u00f5es com o Ir\u00e3o na pr\u00f3xima segunda, no Paquist\u00e3o - Portal Tela Portugal","og_description":"Donald Trump anunciou conversa\u00e7\u00f5es com o Ir\u00e3o. As negocia\u00e7\u00f5es est\u00e3o marcadas para segunda-feira. O Paquist\u00e3o \u00e9 indicado como local onde decorrer\u00e3o as conversa\u00e7\u00f5es. O conte\u00fado completo da not\u00edcia est\u00e1 dispon\u00edvel apenas para subscritores. N\u00e3o foram fornecidos detalhes adicionais no material dispon\u00edvel.","og_url":"https:\/\/portaltela.pt\/noticias\/2026\/04\/19\/trump-anuncia-negociacoes-com-o-irao-na-proxima-segunda-no-paquistao\/","og_site_name":"Portal Tela Portugal","article_published_time":"2026-04-19T15:21:00+00:00","author":"Telinha","twitter_card":"summary_large_image","twitter_misc":{"Escrito por":"Telinha"},"schema":{"@context":"https:\/\/schema.org","@graph":[{"@type":"Article","@id":"https:\/\/portaltela.pt\/noticias\/2026\/04\/19\/trump-anuncia-negociacoes-com-o-irao-na-proxima-segunda-no-paquistao\/#article","isPartOf":{"@id":"https:\/\/portaltela.pt\/noticias\/2026\/04\/19\/trump-anuncia-negociacoes-com-o-irao-na-proxima-segunda-no-paquistao\/"},"author":{"name":"Telinha","@id":"https:\/\/portaltela.pt\/#\/schema\/person\/c4278d4a6028830caff9ee44b42d32ed"},"headline":"Trump anuncia negocia\u00e7\u00f5es com o Ir\u00e3o na pr\u00f3xima segunda, no Paquist\u00e3o","datePublished":"2026-04-19T15:21:00+00:00","mainEntityOfPage":{"@id":"https:\/\/portaltela.pt\/noticias\/2026\/04\/19\/trump-anuncia-negociacoes-com-o-irao-na-proxima-segunda-no-paquistao\/"},"wordCount":107,"image":{"@id":"https:\/\/portaltela.pt\/noticias\/2026\/04\/19\/trump-anuncia-negociacoes-com-o-irao-na-proxima-segunda-no-paquistao\/#primaryimage"},"thumbnailUrl":"https:\/\/portaltela.pt\/s.01k8rhncp4jt1\/2026\/04\/CACHE_780X1200_ANALOG_WATERMARKED_46953626_903720824000077-1.jpg","keywords":["Estados Unidos","\u00cdr\u00e1n","negocia\u00e7\u00f5es","Paquist\u00e3o","pol\u00edtica internacional","rela\u00e7\u00f5es internacionais"],"articleSection":["Internacionais","Pol\u00edtica"],"inLanguage":"pt-PT"},{"@type":"WebPage","@id":"https:\/\/portaltela.pt\/noticias\/2026\/04\/19\/trump-anuncia-negociacoes-com-o-irao-na-proxima-segunda-no-paquistao\/","url":"https:\/\/portaltela.pt\/noticias\/2026\/04\/19\/trump-anuncia-negociacoes-com-o-irao-na-proxima-segunda-no-paquistao\/","name":"Trump anuncia negocia\u00e7\u00f5es com o Ir\u00e3o na pr\u00f3xima segunda, no Paquist\u00e3o - Portal Tela Portugal","isPartOf":{"@id":"https:\/\/portaltela.pt\/#website"},"primaryImageOfPage":{"@id":"https:\/\/portaltela.pt\/noticias\/2026\/04\/19\/trump-anuncia-negociacoes-com-o-irao-na-proxima-segunda-no-paquistao\/#primaryimage"},"image":{"@id":"https:\/\/portaltela.pt\/noticias\/2026\/04\/19\/trump-anuncia-negociacoes-com-o-irao-na-proxima-segunda-no-paquistao\/#primaryimage"},"thumbnailUrl":"https:\/\/portaltela.pt\/s.01k8rhncp4jt1\/2026\/04\/CACHE_780X1200_ANALOG_WATERMARKED_46953626_903720824000077-1.jpg","datePublished":"2026-04-19T15:21:00+00:00","author":{"@id":"https:\/\/portaltela.pt\/#\/schema\/person\/c4278d4a6028830caff9ee44b42d32ed"},"breadcrumb":{"@id":"https:\/\/portaltela.pt\/noticias\/2026\/04\/19\/trump-anuncia-negociacoes-com-o-irao-na-proxima-segunda-no-paquistao\/#breadcrumb"},"inLanguage":"pt-PT","potentialAction":[{"@type":"ReadAction","target":["https:\/\/portaltela.pt\/noticias\/2026\/04\/19\/trump-anuncia-negociacoes-com-o-irao-na-proxima-segunda-no-paquistao\/"]}]},{"@type":"ImageObject","inLanguage":"pt-PT","@id":"https:\/\/portaltela.pt\/noticias\/2026\/04\/19\/trump-anuncia-negociacoes-com-o-irao-na-proxima-segunda-no-paquistao\/#primaryimage","url":"https:\/\/portaltela.pt\/s.01k8rhncp4jt1\/2026\/04\/CACHE_780X1200_ANALOG_WATERMARKED_46953626_903720824000077-1.jpg","contentUrl":"https:\/\/portaltela.pt\/s.01k8rhncp4jt1\/2026\/04\/CACHE_780X1200_ANALOG_WATERMARKED_46953626_903720824000077-1.jpg","width":796,"height":448,"caption":"Trump anuncia conversa\u00e7\u00f5es com Ir\u00e3o na segunda-feira no Paquist\u00e3o"},{"@type":"BreadcrumbList","@id":"https:\/\/portaltela.pt\/noticias\/2026\/04\/19\/trump-anuncia-negociacoes-com-o-irao-na-proxima-segunda-no-paquistao\/#breadcrumb","itemListElement":[{"@type":"ListItem","position":1,"name":"In\u00edcio","item":"https:\/\/portaltela.pt\/"},{"@type":"ListItem","position":2,"name":"Trump anuncia negocia\u00e7\u00f5es com o Ir\u00e3o na pr\u00f3xima segunda, no Paquist\u00e3o"}]},{"@type":"WebSite","@id":"https:\/\/portaltela.pt\/#website","url":"https:\/\/portaltela.pt\/","name":"Portal Tela Portugal","description":"","potentialAction":[{"@type":"SearchAction","target":{"@type":"EntryPoint","urlTemplate":"https:\/\/portaltela.pt\/?s={search_term_string}"},"query-input":{"@type":"PropertyValueSpecification","valueRequired":true,"valueName":"search_term_string"}}],"inLanguage":"pt-PT"},{"@type":"Person","@id":"https:\/\/portaltela.pt\/#\/schema\/person\/c4278d4a6028830caff9ee44b42d32ed","name":"Telinha","image":{"@type":"ImageObject","inLanguage":"pt-PT","@id":"https:\/\/portaltela.pt\/s.01k8rhncp4jt1\/2025\/11\/talking-bot-125x125.png","url":"https:\/\/portaltela.pt\/s.01k8rhncp4jt1\/2025\/11\/talking-bot-125x125.png","contentUrl":"https:\/\/portaltela.pt\/s.01k8rhncp4jt1\/2025\/11\/talking-bot-125x125.png","caption":"Telinha"},"sameAs":["https:\/\/portaltela.pt\/"],"url":"https:\/\/portaltela.pt\/por\/367410592786\/"}]}},"_links":{"self":[{"href":"https:\/\/portaltela.pt\/api\/wp\/v2\/posts\/450170","targetHints":{"allow":["GET"]}}],"collection":[{"href":"https:\/\/portaltela.pt\/api\/wp\/v2\/posts"}],"about":[{"href":"https:\/\/portaltela.pt\/api\/wp\/v2\/types\/post"}],"author":[{"embeddable":true,"href":"https:\/\/portaltela.pt\/api\/wp\/v2\/users\/2"}],"replies":[{"embeddable":true,"href":"https:\/\/portaltela.pt\/api\/wp\/v2\/comments?post=450170"}],"version-history":[{"count":0,"href":"https:\/\/portaltela.pt\/api\/wp\/v2\/posts\/450170\/revisions"}],"wp:featuredmedia":[{"embeddable":true,"href":"https:\/\/portaltela.pt\/api\/wp\/v2\/media\/450179"}],"wp:attachment":[{"href":"https:\/\/portaltela.pt\/api\/wp\/v2\/media?parent=450170"}],"wp:term":[{"taxonomy":"category","embeddable":true,"href":"https:\/\/portaltela.pt\/api\/wp\/v2\/categories?post=450170"},{"taxonomy":"post_tag","embeddable":true,"href":"https:\/\/portaltela.pt\/api\/wp\/v2\/tags?post=450170"}],"curies":[{"name":"wp","href":"https:\/\/api.w.org\/{rel}","templated":true}]}}