{"id":450153,"date":"2026-04-19T14:03:08","date_gmt":"2026-04-19T17:03:08","guid":{"rendered":"https:\/\/portaltela.pt\/noticias\/2026\/04\/19\/adeptos-do-vitoria-absolvidos-de-danos-em-carros-de-portistas\/"},"modified":"2026-04-19T14:03:08","modified_gmt":"2026-04-19T17:03:08","slug":"adeptos-do-vitoria-absolvidos-de-danos-em-carros-de-portistas","status":"publish","type":"post","link":"https:\/\/portaltela.pt\/desporto\/futebol\/2026\/04\/19\/adeptos-do-vitoria-absolvidos-de-danos-em-carros-de-portistas\/","title":{"rendered":"Adeptos do Vit\u00f3ria absolvidos de danos em carros de portistas"},"content":{"rendered":"<p>Dois crimes de danos qualificados no \u00e2mbito de espet\u00e1culos desportivos foram alvo de absolvi\u00e7\u00e3o, esta semana, por parte do Tribunal de Guimar\u00e3es. Tr\u00eas adeptos do Vit\u00f3ria Sport Clube ficaram isentos de culpa, com idades entre 23 e 25 anos.<\/p>\n<p>Os arguidos eram acusados de vandalizar carros pertencentes a adeptos do F. C. Porto, ap\u00f3s um epis\u00f3dio na noite de 18 de janeiro. O incidente ocorreu nas imedia\u00e7\u00f5es do est\u00e1dio do Vit\u00f3ria, em Guimar\u00e3es.<\/p>\n<p>Os pol\u00edcias que detiveram os tr\u00eas suspeitos disseram ter visto, de forma direta, os estragos nos ve\u00edculos. Contudo, o tribunal apontou fragilidades e contradi\u00e7\u00f5es nos depoimentos sobre o momento e o contexto da deten\u00e7\u00e3o.<\/p>\n<h3>Desfecho do caso<\/h3>\n<p>O tribunal decidiu pela absolvi\u00e7\u00e3o, argumentando inconsist\u00eancias nas declara\u00e7\u00f5es dos agentes e n\u00e3o comprovando, al\u00e9m da d\u00favida razo\u00e1vel, a vers\u00e3o apresentada na acusa\u00e7\u00e3o. A decis\u00e3o n\u00e3o \u00e9 pass\u00edvel de recurso imediato.<\/p>\n","protected":false},"excerpt":{"rendered":"<ul>\n<li>Tr\u00eas adeptos do Vit\u00f3ria Sport Clube foram absolvidos de dois crimes de danos qualificados no \u00e2mbito de espet\u00e1culos desportivos.<\/li>\n<li>Estavam acusados de vandalizar carros de adeptos do F. C. Porto, na noite de 18 de janeiro, junto ao est\u00e1dio do Vit\u00f3ria, em Guimar\u00e3es.<\/li>\n<li>Os arguidos tinham entre 23 e 25 anos.<\/li>\n<li>Os depoimentos dos pol\u00edcias que detiveram os suspeitos foram considerados pelo tribunal como apresentando fragilidades e contradi\u00e7\u00f5es.<\/li>\n<li>O Tribunal de Guimar\u00e3es decidiu pela absolvi\u00e7\u00e3o por n\u00e3o ficar demonstrada a mat\u00e9ria de facto, nomeadamente o momento e o contexto da deten\u00e7\u00e3o.<\/li>\n<\/ul>\n","protected":false},"author":2,"featured_media":450158,"comment_status":"closed","ping_status":"closed","sticky":false,"template":"","format":"standard","meta":{"footnotes":""},"categories":[21,24],"tags":[3754,2533,5277,152,1145,6208],"class_list":["post-450153","post","type-post","status-publish","format-standard","has-post-thumbnail","hentry","category-desporto","category-futebol","tag-absolvicao","tag-adeptos","tag-danos","tag-desporto","tag-guimaraes","tag-tribunais"],"yoast_head":"<!-- This site is optimized with the Yoast SEO plugin v27.2 - https:\/\/yoast.com\/product\/yoast-seo-wordpress\/ -->\n<title>Adeptos do Vit\u00f3ria absolvidos de danos em carros de portistas - Portal Tela Portugal<\/title>\n<meta name=\"robots\" content=\"index, follow, max-snippet:-1, max-image-preview:large, max-video-preview:-1\" \/>\n<meta property=\"og:locale\" content=\"pt_PT\" \/>\n<meta property=\"og:type\" content=\"article\" \/>\n<meta property=\"og:title\" content=\"Adeptos do Vit\u00f3ria absolvidos de danos em carros de portistas - Portal Tela Portugal\" \/>\n<meta property=\"og:description\" content=\"Tr\u00eas adeptos do Vit\u00f3ria Sport Clube foram absolvidos de dois crimes de danos qualificados no \u00e2mbito de espet\u00e1culos desportivos. Estavam acusados de vandalizar carros de adeptos do F. C. Porto, na noite de 18 de janeiro, junto ao est\u00e1dio do Vit\u00f3ria, em Guimar\u00e3es. Os arguidos tinham entre 23 e 25 anos. Os depoimentos dos pol\u00edcias que detiveram os suspeitos foram considerados pelo tribunal como apresentando fragilidades e contradi\u00e7\u00f5es. O Tribunal de Guimar\u00e3es decidiu pela absolvi\u00e7\u00e3o por n\u00e3o ficar demonstrada a mat\u00e9ria de facto, nomeadamente o momento e o contexto da deten\u00e7\u00e3o.\" \/>\n<meta property=\"og:url\" content=\"https:\/\/portaltela.pt\/noticias\/2026\/04\/19\/adeptos-do-vitoria-absolvidos-de-danos-em-carros-de-portistas\/\" \/>\n<meta property=\"og:site_name\" content=\"Portal Tela Portugal\" \/>\n<meta property=\"article:published_time\" content=\"2026-04-19T17:03:08+00:00\" \/>\n<meta name=\"author\" content=\"Telinha\" \/>\n<meta name=\"twitter:card\" content=\"summary_large_image\" \/>\n<meta name=\"twitter:label1\" content=\"Escrito por\" \/>\n\t<meta name=\"twitter:data1\" content=\"Telinha\" \/>\n\t<meta name=\"twitter:label2\" content=\"Tempo estimado de leitura\" \/>\n\t<meta name=\"twitter:data2\" content=\"1 minuto\" \/>\n<script type=\"application\/ld+json\" class=\"yoast-schema-graph\">{\"@context\":\"https:\/\/schema.org\",\"@graph\":[{\"@type\":\"Article\",\"@id\":\"https:\/\/portaltela.pt\/noticias\/2026\/04\/19\/adeptos-do-vitoria-absolvidos-de-danos-em-carros-de-portistas\/#article\",\"isPartOf\":{\"@id\":\"https:\/\/portaltela.pt\/noticias\/2026\/04\/19\/adeptos-do-vitoria-absolvidos-de-danos-em-carros-de-portistas\/\"},\"author\":{\"name\":\"Telinha\",\"@id\":\"https:\/\/portaltela.pt\/#\/schema\/person\/c4278d4a6028830caff9ee44b42d32ed\"},\"headline\":\"Adeptos do Vit\u00f3ria absolvidos de danos em carros de portistas\",\"datePublished\":\"2026-04-19T17:03:08+00:00\",\"mainEntityOfPage\":{\"@id\":\"https:\/\/portaltela.pt\/noticias\/2026\/04\/19\/adeptos-do-vitoria-absolvidos-de-danos-em-carros-de-portistas\/\"},\"wordCount\":176,\"image\":{\"@id\":\"https:\/\/portaltela.pt\/noticias\/2026\/04\/19\/adeptos-do-vitoria-absolvidos-de-danos-em-carros-de-portistas\/#primaryimage\"},\"thumbnailUrl\":\"https:\/\/portaltela.pt\/s.01k8rhncp4jt1\/2026\/04\/141468a8-ee28-40ef-8797-0b89abab069a_1200x675.jpg\",\"keywords\":[\"absolvi\u00e7\u00e3o\",\"adeptos\",\"danos\",\"desporto\",\"Guimar\u00e3es\",\"Tribunais\"],\"articleSection\":[\"Desporto\",\"Futebol\"],\"inLanguage\":\"pt-PT\"},{\"@type\":\"WebPage\",\"@id\":\"https:\/\/portaltela.pt\/noticias\/2026\/04\/19\/adeptos-do-vitoria-absolvidos-de-danos-em-carros-de-portistas\/\",\"url\":\"https:\/\/portaltela.pt\/noticias\/2026\/04\/19\/adeptos-do-vitoria-absolvidos-de-danos-em-carros-de-portistas\/\",\"name\":\"Adeptos do Vit\u00f3ria absolvidos de danos em carros de portistas - Portal Tela Portugal\",\"isPartOf\":{\"@id\":\"https:\/\/portaltela.pt\/#website\"},\"primaryImageOfPage\":{\"@id\":\"https:\/\/portaltela.pt\/noticias\/2026\/04\/19\/adeptos-do-vitoria-absolvidos-de-danos-em-carros-de-portistas\/#primaryimage\"},\"image\":{\"@id\":\"https:\/\/portaltela.pt\/noticias\/2026\/04\/19\/adeptos-do-vitoria-absolvidos-de-danos-em-carros-de-portistas\/#primaryimage\"},\"thumbnailUrl\":\"https:\/\/portaltela.pt\/s.01k8rhncp4jt1\/2026\/04\/141468a8-ee28-40ef-8797-0b89abab069a_1200x675.jpg\",\"datePublished\":\"2026-04-19T17:03:08+00:00\",\"author\":{\"@id\":\"https:\/\/portaltela.pt\/#\/schema\/person\/c4278d4a6028830caff9ee44b42d32ed\"},\"breadcrumb\":{\"@id\":\"https:\/\/portaltela.pt\/noticias\/2026\/04\/19\/adeptos-do-vitoria-absolvidos-de-danos-em-carros-de-portistas\/#breadcrumb\"},\"inLanguage\":\"pt-PT\",\"potentialAction\":[{\"@type\":\"ReadAction\",\"target\":[\"https:\/\/portaltela.pt\/noticias\/2026\/04\/19\/adeptos-do-vitoria-absolvidos-de-danos-em-carros-de-portistas\/\"]}]},{\"@type\":\"ImageObject\",\"inLanguage\":\"pt-PT\",\"@id\":\"https:\/\/portaltela.pt\/noticias\/2026\/04\/19\/adeptos-do-vitoria-absolvidos-de-danos-em-carros-de-portistas\/#primaryimage\",\"url\":\"https:\/\/portaltela.pt\/s.01k8rhncp4jt1\/2026\/04\/141468a8-ee28-40ef-8797-0b89abab069a_1200x675.jpg\",\"contentUrl\":\"https:\/\/portaltela.pt\/s.01k8rhncp4jt1\/2026\/04\/141468a8-ee28-40ef-8797-0b89abab069a_1200x675.jpg\",\"width\":796,\"height\":448,\"caption\":\"Um agente da PSP ficou ferido nos desacatos\"},{\"@type\":\"BreadcrumbList\",\"@id\":\"https:\/\/portaltela.pt\/noticias\/2026\/04\/19\/adeptos-do-vitoria-absolvidos-de-danos-em-carros-de-portistas\/#breadcrumb\",\"itemListElement\":[{\"@type\":\"ListItem\",\"position\":1,\"name\":\"In\u00edcio\",\"item\":\"https:\/\/portaltela.pt\/\"},{\"@type\":\"ListItem\",\"position\":2,\"name\":\"Adeptos do Vit\u00f3ria absolvidos de danos em carros de portistas\"}]},{\"@type\":\"WebSite\",\"@id\":\"https:\/\/portaltela.pt\/#website\",\"url\":\"https:\/\/portaltela.pt\/\",\"name\":\"Portal Tela Portugal\",\"description\":\"\",\"potentialAction\":[{\"@type\":\"SearchAction\",\"target\":{\"@type\":\"EntryPoint\",\"urlTemplate\":\"https:\/\/portaltela.pt\/?s={search_term_string}\"},\"query-input\":{\"@type\":\"PropertyValueSpecification\",\"valueRequired\":true,\"valueName\":\"search_term_string\"}}],\"inLanguage\":\"pt-PT\"},{\"@type\":\"Person\",\"@id\":\"https:\/\/portaltela.pt\/#\/schema\/person\/c4278d4a6028830caff9ee44b42d32ed\",\"name\":\"Telinha\",\"image\":{\"@type\":\"ImageObject\",\"inLanguage\":\"pt-PT\",\"@id\":\"https:\/\/portaltela.pt\/s.01k8rhncp4jt1\/2025\/11\/talking-bot-125x125.png\",\"url\":\"https:\/\/portaltela.pt\/s.01k8rhncp4jt1\/2025\/11\/talking-bot-125x125.png\",\"contentUrl\":\"https:\/\/portaltela.pt\/s.01k8rhncp4jt1\/2025\/11\/talking-bot-125x125.png\",\"caption\":\"Telinha\"},\"sameAs\":[\"https:\/\/portaltela.pt\/\"],\"url\":\"https:\/\/portaltela.pt\/por\/367410592786\/\"}]}<\/script>\n<!-- \/ Yoast SEO plugin. -->","yoast_head_json":{"title":"Adeptos do Vit\u00f3ria absolvidos de danos em carros de portistas - Portal Tela Portugal","robots":{"index":"index","follow":"follow","max-snippet":"max-snippet:-1","max-image-preview":"max-image-preview:large","max-video-preview":"max-video-preview:-1"},"og_locale":"pt_PT","og_type":"article","og_title":"Adeptos do Vit\u00f3ria absolvidos de danos em carros de portistas - Portal Tela Portugal","og_description":"Tr\u00eas adeptos do Vit\u00f3ria Sport Clube foram absolvidos de dois crimes de danos qualificados no \u00e2mbito de espet\u00e1culos desportivos. Estavam acusados de vandalizar carros de adeptos do F. C. Porto, na noite de 18 de janeiro, junto ao est\u00e1dio do Vit\u00f3ria, em Guimar\u00e3es. Os arguidos tinham entre 23 e 25 anos. Os depoimentos dos pol\u00edcias que detiveram os suspeitos foram considerados pelo tribunal como apresentando fragilidades e contradi\u00e7\u00f5es. O Tribunal de Guimar\u00e3es decidiu pela absolvi\u00e7\u00e3o por n\u00e3o ficar demonstrada a mat\u00e9ria de facto, nomeadamente o momento e o contexto da deten\u00e7\u00e3o.","og_url":"https:\/\/portaltela.pt\/noticias\/2026\/04\/19\/adeptos-do-vitoria-absolvidos-de-danos-em-carros-de-portistas\/","og_site_name":"Portal Tela Portugal","article_published_time":"2026-04-19T17:03:08+00:00","author":"Telinha","twitter_card":"summary_large_image","twitter_misc":{"Escrito por":"Telinha","Tempo estimado de leitura":"1 minuto"},"schema":{"@context":"https:\/\/schema.org","@graph":[{"@type":"Article","@id":"https:\/\/portaltela.pt\/noticias\/2026\/04\/19\/adeptos-do-vitoria-absolvidos-de-danos-em-carros-de-portistas\/#article","isPartOf":{"@id":"https:\/\/portaltela.pt\/noticias\/2026\/04\/19\/adeptos-do-vitoria-absolvidos-de-danos-em-carros-de-portistas\/"},"author":{"name":"Telinha","@id":"https:\/\/portaltela.pt\/#\/schema\/person\/c4278d4a6028830caff9ee44b42d32ed"},"headline":"Adeptos do Vit\u00f3ria absolvidos de danos em carros de portistas","datePublished":"2026-04-19T17:03:08+00:00","mainEntityOfPage":{"@id":"https:\/\/portaltela.pt\/noticias\/2026\/04\/19\/adeptos-do-vitoria-absolvidos-de-danos-em-carros-de-portistas\/"},"wordCount":176,"image":{"@id":"https:\/\/portaltela.pt\/noticias\/2026\/04\/19\/adeptos-do-vitoria-absolvidos-de-danos-em-carros-de-portistas\/#primaryimage"},"thumbnailUrl":"https:\/\/portaltela.pt\/s.01k8rhncp4jt1\/2026\/04\/141468a8-ee28-40ef-8797-0b89abab069a_1200x675.jpg","keywords":["absolvi\u00e7\u00e3o","adeptos","danos","desporto","Guimar\u00e3es","Tribunais"],"articleSection":["Desporto","Futebol"],"inLanguage":"pt-PT"},{"@type":"WebPage","@id":"https:\/\/portaltela.pt\/noticias\/2026\/04\/19\/adeptos-do-vitoria-absolvidos-de-danos-em-carros-de-portistas\/","url":"https:\/\/portaltela.pt\/noticias\/2026\/04\/19\/adeptos-do-vitoria-absolvidos-de-danos-em-carros-de-portistas\/","name":"Adeptos do Vit\u00f3ria absolvidos de danos em carros de portistas - Portal Tela Portugal","isPartOf":{"@id":"https:\/\/portaltela.pt\/#website"},"primaryImageOfPage":{"@id":"https:\/\/portaltela.pt\/noticias\/2026\/04\/19\/adeptos-do-vitoria-absolvidos-de-danos-em-carros-de-portistas\/#primaryimage"},"image":{"@id":"https:\/\/portaltela.pt\/noticias\/2026\/04\/19\/adeptos-do-vitoria-absolvidos-de-danos-em-carros-de-portistas\/#primaryimage"},"thumbnailUrl":"https:\/\/portaltela.pt\/s.01k8rhncp4jt1\/2026\/04\/141468a8-ee28-40ef-8797-0b89abab069a_1200x675.jpg","datePublished":"2026-04-19T17:03:08+00:00","author":{"@id":"https:\/\/portaltela.pt\/#\/schema\/person\/c4278d4a6028830caff9ee44b42d32ed"},"breadcrumb":{"@id":"https:\/\/portaltela.pt\/noticias\/2026\/04\/19\/adeptos-do-vitoria-absolvidos-de-danos-em-carros-de-portistas\/#breadcrumb"},"inLanguage":"pt-PT","potentialAction":[{"@type":"ReadAction","target":["https:\/\/portaltela.pt\/noticias\/2026\/04\/19\/adeptos-do-vitoria-absolvidos-de-danos-em-carros-de-portistas\/"]}]},{"@type":"ImageObject","inLanguage":"pt-PT","@id":"https:\/\/portaltela.pt\/noticias\/2026\/04\/19\/adeptos-do-vitoria-absolvidos-de-danos-em-carros-de-portistas\/#primaryimage","url":"https:\/\/portaltela.pt\/s.01k8rhncp4jt1\/2026\/04\/141468a8-ee28-40ef-8797-0b89abab069a_1200x675.jpg","contentUrl":"https:\/\/portaltela.pt\/s.01k8rhncp4jt1\/2026\/04\/141468a8-ee28-40ef-8797-0b89abab069a_1200x675.jpg","width":796,"height":448,"caption":"Um agente da PSP ficou ferido nos desacatos"},{"@type":"BreadcrumbList","@id":"https:\/\/portaltela.pt\/noticias\/2026\/04\/19\/adeptos-do-vitoria-absolvidos-de-danos-em-carros-de-portistas\/#breadcrumb","itemListElement":[{"@type":"ListItem","position":1,"name":"In\u00edcio","item":"https:\/\/portaltela.pt\/"},{"@type":"ListItem","position":2,"name":"Adeptos do Vit\u00f3ria absolvidos de danos em carros de portistas"}]},{"@type":"WebSite","@id":"https:\/\/portaltela.pt\/#website","url":"https:\/\/portaltela.pt\/","name":"Portal Tela Portugal","description":"","potentialAction":[{"@type":"SearchAction","target":{"@type":"EntryPoint","urlTemplate":"https:\/\/portaltela.pt\/?s={search_term_string}"},"query-input":{"@type":"PropertyValueSpecification","valueRequired":true,"valueName":"search_term_string"}}],"inLanguage":"pt-PT"},{"@type":"Person","@id":"https:\/\/portaltela.pt\/#\/schema\/person\/c4278d4a6028830caff9ee44b42d32ed","name":"Telinha","image":{"@type":"ImageObject","inLanguage":"pt-PT","@id":"https:\/\/portaltela.pt\/s.01k8rhncp4jt1\/2025\/11\/talking-bot-125x125.png","url":"https:\/\/portaltela.pt\/s.01k8rhncp4jt1\/2025\/11\/talking-bot-125x125.png","contentUrl":"https:\/\/portaltela.pt\/s.01k8rhncp4jt1\/2025\/11\/talking-bot-125x125.png","caption":"Telinha"},"sameAs":["https:\/\/portaltela.pt\/"],"url":"https:\/\/portaltela.pt\/por\/367410592786\/"}]}},"_links":{"self":[{"href":"https:\/\/portaltela.pt\/api\/wp\/v2\/posts\/450153","targetHints":{"allow":["GET"]}}],"collection":[{"href":"https:\/\/portaltela.pt\/api\/wp\/v2\/posts"}],"about":[{"href":"https:\/\/portaltela.pt\/api\/wp\/v2\/types\/post"}],"author":[{"embeddable":true,"href":"https:\/\/portaltela.pt\/api\/wp\/v2\/users\/2"}],"replies":[{"embeddable":true,"href":"https:\/\/portaltela.pt\/api\/wp\/v2\/comments?post=450153"}],"version-history":[{"count":0,"href":"https:\/\/portaltela.pt\/api\/wp\/v2\/posts\/450153\/revisions"}],"wp:featuredmedia":[{"embeddable":true,"href":"https:\/\/portaltela.pt\/api\/wp\/v2\/media\/450158"}],"wp:attachment":[{"href":"https:\/\/portaltela.pt\/api\/wp\/v2\/media?parent=450153"}],"wp:term":[{"taxonomy":"category","embeddable":true,"href":"https:\/\/portaltela.pt\/api\/wp\/v2\/categories?post=450153"},{"taxonomy":"post_tag","embeddable":true,"href":"https:\/\/portaltela.pt\/api\/wp\/v2\/tags?post=450153"}],"curies":[{"name":"wp","href":"https:\/\/api.w.org\/{rel}","templated":true}]}}