{"id":450131,"date":"2026-04-19T13:32:46","date_gmt":"2026-04-19T16:32:46","guid":{"rendered":"https:\/\/portaltela.pt\/noticias\/2026\/04\/19\/espinosa-filosofo-da-liberdade\/"},"modified":"2026-04-19T13:32:46","modified_gmt":"2026-04-19T16:32:46","slug":"espinosa-filosofo-da-liberdade","status":"publish","type":"post","link":"https:\/\/portaltela.pt\/lazer\/2026\/04\/19\/espinosa-filosofo-da-liberdade\/","title":{"rendered":"Espinosa, fil\u00f3sofo da liberdade"},"content":{"rendered":"<p>Baruch Espinosa, conhecido como Espinosa, \u00e9 visto como uma das vozes centrais da filosofia moderna. Nascido em Amesterd\u00e3o, em 1632, era filho de judeus alentejanos que partiram de Portugal.<\/p>\n<p>Na Holanda, Espinosa trabalhou como polidor de lentes e desenvolveu uma filosofia marcada pela reflex\u00e3o sobre a liberdade de pensamento e a rela\u00e7\u00e3o entre a vida e o mundo que a envolve.<\/p>\n<p>A comunidade judaica de Amesterd\u00e3o expulsou-o da sua sinagoga central, por diverg\u00eancias doutrinais e cr\u00edticas \u00e0 religi\u00e3o organizada. Mesmo assim, continuou a produzir ideias que influenciaram o pensamento ocidental.<\/p>\n<p>Espinosa morreu de tuberculose em 1677. A sua vida, ligada \u00e0 di\u00e1spora portuguesa e ao debate religioso, continua a ser discutida no contexto contempor\u00e2neo de migra\u00e7\u00f5es e preserva\u00e7\u00e3o de direitos.<\/p>\n","protected":false},"excerpt":{"rendered":"<ul>\n<li>Bento Espinosa, fil\u00f3sofo de origem portuguesa, nasceu e viveu na Holanda e \u00e9 considerado um dos mais importantes pensadores de sempre.<\/li>\n<li>Filho de judeus alentejanos que partiram para recome\u00e7ar a vida na Holanda.<\/li>\n<li>Trabalhou como polidor de lentes.<\/li>\n<li>A sinagoga central de Amesterd\u00e3o decidiu expuls\u00e1-lo.<\/li>\n<li>Morreu de tuberculose, numa altura em que ainda podia ter contribu\u00eddo para pensar a vida e os mundos que a absorvem.<\/li>\n<\/ul>\n","protected":false},"author":2,"featured_media":450133,"comment_status":"closed","ping_status":"closed","sticky":false,"template":"","format":"standard","meta":{"footnotes":""},"categories":[7375,7381],"tags":[3554,2894,2227,6691,1014,104],"class_list":["post-450131","post","type-post","status-publish","format-standard","has-post-thumbnail","hentry","category-cultura","category-lazer","tag-diaspora-portuguesa","tag-filosofia","tag-holanda","tag-migracao-internacional","tag-portugal","tag-religiao"],"yoast_head":"<!-- This site is optimized with the Yoast SEO plugin v27.2 - https:\/\/yoast.com\/product\/yoast-seo-wordpress\/ -->\n<title>Espinosa, fil\u00f3sofo da liberdade - Portal Tela Portugal<\/title>\n<meta name=\"robots\" content=\"index, follow, max-snippet:-1, max-image-preview:large, max-video-preview:-1\" \/>\n<meta property=\"og:locale\" content=\"pt_PT\" \/>\n<meta property=\"og:type\" content=\"article\" \/>\n<meta property=\"og:title\" content=\"Espinosa, fil\u00f3sofo da liberdade - Portal Tela Portugal\" \/>\n<meta property=\"og:description\" content=\"Bento Espinosa, fil\u00f3sofo de origem portuguesa, nasceu e viveu na Holanda e \u00e9 considerado um dos mais importantes pensadores de sempre. Filho de judeus alentejanos que partiram para recome\u00e7ar a vida na Holanda. Trabalhou como polidor de lentes. A sinagoga central de Amesterd\u00e3o decidiu expuls\u00e1-lo. Morreu de tuberculose, numa altura em que ainda podia ter contribu\u00eddo para pensar a vida e os mundos que a absorvem.\" \/>\n<meta property=\"og:url\" content=\"https:\/\/portaltela.pt\/noticias\/2026\/04\/19\/espinosa-filosofo-da-liberdade\/\" \/>\n<meta property=\"og:site_name\" content=\"Portal Tela Portugal\" \/>\n<meta property=\"article:published_time\" content=\"2026-04-19T16:32:46+00:00\" \/>\n<meta name=\"author\" content=\"Telinha\" \/>\n<meta name=\"twitter:card\" content=\"summary_large_image\" \/>\n<meta name=\"twitter:label1\" content=\"Escrito por\" \/>\n\t<meta name=\"twitter:data1\" content=\"Telinha\" \/>\n\t<meta name=\"twitter:label2\" content=\"Tempo estimado de leitura\" \/>\n\t<meta name=\"twitter:data2\" content=\"1 minuto\" \/>\n<script type=\"application\/ld+json\" class=\"yoast-schema-graph\">{\"@context\":\"https:\/\/schema.org\",\"@graph\":[{\"@type\":\"Article\",\"@id\":\"https:\/\/portaltela.pt\/noticias\/2026\/04\/19\/espinosa-filosofo-da-liberdade\/#article\",\"isPartOf\":{\"@id\":\"https:\/\/portaltela.pt\/noticias\/2026\/04\/19\/espinosa-filosofo-da-liberdade\/\"},\"author\":{\"name\":\"Telinha\",\"@id\":\"https:\/\/portaltela.pt\/#\/schema\/person\/c4278d4a6028830caff9ee44b42d32ed\"},\"headline\":\"Espinosa, fil\u00f3sofo da liberdade\",\"datePublished\":\"2026-04-19T16:32:46+00:00\",\"mainEntityOfPage\":{\"@id\":\"https:\/\/portaltela.pt\/noticias\/2026\/04\/19\/espinosa-filosofo-da-liberdade\/\"},\"wordCount\":131,\"image\":{\"@id\":\"https:\/\/portaltela.pt\/noticias\/2026\/04\/19\/espinosa-filosofo-da-liberdade\/#primaryimage\"},\"thumbnailUrl\":\"https:\/\/portaltela.pt\/s.01k8rhncp4jt1\/2026\/04\/img_1500x1000uu2026-04-18-18-23-49-2279443.jpg\",\"keywords\":[\"Di\u00e1spora Portuguesa\",\"filosofia\",\"Holanda\",\"migra\u00e7\u00e3o internacional\",\"Portugal\",\"religi\u00e3o\"],\"articleSection\":[\"Cultura\",\"Lazer\"],\"inLanguage\":\"pt-PT\"},{\"@type\":\"WebPage\",\"@id\":\"https:\/\/portaltela.pt\/noticias\/2026\/04\/19\/espinosa-filosofo-da-liberdade\/\",\"url\":\"https:\/\/portaltela.pt\/noticias\/2026\/04\/19\/espinosa-filosofo-da-liberdade\/\",\"name\":\"Espinosa, fil\u00f3sofo da liberdade - Portal Tela Portugal\",\"isPartOf\":{\"@id\":\"https:\/\/portaltela.pt\/#website\"},\"primaryImageOfPage\":{\"@id\":\"https:\/\/portaltela.pt\/noticias\/2026\/04\/19\/espinosa-filosofo-da-liberdade\/#primaryimage\"},\"image\":{\"@id\":\"https:\/\/portaltela.pt\/noticias\/2026\/04\/19\/espinosa-filosofo-da-liberdade\/#primaryimage\"},\"thumbnailUrl\":\"https:\/\/portaltela.pt\/s.01k8rhncp4jt1\/2026\/04\/img_1500x1000uu2026-04-18-18-23-49-2279443.jpg\",\"datePublished\":\"2026-04-19T16:32:46+00:00\",\"author\":{\"@id\":\"https:\/\/portaltela.pt\/#\/schema\/person\/c4278d4a6028830caff9ee44b42d32ed\"},\"breadcrumb\":{\"@id\":\"https:\/\/portaltela.pt\/noticias\/2026\/04\/19\/espinosa-filosofo-da-liberdade\/#breadcrumb\"},\"inLanguage\":\"pt-PT\",\"potentialAction\":[{\"@type\":\"ReadAction\",\"target\":[\"https:\/\/portaltela.pt\/noticias\/2026\/04\/19\/espinosa-filosofo-da-liberdade\/\"]}]},{\"@type\":\"ImageObject\",\"inLanguage\":\"pt-PT\",\"@id\":\"https:\/\/portaltela.pt\/noticias\/2026\/04\/19\/espinosa-filosofo-da-liberdade\/#primaryimage\",\"url\":\"https:\/\/portaltela.pt\/s.01k8rhncp4jt1\/2026\/04\/img_1500x1000uu2026-04-18-18-23-49-2279443.jpg\",\"contentUrl\":\"https:\/\/portaltela.pt\/s.01k8rhncp4jt1\/2026\/04\/img_1500x1000uu2026-04-18-18-23-49-2279443.jpg\",\"width\":796,\"height\":448,\"caption\":\"Espinosa, fil\u00f3sofo, leitura sobre liberdade\"},{\"@type\":\"BreadcrumbList\",\"@id\":\"https:\/\/portaltela.pt\/noticias\/2026\/04\/19\/espinosa-filosofo-da-liberdade\/#breadcrumb\",\"itemListElement\":[{\"@type\":\"ListItem\",\"position\":1,\"name\":\"In\u00edcio\",\"item\":\"https:\/\/portaltela.pt\/\"},{\"@type\":\"ListItem\",\"position\":2,\"name\":\"Espinosa, fil\u00f3sofo da liberdade\"}]},{\"@type\":\"WebSite\",\"@id\":\"https:\/\/portaltela.pt\/#website\",\"url\":\"https:\/\/portaltela.pt\/\",\"name\":\"Portal Tela Portugal\",\"description\":\"\",\"potentialAction\":[{\"@type\":\"SearchAction\",\"target\":{\"@type\":\"EntryPoint\",\"urlTemplate\":\"https:\/\/portaltela.pt\/?s={search_term_string}\"},\"query-input\":{\"@type\":\"PropertyValueSpecification\",\"valueRequired\":true,\"valueName\":\"search_term_string\"}}],\"inLanguage\":\"pt-PT\"},{\"@type\":\"Person\",\"@id\":\"https:\/\/portaltela.pt\/#\/schema\/person\/c4278d4a6028830caff9ee44b42d32ed\",\"name\":\"Telinha\",\"image\":{\"@type\":\"ImageObject\",\"inLanguage\":\"pt-PT\",\"@id\":\"https:\/\/portaltela.pt\/s.01k8rhncp4jt1\/2025\/11\/talking-bot-125x125.png\",\"url\":\"https:\/\/portaltela.pt\/s.01k8rhncp4jt1\/2025\/11\/talking-bot-125x125.png\",\"contentUrl\":\"https:\/\/portaltela.pt\/s.01k8rhncp4jt1\/2025\/11\/talking-bot-125x125.png\",\"caption\":\"Telinha\"},\"sameAs\":[\"https:\/\/portaltela.pt\/\"],\"url\":\"https:\/\/portaltela.pt\/por\/367410592786\/\"}]}<\/script>\n<!-- \/ Yoast SEO plugin. -->","yoast_head_json":{"title":"Espinosa, fil\u00f3sofo da liberdade - Portal Tela Portugal","robots":{"index":"index","follow":"follow","max-snippet":"max-snippet:-1","max-image-preview":"max-image-preview:large","max-video-preview":"max-video-preview:-1"},"og_locale":"pt_PT","og_type":"article","og_title":"Espinosa, fil\u00f3sofo da liberdade - Portal Tela Portugal","og_description":"Bento Espinosa, fil\u00f3sofo de origem portuguesa, nasceu e viveu na Holanda e \u00e9 considerado um dos mais importantes pensadores de sempre. Filho de judeus alentejanos que partiram para recome\u00e7ar a vida na Holanda. Trabalhou como polidor de lentes. A sinagoga central de Amesterd\u00e3o decidiu expuls\u00e1-lo. Morreu de tuberculose, numa altura em que ainda podia ter contribu\u00eddo para pensar a vida e os mundos que a absorvem.","og_url":"https:\/\/portaltela.pt\/noticias\/2026\/04\/19\/espinosa-filosofo-da-liberdade\/","og_site_name":"Portal Tela Portugal","article_published_time":"2026-04-19T16:32:46+00:00","author":"Telinha","twitter_card":"summary_large_image","twitter_misc":{"Escrito por":"Telinha","Tempo estimado de leitura":"1 minuto"},"schema":{"@context":"https:\/\/schema.org","@graph":[{"@type":"Article","@id":"https:\/\/portaltela.pt\/noticias\/2026\/04\/19\/espinosa-filosofo-da-liberdade\/#article","isPartOf":{"@id":"https:\/\/portaltela.pt\/noticias\/2026\/04\/19\/espinosa-filosofo-da-liberdade\/"},"author":{"name":"Telinha","@id":"https:\/\/portaltela.pt\/#\/schema\/person\/c4278d4a6028830caff9ee44b42d32ed"},"headline":"Espinosa, fil\u00f3sofo da liberdade","datePublished":"2026-04-19T16:32:46+00:00","mainEntityOfPage":{"@id":"https:\/\/portaltela.pt\/noticias\/2026\/04\/19\/espinosa-filosofo-da-liberdade\/"},"wordCount":131,"image":{"@id":"https:\/\/portaltela.pt\/noticias\/2026\/04\/19\/espinosa-filosofo-da-liberdade\/#primaryimage"},"thumbnailUrl":"https:\/\/portaltela.pt\/s.01k8rhncp4jt1\/2026\/04\/img_1500x1000uu2026-04-18-18-23-49-2279443.jpg","keywords":["Di\u00e1spora Portuguesa","filosofia","Holanda","migra\u00e7\u00e3o internacional","Portugal","religi\u00e3o"],"articleSection":["Cultura","Lazer"],"inLanguage":"pt-PT"},{"@type":"WebPage","@id":"https:\/\/portaltela.pt\/noticias\/2026\/04\/19\/espinosa-filosofo-da-liberdade\/","url":"https:\/\/portaltela.pt\/noticias\/2026\/04\/19\/espinosa-filosofo-da-liberdade\/","name":"Espinosa, fil\u00f3sofo da liberdade - Portal Tela Portugal","isPartOf":{"@id":"https:\/\/portaltela.pt\/#website"},"primaryImageOfPage":{"@id":"https:\/\/portaltela.pt\/noticias\/2026\/04\/19\/espinosa-filosofo-da-liberdade\/#primaryimage"},"image":{"@id":"https:\/\/portaltela.pt\/noticias\/2026\/04\/19\/espinosa-filosofo-da-liberdade\/#primaryimage"},"thumbnailUrl":"https:\/\/portaltela.pt\/s.01k8rhncp4jt1\/2026\/04\/img_1500x1000uu2026-04-18-18-23-49-2279443.jpg","datePublished":"2026-04-19T16:32:46+00:00","author":{"@id":"https:\/\/portaltela.pt\/#\/schema\/person\/c4278d4a6028830caff9ee44b42d32ed"},"breadcrumb":{"@id":"https:\/\/portaltela.pt\/noticias\/2026\/04\/19\/espinosa-filosofo-da-liberdade\/#breadcrumb"},"inLanguage":"pt-PT","potentialAction":[{"@type":"ReadAction","target":["https:\/\/portaltela.pt\/noticias\/2026\/04\/19\/espinosa-filosofo-da-liberdade\/"]}]},{"@type":"ImageObject","inLanguage":"pt-PT","@id":"https:\/\/portaltela.pt\/noticias\/2026\/04\/19\/espinosa-filosofo-da-liberdade\/#primaryimage","url":"https:\/\/portaltela.pt\/s.01k8rhncp4jt1\/2026\/04\/img_1500x1000uu2026-04-18-18-23-49-2279443.jpg","contentUrl":"https:\/\/portaltela.pt\/s.01k8rhncp4jt1\/2026\/04\/img_1500x1000uu2026-04-18-18-23-49-2279443.jpg","width":796,"height":448,"caption":"Espinosa, fil\u00f3sofo, leitura sobre liberdade"},{"@type":"BreadcrumbList","@id":"https:\/\/portaltela.pt\/noticias\/2026\/04\/19\/espinosa-filosofo-da-liberdade\/#breadcrumb","itemListElement":[{"@type":"ListItem","position":1,"name":"In\u00edcio","item":"https:\/\/portaltela.pt\/"},{"@type":"ListItem","position":2,"name":"Espinosa, fil\u00f3sofo da liberdade"}]},{"@type":"WebSite","@id":"https:\/\/portaltela.pt\/#website","url":"https:\/\/portaltela.pt\/","name":"Portal Tela Portugal","description":"","potentialAction":[{"@type":"SearchAction","target":{"@type":"EntryPoint","urlTemplate":"https:\/\/portaltela.pt\/?s={search_term_string}"},"query-input":{"@type":"PropertyValueSpecification","valueRequired":true,"valueName":"search_term_string"}}],"inLanguage":"pt-PT"},{"@type":"Person","@id":"https:\/\/portaltela.pt\/#\/schema\/person\/c4278d4a6028830caff9ee44b42d32ed","name":"Telinha","image":{"@type":"ImageObject","inLanguage":"pt-PT","@id":"https:\/\/portaltela.pt\/s.01k8rhncp4jt1\/2025\/11\/talking-bot-125x125.png","url":"https:\/\/portaltela.pt\/s.01k8rhncp4jt1\/2025\/11\/talking-bot-125x125.png","contentUrl":"https:\/\/portaltela.pt\/s.01k8rhncp4jt1\/2025\/11\/talking-bot-125x125.png","caption":"Telinha"},"sameAs":["https:\/\/portaltela.pt\/"],"url":"https:\/\/portaltela.pt\/por\/367410592786\/"}]}},"_links":{"self":[{"href":"https:\/\/portaltela.pt\/api\/wp\/v2\/posts\/450131","targetHints":{"allow":["GET"]}}],"collection":[{"href":"https:\/\/portaltela.pt\/api\/wp\/v2\/posts"}],"about":[{"href":"https:\/\/portaltela.pt\/api\/wp\/v2\/types\/post"}],"author":[{"embeddable":true,"href":"https:\/\/portaltela.pt\/api\/wp\/v2\/users\/2"}],"replies":[{"embeddable":true,"href":"https:\/\/portaltela.pt\/api\/wp\/v2\/comments?post=450131"}],"version-history":[{"count":0,"href":"https:\/\/portaltela.pt\/api\/wp\/v2\/posts\/450131\/revisions"}],"wp:featuredmedia":[{"embeddable":true,"href":"https:\/\/portaltela.pt\/api\/wp\/v2\/media\/450133"}],"wp:attachment":[{"href":"https:\/\/portaltela.pt\/api\/wp\/v2\/media?parent=450131"}],"wp:term":[{"taxonomy":"category","embeddable":true,"href":"https:\/\/portaltela.pt\/api\/wp\/v2\/categories?post=450131"},{"taxonomy":"post_tag","embeddable":true,"href":"https:\/\/portaltela.pt\/api\/wp\/v2\/tags?post=450131"}],"curies":[{"name":"wp","href":"https:\/\/api.w.org\/{rel}","templated":true}]}}