{"id":450123,"date":"2026-04-19T13:32:39","date_gmt":"2026-04-19T16:32:39","guid":{"rendered":"https:\/\/portaltela.pt\/noticias\/2026\/04\/19\/castas-viajantes-a-identidade-portuguesa-no-mundo\/"},"modified":"2026-04-19T13:32:39","modified_gmt":"2026-04-19T16:32:39","slug":"castas-viajantes-a-identidade-portuguesa-no-mundo","status":"publish","type":"post","link":"https:\/\/portaltela.pt\/noticias\/2026\/04\/19\/castas-viajantes-a-identidade-portuguesa-no-mundo\/","title":{"rendered":"Castas viajantes: a identidade portuguesa no mundo"},"content":{"rendered":"<p>Dentro de alguns anos pode estar ao alcance abrir uma garrafa da regi\u00e3o demarcada de Bord\u00e9us com as castas Touriga Nacional ou Alvarinho. Num dos teatros vitivin\u00edcolas mais valorizados do mundo, estas variedades portuguesas participam de um ensaio sobre mudan\u00e7as clim\u00e1ticas, com resultados esperados em cinco anos.<\/p>\n<p>Este estudo visa responder a como adaptar vinhos espec\u00edficos \u00e0s altera\u00e7\u00f5es clim\u00e1ticas, preservando o perfil \u00fanico de regi\u00f5es como Bord\u00e9us. Para manter a autenticidade, pode ser necess\u00e1ria a inclus\u00e3o de variedades estrangeiras na lista de castas autorizadas.<\/p>\n<p>A vinha nasceu na Europa e, \u00e0 medida que se viajava, expandiu-se para outros continentes, excluindo a Ant\u00e1rtida. As varas percorriam os caminhos da migra\u00e7\u00e3o, plantadas onde as condi\u00e7\u00f5es eram adequadas para uma cultura de vinha pouco exigente.<\/p>\n<p>No s\u00e9culo XIX, com o impulso do vinho no \u201cNovo Mundo\u201d, as castas francesas dominaram planta\u00e7\u00f5es em EUA, Chile, Austr\u00e1lia e Nova Zel\u00e2ndia. Em Portugal, o crescimento foi impulsionado por mudan\u00e7as de vinha nos anos 80, com substitui\u00e7\u00e3o de castas aut\u00f3ctones por variedades internacionais.<\/p>\n<p>Algumas castas portuguesas, como Alicante Bouschet e Syrah, encontraram condi\u00e7\u00f5es para produzir vinhos de elevada qualidade e j\u00e1 figuram entre as aptas para denomina\u00e7\u00e3o de origem protegida. A presen\u00e7a de portuguesas ganhou refor\u00e7o internacional.<\/p>\n<p>Antes do ensaio franc\u00eas, j\u00e1 v\u00e1rias castas tinham reconhecimento internacional. Touriga Nacional chegou \u00e0 Austr\u00e1lia e \u00e0 \u00c1frica do Sul com os colonizadores. Verdelho, Sous\u00e3o e Baga j\u00e1 se espalham pelo Brasil, Chile e EUA.<\/p>\n<p>Num momento de viragem para o setor, as castas portuguesas assumem cada vez mais protagonismo no panorama mundial. Algumas destacam-se por m\u00e9rito pr\u00f3prio, ganhando espa\u00e7o em vinhas de todo o mundo.<\/p>\n<h3>Contexto hist\u00f3rico das castas<\/h3>\n<p>A hist\u00f3ria das castas viajantes mostra a sua capacidade de adapta\u00e7\u00e3o e de resposta a mercados globais. O interc\u00e2mbio entre regi\u00f5es ajudou a moldar perfis de vinho, com impacto crescente de variedades portuguesas.<\/p>\n<h3>Contributo de Portugal<\/h3>\n<p>Portugal acelerou a internacionaliza\u00e7\u00e3o das suas castas a partir dos anos 80, com substitui\u00e7\u00e3o de v\u00e1rias vinhas tradicionais por variedades consideradas internacionais. O objetivo foi refor\u00e7ar a visibilidade e a comercializa\u00e7\u00e3o internacional.<\/p>\n<h3>Perspetivas atuais<\/h3>\n<p>O estudo em Bord\u00e9us pretende contribuir para a discuss\u00e3o sobre identidade e ajuste clim\u00e1tico. Os resultados devem influenciar decis\u00f5es de regula\u00e7\u00e3o de castas na regi\u00e3o e moldar o futuro dos vinhos de refer\u00eancia.<\/p>\n<p>Quinado<\/p>\n<p>Vinho cl\u00e1ssico com infus\u00e3o de quinina, popular no Brasil e em antigas col\u00f3nias africanas. Tradicionalmente nasce de uma base de vinho do Porto e era usado por vias terap\u00eauticas para mal\u00e1ria, febre e apetite.<\/p>\n","protected":false},"excerpt":{"rendered":"<ul>\n<li>Em Bord\u00e9us, no sudoeste de Fran\u00e7a, pode ser poss\u00edvel abrir uma garrafa com castas portuguesas como Touriga Nacional ou Alvarinho daqui a cinco anos, no \u00e2mbito de um ensaio para enfrentar altera\u00e7\u00f5es clim\u00e1ticas.<\/li>\n<li>Para manter a autenticidade local, pode ser necess\u00e1rio introduzir variedades estrangeiras na lista de castas autorizadas na regi\u00e3o, mesmo sendo uma das mais valorizadas do mundo.<\/li>\n<li>A vinha nasceu na Europa e, a partir do s\u00e9culo XIX, as castas francesas dominaram vinhas no Novo Mundo, acompanhando fluxos migrat\u00f3rios.<\/li>\n<li>Em Portugal, a partir dos anos oitenta houve substitui\u00e7\u00e3o de castas aut\u00f3ctones por internacionais, como Alicante Bouschet e Syrah, hoje presentes em vinhos com denomina\u00e7\u00e3o de origem protegida.<\/li>\n<li>Globalmente, v\u00e1rias castas portuguesas j\u00e1 s\u00e3o reconhecidas: Touriga Nacional chegou \u00e0 Austr\u00e1lia e \u00e0 \u00c1frica do Sul; Verdelho, Sous\u00e3o e Baga aparecem no Brasil, Chile e EUA, expandindo o espa\u00e7o das castas hist\u00f3ricas.<\/li>\n<\/ul>\n","protected":false},"author":2,"featured_media":450128,"comment_status":"closed","ping_status":"closed","sticky":false,"template":"","format":"standard","meta":{"footnotes":""},"categories":[7369,1],"tags":[2487,1856,81,1014,5586,4103],"class_list":["post-450123","post","type-post","status-publish","format-standard","has-post-thumbnail","hentry","category-gastronomia","category-noticias","tag-europa","tag-franca","tag-internacionais","tag-portugal","tag-vinho","tag-viticultura"],"yoast_head":"<!-- This site is optimized with the Yoast SEO plugin v27.2 - https:\/\/yoast.com\/product\/yoast-seo-wordpress\/ -->\n<title>Castas viajantes: a identidade portuguesa no mundo - Portal Tela Portugal<\/title>\n<meta name=\"robots\" content=\"index, follow, max-snippet:-1, max-image-preview:large, max-video-preview:-1\" \/>\n<meta property=\"og:locale\" content=\"pt_PT\" \/>\n<meta property=\"og:type\" content=\"article\" \/>\n<meta property=\"og:title\" content=\"Castas viajantes: a identidade portuguesa no mundo - Portal Tela Portugal\" \/>\n<meta property=\"og:description\" content=\"Em Bord\u00e9us, no sudoeste de Fran\u00e7a, pode ser poss\u00edvel abrir uma garrafa com castas portuguesas como Touriga Nacional ou Alvarinho daqui a cinco anos, no \u00e2mbito de um ensaio para enfrentar altera\u00e7\u00f5es clim\u00e1ticas. Para manter a autenticidade local, pode ser necess\u00e1rio introduzir variedades estrangeiras na lista de castas autorizadas na regi\u00e3o, mesmo sendo uma das mais valorizadas do mundo. A vinha nasceu na Europa e, a partir do s\u00e9culo XIX, as castas francesas dominaram vinhas no Novo Mundo, acompanhando fluxos migrat\u00f3rios. Em Portugal, a partir dos anos oitenta houve substitui\u00e7\u00e3o de castas aut\u00f3ctones por internacionais, como Alicante Bouschet e Syrah, hoje presentes em vinhos com denomina\u00e7\u00e3o de origem protegida. Globalmente, v\u00e1rias castas portuguesas j\u00e1 s\u00e3o reconhecidas: Touriga Nacional chegou \u00e0 Austr\u00e1lia e \u00e0 \u00c1frica do Sul; Verdelho, Sous\u00e3o e Baga aparecem no Brasil, Chile e EUA, expandindo o espa\u00e7o das castas hist\u00f3ricas.\" \/>\n<meta property=\"og:url\" content=\"https:\/\/portaltela.pt\/noticias\/2026\/04\/19\/castas-viajantes-a-identidade-portuguesa-no-mundo\/\" \/>\n<meta property=\"og:site_name\" content=\"Portal Tela Portugal\" \/>\n<meta property=\"article:published_time\" content=\"2026-04-19T16:32:39+00:00\" \/>\n<meta name=\"author\" content=\"Telinha\" \/>\n<meta name=\"twitter:card\" content=\"summary_large_image\" \/>\n<meta name=\"twitter:label1\" content=\"Escrito por\" \/>\n\t<meta name=\"twitter:data1\" content=\"Telinha\" \/>\n\t<meta name=\"twitter:label2\" content=\"Tempo estimado de leitura\" \/>\n\t<meta name=\"twitter:data2\" content=\"2 minutos\" \/>\n<script type=\"application\/ld+json\" class=\"yoast-schema-graph\">{\"@context\":\"https:\/\/schema.org\",\"@graph\":[{\"@type\":\"Article\",\"@id\":\"https:\/\/portaltela.pt\/noticias\/2026\/04\/19\/castas-viajantes-a-identidade-portuguesa-no-mundo\/#article\",\"isPartOf\":{\"@id\":\"https:\/\/portaltela.pt\/noticias\/2026\/04\/19\/castas-viajantes-a-identidade-portuguesa-no-mundo\/\"},\"author\":{\"name\":\"Telinha\",\"@id\":\"https:\/\/portaltela.pt\/#\/schema\/person\/c4278d4a6028830caff9ee44b42d32ed\"},\"headline\":\"Castas viajantes: a identidade portuguesa no mundo\",\"datePublished\":\"2026-04-19T16:32:39+00:00\",\"mainEntityOfPage\":{\"@id\":\"https:\/\/portaltela.pt\/noticias\/2026\/04\/19\/castas-viajantes-a-identidade-portuguesa-no-mundo\/\"},\"wordCount\":465,\"image\":{\"@id\":\"https:\/\/portaltela.pt\/noticias\/2026\/04\/19\/castas-viajantes-a-identidade-portuguesa-no-mundo\/#primaryimage\"},\"thumbnailUrl\":\"https:\/\/portaltela.pt\/s.01k8rhncp4jt1\/2026\/04\/img_1280x721uu2026-04-18-18-24-48-2279446.jpg\",\"keywords\":[\"Europa\",\"Fran\u00e7a\",\"internacionais\",\"Portugal\",\"vinho\",\"viticultura\"],\"articleSection\":[\"Gastronomia\",\"Not\u00edcias\"],\"inLanguage\":\"pt-PT\"},{\"@type\":\"WebPage\",\"@id\":\"https:\/\/portaltela.pt\/noticias\/2026\/04\/19\/castas-viajantes-a-identidade-portuguesa-no-mundo\/\",\"url\":\"https:\/\/portaltela.pt\/noticias\/2026\/04\/19\/castas-viajantes-a-identidade-portuguesa-no-mundo\/\",\"name\":\"Castas viajantes: a identidade portuguesa no mundo - Portal Tela Portugal\",\"isPartOf\":{\"@id\":\"https:\/\/portaltela.pt\/#website\"},\"primaryImageOfPage\":{\"@id\":\"https:\/\/portaltela.pt\/noticias\/2026\/04\/19\/castas-viajantes-a-identidade-portuguesa-no-mundo\/#primaryimage\"},\"image\":{\"@id\":\"https:\/\/portaltela.pt\/noticias\/2026\/04\/19\/castas-viajantes-a-identidade-portuguesa-no-mundo\/#primaryimage\"},\"thumbnailUrl\":\"https:\/\/portaltela.pt\/s.01k8rhncp4jt1\/2026\/04\/img_1280x721uu2026-04-18-18-24-48-2279446.jpg\",\"datePublished\":\"2026-04-19T16:32:39+00:00\",\"author\":{\"@id\":\"https:\/\/portaltela.pt\/#\/schema\/person\/c4278d4a6028830caff9ee44b42d32ed\"},\"breadcrumb\":{\"@id\":\"https:\/\/portaltela.pt\/noticias\/2026\/04\/19\/castas-viajantes-a-identidade-portuguesa-no-mundo\/#breadcrumb\"},\"inLanguage\":\"pt-PT\",\"potentialAction\":[{\"@type\":\"ReadAction\",\"target\":[\"https:\/\/portaltela.pt\/noticias\/2026\/04\/19\/castas-viajantes-a-identidade-portuguesa-no-mundo\/\"]}]},{\"@type\":\"ImageObject\",\"inLanguage\":\"pt-PT\",\"@id\":\"https:\/\/portaltela.pt\/noticias\/2026\/04\/19\/castas-viajantes-a-identidade-portuguesa-no-mundo\/#primaryimage\",\"url\":\"https:\/\/portaltela.pt\/s.01k8rhncp4jt1\/2026\/04\/img_1280x721uu2026-04-18-18-24-48-2279446.jpg\",\"contentUrl\":\"https:\/\/portaltela.pt\/s.01k8rhncp4jt1\/2026\/04\/img_1280x721uu2026-04-18-18-24-48-2279446.jpg\",\"width\":796,\"height\":448,\"caption\":\"J\u00e1 houve um tempo em que as vinhas portuguesas recebiam de bra\u00e7os abertos as castas que vinham de fora.\"},{\"@type\":\"BreadcrumbList\",\"@id\":\"https:\/\/portaltela.pt\/noticias\/2026\/04\/19\/castas-viajantes-a-identidade-portuguesa-no-mundo\/#breadcrumb\",\"itemListElement\":[{\"@type\":\"ListItem\",\"position\":1,\"name\":\"In\u00edcio\",\"item\":\"https:\/\/portaltela.pt\/\"},{\"@type\":\"ListItem\",\"position\":2,\"name\":\"Castas viajantes: a identidade portuguesa no mundo\"}]},{\"@type\":\"WebSite\",\"@id\":\"https:\/\/portaltela.pt\/#website\",\"url\":\"https:\/\/portaltela.pt\/\",\"name\":\"Portal Tela Portugal\",\"description\":\"\",\"potentialAction\":[{\"@type\":\"SearchAction\",\"target\":{\"@type\":\"EntryPoint\",\"urlTemplate\":\"https:\/\/portaltela.pt\/?s={search_term_string}\"},\"query-input\":{\"@type\":\"PropertyValueSpecification\",\"valueRequired\":true,\"valueName\":\"search_term_string\"}}],\"inLanguage\":\"pt-PT\"},{\"@type\":\"Person\",\"@id\":\"https:\/\/portaltela.pt\/#\/schema\/person\/c4278d4a6028830caff9ee44b42d32ed\",\"name\":\"Telinha\",\"image\":{\"@type\":\"ImageObject\",\"inLanguage\":\"pt-PT\",\"@id\":\"https:\/\/portaltela.pt\/s.01k8rhncp4jt1\/2025\/11\/talking-bot-125x125.png\",\"url\":\"https:\/\/portaltela.pt\/s.01k8rhncp4jt1\/2025\/11\/talking-bot-125x125.png\",\"contentUrl\":\"https:\/\/portaltela.pt\/s.01k8rhncp4jt1\/2025\/11\/talking-bot-125x125.png\",\"caption\":\"Telinha\"},\"sameAs\":[\"https:\/\/portaltela.pt\/\"],\"url\":\"https:\/\/portaltela.pt\/por\/367410592786\/\"}]}<\/script>\n<!-- \/ Yoast SEO plugin. -->","yoast_head_json":{"title":"Castas viajantes: a identidade portuguesa no mundo - Portal Tela Portugal","robots":{"index":"index","follow":"follow","max-snippet":"max-snippet:-1","max-image-preview":"max-image-preview:large","max-video-preview":"max-video-preview:-1"},"og_locale":"pt_PT","og_type":"article","og_title":"Castas viajantes: a identidade portuguesa no mundo - Portal Tela Portugal","og_description":"Em Bord\u00e9us, no sudoeste de Fran\u00e7a, pode ser poss\u00edvel abrir uma garrafa com castas portuguesas como Touriga Nacional ou Alvarinho daqui a cinco anos, no \u00e2mbito de um ensaio para enfrentar altera\u00e7\u00f5es clim\u00e1ticas. Para manter a autenticidade local, pode ser necess\u00e1rio introduzir variedades estrangeiras na lista de castas autorizadas na regi\u00e3o, mesmo sendo uma das mais valorizadas do mundo. A vinha nasceu na Europa e, a partir do s\u00e9culo XIX, as castas francesas dominaram vinhas no Novo Mundo, acompanhando fluxos migrat\u00f3rios. Em Portugal, a partir dos anos oitenta houve substitui\u00e7\u00e3o de castas aut\u00f3ctones por internacionais, como Alicante Bouschet e Syrah, hoje presentes em vinhos com denomina\u00e7\u00e3o de origem protegida. Globalmente, v\u00e1rias castas portuguesas j\u00e1 s\u00e3o reconhecidas: Touriga Nacional chegou \u00e0 Austr\u00e1lia e \u00e0 \u00c1frica do Sul; Verdelho, Sous\u00e3o e Baga aparecem no Brasil, Chile e EUA, expandindo o espa\u00e7o das castas hist\u00f3ricas.","og_url":"https:\/\/portaltela.pt\/noticias\/2026\/04\/19\/castas-viajantes-a-identidade-portuguesa-no-mundo\/","og_site_name":"Portal Tela Portugal","article_published_time":"2026-04-19T16:32:39+00:00","author":"Telinha","twitter_card":"summary_large_image","twitter_misc":{"Escrito por":"Telinha","Tempo estimado de leitura":"2 minutos"},"schema":{"@context":"https:\/\/schema.org","@graph":[{"@type":"Article","@id":"https:\/\/portaltela.pt\/noticias\/2026\/04\/19\/castas-viajantes-a-identidade-portuguesa-no-mundo\/#article","isPartOf":{"@id":"https:\/\/portaltela.pt\/noticias\/2026\/04\/19\/castas-viajantes-a-identidade-portuguesa-no-mundo\/"},"author":{"name":"Telinha","@id":"https:\/\/portaltela.pt\/#\/schema\/person\/c4278d4a6028830caff9ee44b42d32ed"},"headline":"Castas viajantes: a identidade portuguesa no mundo","datePublished":"2026-04-19T16:32:39+00:00","mainEntityOfPage":{"@id":"https:\/\/portaltela.pt\/noticias\/2026\/04\/19\/castas-viajantes-a-identidade-portuguesa-no-mundo\/"},"wordCount":465,"image":{"@id":"https:\/\/portaltela.pt\/noticias\/2026\/04\/19\/castas-viajantes-a-identidade-portuguesa-no-mundo\/#primaryimage"},"thumbnailUrl":"https:\/\/portaltela.pt\/s.01k8rhncp4jt1\/2026\/04\/img_1280x721uu2026-04-18-18-24-48-2279446.jpg","keywords":["Europa","Fran\u00e7a","internacionais","Portugal","vinho","viticultura"],"articleSection":["Gastronomia","Not\u00edcias"],"inLanguage":"pt-PT"},{"@type":"WebPage","@id":"https:\/\/portaltela.pt\/noticias\/2026\/04\/19\/castas-viajantes-a-identidade-portuguesa-no-mundo\/","url":"https:\/\/portaltela.pt\/noticias\/2026\/04\/19\/castas-viajantes-a-identidade-portuguesa-no-mundo\/","name":"Castas viajantes: a identidade portuguesa no mundo - Portal Tela Portugal","isPartOf":{"@id":"https:\/\/portaltela.pt\/#website"},"primaryImageOfPage":{"@id":"https:\/\/portaltela.pt\/noticias\/2026\/04\/19\/castas-viajantes-a-identidade-portuguesa-no-mundo\/#primaryimage"},"image":{"@id":"https:\/\/portaltela.pt\/noticias\/2026\/04\/19\/castas-viajantes-a-identidade-portuguesa-no-mundo\/#primaryimage"},"thumbnailUrl":"https:\/\/portaltela.pt\/s.01k8rhncp4jt1\/2026\/04\/img_1280x721uu2026-04-18-18-24-48-2279446.jpg","datePublished":"2026-04-19T16:32:39+00:00","author":{"@id":"https:\/\/portaltela.pt\/#\/schema\/person\/c4278d4a6028830caff9ee44b42d32ed"},"breadcrumb":{"@id":"https:\/\/portaltela.pt\/noticias\/2026\/04\/19\/castas-viajantes-a-identidade-portuguesa-no-mundo\/#breadcrumb"},"inLanguage":"pt-PT","potentialAction":[{"@type":"ReadAction","target":["https:\/\/portaltela.pt\/noticias\/2026\/04\/19\/castas-viajantes-a-identidade-portuguesa-no-mundo\/"]}]},{"@type":"ImageObject","inLanguage":"pt-PT","@id":"https:\/\/portaltela.pt\/noticias\/2026\/04\/19\/castas-viajantes-a-identidade-portuguesa-no-mundo\/#primaryimage","url":"https:\/\/portaltela.pt\/s.01k8rhncp4jt1\/2026\/04\/img_1280x721uu2026-04-18-18-24-48-2279446.jpg","contentUrl":"https:\/\/portaltela.pt\/s.01k8rhncp4jt1\/2026\/04\/img_1280x721uu2026-04-18-18-24-48-2279446.jpg","width":796,"height":448,"caption":"J\u00e1 houve um tempo em que as vinhas portuguesas recebiam de bra\u00e7os abertos as castas que vinham de fora."},{"@type":"BreadcrumbList","@id":"https:\/\/portaltela.pt\/noticias\/2026\/04\/19\/castas-viajantes-a-identidade-portuguesa-no-mundo\/#breadcrumb","itemListElement":[{"@type":"ListItem","position":1,"name":"In\u00edcio","item":"https:\/\/portaltela.pt\/"},{"@type":"ListItem","position":2,"name":"Castas viajantes: a identidade portuguesa no mundo"}]},{"@type":"WebSite","@id":"https:\/\/portaltela.pt\/#website","url":"https:\/\/portaltela.pt\/","name":"Portal Tela Portugal","description":"","potentialAction":[{"@type":"SearchAction","target":{"@type":"EntryPoint","urlTemplate":"https:\/\/portaltela.pt\/?s={search_term_string}"},"query-input":{"@type":"PropertyValueSpecification","valueRequired":true,"valueName":"search_term_string"}}],"inLanguage":"pt-PT"},{"@type":"Person","@id":"https:\/\/portaltela.pt\/#\/schema\/person\/c4278d4a6028830caff9ee44b42d32ed","name":"Telinha","image":{"@type":"ImageObject","inLanguage":"pt-PT","@id":"https:\/\/portaltela.pt\/s.01k8rhncp4jt1\/2025\/11\/talking-bot-125x125.png","url":"https:\/\/portaltela.pt\/s.01k8rhncp4jt1\/2025\/11\/talking-bot-125x125.png","contentUrl":"https:\/\/portaltela.pt\/s.01k8rhncp4jt1\/2025\/11\/talking-bot-125x125.png","caption":"Telinha"},"sameAs":["https:\/\/portaltela.pt\/"],"url":"https:\/\/portaltela.pt\/por\/367410592786\/"}]}},"_links":{"self":[{"href":"https:\/\/portaltela.pt\/api\/wp\/v2\/posts\/450123","targetHints":{"allow":["GET"]}}],"collection":[{"href":"https:\/\/portaltela.pt\/api\/wp\/v2\/posts"}],"about":[{"href":"https:\/\/portaltela.pt\/api\/wp\/v2\/types\/post"}],"author":[{"embeddable":true,"href":"https:\/\/portaltela.pt\/api\/wp\/v2\/users\/2"}],"replies":[{"embeddable":true,"href":"https:\/\/portaltela.pt\/api\/wp\/v2\/comments?post=450123"}],"version-history":[{"count":0,"href":"https:\/\/portaltela.pt\/api\/wp\/v2\/posts\/450123\/revisions"}],"wp:featuredmedia":[{"embeddable":true,"href":"https:\/\/portaltela.pt\/api\/wp\/v2\/media\/450128"}],"wp:attachment":[{"href":"https:\/\/portaltela.pt\/api\/wp\/v2\/media?parent=450123"}],"wp:term":[{"taxonomy":"category","embeddable":true,"href":"https:\/\/portaltela.pt\/api\/wp\/v2\/categories?post=450123"},{"taxonomy":"post_tag","embeddable":true,"href":"https:\/\/portaltela.pt\/api\/wp\/v2\/tags?post=450123"}],"curies":[{"name":"wp","href":"https:\/\/api.w.org\/{rel}","templated":true}]}}