{"id":450121,"date":"2026-04-19T13:32:38","date_gmt":"2026-04-19T16:32:38","guid":{"rendered":"https:\/\/portaltela.pt\/noticias\/2026\/04\/19\/redes-sociais-alteram-o-costume-de-contar-anedotas\/"},"modified":"2026-04-19T13:32:38","modified_gmt":"2026-04-19T16:32:38","slug":"redes-sociais-alteram-o-costume-de-contar-anedotas","status":"publish","type":"post","link":"https:\/\/portaltela.pt\/tecnologia\/2026\/04\/19\/redes-sociais-alteram-o-costume-de-contar-anedotas\/","title":{"rendered":"Redes sociais alteram o costume de contar anedotas"},"content":{"rendered":"<p>Num texto de opini\u00e3o divulgado online, o autor afirma ter chegado \u00e0 conclus\u00e3o de que as redes sociais n\u00e3o causam apenas preju\u00edzos para a vida em sociedade, apresentando tamb\u00e9m poss\u00edveis efeitos positivos.<\/p>\n<p>O autor sustenta que \u00e9 preciso analisar os detalhes com aten\u00e7\u00e3o, para evitar julgamentos injustos contra pessoas inocentes ou com menos forma\u00e7\u00e3o intelectual. O objetivo \u00e9 compreender os impactos das redes de forma equilibrada.<\/p>\n<p>Segundo o autor, a an\u00e1lise cuidadosa dos pormenores permite reconhecer que as redes sociais podem ter utilidade na pr\u00e1tica quotidiana, bem como apresentar riscos. A reflex\u00e3o prop\u00f5e uma avalia\u00e7\u00e3o mais ampla das suas consequ\u00eancias.<\/p>\n<p>A publica\u00e7\u00e3o n\u00e3o especifica datas, locais ou credenciais do autor, limitando-se a expor uma conclus\u00e3o sobre o tema. O texto serve como ponto de partida para um debate mais amplo sobre o papel das plataformas na conviv\u00eancia social.<\/p>\n","protected":false},"excerpt":{"rendered":"<ul>\n<li>O autor afirma que as redes sociais n\u00e3o t\u00eam apenas preju\u00edzos para a vida em sociedade.<\/li>\n<li>A conclus\u00e3o resulta de uma reflex\u00e3o sobre pormenores observados recentemente.<\/li>\n<li>O texto surge na perspetiva de querer fazer o bem e transmitir uma mensagem de otimismo.<\/li>\n<li>O autor diz ter chegado \u00e0 conclus\u00e3o ap\u00f3s attentive observa\u00e7\u00e3o, sem convencer quem discorda.<\/li>\n<li>O trecho n\u00e3o apresenta dados ou factos verific\u00e1veis adicionais.<\/li>\n<\/ul>\n","protected":false},"author":2,"featured_media":450126,"comment_status":"closed","ping_status":"closed","sticky":false,"template":"","format":"standard","meta":{"footnotes":""},"categories":[6871,6716],"tags":[5804,5326,5563,6126,88,2318],"class_list":["post-450121","post","type-post","status-publish","format-standard","has-post-thumbnail","hentry","category-sociedade","category-tecnologia","tag-comunicacao-institucional","tag-comunicacao-social","tag-informacao-publica","tag-publico","tag-redes-sociais","tag-sociedade"],"yoast_head":"<!-- This site is optimized with the Yoast SEO plugin v27.2 - https:\/\/yoast.com\/product\/yoast-seo-wordpress\/ -->\n<title>Redes sociais alteram o costume de contar anedotas - Portal Tela Portugal<\/title>\n<meta name=\"robots\" content=\"index, follow, max-snippet:-1, max-image-preview:large, max-video-preview:-1\" \/>\n<meta property=\"og:locale\" content=\"pt_PT\" \/>\n<meta property=\"og:type\" content=\"article\" \/>\n<meta property=\"og:title\" content=\"Redes sociais alteram o costume de contar anedotas - Portal Tela Portugal\" \/>\n<meta property=\"og:description\" content=\"O autor afirma que as redes sociais n\u00e3o t\u00eam apenas preju\u00edzos para a vida em sociedade. A conclus\u00e3o resulta de uma reflex\u00e3o sobre pormenores observados recentemente. O texto surge na perspetiva de querer fazer o bem e transmitir uma mensagem de otimismo. O autor diz ter chegado \u00e0 conclus\u00e3o ap\u00f3s attentive observa\u00e7\u00e3o, sem convencer quem discorda. O trecho n\u00e3o apresenta dados ou factos verific\u00e1veis adicionais.\" \/>\n<meta property=\"og:url\" content=\"https:\/\/portaltela.pt\/noticias\/2026\/04\/19\/redes-sociais-alteram-o-costume-de-contar-anedotas\/\" \/>\n<meta property=\"og:site_name\" content=\"Portal Tela Portugal\" \/>\n<meta property=\"article:published_time\" content=\"2026-04-19T16:32:38+00:00\" \/>\n<meta name=\"author\" content=\"Telinha\" \/>\n<meta name=\"twitter:card\" content=\"summary_large_image\" \/>\n<meta name=\"twitter:label1\" content=\"Escrito por\" \/>\n\t<meta name=\"twitter:data1\" content=\"Telinha\" \/>\n\t<meta name=\"twitter:label2\" content=\"Tempo estimado de leitura\" \/>\n\t<meta name=\"twitter:data2\" content=\"1 minuto\" \/>\n<script type=\"application\/ld+json\" class=\"yoast-schema-graph\">{\"@context\":\"https:\/\/schema.org\",\"@graph\":[{\"@type\":\"Article\",\"@id\":\"https:\/\/portaltela.pt\/noticias\/2026\/04\/19\/redes-sociais-alteram-o-costume-de-contar-anedotas\/#article\",\"isPartOf\":{\"@id\":\"https:\/\/portaltela.pt\/noticias\/2026\/04\/19\/redes-sociais-alteram-o-costume-de-contar-anedotas\/\"},\"author\":{\"name\":\"Telinha\",\"@id\":\"https:\/\/portaltela.pt\/#\/schema\/person\/c4278d4a6028830caff9ee44b42d32ed\"},\"headline\":\"Redes sociais alteram o costume de contar anedotas\",\"datePublished\":\"2026-04-19T16:32:38+00:00\",\"mainEntityOfPage\":{\"@id\":\"https:\/\/portaltela.pt\/noticias\/2026\/04\/19\/redes-sociais-alteram-o-costume-de-contar-anedotas\/\"},\"wordCount\":161,\"image\":{\"@id\":\"https:\/\/portaltela.pt\/noticias\/2026\/04\/19\/redes-sociais-alteram-o-costume-de-contar-anedotas\/#primaryimage\"},\"thumbnailUrl\":\"https:\/\/portaltela.pt\/s.01k8rhncp4jt1\/2026\/04\/img_1280x721uu2026-04-18-18-05-54-2279425.jpg\",\"keywords\":[\"comunica\u00e7\u00e3o institucional\",\"comunica\u00e7\u00e3o social\",\"informa\u00e7\u00e3o p\u00fablica\",\"p\u00fablico\",\"redes sociais\",\"sociedade\"],\"articleSection\":[\"Sociedade\",\"Tecnologia\"],\"inLanguage\":\"pt-PT\"},{\"@type\":\"WebPage\",\"@id\":\"https:\/\/portaltela.pt\/noticias\/2026\/04\/19\/redes-sociais-alteram-o-costume-de-contar-anedotas\/\",\"url\":\"https:\/\/portaltela.pt\/noticias\/2026\/04\/19\/redes-sociais-alteram-o-costume-de-contar-anedotas\/\",\"name\":\"Redes sociais alteram o costume de contar anedotas - Portal Tela Portugal\",\"isPartOf\":{\"@id\":\"https:\/\/portaltela.pt\/#website\"},\"primaryImageOfPage\":{\"@id\":\"https:\/\/portaltela.pt\/noticias\/2026\/04\/19\/redes-sociais-alteram-o-costume-de-contar-anedotas\/#primaryimage\"},\"image\":{\"@id\":\"https:\/\/portaltela.pt\/noticias\/2026\/04\/19\/redes-sociais-alteram-o-costume-de-contar-anedotas\/#primaryimage\"},\"thumbnailUrl\":\"https:\/\/portaltela.pt\/s.01k8rhncp4jt1\/2026\/04\/img_1280x721uu2026-04-18-18-05-54-2279425.jpg\",\"datePublished\":\"2026-04-19T16:32:38+00:00\",\"author\":{\"@id\":\"https:\/\/portaltela.pt\/#\/schema\/person\/c4278d4a6028830caff9ee44b42d32ed\"},\"breadcrumb\":{\"@id\":\"https:\/\/portaltela.pt\/noticias\/2026\/04\/19\/redes-sociais-alteram-o-costume-de-contar-anedotas\/#breadcrumb\"},\"inLanguage\":\"pt-PT\",\"potentialAction\":[{\"@type\":\"ReadAction\",\"target\":[\"https:\/\/portaltela.pt\/noticias\/2026\/04\/19\/redes-sociais-alteram-o-costume-de-contar-anedotas\/\"]}]},{\"@type\":\"ImageObject\",\"inLanguage\":\"pt-PT\",\"@id\":\"https:\/\/portaltela.pt\/noticias\/2026\/04\/19\/redes-sociais-alteram-o-costume-de-contar-anedotas\/#primaryimage\",\"url\":\"https:\/\/portaltela.pt\/s.01k8rhncp4jt1\/2026\/04\/img_1280x721uu2026-04-18-18-05-54-2279425.jpg\",\"contentUrl\":\"https:\/\/portaltela.pt\/s.01k8rhncp4jt1\/2026\/04\/img_1280x721uu2026-04-18-18-05-54-2279425.jpg\",\"width\":796,\"height\":448,\"caption\":\"Redes sociais mudam conversas e intera\u00e7\u00f5es sociais\"},{\"@type\":\"BreadcrumbList\",\"@id\":\"https:\/\/portaltela.pt\/noticias\/2026\/04\/19\/redes-sociais-alteram-o-costume-de-contar-anedotas\/#breadcrumb\",\"itemListElement\":[{\"@type\":\"ListItem\",\"position\":1,\"name\":\"In\u00edcio\",\"item\":\"https:\/\/portaltela.pt\/\"},{\"@type\":\"ListItem\",\"position\":2,\"name\":\"Redes sociais alteram o costume de contar anedotas\"}]},{\"@type\":\"WebSite\",\"@id\":\"https:\/\/portaltela.pt\/#website\",\"url\":\"https:\/\/portaltela.pt\/\",\"name\":\"Portal Tela Portugal\",\"description\":\"\",\"potentialAction\":[{\"@type\":\"SearchAction\",\"target\":{\"@type\":\"EntryPoint\",\"urlTemplate\":\"https:\/\/portaltela.pt\/?s={search_term_string}\"},\"query-input\":{\"@type\":\"PropertyValueSpecification\",\"valueRequired\":true,\"valueName\":\"search_term_string\"}}],\"inLanguage\":\"pt-PT\"},{\"@type\":\"Person\",\"@id\":\"https:\/\/portaltela.pt\/#\/schema\/person\/c4278d4a6028830caff9ee44b42d32ed\",\"name\":\"Telinha\",\"image\":{\"@type\":\"ImageObject\",\"inLanguage\":\"pt-PT\",\"@id\":\"https:\/\/portaltela.pt\/s.01k8rhncp4jt1\/2025\/11\/talking-bot-125x125.png\",\"url\":\"https:\/\/portaltela.pt\/s.01k8rhncp4jt1\/2025\/11\/talking-bot-125x125.png\",\"contentUrl\":\"https:\/\/portaltela.pt\/s.01k8rhncp4jt1\/2025\/11\/talking-bot-125x125.png\",\"caption\":\"Telinha\"},\"sameAs\":[\"https:\/\/portaltela.pt\/\"],\"url\":\"https:\/\/portaltela.pt\/por\/367410592786\/\"}]}<\/script>\n<!-- \/ Yoast SEO plugin. -->","yoast_head_json":{"title":"Redes sociais alteram o costume de contar anedotas - Portal Tela Portugal","robots":{"index":"index","follow":"follow","max-snippet":"max-snippet:-1","max-image-preview":"max-image-preview:large","max-video-preview":"max-video-preview:-1"},"og_locale":"pt_PT","og_type":"article","og_title":"Redes sociais alteram o costume de contar anedotas - Portal Tela Portugal","og_description":"O autor afirma que as redes sociais n\u00e3o t\u00eam apenas preju\u00edzos para a vida em sociedade. A conclus\u00e3o resulta de uma reflex\u00e3o sobre pormenores observados recentemente. O texto surge na perspetiva de querer fazer o bem e transmitir uma mensagem de otimismo. O autor diz ter chegado \u00e0 conclus\u00e3o ap\u00f3s attentive observa\u00e7\u00e3o, sem convencer quem discorda. O trecho n\u00e3o apresenta dados ou factos verific\u00e1veis adicionais.","og_url":"https:\/\/portaltela.pt\/noticias\/2026\/04\/19\/redes-sociais-alteram-o-costume-de-contar-anedotas\/","og_site_name":"Portal Tela Portugal","article_published_time":"2026-04-19T16:32:38+00:00","author":"Telinha","twitter_card":"summary_large_image","twitter_misc":{"Escrito por":"Telinha","Tempo estimado de leitura":"1 minuto"},"schema":{"@context":"https:\/\/schema.org","@graph":[{"@type":"Article","@id":"https:\/\/portaltela.pt\/noticias\/2026\/04\/19\/redes-sociais-alteram-o-costume-de-contar-anedotas\/#article","isPartOf":{"@id":"https:\/\/portaltela.pt\/noticias\/2026\/04\/19\/redes-sociais-alteram-o-costume-de-contar-anedotas\/"},"author":{"name":"Telinha","@id":"https:\/\/portaltela.pt\/#\/schema\/person\/c4278d4a6028830caff9ee44b42d32ed"},"headline":"Redes sociais alteram o costume de contar anedotas","datePublished":"2026-04-19T16:32:38+00:00","mainEntityOfPage":{"@id":"https:\/\/portaltela.pt\/noticias\/2026\/04\/19\/redes-sociais-alteram-o-costume-de-contar-anedotas\/"},"wordCount":161,"image":{"@id":"https:\/\/portaltela.pt\/noticias\/2026\/04\/19\/redes-sociais-alteram-o-costume-de-contar-anedotas\/#primaryimage"},"thumbnailUrl":"https:\/\/portaltela.pt\/s.01k8rhncp4jt1\/2026\/04\/img_1280x721uu2026-04-18-18-05-54-2279425.jpg","keywords":["comunica\u00e7\u00e3o institucional","comunica\u00e7\u00e3o social","informa\u00e7\u00e3o p\u00fablica","p\u00fablico","redes sociais","sociedade"],"articleSection":["Sociedade","Tecnologia"],"inLanguage":"pt-PT"},{"@type":"WebPage","@id":"https:\/\/portaltela.pt\/noticias\/2026\/04\/19\/redes-sociais-alteram-o-costume-de-contar-anedotas\/","url":"https:\/\/portaltela.pt\/noticias\/2026\/04\/19\/redes-sociais-alteram-o-costume-de-contar-anedotas\/","name":"Redes sociais alteram o costume de contar anedotas - Portal Tela Portugal","isPartOf":{"@id":"https:\/\/portaltela.pt\/#website"},"primaryImageOfPage":{"@id":"https:\/\/portaltela.pt\/noticias\/2026\/04\/19\/redes-sociais-alteram-o-costume-de-contar-anedotas\/#primaryimage"},"image":{"@id":"https:\/\/portaltela.pt\/noticias\/2026\/04\/19\/redes-sociais-alteram-o-costume-de-contar-anedotas\/#primaryimage"},"thumbnailUrl":"https:\/\/portaltela.pt\/s.01k8rhncp4jt1\/2026\/04\/img_1280x721uu2026-04-18-18-05-54-2279425.jpg","datePublished":"2026-04-19T16:32:38+00:00","author":{"@id":"https:\/\/portaltela.pt\/#\/schema\/person\/c4278d4a6028830caff9ee44b42d32ed"},"breadcrumb":{"@id":"https:\/\/portaltela.pt\/noticias\/2026\/04\/19\/redes-sociais-alteram-o-costume-de-contar-anedotas\/#breadcrumb"},"inLanguage":"pt-PT","potentialAction":[{"@type":"ReadAction","target":["https:\/\/portaltela.pt\/noticias\/2026\/04\/19\/redes-sociais-alteram-o-costume-de-contar-anedotas\/"]}]},{"@type":"ImageObject","inLanguage":"pt-PT","@id":"https:\/\/portaltela.pt\/noticias\/2026\/04\/19\/redes-sociais-alteram-o-costume-de-contar-anedotas\/#primaryimage","url":"https:\/\/portaltela.pt\/s.01k8rhncp4jt1\/2026\/04\/img_1280x721uu2026-04-18-18-05-54-2279425.jpg","contentUrl":"https:\/\/portaltela.pt\/s.01k8rhncp4jt1\/2026\/04\/img_1280x721uu2026-04-18-18-05-54-2279425.jpg","width":796,"height":448,"caption":"Redes sociais mudam conversas e intera\u00e7\u00f5es sociais"},{"@type":"BreadcrumbList","@id":"https:\/\/portaltela.pt\/noticias\/2026\/04\/19\/redes-sociais-alteram-o-costume-de-contar-anedotas\/#breadcrumb","itemListElement":[{"@type":"ListItem","position":1,"name":"In\u00edcio","item":"https:\/\/portaltela.pt\/"},{"@type":"ListItem","position":2,"name":"Redes sociais alteram o costume de contar anedotas"}]},{"@type":"WebSite","@id":"https:\/\/portaltela.pt\/#website","url":"https:\/\/portaltela.pt\/","name":"Portal Tela Portugal","description":"","potentialAction":[{"@type":"SearchAction","target":{"@type":"EntryPoint","urlTemplate":"https:\/\/portaltela.pt\/?s={search_term_string}"},"query-input":{"@type":"PropertyValueSpecification","valueRequired":true,"valueName":"search_term_string"}}],"inLanguage":"pt-PT"},{"@type":"Person","@id":"https:\/\/portaltela.pt\/#\/schema\/person\/c4278d4a6028830caff9ee44b42d32ed","name":"Telinha","image":{"@type":"ImageObject","inLanguage":"pt-PT","@id":"https:\/\/portaltela.pt\/s.01k8rhncp4jt1\/2025\/11\/talking-bot-125x125.png","url":"https:\/\/portaltela.pt\/s.01k8rhncp4jt1\/2025\/11\/talking-bot-125x125.png","contentUrl":"https:\/\/portaltela.pt\/s.01k8rhncp4jt1\/2025\/11\/talking-bot-125x125.png","caption":"Telinha"},"sameAs":["https:\/\/portaltela.pt\/"],"url":"https:\/\/portaltela.pt\/por\/367410592786\/"}]}},"_links":{"self":[{"href":"https:\/\/portaltela.pt\/api\/wp\/v2\/posts\/450121","targetHints":{"allow":["GET"]}}],"collection":[{"href":"https:\/\/portaltela.pt\/api\/wp\/v2\/posts"}],"about":[{"href":"https:\/\/portaltela.pt\/api\/wp\/v2\/types\/post"}],"author":[{"embeddable":true,"href":"https:\/\/portaltela.pt\/api\/wp\/v2\/users\/2"}],"replies":[{"embeddable":true,"href":"https:\/\/portaltela.pt\/api\/wp\/v2\/comments?post=450121"}],"version-history":[{"count":0,"href":"https:\/\/portaltela.pt\/api\/wp\/v2\/posts\/450121\/revisions"}],"wp:featuredmedia":[{"embeddable":true,"href":"https:\/\/portaltela.pt\/api\/wp\/v2\/media\/450126"}],"wp:attachment":[{"href":"https:\/\/portaltela.pt\/api\/wp\/v2\/media?parent=450121"}],"wp:term":[{"taxonomy":"category","embeddable":true,"href":"https:\/\/portaltela.pt\/api\/wp\/v2\/categories?post=450121"},{"taxonomy":"post_tag","embeddable":true,"href":"https:\/\/portaltela.pt\/api\/wp\/v2\/tags?post=450121"}],"curies":[{"name":"wp","href":"https:\/\/api.w.org\/{rel}","templated":true}]}}