{"id":450112,"date":"2026-04-19T13:32:33","date_gmt":"2026-04-19T16:32:33","guid":{"rendered":"https:\/\/portaltela.pt\/noticias\/2026\/04\/19\/orador-de-alvalade-anuncia-atraso-no-derbi-adeptos-e-prestianni-aponta-a-camara\/"},"modified":"2026-04-19T13:32:33","modified_gmt":"2026-04-19T16:32:33","slug":"orador-de-alvalade-anuncia-atraso-no-derbi-adeptos-e-prestianni-aponta-a-camara","status":"publish","type":"post","link":"https:\/\/portaltela.pt\/desporto\/futebol\/2026\/04\/19\/orador-de-alvalade-anuncia-atraso-no-derbi-adeptos-e-prestianni-aponta-a-camara\/","title":{"rendered":"Orador de Alvalade anuncia atraso no d\u00e9rbi; adeptos e Prestianni aponta a c\u00e2mara"},"content":{"rendered":"<p>O d\u00e9rbi entre Sporting e Benfica, inicialmente marcado para as 17h30, come\u00e7ou com 15 minutos de atraso. O speaker de Alvalade anunciou a decis\u00e3o, citando quest\u00f5es log\u00edsticas e de seguran\u00e7a. Local: Est\u00e1dio de Alvalade, em Lisboa.<\/p>\n<p>Atraso gerou barulho e protestos dos adeptos presentes, que criaram um ambiente de grande expectativa. A comunica\u00e7\u00e3o do atraso foi feita pelo speaker, com resposta r\u00e1pida \u00e0s manifesta\u00e7\u00f5es no recinto.<\/p>\n<p>Prestianni foi visto a apontar a c\u00e2mara para os adeptos durante o momento, gesto que chamou a aten\u00e7\u00e3o da emiss\u00e3o. O jogo iniciou \u00e0s 17h45, mantendo a rivalidade habitual e a aten\u00e7\u00e3o do p\u00fablico.<\/p>\n","protected":false},"excerpt":{"rendered":"<ul>\n<li>O d\u00e9rbi entre Sporting e Benfica come\u00e7ou com 15 minutos de atraso, anunciados pelo speaker de Alvalade.<\/li>\n<li>A decis\u00e3o foi apresentada como consequ\u00eancia de quest\u00f5es log\u00edsticas e de seguran\u00e7a.<\/li>\n<li>Adeptos presentes no est\u00e1dio fizeram barulho e protestaram durante a espera pelo in\u00edcio.<\/li>\n<li>Prestianni foi visto a apontar a c\u00e2mara para os adeptos, chamando a aten\u00e7\u00e3o para esse momento.<\/li>\n<li>O jogo, inicialmente marcado para as 17h30, arrancou apenas \u00e0s 17h45, gerando grande expectativa e rivalidade.<\/li>\n<\/ul>\n","protected":false},"author":2,"featured_media":450118,"comment_status":"closed","ping_status":"closed","sticky":false,"template":"","format":"standard","meta":{"footnotes":""},"categories":[21,24],"tags":[8350,4143,1588,1946,3817,1652],"class_list":["post-450112","post","type-post","status-publish","format-standard","has-post-thumbnail","hentry","category-desporto","category-futebol","tag-_adeptos","tag-1-liga","tag-alvalade","tag-benfica","tag-prestianni","tag-sporting"],"yoast_head":"<!-- This site is optimized with the Yoast SEO plugin v27.2 - https:\/\/yoast.com\/product\/yoast-seo-wordpress\/ -->\n<title>Orador de Alvalade anuncia atraso no d\u00e9rbi; adeptos e Prestianni aponta a c\u00e2mara - Portal Tela Portugal<\/title>\n<meta name=\"robots\" content=\"index, follow, max-snippet:-1, max-image-preview:large, max-video-preview:-1\" \/>\n<meta property=\"og:locale\" content=\"pt_PT\" \/>\n<meta property=\"og:type\" content=\"article\" \/>\n<meta property=\"og:title\" content=\"Orador de Alvalade anuncia atraso no d\u00e9rbi; adeptos e Prestianni aponta a c\u00e2mara - Portal Tela Portugal\" \/>\n<meta property=\"og:description\" content=\"O d\u00e9rbi entre Sporting e Benfica come\u00e7ou com 15 minutos de atraso, anunciados pelo speaker de Alvalade. A decis\u00e3o foi apresentada como consequ\u00eancia de quest\u00f5es log\u00edsticas e de seguran\u00e7a. Adeptos presentes no est\u00e1dio fizeram barulho e protestaram durante a espera pelo in\u00edcio. Prestianni foi visto a apontar a c\u00e2mara para os adeptos, chamando a aten\u00e7\u00e3o para esse momento. O jogo, inicialmente marcado para as 17h30, arrancou apenas \u00e0s 17h45, gerando grande expectativa e rivalidade.\" \/>\n<meta property=\"og:url\" content=\"https:\/\/portaltela.pt\/noticias\/2026\/04\/19\/orador-de-alvalade-anuncia-atraso-no-derbi-adeptos-e-prestianni-aponta-a-camara\/\" \/>\n<meta property=\"og:site_name\" content=\"Portal Tela Portugal\" \/>\n<meta property=\"article:published_time\" content=\"2026-04-19T16:32:33+00:00\" \/>\n<meta name=\"author\" content=\"Telinha\" \/>\n<meta name=\"twitter:card\" content=\"summary_large_image\" \/>\n<meta name=\"twitter:label1\" content=\"Escrito por\" \/>\n\t<meta name=\"twitter:data1\" content=\"Telinha\" \/>\n\t<meta name=\"twitter:label2\" content=\"Tempo estimado de leitura\" \/>\n\t<meta name=\"twitter:data2\" content=\"1 minuto\" \/>\n<script type=\"application\/ld+json\" class=\"yoast-schema-graph\">{\"@context\":\"https:\/\/schema.org\",\"@graph\":[{\"@type\":\"Article\",\"@id\":\"https:\/\/portaltela.pt\/noticias\/2026\/04\/19\/orador-de-alvalade-anuncia-atraso-no-derbi-adeptos-e-prestianni-aponta-a-camara\/#article\",\"isPartOf\":{\"@id\":\"https:\/\/portaltela.pt\/noticias\/2026\/04\/19\/orador-de-alvalade-anuncia-atraso-no-derbi-adeptos-e-prestianni-aponta-a-camara\/\"},\"author\":{\"name\":\"Telinha\",\"@id\":\"https:\/\/portaltela.pt\/#\/schema\/person\/c4278d4a6028830caff9ee44b42d32ed\"},\"headline\":\"Orador de Alvalade anuncia atraso no d\u00e9rbi; adeptos e Prestianni aponta a c\u00e2mara\",\"datePublished\":\"2026-04-19T16:32:33+00:00\",\"mainEntityOfPage\":{\"@id\":\"https:\/\/portaltela.pt\/noticias\/2026\/04\/19\/orador-de-alvalade-anuncia-atraso-no-derbi-adeptos-e-prestianni-aponta-a-camara\/\"},\"wordCount\":129,\"image\":{\"@id\":\"https:\/\/portaltela.pt\/noticias\/2026\/04\/19\/orador-de-alvalade-anuncia-atraso-no-derbi-adeptos-e-prestianni-aponta-a-camara\/#primaryimage\"},\"thumbnailUrl\":\"https:\/\/portaltela.pt\/s.01k8rhncp4jt1\/2026\/04\/img_1200x721uu2026-04-19-17-28-07-2434049.jpg\",\"keywords\":[\"_adeptos\",\"1. Liga\",\"Alvalade\",\"Benfica\",\"Prestianni\",\"Sporting\"],\"articleSection\":[\"Desporto\",\"Futebol\"],\"inLanguage\":\"pt-PT\"},{\"@type\":\"WebPage\",\"@id\":\"https:\/\/portaltela.pt\/noticias\/2026\/04\/19\/orador-de-alvalade-anuncia-atraso-no-derbi-adeptos-e-prestianni-aponta-a-camara\/\",\"url\":\"https:\/\/portaltela.pt\/noticias\/2026\/04\/19\/orador-de-alvalade-anuncia-atraso-no-derbi-adeptos-e-prestianni-aponta-a-camara\/\",\"name\":\"Orador de Alvalade anuncia atraso no d\u00e9rbi; adeptos e Prestianni aponta a c\u00e2mara - Portal Tela Portugal\",\"isPartOf\":{\"@id\":\"https:\/\/portaltela.pt\/#website\"},\"primaryImageOfPage\":{\"@id\":\"https:\/\/portaltela.pt\/noticias\/2026\/04\/19\/orador-de-alvalade-anuncia-atraso-no-derbi-adeptos-e-prestianni-aponta-a-camara\/#primaryimage\"},\"image\":{\"@id\":\"https:\/\/portaltela.pt\/noticias\/2026\/04\/19\/orador-de-alvalade-anuncia-atraso-no-derbi-adeptos-e-prestianni-aponta-a-camara\/#primaryimage\"},\"thumbnailUrl\":\"https:\/\/portaltela.pt\/s.01k8rhncp4jt1\/2026\/04\/img_1200x721uu2026-04-19-17-28-07-2434049.jpg\",\"datePublished\":\"2026-04-19T16:32:33+00:00\",\"author\":{\"@id\":\"https:\/\/portaltela.pt\/#\/schema\/person\/c4278d4a6028830caff9ee44b42d32ed\"},\"breadcrumb\":{\"@id\":\"https:\/\/portaltela.pt\/noticias\/2026\/04\/19\/orador-de-alvalade-anuncia-atraso-no-derbi-adeptos-e-prestianni-aponta-a-camara\/#breadcrumb\"},\"inLanguage\":\"pt-PT\",\"potentialAction\":[{\"@type\":\"ReadAction\",\"target\":[\"https:\/\/portaltela.pt\/noticias\/2026\/04\/19\/orador-de-alvalade-anuncia-atraso-no-derbi-adeptos-e-prestianni-aponta-a-camara\/\"]}]},{\"@type\":\"ImageObject\",\"inLanguage\":\"pt-PT\",\"@id\":\"https:\/\/portaltela.pt\/noticias\/2026\/04\/19\/orador-de-alvalade-anuncia-atraso-no-derbi-adeptos-e-prestianni-aponta-a-camara\/#primaryimage\",\"url\":\"https:\/\/portaltela.pt\/s.01k8rhncp4jt1\/2026\/04\/img_1200x721uu2026-04-19-17-28-07-2434049.jpg\",\"contentUrl\":\"https:\/\/portaltela.pt\/s.01k8rhncp4jt1\/2026\/04\/img_1200x721uu2026-04-19-17-28-07-2434049.jpg\",\"width\":796,\"height\":448,\"caption\":\"Speaker de Alvalade anuncia atraso no d\u00e9rbi, adeptos fazem barulho e Prestianni... aponta-lhes a c\u00e2mara\"},{\"@type\":\"BreadcrumbList\",\"@id\":\"https:\/\/portaltela.pt\/noticias\/2026\/04\/19\/orador-de-alvalade-anuncia-atraso-no-derbi-adeptos-e-prestianni-aponta-a-camara\/#breadcrumb\",\"itemListElement\":[{\"@type\":\"ListItem\",\"position\":1,\"name\":\"In\u00edcio\",\"item\":\"https:\/\/portaltela.pt\/\"},{\"@type\":\"ListItem\",\"position\":2,\"name\":\"Orador de Alvalade anuncia atraso no d\u00e9rbi; adeptos e Prestianni aponta a c\u00e2mara\"}]},{\"@type\":\"WebSite\",\"@id\":\"https:\/\/portaltela.pt\/#website\",\"url\":\"https:\/\/portaltela.pt\/\",\"name\":\"Portal Tela Portugal\",\"description\":\"\",\"potentialAction\":[{\"@type\":\"SearchAction\",\"target\":{\"@type\":\"EntryPoint\",\"urlTemplate\":\"https:\/\/portaltela.pt\/?s={search_term_string}\"},\"query-input\":{\"@type\":\"PropertyValueSpecification\",\"valueRequired\":true,\"valueName\":\"search_term_string\"}}],\"inLanguage\":\"pt-PT\"},{\"@type\":\"Person\",\"@id\":\"https:\/\/portaltela.pt\/#\/schema\/person\/c4278d4a6028830caff9ee44b42d32ed\",\"name\":\"Telinha\",\"image\":{\"@type\":\"ImageObject\",\"inLanguage\":\"pt-PT\",\"@id\":\"https:\/\/portaltela.pt\/s.01k8rhncp4jt1\/2025\/11\/talking-bot-125x125.png\",\"url\":\"https:\/\/portaltela.pt\/s.01k8rhncp4jt1\/2025\/11\/talking-bot-125x125.png\",\"contentUrl\":\"https:\/\/portaltela.pt\/s.01k8rhncp4jt1\/2025\/11\/talking-bot-125x125.png\",\"caption\":\"Telinha\"},\"sameAs\":[\"https:\/\/portaltela.pt\/\"],\"url\":\"https:\/\/portaltela.pt\/por\/367410592786\/\"}]}<\/script>\n<!-- \/ Yoast SEO plugin. -->","yoast_head_json":{"title":"Orador de Alvalade anuncia atraso no d\u00e9rbi; adeptos e Prestianni aponta a c\u00e2mara - Portal Tela Portugal","robots":{"index":"index","follow":"follow","max-snippet":"max-snippet:-1","max-image-preview":"max-image-preview:large","max-video-preview":"max-video-preview:-1"},"og_locale":"pt_PT","og_type":"article","og_title":"Orador de Alvalade anuncia atraso no d\u00e9rbi; adeptos e Prestianni aponta a c\u00e2mara - Portal Tela Portugal","og_description":"O d\u00e9rbi entre Sporting e Benfica come\u00e7ou com 15 minutos de atraso, anunciados pelo speaker de Alvalade. A decis\u00e3o foi apresentada como consequ\u00eancia de quest\u00f5es log\u00edsticas e de seguran\u00e7a. Adeptos presentes no est\u00e1dio fizeram barulho e protestaram durante a espera pelo in\u00edcio. Prestianni foi visto a apontar a c\u00e2mara para os adeptos, chamando a aten\u00e7\u00e3o para esse momento. O jogo, inicialmente marcado para as 17h30, arrancou apenas \u00e0s 17h45, gerando grande expectativa e rivalidade.","og_url":"https:\/\/portaltela.pt\/noticias\/2026\/04\/19\/orador-de-alvalade-anuncia-atraso-no-derbi-adeptos-e-prestianni-aponta-a-camara\/","og_site_name":"Portal Tela Portugal","article_published_time":"2026-04-19T16:32:33+00:00","author":"Telinha","twitter_card":"summary_large_image","twitter_misc":{"Escrito por":"Telinha","Tempo estimado de leitura":"1 minuto"},"schema":{"@context":"https:\/\/schema.org","@graph":[{"@type":"Article","@id":"https:\/\/portaltela.pt\/noticias\/2026\/04\/19\/orador-de-alvalade-anuncia-atraso-no-derbi-adeptos-e-prestianni-aponta-a-camara\/#article","isPartOf":{"@id":"https:\/\/portaltela.pt\/noticias\/2026\/04\/19\/orador-de-alvalade-anuncia-atraso-no-derbi-adeptos-e-prestianni-aponta-a-camara\/"},"author":{"name":"Telinha","@id":"https:\/\/portaltela.pt\/#\/schema\/person\/c4278d4a6028830caff9ee44b42d32ed"},"headline":"Orador de Alvalade anuncia atraso no d\u00e9rbi; adeptos e Prestianni aponta a c\u00e2mara","datePublished":"2026-04-19T16:32:33+00:00","mainEntityOfPage":{"@id":"https:\/\/portaltela.pt\/noticias\/2026\/04\/19\/orador-de-alvalade-anuncia-atraso-no-derbi-adeptos-e-prestianni-aponta-a-camara\/"},"wordCount":129,"image":{"@id":"https:\/\/portaltela.pt\/noticias\/2026\/04\/19\/orador-de-alvalade-anuncia-atraso-no-derbi-adeptos-e-prestianni-aponta-a-camara\/#primaryimage"},"thumbnailUrl":"https:\/\/portaltela.pt\/s.01k8rhncp4jt1\/2026\/04\/img_1200x721uu2026-04-19-17-28-07-2434049.jpg","keywords":["_adeptos","1. Liga","Alvalade","Benfica","Prestianni","Sporting"],"articleSection":["Desporto","Futebol"],"inLanguage":"pt-PT"},{"@type":"WebPage","@id":"https:\/\/portaltela.pt\/noticias\/2026\/04\/19\/orador-de-alvalade-anuncia-atraso-no-derbi-adeptos-e-prestianni-aponta-a-camara\/","url":"https:\/\/portaltela.pt\/noticias\/2026\/04\/19\/orador-de-alvalade-anuncia-atraso-no-derbi-adeptos-e-prestianni-aponta-a-camara\/","name":"Orador de Alvalade anuncia atraso no d\u00e9rbi; adeptos e Prestianni aponta a c\u00e2mara - Portal Tela Portugal","isPartOf":{"@id":"https:\/\/portaltela.pt\/#website"},"primaryImageOfPage":{"@id":"https:\/\/portaltela.pt\/noticias\/2026\/04\/19\/orador-de-alvalade-anuncia-atraso-no-derbi-adeptos-e-prestianni-aponta-a-camara\/#primaryimage"},"image":{"@id":"https:\/\/portaltela.pt\/noticias\/2026\/04\/19\/orador-de-alvalade-anuncia-atraso-no-derbi-adeptos-e-prestianni-aponta-a-camara\/#primaryimage"},"thumbnailUrl":"https:\/\/portaltela.pt\/s.01k8rhncp4jt1\/2026\/04\/img_1200x721uu2026-04-19-17-28-07-2434049.jpg","datePublished":"2026-04-19T16:32:33+00:00","author":{"@id":"https:\/\/portaltela.pt\/#\/schema\/person\/c4278d4a6028830caff9ee44b42d32ed"},"breadcrumb":{"@id":"https:\/\/portaltela.pt\/noticias\/2026\/04\/19\/orador-de-alvalade-anuncia-atraso-no-derbi-adeptos-e-prestianni-aponta-a-camara\/#breadcrumb"},"inLanguage":"pt-PT","potentialAction":[{"@type":"ReadAction","target":["https:\/\/portaltela.pt\/noticias\/2026\/04\/19\/orador-de-alvalade-anuncia-atraso-no-derbi-adeptos-e-prestianni-aponta-a-camara\/"]}]},{"@type":"ImageObject","inLanguage":"pt-PT","@id":"https:\/\/portaltela.pt\/noticias\/2026\/04\/19\/orador-de-alvalade-anuncia-atraso-no-derbi-adeptos-e-prestianni-aponta-a-camara\/#primaryimage","url":"https:\/\/portaltela.pt\/s.01k8rhncp4jt1\/2026\/04\/img_1200x721uu2026-04-19-17-28-07-2434049.jpg","contentUrl":"https:\/\/portaltela.pt\/s.01k8rhncp4jt1\/2026\/04\/img_1200x721uu2026-04-19-17-28-07-2434049.jpg","width":796,"height":448,"caption":"Speaker de Alvalade anuncia atraso no d\u00e9rbi, adeptos fazem barulho e Prestianni... aponta-lhes a c\u00e2mara"},{"@type":"BreadcrumbList","@id":"https:\/\/portaltela.pt\/noticias\/2026\/04\/19\/orador-de-alvalade-anuncia-atraso-no-derbi-adeptos-e-prestianni-aponta-a-camara\/#breadcrumb","itemListElement":[{"@type":"ListItem","position":1,"name":"In\u00edcio","item":"https:\/\/portaltela.pt\/"},{"@type":"ListItem","position":2,"name":"Orador de Alvalade anuncia atraso no d\u00e9rbi; adeptos e Prestianni aponta a c\u00e2mara"}]},{"@type":"WebSite","@id":"https:\/\/portaltela.pt\/#website","url":"https:\/\/portaltela.pt\/","name":"Portal Tela Portugal","description":"","potentialAction":[{"@type":"SearchAction","target":{"@type":"EntryPoint","urlTemplate":"https:\/\/portaltela.pt\/?s={search_term_string}"},"query-input":{"@type":"PropertyValueSpecification","valueRequired":true,"valueName":"search_term_string"}}],"inLanguage":"pt-PT"},{"@type":"Person","@id":"https:\/\/portaltela.pt\/#\/schema\/person\/c4278d4a6028830caff9ee44b42d32ed","name":"Telinha","image":{"@type":"ImageObject","inLanguage":"pt-PT","@id":"https:\/\/portaltela.pt\/s.01k8rhncp4jt1\/2025\/11\/talking-bot-125x125.png","url":"https:\/\/portaltela.pt\/s.01k8rhncp4jt1\/2025\/11\/talking-bot-125x125.png","contentUrl":"https:\/\/portaltela.pt\/s.01k8rhncp4jt1\/2025\/11\/talking-bot-125x125.png","caption":"Telinha"},"sameAs":["https:\/\/portaltela.pt\/"],"url":"https:\/\/portaltela.pt\/por\/367410592786\/"}]}},"_links":{"self":[{"href":"https:\/\/portaltela.pt\/api\/wp\/v2\/posts\/450112","targetHints":{"allow":["GET"]}}],"collection":[{"href":"https:\/\/portaltela.pt\/api\/wp\/v2\/posts"}],"about":[{"href":"https:\/\/portaltela.pt\/api\/wp\/v2\/types\/post"}],"author":[{"embeddable":true,"href":"https:\/\/portaltela.pt\/api\/wp\/v2\/users\/2"}],"replies":[{"embeddable":true,"href":"https:\/\/portaltela.pt\/api\/wp\/v2\/comments?post=450112"}],"version-history":[{"count":0,"href":"https:\/\/portaltela.pt\/api\/wp\/v2\/posts\/450112\/revisions"}],"wp:featuredmedia":[{"embeddable":true,"href":"https:\/\/portaltela.pt\/api\/wp\/v2\/media\/450118"}],"wp:attachment":[{"href":"https:\/\/portaltela.pt\/api\/wp\/v2\/media?parent=450112"}],"wp:term":[{"taxonomy":"category","embeddable":true,"href":"https:\/\/portaltela.pt\/api\/wp\/v2\/categories?post=450112"},{"taxonomy":"post_tag","embeddable":true,"href":"https:\/\/portaltela.pt\/api\/wp\/v2\/tags?post=450112"}],"curies":[{"name":"wp","href":"https:\/\/api.w.org\/{rel}","templated":true}]}}