{"id":450104,"date":"2026-04-19T13:32:27","date_gmt":"2026-04-19T16:32:27","guid":{"rendered":"https:\/\/portaltela.pt\/noticias\/2026\/04\/19\/lista-alternativa-questiona-falta-de-decisao-da-jurisdicao-sobre-a-queixa\/"},"modified":"2026-04-19T13:32:27","modified_gmt":"2026-04-19T16:32:27","slug":"lista-alternativa-questiona-falta-de-decisao-da-jurisdicao-sobre-a-queixa","status":"publish","type":"post","link":"https:\/\/portaltela.pt\/noticias\/politica\/2026\/04\/19\/lista-alternativa-questiona-falta-de-decisao-da-jurisdicao-sobre-a-queixa\/","title":{"rendered":"Lista alternativa questiona falta de decis\u00e3o da Jurisdi\u00e7\u00e3o sobre a queixa"},"content":{"rendered":"<p>O grupo de subscritores da lista alternativa aos \u00f3rg\u00e3os nacionais do PS apresentou uma queixa \u00e0 Comiss\u00e3o de Jurisdi\u00e7\u00e3o. A queixa diz respeito \u00e0 aceita\u00e7\u00e3o irregular da lista no congresso do PS em Viseu, ocorrido a 28 de Mar\u00e7o. O grupo alega que apenas sete dos 251 nomes previstos constavam na lista, o que motivou a contesta\u00e7\u00e3o.<\/p>\n<p>Ricardo Gon\u00e7alves, antigo deputado por Braga, \u00e9 a figura que moveu a apresenta\u00e7\u00e3o da queixa. O objeto \u00e9 a decis\u00e3o da Comiss\u00e3o Nacional de Jurisdi\u00e7\u00e3o, que ainda n\u00e3o teria emitido uma resolu\u00e7\u00e3o, conforme o grupo. A contesta\u00e7\u00e3o surge precisamente no dia em que o PS re\u00fane a nova Comiss\u00e3o Nacional para legar o Secretariado e a Comiss\u00e3o Pol\u00edtica Nacional.<\/p>\n<h3>Contexto e desdobramentos<\/h3>\n<p>O grupo sustenta que a demora na decis\u00e3o compromete a legalidade do processo e questiona a imparcialidade do tratamento dado ao seu recurso. A situa\u00e7\u00e3o ocorre num momento de reorganiza\u00e7\u00e3o interna do PS, com a forma\u00e7\u00e3o de uma nova equipa dirigente.<\/p>\n<p>A not\u00edcia confirma que o tema permanece em tratamento pelas estruturas competentes do partido, sem divulga\u00e7\u00e3o de prazos para decis\u00e3o. A evolu\u00e7\u00e3o poder\u00e1 influenciar posteriormente a composi\u00e7\u00e3o das listas e as din\u00e2micas internas do PS.<\/p>\n","protected":false},"excerpt":{"rendered":"<ul>\n<li>Um grupo de subscritores da lista alternativa ao PS contestou a decis\u00e3o de n\u00e3o ser aceite no congresso de Viseu, em 28 de mar\u00e7o, alegando ter apenas sete nomes dos 251 necess\u00e1rios.<\/li>\n<li>Apresentaram queixa \u00e0 Comiss\u00e3o de Jurisdi\u00e7\u00e3o do partido.<\/li>\n<li>Criticam a demora da Comiss\u00e3o Nacional de Jurisdi\u00e7\u00e3o em decidir sobre a queixa.<\/li>\n<li>Questionam a imparcialidade do processo, apontando irregularidades no tratamento dado ao seu recurso.<\/li>\n<li>O tema surge no mesmo dia em que o PS reuniu a nova Comiss\u00e3o Nacional para eleger a Comiss\u00e3o Pol\u00edtica Nacional e o Secretariado Nacional.<\/li>\n<\/ul>\n","protected":false},"author":2,"featured_media":450107,"comment_status":"closed","ping_status":"closed","sticky":false,"template":"","format":"standard","meta":{"footnotes":""},"categories":[1,5],"tags":[3776,42,803,2832,7892,2144],"class_list":["post-450104","post","type-post","status-publish","format-standard","has-post-thumbnail","hentry","category-noticias","category-politica","tag-comissao","tag-congresso","tag-justica","tag-politica","tag-politica-interna","tag-ps"],"yoast_head":"<!-- This site is optimized with the Yoast SEO plugin v27.2 - https:\/\/yoast.com\/product\/yoast-seo-wordpress\/ -->\n<title>Lista alternativa questiona falta de decis\u00e3o da Jurisdi\u00e7\u00e3o sobre a queixa - Portal Tela Portugal<\/title>\n<meta name=\"robots\" content=\"index, follow, max-snippet:-1, max-image-preview:large, max-video-preview:-1\" \/>\n<meta property=\"og:locale\" content=\"pt_PT\" \/>\n<meta property=\"og:type\" content=\"article\" \/>\n<meta property=\"og:title\" content=\"Lista alternativa questiona falta de decis\u00e3o da Jurisdi\u00e7\u00e3o sobre a queixa - Portal Tela Portugal\" \/>\n<meta property=\"og:description\" content=\"Um grupo de subscritores da lista alternativa ao PS contestou a decis\u00e3o de n\u00e3o ser aceite no congresso de Viseu, em 28 de mar\u00e7o, alegando ter apenas sete nomes dos 251 necess\u00e1rios. Apresentaram queixa \u00e0 Comiss\u00e3o de Jurisdi\u00e7\u00e3o do partido. Criticam a demora da Comiss\u00e3o Nacional de Jurisdi\u00e7\u00e3o em decidir sobre a queixa. Questionam a imparcialidade do processo, apontando irregularidades no tratamento dado ao seu recurso. O tema surge no mesmo dia em que o PS reuniu a nova Comiss\u00e3o Nacional para eleger a Comiss\u00e3o Pol\u00edtica Nacional e o Secretariado Nacional.\" \/>\n<meta property=\"og:url\" content=\"https:\/\/portaltela.pt\/noticias\/2026\/04\/19\/lista-alternativa-questiona-falta-de-decisao-da-jurisdicao-sobre-a-queixa\/\" \/>\n<meta property=\"og:site_name\" content=\"Portal Tela Portugal\" \/>\n<meta property=\"article:published_time\" content=\"2026-04-19T16:32:27+00:00\" \/>\n<meta name=\"author\" content=\"Telinha\" \/>\n<meta name=\"twitter:card\" content=\"summary_large_image\" \/>\n<meta name=\"twitter:label1\" content=\"Escrito por\" \/>\n\t<meta name=\"twitter:data1\" content=\"Telinha\" \/>\n\t<meta name=\"twitter:label2\" content=\"Tempo estimado de leitura\" \/>\n\t<meta name=\"twitter:data2\" content=\"1 minuto\" \/>\n<script type=\"application\/ld+json\" class=\"yoast-schema-graph\">{\"@context\":\"https:\/\/schema.org\",\"@graph\":[{\"@type\":\"Article\",\"@id\":\"https:\/\/portaltela.pt\/noticias\/2026\/04\/19\/lista-alternativa-questiona-falta-de-decisao-da-jurisdicao-sobre-a-queixa\/#article\",\"isPartOf\":{\"@id\":\"https:\/\/portaltela.pt\/noticias\/2026\/04\/19\/lista-alternativa-questiona-falta-de-decisao-da-jurisdicao-sobre-a-queixa\/\"},\"author\":{\"name\":\"Telinha\",\"@id\":\"https:\/\/portaltela.pt\/#\/schema\/person\/c4278d4a6028830caff9ee44b42d32ed\"},\"headline\":\"Lista alternativa questiona falta de decis\u00e3o da Jurisdi\u00e7\u00e3o sobre a queixa\",\"datePublished\":\"2026-04-19T16:32:27+00:00\",\"mainEntityOfPage\":{\"@id\":\"https:\/\/portaltela.pt\/noticias\/2026\/04\/19\/lista-alternativa-questiona-falta-de-decisao-da-jurisdicao-sobre-a-queixa\/\"},\"wordCount\":230,\"image\":{\"@id\":\"https:\/\/portaltela.pt\/noticias\/2026\/04\/19\/lista-alternativa-questiona-falta-de-decisao-da-jurisdicao-sobre-a-queixa\/#primaryimage\"},\"thumbnailUrl\":\"https:\/\/portaltela.pt\/s.01k8rhncp4jt1\/2026\/04\/2082531.jpg\",\"keywords\":[\"comiss\u00e3o\",\"congresso\",\"justi\u00e7a\",\"pol\u00edtica\",\"pol\u00edtica interna\",\"PS\"],\"articleSection\":[\"Not\u00edcias\",\"Pol\u00edtica\"],\"inLanguage\":\"pt-PT\"},{\"@type\":\"WebPage\",\"@id\":\"https:\/\/portaltela.pt\/noticias\/2026\/04\/19\/lista-alternativa-questiona-falta-de-decisao-da-jurisdicao-sobre-a-queixa\/\",\"url\":\"https:\/\/portaltela.pt\/noticias\/2026\/04\/19\/lista-alternativa-questiona-falta-de-decisao-da-jurisdicao-sobre-a-queixa\/\",\"name\":\"Lista alternativa questiona falta de decis\u00e3o da Jurisdi\u00e7\u00e3o sobre a queixa - Portal Tela Portugal\",\"isPartOf\":{\"@id\":\"https:\/\/portaltela.pt\/#website\"},\"primaryImageOfPage\":{\"@id\":\"https:\/\/portaltela.pt\/noticias\/2026\/04\/19\/lista-alternativa-questiona-falta-de-decisao-da-jurisdicao-sobre-a-queixa\/#primaryimage\"},\"image\":{\"@id\":\"https:\/\/portaltela.pt\/noticias\/2026\/04\/19\/lista-alternativa-questiona-falta-de-decisao-da-jurisdicao-sobre-a-queixa\/#primaryimage\"},\"thumbnailUrl\":\"https:\/\/portaltela.pt\/s.01k8rhncp4jt1\/2026\/04\/2082531.jpg\",\"datePublished\":\"2026-04-19T16:32:27+00:00\",\"author\":{\"@id\":\"https:\/\/portaltela.pt\/#\/schema\/person\/c4278d4a6028830caff9ee44b42d32ed\"},\"breadcrumb\":{\"@id\":\"https:\/\/portaltela.pt\/noticias\/2026\/04\/19\/lista-alternativa-questiona-falta-de-decisao-da-jurisdicao-sobre-a-queixa\/#breadcrumb\"},\"inLanguage\":\"pt-PT\",\"potentialAction\":[{\"@type\":\"ReadAction\",\"target\":[\"https:\/\/portaltela.pt\/noticias\/2026\/04\/19\/lista-alternativa-questiona-falta-de-decisao-da-jurisdicao-sobre-a-queixa\/\"]}]},{\"@type\":\"ImageObject\",\"inLanguage\":\"pt-PT\",\"@id\":\"https:\/\/portaltela.pt\/noticias\/2026\/04\/19\/lista-alternativa-questiona-falta-de-decisao-da-jurisdicao-sobre-a-queixa\/#primaryimage\",\"url\":\"https:\/\/portaltela.pt\/s.01k8rhncp4jt1\/2026\/04\/2082531.jpg\",\"contentUrl\":\"https:\/\/portaltela.pt\/s.01k8rhncp4jt1\/2026\/04\/2082531.jpg\",\"width\":796,\"height\":448,\"caption\":\"Antigo deputado por Braga Ricardo Gon\u00e7alves assumiu um papel cr\u00edtico interno e avan\u00e7ou com uma lista alternativa \u00e0 Comiss\u00e3o Nacional\"},{\"@type\":\"BreadcrumbList\",\"@id\":\"https:\/\/portaltela.pt\/noticias\/2026\/04\/19\/lista-alternativa-questiona-falta-de-decisao-da-jurisdicao-sobre-a-queixa\/#breadcrumb\",\"itemListElement\":[{\"@type\":\"ListItem\",\"position\":1,\"name\":\"In\u00edcio\",\"item\":\"https:\/\/portaltela.pt\/\"},{\"@type\":\"ListItem\",\"position\":2,\"name\":\"Lista alternativa questiona falta de decis\u00e3o da Jurisdi\u00e7\u00e3o sobre a queixa\"}]},{\"@type\":\"WebSite\",\"@id\":\"https:\/\/portaltela.pt\/#website\",\"url\":\"https:\/\/portaltela.pt\/\",\"name\":\"Portal Tela Portugal\",\"description\":\"\",\"potentialAction\":[{\"@type\":\"SearchAction\",\"target\":{\"@type\":\"EntryPoint\",\"urlTemplate\":\"https:\/\/portaltela.pt\/?s={search_term_string}\"},\"query-input\":{\"@type\":\"PropertyValueSpecification\",\"valueRequired\":true,\"valueName\":\"search_term_string\"}}],\"inLanguage\":\"pt-PT\"},{\"@type\":\"Person\",\"@id\":\"https:\/\/portaltela.pt\/#\/schema\/person\/c4278d4a6028830caff9ee44b42d32ed\",\"name\":\"Telinha\",\"image\":{\"@type\":\"ImageObject\",\"inLanguage\":\"pt-PT\",\"@id\":\"https:\/\/portaltela.pt\/s.01k8rhncp4jt1\/2025\/11\/talking-bot-125x125.png\",\"url\":\"https:\/\/portaltela.pt\/s.01k8rhncp4jt1\/2025\/11\/talking-bot-125x125.png\",\"contentUrl\":\"https:\/\/portaltela.pt\/s.01k8rhncp4jt1\/2025\/11\/talking-bot-125x125.png\",\"caption\":\"Telinha\"},\"sameAs\":[\"https:\/\/portaltela.pt\/\"],\"url\":\"https:\/\/portaltela.pt\/por\/367410592786\/\"}]}<\/script>\n<!-- \/ Yoast SEO plugin. -->","yoast_head_json":{"title":"Lista alternativa questiona falta de decis\u00e3o da Jurisdi\u00e7\u00e3o sobre a queixa - Portal Tela Portugal","robots":{"index":"index","follow":"follow","max-snippet":"max-snippet:-1","max-image-preview":"max-image-preview:large","max-video-preview":"max-video-preview:-1"},"og_locale":"pt_PT","og_type":"article","og_title":"Lista alternativa questiona falta de decis\u00e3o da Jurisdi\u00e7\u00e3o sobre a queixa - Portal Tela Portugal","og_description":"Um grupo de subscritores da lista alternativa ao PS contestou a decis\u00e3o de n\u00e3o ser aceite no congresso de Viseu, em 28 de mar\u00e7o, alegando ter apenas sete nomes dos 251 necess\u00e1rios. Apresentaram queixa \u00e0 Comiss\u00e3o de Jurisdi\u00e7\u00e3o do partido. Criticam a demora da Comiss\u00e3o Nacional de Jurisdi\u00e7\u00e3o em decidir sobre a queixa. Questionam a imparcialidade do processo, apontando irregularidades no tratamento dado ao seu recurso. O tema surge no mesmo dia em que o PS reuniu a nova Comiss\u00e3o Nacional para eleger a Comiss\u00e3o Pol\u00edtica Nacional e o Secretariado Nacional.","og_url":"https:\/\/portaltela.pt\/noticias\/2026\/04\/19\/lista-alternativa-questiona-falta-de-decisao-da-jurisdicao-sobre-a-queixa\/","og_site_name":"Portal Tela Portugal","article_published_time":"2026-04-19T16:32:27+00:00","author":"Telinha","twitter_card":"summary_large_image","twitter_misc":{"Escrito por":"Telinha","Tempo estimado de leitura":"1 minuto"},"schema":{"@context":"https:\/\/schema.org","@graph":[{"@type":"Article","@id":"https:\/\/portaltela.pt\/noticias\/2026\/04\/19\/lista-alternativa-questiona-falta-de-decisao-da-jurisdicao-sobre-a-queixa\/#article","isPartOf":{"@id":"https:\/\/portaltela.pt\/noticias\/2026\/04\/19\/lista-alternativa-questiona-falta-de-decisao-da-jurisdicao-sobre-a-queixa\/"},"author":{"name":"Telinha","@id":"https:\/\/portaltela.pt\/#\/schema\/person\/c4278d4a6028830caff9ee44b42d32ed"},"headline":"Lista alternativa questiona falta de decis\u00e3o da Jurisdi\u00e7\u00e3o sobre a queixa","datePublished":"2026-04-19T16:32:27+00:00","mainEntityOfPage":{"@id":"https:\/\/portaltela.pt\/noticias\/2026\/04\/19\/lista-alternativa-questiona-falta-de-decisao-da-jurisdicao-sobre-a-queixa\/"},"wordCount":230,"image":{"@id":"https:\/\/portaltela.pt\/noticias\/2026\/04\/19\/lista-alternativa-questiona-falta-de-decisao-da-jurisdicao-sobre-a-queixa\/#primaryimage"},"thumbnailUrl":"https:\/\/portaltela.pt\/s.01k8rhncp4jt1\/2026\/04\/2082531.jpg","keywords":["comiss\u00e3o","congresso","justi\u00e7a","pol\u00edtica","pol\u00edtica interna","PS"],"articleSection":["Not\u00edcias","Pol\u00edtica"],"inLanguage":"pt-PT"},{"@type":"WebPage","@id":"https:\/\/portaltela.pt\/noticias\/2026\/04\/19\/lista-alternativa-questiona-falta-de-decisao-da-jurisdicao-sobre-a-queixa\/","url":"https:\/\/portaltela.pt\/noticias\/2026\/04\/19\/lista-alternativa-questiona-falta-de-decisao-da-jurisdicao-sobre-a-queixa\/","name":"Lista alternativa questiona falta de decis\u00e3o da Jurisdi\u00e7\u00e3o sobre a queixa - Portal Tela Portugal","isPartOf":{"@id":"https:\/\/portaltela.pt\/#website"},"primaryImageOfPage":{"@id":"https:\/\/portaltela.pt\/noticias\/2026\/04\/19\/lista-alternativa-questiona-falta-de-decisao-da-jurisdicao-sobre-a-queixa\/#primaryimage"},"image":{"@id":"https:\/\/portaltela.pt\/noticias\/2026\/04\/19\/lista-alternativa-questiona-falta-de-decisao-da-jurisdicao-sobre-a-queixa\/#primaryimage"},"thumbnailUrl":"https:\/\/portaltela.pt\/s.01k8rhncp4jt1\/2026\/04\/2082531.jpg","datePublished":"2026-04-19T16:32:27+00:00","author":{"@id":"https:\/\/portaltela.pt\/#\/schema\/person\/c4278d4a6028830caff9ee44b42d32ed"},"breadcrumb":{"@id":"https:\/\/portaltela.pt\/noticias\/2026\/04\/19\/lista-alternativa-questiona-falta-de-decisao-da-jurisdicao-sobre-a-queixa\/#breadcrumb"},"inLanguage":"pt-PT","potentialAction":[{"@type":"ReadAction","target":["https:\/\/portaltela.pt\/noticias\/2026\/04\/19\/lista-alternativa-questiona-falta-de-decisao-da-jurisdicao-sobre-a-queixa\/"]}]},{"@type":"ImageObject","inLanguage":"pt-PT","@id":"https:\/\/portaltela.pt\/noticias\/2026\/04\/19\/lista-alternativa-questiona-falta-de-decisao-da-jurisdicao-sobre-a-queixa\/#primaryimage","url":"https:\/\/portaltela.pt\/s.01k8rhncp4jt1\/2026\/04\/2082531.jpg","contentUrl":"https:\/\/portaltela.pt\/s.01k8rhncp4jt1\/2026\/04\/2082531.jpg","width":796,"height":448,"caption":"Antigo deputado por Braga Ricardo Gon\u00e7alves assumiu um papel cr\u00edtico interno e avan\u00e7ou com uma lista alternativa \u00e0 Comiss\u00e3o Nacional"},{"@type":"BreadcrumbList","@id":"https:\/\/portaltela.pt\/noticias\/2026\/04\/19\/lista-alternativa-questiona-falta-de-decisao-da-jurisdicao-sobre-a-queixa\/#breadcrumb","itemListElement":[{"@type":"ListItem","position":1,"name":"In\u00edcio","item":"https:\/\/portaltela.pt\/"},{"@type":"ListItem","position":2,"name":"Lista alternativa questiona falta de decis\u00e3o da Jurisdi\u00e7\u00e3o sobre a queixa"}]},{"@type":"WebSite","@id":"https:\/\/portaltela.pt\/#website","url":"https:\/\/portaltela.pt\/","name":"Portal Tela Portugal","description":"","potentialAction":[{"@type":"SearchAction","target":{"@type":"EntryPoint","urlTemplate":"https:\/\/portaltela.pt\/?s={search_term_string}"},"query-input":{"@type":"PropertyValueSpecification","valueRequired":true,"valueName":"search_term_string"}}],"inLanguage":"pt-PT"},{"@type":"Person","@id":"https:\/\/portaltela.pt\/#\/schema\/person\/c4278d4a6028830caff9ee44b42d32ed","name":"Telinha","image":{"@type":"ImageObject","inLanguage":"pt-PT","@id":"https:\/\/portaltela.pt\/s.01k8rhncp4jt1\/2025\/11\/talking-bot-125x125.png","url":"https:\/\/portaltela.pt\/s.01k8rhncp4jt1\/2025\/11\/talking-bot-125x125.png","contentUrl":"https:\/\/portaltela.pt\/s.01k8rhncp4jt1\/2025\/11\/talking-bot-125x125.png","caption":"Telinha"},"sameAs":["https:\/\/portaltela.pt\/"],"url":"https:\/\/portaltela.pt\/por\/367410592786\/"}]}},"_links":{"self":[{"href":"https:\/\/portaltela.pt\/api\/wp\/v2\/posts\/450104","targetHints":{"allow":["GET"]}}],"collection":[{"href":"https:\/\/portaltela.pt\/api\/wp\/v2\/posts"}],"about":[{"href":"https:\/\/portaltela.pt\/api\/wp\/v2\/types\/post"}],"author":[{"embeddable":true,"href":"https:\/\/portaltela.pt\/api\/wp\/v2\/users\/2"}],"replies":[{"embeddable":true,"href":"https:\/\/portaltela.pt\/api\/wp\/v2\/comments?post=450104"}],"version-history":[{"count":0,"href":"https:\/\/portaltela.pt\/api\/wp\/v2\/posts\/450104\/revisions"}],"wp:featuredmedia":[{"embeddable":true,"href":"https:\/\/portaltela.pt\/api\/wp\/v2\/media\/450107"}],"wp:attachment":[{"href":"https:\/\/portaltela.pt\/api\/wp\/v2\/media?parent=450104"}],"wp:term":[{"taxonomy":"category","embeddable":true,"href":"https:\/\/portaltela.pt\/api\/wp\/v2\/categories?post=450104"},{"taxonomy":"post_tag","embeddable":true,"href":"https:\/\/portaltela.pt\/api\/wp\/v2\/tags?post=450104"}],"curies":[{"name":"wp","href":"https:\/\/api.w.org\/{rel}","templated":true}]}}